{"id":197378,"date":"2014-09-08T20:11:42","date_gmt":"2014-09-08T17:11:42","guid":{"rendered":"https:\/\/analyse.optim.biz\/?p=197378"},"modified":"2014-09-08T20:11:42","modified_gmt":"2014-09-08T17:11:42","slug":"traian-basescu-il-ataca-pe-victor-ponta-declaratia-sa-aduce-prejudicii-statului-roman-n-as-vrea-sa-ajungem-la-concluzia-ca-trebuie-depontizare","status":"publish","type":"post","link":"https:\/\/analyse.optim.biz\/?p=197378","title":{"rendered":"Traian B\u0103sescu \u00eel atac\u0103 pe Victor Ponta: \u201eDeclara\u021bia sa aduce prejudicii statului rom\u00e2n. N-a\u0219 vrea s\u0103 ajungem la concluzia c\u0103 trebuie depontizare\u201d"},"content":{"rendered":"<div class=\"entry data-app-meta data-app-meta-article\" data-embed-base-url-canonical=\"https:\/\/www.digi24.ro\/embed\/stiri\/actualitate\/politica\/traian-basescu-il-ataca-pe-victor-ponta-declaratia-sa-aduce-prejudicii-statului-roman-n-as-vrea-sa-ajungem-la-concluzia-ca-trebuie-depontizare-291374\">\n<p data-index=\"1\">Acesta a ar\u0103tat c\u0103 protesteaz\u0103 \u201etoat\u0103 for\u021ba\u201d fa\u021b\u0103 de declara\u021bia premierului, care \u201eaduce prejudicii statului rom\u00e2n \u0219i credibilit\u0103\u021bii Rom\u00e2niei\u201d.<\/p>\n<p data-index=\"2\">Pre\u0219edintele se referea la o <a href=\"https:\/\/www.digi24.ro\/Stiri\/Digi24\/Actualitate\/Politica\/Victor+Ponta+Discutam+in+PSD+despre+demersul+lui+Tariceanu+orice\" target=\"_blank\" data-skip-linkfix=\"1\" rel=\"noopener\">afirma\u021bie f\u0103cut\u0103 ieri de premier<\/a> \u00een care acesta spunea: va urma \u201eo perioad\u0103 \u00een care trebuie pur \u015fi simplu s\u0103 ne preg\u0103tim de deb\u0103sificarea societ\u0103\u0163ii rom\u00e2ne\u015fti. Cred c\u0103 efectele asupra societ\u0103\u0163ii rom\u00e2ne\u015fti l\u0103sate de cei 10 ani de regim Traian B\u0103sescu sunt destul de asem\u0103n\u0103toare cu cele l\u0103sate de regimul nazist \u00een Germania\u201d.<\/p>\n<p data-index=\"3\">\u201e<span>Dincolo de faptul c\u0103 este o declara\u021bie care face mult r\u0103u statului rom\u00e2n, a\u0219 vrea s\u0103 \u0219tiu ce \u00een\u021belege Victor Ponta prin \u201edeb\u0103sificare\u201d. Probabil c\u0103 \u00een\u021belege ie\u0219irea din criz\u0103, chiar cu efecte dure pentru popula\u021bie. Probabil c\u0103 \u00een\u021belege actul de condamnare a comunismului, pe care l-am f\u0103cut cu toat\u0103 credin\u021ba. Probabil \u0219i acesta trebuie deb\u0103sificat Probabil c\u0103 \u00een\u021belege c\u0103 am dat dispozi\u021bie \u0219i s-a petrecut predarea integral\u0103 a arhivelor Securit\u0103\u021bii la CNSAS. Acolo am aflat c\u0103 prietenul lui Ponta, Dan Voiculescu, era un turn\u0103tor. Probabil c\u0103 \u00een\u021belege c\u0103 mi-am permis \u00een 2005 s\u0103 semnez tratatul de aderare la Uniunea European\u0103\u201d, a spus pre\u0219edintele \u00een timpul unei <a href=\"https:\/\/www.digi24.ro\/Stiri\/Digi24\/Actualitate\/Stiri\/Traian+Basescu+declaratii+presa+cotroceni+18+45\" target=\"_blank\" data-skip-linkfix=\"1\" rel=\"noopener\">declara\u021bii de pres\u0103<\/a> la Palatul Cotroceni.<\/span><\/p>\n<p data-index=\"4\">Acesta a vorbit \u0219i despre consolidarea justi\u021biei, care a dus la condamnarea unor baroni PSD. <\/p>\n<p data-index=\"5\">\u201e<span>Probabil c\u0103 eu a\u0219 fi vinovat de ccondamnarea baronilor PSD, de condamnarea lui Dan Voiculescu, C\u0103t\u0103lin Voicu, Nicolescu de la Arge\u0219. \u0218i condamnarea lui V\u00eentu trebuie deb\u0103sificat\u0103 sau este ceva asem\u0103n\u0103tor cu nazismul\u201d, a spus Traian B\u0103sescu.<\/span><\/p>\n<p data-index=\"6\">\u201e<span>Probabil c\u0103 asem\u0103n\u0103tor cu nazismul, \u0219i trebuie deb\u0103sificat, este faptul c\u0103 am \u00eencheiat parteneriatul pentru cu SUA. Probabil faptul c\u0103 \u00een mandatul meu am f\u0103cut constant un efort de consolidarea a pozi\u0163iei Rom\u00e2niei \u00een NATO \u015fi UE e iar\u0103\u015fi un element care trebuie deb\u0103sificat, seam\u0103n\u0103 \u00een mintea sa cu regimul nazist\u201d, a mai spus pre\u0219edintele.<\/span><\/p>\n<p data-index=\"7\">\u201e<span>A\u0219 avea o list\u0103 lung\u0103 prin care s\u0103-i traduc lui Ponta asem\u0103n\u0103rile dintre regimul B\u0103sescu \u0219i regimul nazist. N-a\u0219 vrea s\u0103 ajungem la concluzia c\u0103 trebuie depontizare. Nu spun c\u0103 trebuie s\u0103 se produc\u0103 pentru c\u0103 depontizarea este o chestiune extrem de specific\u0103. Nu poate fi asemanat\u0103 cu nimic\u201d, a ad\u0103ugat el.<\/span><\/p>\n<p data-index=\"8\">Declara\u021bia premierului<a href=\"https:\/\/www.digi24.ro\/Stiri\/Digi24\/Actualitate\/Politica\/Presedintele+PPE+Victor+Ponta+comparatie+nazism+Traian+Basescu\" target=\"_blank\" data-skip-linkfix=\"1\" rel=\"noopener\"> a fost criticat\u0103 \u0219i de pre\u0219edintele Popularilor Europeni, Joseph Daul.<\/a>\u00a0Acesta spune c\u0103 este \u201ede-a dreptul scandalos\u201d faptul c\u0103 premierul unui stat UE \u00eel compar\u0103 pe pre\u015fedintele \u0163\u0103rii sale cu nazi\u015ftii \u015fi face apel la sociali\u015ftii europeni s\u0103 se delimiteze de afirma\u0163iile lui Victor Ponta.<\/p>\n<\/div>\n<p> Source URL: https:\/\/www.digi24.ro\/stiri\/actualitate\/politica\/traian-basescu-il-ataca-pe-victor-ponta-declaratia-sa-aduce-prejudicii-statului-roman-n-as-vrea-sa-ajungem-la-concluzia-ca-trebuie-depontizare-291374<\/p>\n","protected":false},"excerpt":{"rendered":"<p>Acesta a ar\u0103tat c\u0103 protesteaz\u0103 \u201etoat\u0103 for\u021ba\u201d fa\u021b\u0103 de declara\u021bia premierului, care \u201eaduce prejudicii statului rom\u00e2n \u0219i credibilit\u0103\u021bii Rom\u00e2niei\u201d. Pre\u0219edintele se referea la o afirma\u021bie f\u0103cut\u0103 ieri de premier \u00een care acesta spunea: va urma \u201eo perioad\u0103 \u00een care trebuie pur \u015fi simplu s\u0103 ne preg\u0103tim de deb\u0103sificarea societ\u0103\u0163ii rom\u00e2ne\u015fti. Cred c\u0103 efectele asupra societ\u0103\u0163ii [&hellip;]<\/p>\n","protected":false},"author":1,"featured_media":197379,"comment_status":"open","ping_status":"","sticky":false,"template":"","format":"standard","meta":{"footnotes":""},"categories":[2],"tags":[11],"class_list":["post-197378","post","type-post","status-publish","format-standard","has-post-thumbnail","hentry","category-politics","tag-digi24"],"_links":{"self":[{"href":"https:\/\/analyse.optim.biz\/index.php?rest_route=\/wp\/v2\/posts\/197378","targetHints":{"allow":["GET"]}}],"collection":[{"href":"https:\/\/analyse.optim.biz\/index.php?rest_route=\/wp\/v2\/posts"}],"about":[{"href":"https:\/\/analyse.optim.biz\/index.php?rest_route=\/wp\/v2\/types\/post"}],"author":[{"embeddable":true,"href":"https:\/\/analyse.optim.biz\/index.php?rest_route=\/wp\/v2\/users\/1"}],"replies":[{"embeddable":true,"href":"https:\/\/analyse.optim.biz\/index.php?rest_route=%2Fwp%2Fv2%2Fcomments&post=197378"}],"version-history":[{"count":0,"href":"https:\/\/analyse.optim.biz\/index.php?rest_route=\/wp\/v2\/posts\/197378\/revisions"}],"wp:featuredmedia":[{"embeddable":true,"href":"https:\/\/analyse.optim.biz\/index.php?rest_route=\/wp\/v2\/media\/197379"}],"wp:attachment":[{"href":"https:\/\/analyse.optim.biz\/index.php?rest_route=%2Fwp%2Fv2%2Fmedia&parent=197378"}],"wp:term":[{"taxonomy":"category","embeddable":true,"href":"https:\/\/analyse.optim.biz\/index.php?rest_route=%2Fwp%2Fv2%2Fcategories&post=197378"},{"taxonomy":"post_tag","embeddable":true,"href":"https:\/\/analyse.optim.biz\/index.php?rest_route=%2Fwp%2Fv2%2Ftags&post=197378"}],"curies":[{"name":"wp","href":"https:\/\/api.w.org\/{rel}","templated":true}]}}