{"id":197352,"date":"2014-09-08T22:21:11","date_gmt":"2014-09-08T19:21:11","guid":{"rendered":"https:\/\/analyse.optim.biz\/?p=197352"},"modified":"2014-09-08T22:21:11","modified_gmt":"2014-09-08T19:21:11","slug":"ce-atributii-va-avea-corina-cretu-in-functia-de-comisar-pentru-politici-regionale","status":"publish","type":"post","link":"https:\/\/analyse.optim.biz\/?p=197352","title":{"rendered":"Ce atribu\u021bii va avea Corina Cre\u021bu \u00een func\u021bia de comisar pentru Politici Regionale"},"content":{"rendered":"<div class=\"entry data-app-meta data-app-meta-article\" data-embed-base-url-canonical=\"https:\/\/www.digi24.ro\/embed\/stiri\/actualitate\/politica\/ce-atributii-va-avea-corina-cretu-in-functia-de-comisar-pentru-politici-regionale-291408\">\n<p data-index=\"1\"><img decoding=\"async\" src=\"https:\/\/analyse.optim.biz\/wp-content\/uploads\/2024\/09\/ztu2mzgxztcwzjyxotziytnhndvlmjzlyg-thumb_.jpg\" data-skip-htmlfix=\"1\" title=\"ztu2mzgxztcwzjyxotziytnhndvlmjzlyg-thumb_\"><\/p>\n<p data-index=\"2\"><span>\u201e<\/span><span><strong><a href=\"https:\/\/www.digi24.ro\/Stiri\/Digi24\/Actualitate\/Politica\/EXCLUSIV+LISTA+COMISARILOR+EUROPENI+PORTOFOLII+COMISIA+EUROPEANA\" data-skip-linkfix=\"1\">CORINA CRE\u021aU, comisar pentru POLITICI REGIONALE<\/a><\/strong>. Doamna Cre\u021bu, a\u0219a cum a spus domnul B\u0103sescu, nu a fost dec\u00e2t \u00eentr-o perioad\u0103 ad interim \u00een fruntea comisariatului pentru Ajutor Umanitar, \u00een virtutea unei glume, \u00een realitate, doamna Cre\u021bu de\u021bine unul din cele mai importante portofolii\u201d, a spus Emil Hurezeanu, \u00een emisiunea Jurnalul de sear\u0103.<\/span><\/p>\n<p data-index=\"3\">Politica regional\u0103 a UE este o politic\u0103 de investi\u0163ii. Aceasta sus\u0163ine crearea locurilor de munc\u0103, competitivitatea, cre\u015fterea economic\u0103, \u00eembun\u0103t\u0103\u0163irea calit\u0103\u0163ii vie\u0163ii \u015fi dezvoltarea durabil\u0103. Aceste investi\u0163ii contribuie la punerea \u00een aplicare a\u00a0<span>strategiei Europa 2020, se men\u021bioneaz\u0103 pe <a href=\"http:\/\/ec.europa.eu\/regional_policy\/index_ro.cfm\" target=\"_blank\" data-skip-linkfix=\"1\" rel=\"noopener\">site-ul Comisiei Europene<\/a>.<\/span><\/p>\n<p data-index=\"4\">Politica regional\u0103 exprim\u0103, de asemenea, solidaritatea UE fa\u0163\u0103 de \u0163\u0103rile \u015fi regiunile mai pu\u0163in dezvoltate, concentr\u00e2nd fondurile \u00een domeniile \u015fi \u00een sectoarele \u00een care acestea pot avea un rol important.<\/p>\n<p data-index=\"5\">Politica regional\u0103 vizeaz\u0103 reducerea disparit\u0103\u0163ilor economice, sociale \u015fi teritoriale semnificative care exist\u0103 \u00eenc\u0103 \u00eentre regiunile Europei. Neabordarea acestor disparit\u0103\u0163i ar putea afecta unele dintre bazele UE, inclusiv pia\u0163a sa unic\u0103 extins\u0103 \u015fi moneda acesteia, euro.<\/p>\n<p data-index=\"6\">\u00cen perioada 2014-2020, UE va investi o sum\u0103 total\u0103 de 351\u00a0de\u00a0miliarde de euro \u00een regiunile Europei.<\/p>\n<p data-index=\"7\">De exemplu, finan\u0163area UE va contribui la:<\/p>\n<p data-index=\"8\">&#8211; stimularea \u00eentreprinderilor mici \u015fi mijlocii,<\/p>\n<p data-index=\"9\">&#8211; sprijinirea cercet\u0103rii \u015fi a inov\u0103rii,<\/p>\n<p data-index=\"10\">&#8211; efectuarea de investi\u0163ii \u00eentr-un mediu \u00eenconjur\u0103tor mai curat,<\/p>\n<p data-index=\"11\">&#8211; \u00eembun\u0103t\u0103\u0163irea accesului la tehnologiile digitale,<\/p>\n<p data-index=\"12\">&#8211; dezvoltarea produselor \u015fi metodelor de produc\u0163ie noi,<\/p>\n<p data-index=\"13\">&#8211; sus\u0163inerea eficien\u0163ei energetice \u015fi combaterea schimb\u0103rilor climatice,<\/p>\n<p data-index=\"14\">&#8211; stimularea educa\u0163iei \u015fi a competen\u0163elor<\/p>\n<p data-index=\"15\">&#8211; \u00eembun\u0103t\u0103\u0163irea leg\u0103turilor de transport spre regiunile \u00eendep\u0103rtate.<\/p>\n<\/div>\n<p> Source URL: https:\/\/www.digi24.ro\/stiri\/actualitate\/politica\/ce-atributii-va-avea-corina-cretu-in-functia-de-comisar-pentru-politici-regionale-291408<\/p>\n","protected":false},"excerpt":{"rendered":"<p>\u201eCORINA CRE\u021aU, comisar pentru POLITICI REGIONALE. Doamna Cre\u021bu, a\u0219a cum a spus domnul B\u0103sescu, nu a fost dec\u00e2t \u00eentr-o perioad\u0103 ad interim \u00een fruntea comisariatului pentru Ajutor Umanitar, \u00een virtutea unei glume, \u00een realitate, doamna Cre\u021bu de\u021bine unul din cele mai importante portofolii\u201d, a spus Emil Hurezeanu, \u00een emisiunea Jurnalul de sear\u0103. Politica regional\u0103 a [&hellip;]<\/p>\n","protected":false},"author":1,"featured_media":197353,"comment_status":"open","ping_status":"","sticky":false,"template":"","format":"standard","meta":{"footnotes":""},"categories":[2],"tags":[11],"class_list":["post-197352","post","type-post","status-publish","format-standard","has-post-thumbnail","hentry","category-politics","tag-digi24"],"_links":{"self":[{"href":"https:\/\/analyse.optim.biz\/index.php?rest_route=\/wp\/v2\/posts\/197352","targetHints":{"allow":["GET"]}}],"collection":[{"href":"https:\/\/analyse.optim.biz\/index.php?rest_route=\/wp\/v2\/posts"}],"about":[{"href":"https:\/\/analyse.optim.biz\/index.php?rest_route=\/wp\/v2\/types\/post"}],"author":[{"embeddable":true,"href":"https:\/\/analyse.optim.biz\/index.php?rest_route=\/wp\/v2\/users\/1"}],"replies":[{"embeddable":true,"href":"https:\/\/analyse.optim.biz\/index.php?rest_route=%2Fwp%2Fv2%2Fcomments&post=197352"}],"version-history":[{"count":0,"href":"https:\/\/analyse.optim.biz\/index.php?rest_route=\/wp\/v2\/posts\/197352\/revisions"}],"wp:featuredmedia":[{"embeddable":true,"href":"https:\/\/analyse.optim.biz\/index.php?rest_route=\/wp\/v2\/media\/197353"}],"wp:attachment":[{"href":"https:\/\/analyse.optim.biz\/index.php?rest_route=%2Fwp%2Fv2%2Fmedia&parent=197352"}],"wp:term":[{"taxonomy":"category","embeddable":true,"href":"https:\/\/analyse.optim.biz\/index.php?rest_route=%2Fwp%2Fv2%2Fcategories&post=197352"},{"taxonomy":"post_tag","embeddable":true,"href":"https:\/\/analyse.optim.biz\/index.php?rest_route=%2Fwp%2Fv2%2Ftags&post=197352"}],"curies":[{"name":"wp","href":"https:\/\/api.w.org\/{rel}","templated":true}]}}