{"id":197349,"date":"2014-09-08T23:24:49","date_gmt":"2014-09-08T20:24:49","guid":{"rendered":"https:\/\/analyse.optim.biz\/?p=197349"},"modified":"2014-09-08T23:24:49","modified_gmt":"2014-09-08T20:24:49","slug":"klaus-iohannis-despre-comparatia-intre-regimul-basescu-si-nazism-in-orice-tara-europeana-premierul-trebuia-sa-plece","status":"publish","type":"post","link":"https:\/\/analyse.optim.biz\/?p=197349","title":{"rendered":"Klaus Iohannis, despre compara\u0163ia \u00eentre regimul B\u0103sescu \u015fi nazism: \u00cen orice \u0163ar\u0103 european\u0103, premierul trebuia s\u0103 plece"},"content":{"rendered":"<div class=\"entry data-app-meta data-app-meta-article\" data-embed-base-url-canonical=\"https:\/\/www.digi24.ro\/embed\/stiri\/actualitate\/politica\/klaus-iohannis-despre-comparatia-intre-regimul-basescu-si-nazism-in-orice-tara-europeana-premierul-trebuia-sa-plece-291418\">\n<p data-index=\"1\">\u00a0<img decoding=\"async\" src=\"https:\/\/analyse.optim.biz\/wp-content\/uploads\/2024\/09\/n2vizdrkyjiym2iyzgrlnjzizgy4yzzlmtzi-thumb_.jpg\" data-skip-htmlfix=\"1\" title=\"n2vizdrkyjiym2iyzgrlnjzizgy4yzzlmtzi-thumb_\"><\/p>\n<p data-index=\"2\">\u201eDeclara\u0163ia care s-a f\u0103cut, compar\u00e2nd ultimii zece ani din Rom\u00e2nia cu o perioad\u0103 extrem de nefericit\u0103 din istoria Germaniei este una pur \u015fi simplu inadmisibil\u0103. \u00cen orice \u0163ar\u0103 european\u0103 un politician care ar fi f\u0103cut o astfel de afirma\u0163ie ar fi trebuit s\u0103 plece a doua zi, pur \u015fi simplu. Nu este nicio exagerare \u00een ce spun. Este inadmisibil s\u0103 folose\u015fti ororile nazismului \u00eentr-o compara\u0163ie cu ce se \u00eent\u00e2mpl\u0103 \u00een Rom\u00e2nia secolului XXI, este dincolo de ce ne putem imagina c\u0103 poate un politician s\u0103 exprime \u00een ziua de ast\u0103zi. Este o jignire profund\u0103 pentru to\u0163i cei care au avut de suferit sub dictatura nazist\u0103, \u015fi cunoa\u015ftem din istorie foarte multe lucruri. Este o jignire pentru rom\u00e2ni \u015fi este, evident, o jignire pentru cei care au votat la ultimele alegeri\u201d, a spus Klaus Iohannis, la un post de televiziune.<\/p>\n<p data-index=\"3\">Liderul PNL a sus\u0163inut c\u0103 nu ar fi prima dat\u0103 c\u00e2nd premierul Victor Ponta face declara\u0163ii total \u201escoase din contextul istoric\u201d.<\/p>\n<p data-index=\"4\">\u201eCred c\u0103 este o problem\u0103 aici. \u00centr-o asemenea pozi\u0163ie din stat nu po\u0163i s\u0103 vii \u015fi s\u0103 faci declara\u0163ii care ignor\u0103 pur \u015fi simplu \u00eentreaga istorie recent\u0103. (&#8230;) Am v\u0103zut c\u0103 sunt foarte multe lu\u0103ri de pozi\u0163ie \u015fi m-a\u015f bucura dac\u0103 aceste lu\u0103ri de pozi\u0163ie ar avea o influen\u0163\u0103 asupra comportamentului politic al primului ministru, fiindc\u0103 dac\u0103 se continu\u0103 \u00een acest stil ne face de ru\u015fine pe to\u0163i\u201d, a mai spus pre\u015fedintele PNL, potrivit Mediafax.<\/p>\n<p data-index=\"5\">El l-a invitat pe Victor Ponta \u00een fa\u0163a presei pentru a-\u015fi cere scuze pentru afirma\u0163iile f\u0103cute.<\/p>\n<p data-index=\"6\">Duminic\u0103, premierul Victor Ponta a declarat c\u0103 va urma \u201eo perioad\u0103 \u00een care trebuie pur \u015fi simplu s\u0103 ne preg\u0103tim de deb\u0103sificarea societ\u0103\u0163ii rom\u00e2ne\u015fti\u201d.<\/p>\n<p data-index=\"7\">\u201eCred c\u0103 efectele asupra societ\u0103\u0163ii rom\u00e2ne\u015fti l\u0103sate de cei 10 ani de regim\u00a0Traian B\u0103sescu\u00a0sunt destul de asem\u0103n\u0103toare cu cele l\u0103sate de regimul nazist \u00een Germania\u201d, a mai spus Ponta.<\/p>\n<h5><a href=\"https:\/\/www.digi24.ro\/Stiri\/Digi24\/Actualitate\/Politica\/basescu+raspuns+ponta+nazism+depontizare+\" data-skip-linkfix=\"1\"><span>Traian B\u0103sescu \u00eel atac\u0103 pe Victor Ponta: \u201eDeclara\u021bia sa aduce prejudicii statului rom\u00e2n. N-a\u0219 vrea s\u0103 ajungem la concluzia c\u0103 trebuie depontizare\u201d<\/span><\/a><\/h5>\n<h5><a href=\"https:\/\/www.digi24.ro\/Stiri\/Digi24\/Actualitate\/Politica\/Presedintele+PPE+Victor+Ponta+comparatie+nazism+Traian+Basescu\" data-skip-linkfix=\"1\"><span>Pre\u0219edintele PPE: E scandalos c\u0103 un premier UE \u00ee\u015fi compar\u0103 pre\u015fedintele cu nazi\u015ftii<\/span><\/a><\/h5>\n<\/div>\n<p> Source URL: https:\/\/www.digi24.ro\/stiri\/actualitate\/politica\/klaus-iohannis-despre-comparatia-intre-regimul-basescu-si-nazism-in-orice-tara-europeana-premierul-trebuia-sa-plece-291418<\/p>\n","protected":false},"excerpt":{"rendered":"<p>\u00a0 \u201eDeclara\u0163ia care s-a f\u0103cut, compar\u00e2nd ultimii zece ani din Rom\u00e2nia cu o perioad\u0103 extrem de nefericit\u0103 din istoria Germaniei este una pur \u015fi simplu inadmisibil\u0103. \u00cen orice \u0163ar\u0103 european\u0103 un politician care ar fi f\u0103cut o astfel de afirma\u0163ie ar fi trebuit s\u0103 plece a doua zi, pur \u015fi simplu. Nu este nicio exagerare [&hellip;]<\/p>\n","protected":false},"author":1,"featured_media":197350,"comment_status":"open","ping_status":"","sticky":false,"template":"","format":"standard","meta":{"footnotes":""},"categories":[2],"tags":[11],"class_list":["post-197349","post","type-post","status-publish","format-standard","has-post-thumbnail","hentry","category-politics","tag-digi24"],"_links":{"self":[{"href":"https:\/\/analyse.optim.biz\/index.php?rest_route=\/wp\/v2\/posts\/197349","targetHints":{"allow":["GET"]}}],"collection":[{"href":"https:\/\/analyse.optim.biz\/index.php?rest_route=\/wp\/v2\/posts"}],"about":[{"href":"https:\/\/analyse.optim.biz\/index.php?rest_route=\/wp\/v2\/types\/post"}],"author":[{"embeddable":true,"href":"https:\/\/analyse.optim.biz\/index.php?rest_route=\/wp\/v2\/users\/1"}],"replies":[{"embeddable":true,"href":"https:\/\/analyse.optim.biz\/index.php?rest_route=%2Fwp%2Fv2%2Fcomments&post=197349"}],"version-history":[{"count":0,"href":"https:\/\/analyse.optim.biz\/index.php?rest_route=\/wp\/v2\/posts\/197349\/revisions"}],"wp:featuredmedia":[{"embeddable":true,"href":"https:\/\/analyse.optim.biz\/index.php?rest_route=\/wp\/v2\/media\/197350"}],"wp:attachment":[{"href":"https:\/\/analyse.optim.biz\/index.php?rest_route=%2Fwp%2Fv2%2Fmedia&parent=197349"}],"wp:term":[{"taxonomy":"category","embeddable":true,"href":"https:\/\/analyse.optim.biz\/index.php?rest_route=%2Fwp%2Fv2%2Fcategories&post=197349"},{"taxonomy":"post_tag","embeddable":true,"href":"https:\/\/analyse.optim.biz\/index.php?rest_route=%2Fwp%2Fv2%2Ftags&post=197349"}],"curies":[{"name":"wp","href":"https:\/\/api.w.org\/{rel}","templated":true}]}}