{"id":197321,"date":"2014-09-05T10:53:49","date_gmt":"2014-09-05T07:53:49","guid":{"rendered":"https:\/\/analyse.optim.biz\/?p=197321"},"modified":"2014-09-05T10:53:49","modified_gmt":"2014-09-05T07:53:49","slug":"primarii-vor-tratament-egal-parlamentarul-sa-mearga-din-partid-in-partid-iar-un-primar-si-consilierii-sa-fie-priponiti-nu-mi-se-pare-cinstit","status":"publish","type":"post","link":"https:\/\/analyse.optim.biz\/?p=197321","title":{"rendered":"Primarii vor tratament egal: \u201eParlamentarul s\u0103 mearg\u0103 din partid \u00een partid, iar un primar \u0219i consilierii s\u0103 fie priponi\u0163i. Nu mi se pare cinstit\u201d"},"content":{"rendered":"<div class=\"entry data-app-meta data-app-meta-article\" data-embed-base-url-canonical=\"https:\/\/www.digi24.ro\/embed\/stiri\/actualitate\/politica\/primarii-vor-tratament-egal-parlamentarul-sa-mearga-din-partid-in-partid-iar-un-primar-si-consilierii-sa-fie-priponiti-nu-mi-se-pare-cinstit-289986\">\n<p data-index=\"1\">Legalizarea migra\u0163iei ale\u015filor locali a fost cerut\u0103 de Asocia\u0163ia Comunelor, argumenta vicepremierul Liviu Dragnea, la momentul adopt\u0103rii ordonan\u0163ei de c\u0103tre Guvern. De cealalt\u0103 parte, reprezentan\u0163ii Asocia\u0163iei ezit\u0103 se contrazic \u00een afirma\u0163ii, dar admit p\u00e2n\u0103 la urm\u0103 c\u0103 ideea ordonan\u0163ei le apar\u0163ine. \u00cens\u0103 numai par\u0163ial.<\/p>\n<p data-index=\"2\">\u201e<span>Eu nu am avut nicio \u00eent\u00e2lnire cu nimeni din Guvern \u015fi nu cred c\u0103 a plecat de la noi\u201d, a spus Gheorghe Bute, primar PSD comuna Sc\u00e2nteie\u015fti, jude\u021bul Gala\u0163i, secretar general al Asocia\u0163iei Comunelor din Rom\u00e2nia.<\/span><\/p>\n<p data-index=\"3\">\u201e<span>Am \u00eentocmit o not\u0103 cu puncte spre rezolvare c\u0103tre MDRT, respectiv vicepremierului Liviu Dragnea. Un consilier local care a candidat pe lista unei alian\u021be politice sau electorale pleac\u0103 din consiliul local dar pentru a-l \u00eenlocui trebuie s\u0103 se ob\u021bin\u0103 semn\u0103turile tuturor partidelor membre ale alian\u021bei. Dac\u0103 alian\u021ba respectiv\u0103 nu mai este, cine d\u0103 semn\u0103turile?\u201d, afirm\u0103 Emil Dr\u0103ghici, primar, pre\u015fedintele Asocia\u0163iei Comunelor din Rom\u00e2nia.<\/span><\/p>\n<h5><a href=\"https:\/\/www.digi24.ro\/Stiri\/Digi24\/Actualitate\/Politica\/Ordonanta+care+permite+migratia+primarilor+a+fost+publicata+in+M\" data-skip-linkfix=\"1\"><span>Ordonan\u021ba care permite migra\u021bia primarilor a intrat \u00een vigoare. Ale\u0219ii locali au la dispozi\u021bie 45 de zile pentru a schimba partidul<\/span><\/a><\/h5>\n<h5><span><a href=\"https:\/\/www.digi24.ro\/Stiri\/Digi24\/Actualitate\/Politica\/Insarcinatul+cu+afaceri+al+Ambasadei+SUA+despre+ordonanta+trasei\" data-skip-linkfix=\"1\">\u00cens\u0103rcinatul cu afaceri al Ambasadei SUA, despre ordonan\u021ba traseismului: \u201eNe-am dori s\u0103 vedem o procedur\u0103 mai transparent\u0103\u201d<\/a><\/span><\/h5>\n<p data-index=\"4\">Ordonan\u0163a dorit\u0103 a intrat \u00een vigoare, dar reprezentan\u0163ii celor peste 2.800 de primari de comune mai au \u00eenc\u0103 un of.<\/p>\n<p data-index=\"5\">\u201eDurerea noastr\u0103 cea mare este c\u0103 avem deputa\u021bi \u0219i senatori care au trecut la dou\u0103-trei partide sau alian\u021be, acolo se poate orice, la nivel local, dac\u0103 nu urmezi turma, pierzi mandatul. OUG a r\u0103spuns cererii noastre pe un r\u0103stimp scurt. Dar r\u0103m\u00e2n barierele \u0219i pe viitor c\u00e2nd se reorganizeaz\u0103 partidele\u201d, mai spune Emil Dr\u0103ghici.<\/p>\n<p data-index=\"6\">\u201e<span>Trebuie aplicat\u0103 aceea\u015fi metod\u0103 \u015fi la parlamentari \u015fi la ale\u015fi locali. P\u0103i nu e posibil ca parlamentarul s\u0103 mearg\u0103 din partid \u00een partid, diminea\u0163\u0103 \u00eel g\u0103sim la un partid, dup\u0103 amiaz\u0103 la alt partid, a doua zi la alt partid, iar un primar \u0219i consilierii s\u0103 fie priponi\u0163i. Nu mi se pare cinstit\u201d, subliniaz\u0103 Gheorghe Bute.<\/span><\/p>\n<h5><a href=\"https:\/\/www.digi24.ro\/Stiri\/Digi24\/Actualitate\/Politica\/Opozitia+a+cerut+Avocatului+Poporului+sa+conteste+OUG+privind+tr\" data-skip-linkfix=\"1\"><span>Opozi\u0163ia a cerut Avocatului Poporului s\u0103 conteste OUG privind traseismul. Victor Ciorbea: \u201eDac\u0103 \u00eemi spuneau, \u00eei a\u015fteptam cu flori\u201d\u00a0<\/span><\/a><\/h5>\n<h5><a href=\"https:\/\/www.digi24.ro\/Stiri\/Digi24\/Actualitate\/Politica\/ORDONANTA+TRASEISM+PRIMARI+Marius+Stan+Galati\" data-skip-linkfix=\"1\"><span>Marius Stan, printre primii primari care profit\u0103 de ordonan\u021ba traseismului. Primar din Ia\u0219i: \u201eCa s\u0103 nu par un mincinos, m\u0103 convertesc\u201d<\/span><\/a><\/h5>\n<p data-index=\"7\">\u00centre timp, zeci de primari \u015fi-au anun\u0163at deja transferul la mai multe partide ale puterii, mai ales PSD. Din aceast\u0103 nou\u0103 calitate, e de a\u015fteptat ca \u00een campania pentru preziden\u0163iale s\u0103 ac\u0163ioneze pentru candidatul Victor Ponta. Numai c\u0103 socoteala de-acas\u0103 nu se potriv\u015fte tot timpul cu cea din t\u00e2rg, a\u015fa c\u0103 puterea a \u015fi pierdut c\u00e2\u0163iva ale\u015fi locali: un vicepre\u015fedinte de consiliu jude\u0163ean la Ilfov, to\u0163i consilierii jude\u0163eni \u015fi locali UNPR de la V\u00e2lcea.<\/p>\n<\/div>\n<p> Source URL: https:\/\/www.digi24.ro\/stiri\/actualitate\/politica\/primarii-vor-tratament-egal-parlamentarul-sa-mearga-din-partid-in-partid-iar-un-primar-si-consilierii-sa-fie-priponiti-nu-mi-se-pare-cinstit-289986<\/p>\n","protected":false},"excerpt":{"rendered":"<p>Legalizarea migra\u0163iei ale\u015filor locali a fost cerut\u0103 de Asocia\u0163ia Comunelor, argumenta vicepremierul Liviu Dragnea, la momentul adopt\u0103rii ordonan\u0163ei de c\u0103tre Guvern. De cealalt\u0103 parte, reprezentan\u0163ii Asocia\u0163iei ezit\u0103 se contrazic \u00een afirma\u0163ii, dar admit p\u00e2n\u0103 la urm\u0103 c\u0103 ideea ordonan\u0163ei le apar\u0163ine. \u00cens\u0103 numai par\u0163ial. \u201eEu nu am avut nicio \u00eent\u00e2lnire cu nimeni din Guvern \u015fi [&hellip;]<\/p>\n","protected":false},"author":1,"featured_media":197322,"comment_status":"open","ping_status":"","sticky":false,"template":"","format":"standard","meta":{"footnotes":""},"categories":[2],"tags":[11],"class_list":["post-197321","post","type-post","status-publish","format-standard","has-post-thumbnail","hentry","category-politics","tag-digi24"],"_links":{"self":[{"href":"https:\/\/analyse.optim.biz\/index.php?rest_route=\/wp\/v2\/posts\/197321","targetHints":{"allow":["GET"]}}],"collection":[{"href":"https:\/\/analyse.optim.biz\/index.php?rest_route=\/wp\/v2\/posts"}],"about":[{"href":"https:\/\/analyse.optim.biz\/index.php?rest_route=\/wp\/v2\/types\/post"}],"author":[{"embeddable":true,"href":"https:\/\/analyse.optim.biz\/index.php?rest_route=\/wp\/v2\/users\/1"}],"replies":[{"embeddable":true,"href":"https:\/\/analyse.optim.biz\/index.php?rest_route=%2Fwp%2Fv2%2Fcomments&post=197321"}],"version-history":[{"count":0,"href":"https:\/\/analyse.optim.biz\/index.php?rest_route=\/wp\/v2\/posts\/197321\/revisions"}],"wp:featuredmedia":[{"embeddable":true,"href":"https:\/\/analyse.optim.biz\/index.php?rest_route=\/wp\/v2\/media\/197322"}],"wp:attachment":[{"href":"https:\/\/analyse.optim.biz\/index.php?rest_route=%2Fwp%2Fv2%2Fmedia&parent=197321"}],"wp:term":[{"taxonomy":"category","embeddable":true,"href":"https:\/\/analyse.optim.biz\/index.php?rest_route=%2Fwp%2Fv2%2Fcategories&post=197321"},{"taxonomy":"post_tag","embeddable":true,"href":"https:\/\/analyse.optim.biz\/index.php?rest_route=%2Fwp%2Fv2%2Ftags&post=197321"}],"curies":[{"name":"wp","href":"https:\/\/api.w.org\/{rel}","templated":true}]}}