{"id":197286,"date":"2014-09-09T10:44:51","date_gmt":"2014-09-09T07:44:51","guid":{"rendered":"https:\/\/analyse.optim.biz\/?p=197286"},"modified":"2014-09-09T10:44:51","modified_gmt":"2014-09-09T07:44:51","slug":"ludovic-orban-klaus-iohannis-a-fost-ales-cu-1350-de-voturi","status":"publish","type":"post","link":"https:\/\/analyse.optim.biz\/?p=197286","title":{"rendered":"Ludovic \u00a0Orban: \u201eKlaus Iohannis a fost ales cu 1350 de voturi\u201d"},"content":{"rendered":"<div class=\"entry data-app-meta data-app-meta-article\" data-embed-base-url-canonical=\"https:\/\/www.digi24.ro\/embed\/stiri\/actualitate\/politica\/ludovic-orban-klaus-iohannis-a-fost-ales-cu-1350-de-voturi-291514\">\n<p data-index=\"1\"><img decoding=\"async\" src=\"https:\/\/analyse.optim.biz\/wp-content\/uploads\/2024\/09\/jnc9odawjmhhc2g9n2vlmduzyty3yza4otbiyjhmn2flyta2zdnjmgiynze-thumb_.jpg\" data-skip-htmlfix=\"1\" title=\"jnc9odawjmhhc2g9n2vlmduzyty3yza4otbiyjhmn2flyta2zdnjmgiynze-thumb_\"><\/p>\n<p data-index=\"2\">Ludovic Orban, vicepre\u0219edintele PNL, a declarat la Digi 24 c\u0103 pentru a putea candida la func\u021bia de pre\u0219edinte al PNL, Klaus Iohannis a primit derogare de vechime.\u00a0<\/p>\n<p data-index=\"3\">\u00a0\u201eS-a dat \u00een unamitate! Iohannis a solicitat derogare \u00een \u0219edin\u021b\u0103. Chiar eu i-am pus \u00eentrebarea: candida\u021bi la func\u021bia de pre\u0219edinte al PNL? Statutul PNL este cel mai democratic statut. Klaus Iohannis a fost ales cu 1350 de voturi\u201d, a declarat Ludovic Orban la Digi 24.<\/p>\n<p data-index=\"4\">\u201dNu cred c\u0103 vreo instan\u021b\u0103 din Rom\u00e2nia \u00ee\u0219i poate permite s\u0103 ia o decizie \u00eempotriva legii partidelor politice. P\u00e2n\u0103 ast\u0103zi nu a existat vreo situa\u021bie \u00een care s\u0103 se constate lucruri nelegale\u201d, a mai spus Ludovic Orban la Digi 24.<\/p>\n<h2 id=\"highlight-291514-1\"><a href=\"https:\/\/www.digi24.ro\/Stiri\/Digi24\/Actualitate\/Politica\/Crin+Antonescu+despre+Klaus+Iohannis+A+fost+ales+presedinte+in+m\" target=\"_blank\" data-skip-linkfix=\"1\" rel=\"noopener\"><span>Crin Antonescu, despre Klaus Iohannis: \u201eA fost ales pre\u0219edinte \u00een mod democratic!\u201d<\/span><\/a><\/h2>\n<\/div>\n<p> Source URL: https:\/\/www.digi24.ro\/stiri\/actualitate\/politica\/ludovic-orban-klaus-iohannis-a-fost-ales-cu-1350-de-voturi-291514<\/p>\n","protected":false},"excerpt":{"rendered":"<p>Ludovic Orban, vicepre\u0219edintele PNL, a declarat la Digi 24 c\u0103 pentru a putea candida la func\u021bia de pre\u0219edinte al PNL, Klaus Iohannis a primit derogare de vechime.\u00a0 \u00a0\u201eS-a dat \u00een unamitate! Iohannis a solicitat derogare \u00een \u0219edin\u021b\u0103. Chiar eu i-am pus \u00eentrebarea: candida\u021bi la func\u021bia de pre\u0219edinte al PNL? Statutul PNL este cel mai democratic [&hellip;]<\/p>\n","protected":false},"author":1,"featured_media":197287,"comment_status":"open","ping_status":"","sticky":false,"template":"","format":"standard","meta":{"footnotes":""},"categories":[2],"tags":[11],"class_list":["post-197286","post","type-post","status-publish","format-standard","has-post-thumbnail","hentry","category-politics","tag-digi24"],"_links":{"self":[{"href":"https:\/\/analyse.optim.biz\/index.php?rest_route=\/wp\/v2\/posts\/197286","targetHints":{"allow":["GET"]}}],"collection":[{"href":"https:\/\/analyse.optim.biz\/index.php?rest_route=\/wp\/v2\/posts"}],"about":[{"href":"https:\/\/analyse.optim.biz\/index.php?rest_route=\/wp\/v2\/types\/post"}],"author":[{"embeddable":true,"href":"https:\/\/analyse.optim.biz\/index.php?rest_route=\/wp\/v2\/users\/1"}],"replies":[{"embeddable":true,"href":"https:\/\/analyse.optim.biz\/index.php?rest_route=%2Fwp%2Fv2%2Fcomments&post=197286"}],"version-history":[{"count":0,"href":"https:\/\/analyse.optim.biz\/index.php?rest_route=\/wp\/v2\/posts\/197286\/revisions"}],"wp:featuredmedia":[{"embeddable":true,"href":"https:\/\/analyse.optim.biz\/index.php?rest_route=\/wp\/v2\/media\/197287"}],"wp:attachment":[{"href":"https:\/\/analyse.optim.biz\/index.php?rest_route=%2Fwp%2Fv2%2Fmedia&parent=197286"}],"wp:term":[{"taxonomy":"category","embeddable":true,"href":"https:\/\/analyse.optim.biz\/index.php?rest_route=%2Fwp%2Fv2%2Fcategories&post=197286"},{"taxonomy":"post_tag","embeddable":true,"href":"https:\/\/analyse.optim.biz\/index.php?rest_route=%2Fwp%2Fv2%2Ftags&post=197286"}],"curies":[{"name":"wp","href":"https:\/\/api.w.org\/{rel}","templated":true}]}}