{"id":197272,"date":"2014-09-09T12:59:06","date_gmt":"2014-09-09T09:59:06","guid":{"rendered":"https:\/\/analyse.optim.biz\/?p=197272"},"modified":"2014-09-09T12:59:06","modified_gmt":"2014-09-09T09:59:06","slug":"deputatii-sunt-de-acord-cu-amnistia-fiscala-si-reducerea-cas-a-fost-aprobata","status":"publish","type":"post","link":"https:\/\/analyse.optim.biz\/?p=197272","title":{"rendered":"Deputa\u0163ii sunt de acord cu amnistia fiscal\u0103. \u015ei reducerea CAS a fost aprobat\u0103"},"content":{"rendered":"<div class=\"entry data-app-meta data-app-meta-article\" data-embed-base-url-canonical=\"https:\/\/www.digi24.ro\/embed\/stiri\/actualitate\/politica\/deputatii-sunt-de-acord-cu-amnistia-fiscala-si-reducerea-cas-a-fost-aprobata-291616\">\n<p data-index=\"1\"><strong><span><img decoding=\"async\" src=\"https:\/\/analyse.optim.biz\/wp-content\/uploads\/2024\/09\/nwq2ywmzyzy2m2exzmu4mgriogjin2u4zmu3nq-thumb_.jpg\" data-skip-htmlfix=\"1\" title=\"nwq2ywmzyzy2m2exzmu4mgriogjin2u4zmu3nq-thumb_\"><\/span><\/strong><\/p>\n<p data-index=\"2\"><strong><span>Parlamentul a votat amnistia fiscal\u0103 cu 315 voturi &#8220;pentru&#8221;.\u00a0<\/span><\/strong><\/p>\n<p data-index=\"3\">\u201e<span>\u00cen ce prive\u015fte amnistia fiscala pentru mame sunt 20.000 de m\u0103mici, pentru pensionari sunt 50.000 de pensionari \u015fi pentru bugetari \u2013 25.000 de bugetari\u201d, spunea ieri <strong><a href=\"http:\/\/bit.ly\/1CI6xTq\" target=\"_blank\" data-skip-linkfix=\"1\" rel=\"noopener\">Rovana Plumb, ministrul Muncii.<\/a>\u00a0<\/strong><\/span><\/p>\n<p data-index=\"4\">Rovana Plumb estima un impact de 400 de milioane de lei asupra bugetului doar pentru iertarea de datorii a 20.000 de mame \u015fi a 50.000 de pensionari.<\/p>\n<p data-index=\"5\">Totodat\u0103, <strong>pentru reducerea CAS au fost \u00eenregistrate 307 voturi \u00een favoarea actului normativ.<\/strong><\/p>\n<p data-index=\"6\">Ministrul Finan\u0163elor, Ioana Petrescu, le-a cerut deputa\u0163ilor s\u0103 voteze legea privind reducerea CAS cu 5% la angajator, ar\u0103t\u00e2nd c\u0103 aceast\u0103 m\u0103sur\u0103 este \u201ecurajoas\u0103 \u015fi pro-business\u201d \u015fi c\u0103 sunt resurse pentru compensarea acesteia at\u00e2t pentru anul 2014, c\u00e2t \u015fi pentru anii viitori. <\/p>\n<p data-index=\"7\">\u201e<span>Exist\u0103 spa\u0163iu suficient pentru a aplica aceast\u0103 m\u0103sur\u0103 \u015fi pentru anul 2014\u201d, a spus ministrul Finan\u0163elor \u00een plenul Camerei Deputa\u0163ilor, la dezbaterea cererii de reexaminare a pre\u015fedintelui Traian B\u0103sescu la legea privind reducerea CAS cu 5% la angajator.<\/span><\/p>\n<p data-index=\"8\">Men\u0163ion\u00e2nd c\u0103 legea privind reducerea CAS a primit votul senatorilor, Petrescu \u015fi-a exprimat convingerea c\u0103 va fi sus\u0163inut\u0103 \u015fi de deputa\u0163i.<\/p>\n<p data-index=\"9\">\u201cAm avut un parcurs lung \u015fi greoi cu aceast\u0103 lege, am \u00eent\u00e2mpinat \u015fi piedici, \u015fi critici, dar \u015ftiu c\u0103 am avut \u015fi mult\u0103 sus\u0163inere \u015fi suport pentru o lege al c\u0103rei scop este s\u0103 ajute \u00eentreprinz\u0103torii, angajatorii, c\u00e2t \u015fi angaja\u0163ii\u201d, a ad\u0103ugat Petrescu.<\/p>\n<p data-index=\"10\">Camera Deputa\u0163ilor este for decizional.<\/p>\n<\/div>\n<p> Source URL: https:\/\/www.digi24.ro\/stiri\/actualitate\/politica\/deputatii-sunt-de-acord-cu-amnistia-fiscala-si-reducerea-cas-a-fost-aprobata-291616<\/p>\n","protected":false},"excerpt":{"rendered":"<p>Parlamentul a votat amnistia fiscal\u0103 cu 315 voturi &#8220;pentru&#8221;.\u00a0 \u201e\u00cen ce prive\u015fte amnistia fiscala pentru mame sunt 20.000 de m\u0103mici, pentru pensionari sunt 50.000 de pensionari \u015fi pentru bugetari \u2013 25.000 de bugetari\u201d, spunea ieri Rovana Plumb, ministrul Muncii.\u00a0 Rovana Plumb estima un impact de 400 de milioane de lei asupra bugetului doar pentru iertarea [&hellip;]<\/p>\n","protected":false},"author":1,"featured_media":197273,"comment_status":"open","ping_status":"","sticky":false,"template":"","format":"standard","meta":{"footnotes":""},"categories":[2],"tags":[11],"class_list":["post-197272","post","type-post","status-publish","format-standard","has-post-thumbnail","hentry","category-politics","tag-digi24"],"_links":{"self":[{"href":"https:\/\/analyse.optim.biz\/index.php?rest_route=\/wp\/v2\/posts\/197272","targetHints":{"allow":["GET"]}}],"collection":[{"href":"https:\/\/analyse.optim.biz\/index.php?rest_route=\/wp\/v2\/posts"}],"about":[{"href":"https:\/\/analyse.optim.biz\/index.php?rest_route=\/wp\/v2\/types\/post"}],"author":[{"embeddable":true,"href":"https:\/\/analyse.optim.biz\/index.php?rest_route=\/wp\/v2\/users\/1"}],"replies":[{"embeddable":true,"href":"https:\/\/analyse.optim.biz\/index.php?rest_route=%2Fwp%2Fv2%2Fcomments&post=197272"}],"version-history":[{"count":0,"href":"https:\/\/analyse.optim.biz\/index.php?rest_route=\/wp\/v2\/posts\/197272\/revisions"}],"wp:featuredmedia":[{"embeddable":true,"href":"https:\/\/analyse.optim.biz\/index.php?rest_route=\/wp\/v2\/media\/197273"}],"wp:attachment":[{"href":"https:\/\/analyse.optim.biz\/index.php?rest_route=%2Fwp%2Fv2%2Fmedia&parent=197272"}],"wp:term":[{"taxonomy":"category","embeddable":true,"href":"https:\/\/analyse.optim.biz\/index.php?rest_route=%2Fwp%2Fv2%2Fcategories&post=197272"},{"taxonomy":"post_tag","embeddable":true,"href":"https:\/\/analyse.optim.biz\/index.php?rest_route=%2Fwp%2Fv2%2Ftags&post=197272"}],"curies":[{"name":"wp","href":"https:\/\/api.w.org\/{rel}","templated":true}]}}