{"id":197269,"date":"2014-09-09T13:27:28","date_gmt":"2014-09-09T10:27:28","guid":{"rendered":"https:\/\/analyse.optim.biz\/?p=197269"},"modified":"2014-09-09T13:27:28","modified_gmt":"2014-09-09T10:27:28","slug":"ambasadorul-marii-britanii-hitler-a-fost-hitler-nu-mai-exista-astazi-in-politica-europeana","status":"publish","type":"post","link":"https:\/\/analyse.optim.biz\/?p=197269","title":{"rendered":"Ambasadorul Marii Britanii: Hitler a fost Hitler, nu mai exist\u0103 ast\u0103zi \u00een politica european\u0103"},"content":{"rendered":"<div class=\"entry data-app-meta data-app-meta-article\" data-embed-base-url-canonical=\"https:\/\/www.digi24.ro\/embed\/stiri\/actualitate\/politica\/ambasadorul-marii-britanii-hitler-a-fost-hitler-nu-mai-exista-astazi-in-politica-europeana-291632\">\n<p data-index=\"1\">\u00a0<img decoding=\"async\" src=\"https:\/\/analyse.optim.biz\/wp-content\/uploads\/2024\/09\/zyz3ptgwmczoyxnoptdhnmjhnjkwngu1ogrkytu0n2q2nwyyogm1mdk2zdc4-thumb_.jpg\" data-skip-htmlfix=\"1\" title=\"zyz3ptgwmczoyxnoptdhnmjhnjkwngu1ogrkytu0n2q2nwyyogm1mdk2zdc4-thumb_\"><\/p>\n<p data-index=\"2\">&#8220;Eu cred c\u0103 Hitler a fost Hitler. Din fercire, nu v\u0103d \u00een politica european\u0103 de ast\u0103zi pe cineva care este Hitler&#8221;<span>, a spus ambasadorul Marii Britanii, potrivit Mediafax.<\/span><\/p>\n<p data-index=\"3\">El fusese solicitat s\u0103 comenteze afirma\u0163iile prim-ministrului Ponta.<\/p>\n<p data-index=\"4\">Premierul Victor Ponta a declarat c\u0103 va urma &#8220;o perioad\u0103 \u00een care trebuie pur \u015fi simplu s\u0103 ne preg\u0103tim de deb\u0103sificarea societ\u0103\u0163ii rom\u00e2ne\u015fti&#8221;.<\/p>\n<p data-index=\"5\">&#8220;Cred c\u0103 efectele asupra societ\u0103\u0163ii rom\u00e2ne\u015fti l\u0103sate de cei 10 ani de regim Traian B\u0103sescu sunt destul de asem\u0103n\u0103toare cu cele l\u0103sate de regimul nazist \u00een Germania&#8221;, a spus Ponta.<\/p>\n<p data-index=\"6\"><span>\u00a0<\/span><\/p>\n<\/div>\n<p> Source URL: https:\/\/www.digi24.ro\/stiri\/actualitate\/politica\/ambasadorul-marii-britanii-hitler-a-fost-hitler-nu-mai-exista-astazi-in-politica-europeana-291632<\/p>\n","protected":false},"excerpt":{"rendered":"<p>\u00a0 &#8220;Eu cred c\u0103 Hitler a fost Hitler. Din fercire, nu v\u0103d \u00een politica european\u0103 de ast\u0103zi pe cineva care este Hitler&#8221;, a spus ambasadorul Marii Britanii, potrivit Mediafax. El fusese solicitat s\u0103 comenteze afirma\u0163iile prim-ministrului Ponta. Premierul Victor Ponta a declarat c\u0103 va urma &#8220;o perioad\u0103 \u00een care trebuie pur \u015fi simplu s\u0103 ne [&hellip;]<\/p>\n","protected":false},"author":1,"featured_media":197270,"comment_status":"open","ping_status":"","sticky":false,"template":"","format":"standard","meta":{"footnotes":""},"categories":[2],"tags":[11],"class_list":["post-197269","post","type-post","status-publish","format-standard","has-post-thumbnail","hentry","category-politics","tag-digi24"],"_links":{"self":[{"href":"https:\/\/analyse.optim.biz\/index.php?rest_route=\/wp\/v2\/posts\/197269","targetHints":{"allow":["GET"]}}],"collection":[{"href":"https:\/\/analyse.optim.biz\/index.php?rest_route=\/wp\/v2\/posts"}],"about":[{"href":"https:\/\/analyse.optim.biz\/index.php?rest_route=\/wp\/v2\/types\/post"}],"author":[{"embeddable":true,"href":"https:\/\/analyse.optim.biz\/index.php?rest_route=\/wp\/v2\/users\/1"}],"replies":[{"embeddable":true,"href":"https:\/\/analyse.optim.biz\/index.php?rest_route=%2Fwp%2Fv2%2Fcomments&post=197269"}],"version-history":[{"count":0,"href":"https:\/\/analyse.optim.biz\/index.php?rest_route=\/wp\/v2\/posts\/197269\/revisions"}],"wp:featuredmedia":[{"embeddable":true,"href":"https:\/\/analyse.optim.biz\/index.php?rest_route=\/wp\/v2\/media\/197270"}],"wp:attachment":[{"href":"https:\/\/analyse.optim.biz\/index.php?rest_route=%2Fwp%2Fv2%2Fmedia&parent=197269"}],"wp:term":[{"taxonomy":"category","embeddable":true,"href":"https:\/\/analyse.optim.biz\/index.php?rest_route=%2Fwp%2Fv2%2Fcategories&post=197269"},{"taxonomy":"post_tag","embeddable":true,"href":"https:\/\/analyse.optim.biz\/index.php?rest_route=%2Fwp%2Fv2%2Ftags&post=197269"}],"curies":[{"name":"wp","href":"https:\/\/api.w.org\/{rel}","templated":true}]}}