{"id":197258,"date":"2014-09-09T14:24:27","date_gmt":"2014-09-09T11:24:27","guid":{"rendered":"https:\/\/analyse.optim.biz\/?p=197258"},"modified":"2014-09-09T14:24:27","modified_gmt":"2014-09-09T11:24:27","slug":"victor-ponta-atent-la-implicatiile-eventualei-suspendari-a-presedintelui","status":"publish","type":"post","link":"https:\/\/analyse.optim.biz\/?p=197258","title":{"rendered":"Victor Ponta, atent la implica\u021biile eventualei suspend\u0103ri a pre\u0219edintelui"},"content":{"rendered":"<div class=\"entry data-app-meta data-app-meta-article\" data-embed-base-url-canonical=\"https:\/\/www.digi24.ro\/embed\/stiri\/actualitate\/politica\/victor-ponta-atent-la-implicatiile-eventualei-suspendari-a-presedintelui-291654\">\n<p data-index=\"1\">\u201eNoi nu am luat \u00eenc\u0103 o decizie politic\u0103. Din punct de vedere moral \u0219i social, domnul B\u0103sescu nu poate, pur \u0219i simplu, s\u0103 plece a\u0219a din func\u021bie, dup\u0103 toate lucrurile grele pe care le-a f\u0103cut la adresa Rom\u00e2niei \u0219i rom\u00e2nilor, f\u0103r\u0103 niciun fel de sanc\u021biune moral\u0103.Suspendarea pre\u0219edintelui presupune o procedur\u0103 constitu\u021bional juridic\u0103 \u0219i politic\u0103 \u0219i presupune ni\u0219te implica\u021bii interne \u015fi interna\u021bionale\u201d, a declarat premierul Victor Ponta.<\/p>\n<p data-index=\"2\">Pe de alt\u0103 parte, C\u0103lin Popescu T\u0103riceanu<a href=\"https:\/\/www.digi24.ro\/Stiri\/Digi24\/Actualitate\/Politica\/C+P+Tariceanu+ii+raspunde+lui+T+Basescu+Se+poarta+ca+un+mitocan+\" target=\"_blank\" data-skip-linkfix=\"1\" rel=\"noopener\"><strong> a comentat declara\u0163iile<\/strong><\/a>f\u0103cute ieri de pre\u015fedintele Traian B\u0103sescu la adresa sa, \u00een care\u00a0\u00eel \u00eendemna s\u0103 citeasc\u0103 mai bine Constitu\u0163ia, \u00een leg\u0103tur\u0103 cu suspendarea. \u201eVorbeam de preajma zilei de 23 septembrie, cu o marj\u0103 de eroare\u201d, a spus C.P T\u0103riceanu.\u00a0<\/p>\n<p data-index=\"3\">Pre\u0219edintele Traian B\u0103sescu a comentat ieri sear\u0103 subiectul suspend\u0103rii sale, ini\u021biat de pre\u0219edintele Senatului. \u0218eful statului l-a rugat pe \u201eC\u0103lin Anton Constantin Popescu-T\u0103riceanu-inim\u0103 zburdalnic\u0103\u201d s\u0103 citeasc\u0103 Constitu\u021bia.<\/p>\n<p data-index=\"4\">\u201e<span>Ultimul subiect, cel mai dezb\u0103tut, mai dezb\u0103tut chiar dec\u00e2t SUMMITUL NATO, acela al suspend\u0103rii. A\u0219 vrea s\u0103-l rog pe C\u0103lin Anton Constantin Popescu-T\u0103riceanu s\u0103 citeasc\u0103 bine Constitu\u021bia. Nu poate planifica votul pe 23 septembrie \u0219i referendumul pe 2 noiembrie. \u00cen Constitu\u021bie se precizeaz\u0103 foarte clar c\u0103 pre\u0219edintele poate fi suspendat pentru o perioad\u0103 de maxim 30 de zile\u201d, a declarat Traian B\u0103sescu.<\/span><\/p>\n<\/div>\n<p> Source URL: https:\/\/www.digi24.ro\/stiri\/actualitate\/politica\/victor-ponta-atent-la-implicatiile-eventualei-suspendari-a-presedintelui-291654<\/p>\n","protected":false},"excerpt":{"rendered":"<p>\u201eNoi nu am luat \u00eenc\u0103 o decizie politic\u0103. Din punct de vedere moral \u0219i social, domnul B\u0103sescu nu poate, pur \u0219i simplu, s\u0103 plece a\u0219a din func\u021bie, dup\u0103 toate lucrurile grele pe care le-a f\u0103cut la adresa Rom\u00e2niei \u0219i rom\u00e2nilor, f\u0103r\u0103 niciun fel de sanc\u021biune moral\u0103.Suspendarea pre\u0219edintelui presupune o procedur\u0103 constitu\u021bional juridic\u0103 \u0219i politic\u0103 \u0219i [&hellip;]<\/p>\n","protected":false},"author":1,"featured_media":197259,"comment_status":"open","ping_status":"","sticky":false,"template":"","format":"standard","meta":{"footnotes":""},"categories":[2],"tags":[11],"class_list":["post-197258","post","type-post","status-publish","format-standard","has-post-thumbnail","hentry","category-politics","tag-digi24"],"_links":{"self":[{"href":"https:\/\/analyse.optim.biz\/index.php?rest_route=\/wp\/v2\/posts\/197258","targetHints":{"allow":["GET"]}}],"collection":[{"href":"https:\/\/analyse.optim.biz\/index.php?rest_route=\/wp\/v2\/posts"}],"about":[{"href":"https:\/\/analyse.optim.biz\/index.php?rest_route=\/wp\/v2\/types\/post"}],"author":[{"embeddable":true,"href":"https:\/\/analyse.optim.biz\/index.php?rest_route=\/wp\/v2\/users\/1"}],"replies":[{"embeddable":true,"href":"https:\/\/analyse.optim.biz\/index.php?rest_route=%2Fwp%2Fv2%2Fcomments&post=197258"}],"version-history":[{"count":0,"href":"https:\/\/analyse.optim.biz\/index.php?rest_route=\/wp\/v2\/posts\/197258\/revisions"}],"wp:featuredmedia":[{"embeddable":true,"href":"https:\/\/analyse.optim.biz\/index.php?rest_route=\/wp\/v2\/media\/197259"}],"wp:attachment":[{"href":"https:\/\/analyse.optim.biz\/index.php?rest_route=%2Fwp%2Fv2%2Fmedia&parent=197258"}],"wp:term":[{"taxonomy":"category","embeddable":true,"href":"https:\/\/analyse.optim.biz\/index.php?rest_route=%2Fwp%2Fv2%2Fcategories&post=197258"},{"taxonomy":"post_tag","embeddable":true,"href":"https:\/\/analyse.optim.biz\/index.php?rest_route=%2Fwp%2Fv2%2Ftags&post=197258"}],"curies":[{"name":"wp","href":"https:\/\/api.w.org\/{rel}","templated":true}]}}