{"id":197207,"date":"2014-09-09T17:31:58","date_gmt":"2014-09-09T14:31:58","guid":{"rendered":"https:\/\/analyse.optim.biz\/?p=197207"},"modified":"2014-09-09T17:31:58","modified_gmt":"2014-09-09T14:31:58","slug":"klaus-iohannis-despre-decizia-tribunalului-bucuresti-nu-afecteaza-in-niciun-fel-faptul-ca-sunt-presedintele-pnl-in-continuare","status":"publish","type":"post","link":"https:\/\/analyse.optim.biz\/?p=197207","title":{"rendered":"Klaus Iohannis, despre decizia Tribunalului Bucure\u0219ti: \u201eNu afecteaz\u0103 \u00een niciun fel faptul c\u0103 sunt pre\u0219edintele PNL \u00een continuare\u201d"},"content":{"rendered":"<div class=\"entry data-app-meta data-app-meta-article\" data-embed-base-url-canonical=\"https:\/\/www.digi24.ro\/embed\/stiri\/actualitate\/politica\/klaus-iohannis-despre-decizia-tribunalului-bucuresti-nu-afecteaza-in-niciun-fel-faptul-ca-sunt-presedintele-pnl-in-continuare-291781\">\n<p data-index=\"1\">PNL a\u0219teapt\u0103 motivarea judec\u0103torilor pentru a face apel, dar verdictul a ridicatsemne de \u00eentrebare legate de legitimitatea conducerii PNL. Mai ales c\u0103 este vorba \u0219i despre candidatul PNL \u0219i PDL la pre\u0219edin\u021bie. <\/p>\n<p data-index=\"2\">\u201e<span>\u00cen ce prive\u0219te documentele congresului extraordinar \u0219i ordinar, deci inclusiv alegerea mea \u0219i a conducerii PNL, nu au fost niciun fel de obiec\u021biuni. Instan\u021ba nu a acceptat \u00een totalitate modific\u0103rile din statut care au fost aduse, dar asta e o problem\u0103 birocratic\u0103, ce nu afecteaz\u0103 \u00een niciun fel modul \u00een care ac\u021bion\u0103m sau faptul c\u0103 sunt pre\u0219edintele PNL \u00een continuare\u201d, a spus ast\u0103zi Klaus Iohannis, \u00eentr-o conferin\u021b\u0103 de pres\u0103.<\/span><\/p>\n<p data-index=\"3\">\u201e<span>Nu are absolut nicio influen\u021b\u0103, probabil spre sup\u0103rarea unor contracandida\u021bi, asupra faptului c\u0103 sunt \u00een continuare candidatul desemnat pentru preziden\u021biale\u201d, a ad\u0103ugat el.<\/span><\/p>\n<p data-index=\"4\">Partidul Na\u0163ional Liberal a cerut \u00eenscrierea modific\u0103rilor aduse statutului \u00een registrul partidelor parlamentare, a\u015fa cum cere legea, dup\u0103 congresul extraordinar de la sf\u00e2r\u015fitul lunii iulie. Solicitarea PNL a fost luat\u0103 \u00een discu\u0163ie ieri, dar tot atunci un primar liberal din D\u00e2mbovi\u0163a s-a opus cererii propriului partid. <\/p>\n<p data-index=\"5\">\u201eAm sesizat c\u0103 organizarea celor dou\u0103 congrese a fost nestatutar\u0103. Am adus \u00een discu\u021bie faptul c\u0103 domnul Iohannis nu putea s\u0103 fie numit \u00een func\u021bia de pre\u0219edinte interimar al PNL pentru c\u0103 derogarea cu privire la vechime se referea la cei care candideaz\u0103 pentru o func\u021bie de conducere, nu la cei care sunt numi\u021bi. Or domnia sa \u0219i-a dat demisia dintr-o func\u021bie de conducere, de primvicepre\u0219edinte al PNL, chestiune la care nu putea s\u0103 revin\u0103\u201d, a spus D\u0103nu\u0163 B\u0103d\u0103u, primarul din Pucioasa.<\/p>\n<p data-index=\"6\">\u00cen aceste condi\u0163ii, judec\u0103torii au luat act c\u0103 a avut loc un congresul, dar au refuzat s\u0103 \u00eenscrie modific\u0103rile de statut \u00een registrul partidelor. Practic, asta \u00eenseamn\u0103 c\u0103 ele nu exist\u0103, cel pu\u0163in p\u00e2n\u0103 la o nou\u0103 decizie a instan\u0163ei. Lucru pe care colegii de partid ai lui Klaus Iohannis \u00eencearc\u0103 s\u0103-l ob\u0163in\u0103 c\u00e2t mai rapid.<\/p>\n<p data-index=\"7\">\u201eCa \u0219i act de voin\u021b\u0103, domnul Iohannis<a href=\"https:\/\/www.digi24.ro\/Stiri\/Digi24\/Actualitate\/Politica\/Ludovic+Orban+K\" target=\"_blank\" data-skip-linkfix=\"1\" rel=\"noopener\"> a fost ales cu 1350 de voturi,<\/a> fa\u021b\u0103 de 190 c\u00e2t a primit contracandidatul s\u0103u, nu exist\u0103 niciun fel de problem\u0103, eu cred c\u0103 nu ar trebui s\u0103 \u00eenceap\u0103 discu\u021bii sau specula\u021bii p\u00e2n\u0103 nu vedem exact care este decizia completului de la Tribunal\u201d, a spus Ludovic Orban, vicepre\u015fedinte PNL.<\/p>\n<p data-index=\"8\">\u201eDocumentele partidului din congres referitoare la conducerea partidului au fost \u00eenregistrate, vom vedea ce prevederi nu corespund normelor pe care instan\u0163a le-a analizat, le vom pune \u00een acord cu proxima ocazie\u201d, a spus \u0219i Alina Gorghiu, purt\u0103tor de cuv\u00e2nt PNL.<\/p>\n<p data-index=\"9\">\u201eA urmat un congres la care a candidat, f\u0103r\u0103 niciun fel de contesta\u021bie a fost ales pre\u015fedinte al PNL, suntem doar \u00een terenul unor chestiuni formale, juridice, pe care trebuie s\u0103 le vedem \u015fi pe care partidul le va rezolva\u201d, a spus \u0219i<a href=\"https:\/\/www.digi24.ro\/Stiri\/Digi24\/Actualitate\/Politica\/Crin+Antonescu+despre+Klaus+Iohannis+A+fost+ales+presedinte+in+m\" target=\"_blank\" data-skip-linkfix=\"1\" rel=\"noopener\"> fostul pre\u0219edinte al liberalilor, Crin Antonescu<\/a>.<\/p>\n<p data-index=\"10\">Fostul pre\u015fedinte al PNL C\u0103lin Popescu T\u0103riceanu, acum artizan al propriei construc\u0163ii politice, crede c\u0103 decizia tribunalului este corect\u0103.<\/p>\n<p data-index=\"11\">\u201eAu urm\u0103rit \u00eendep\u0103rtarea lui Antonescu si punerea c\u00e2t mai repede a lui Iohannis \u00een func\u021bia de pre\u015fedinte al partidului, s-a f\u0103cut f\u0103r\u0103 respectarea prevederilor statutare \u0219i iat\u0103 consecin\u021ba, PNL-ul cred c\u0103 are o problem\u0103 \u00een acest moment\u201d, a spus el.<\/p>\n<p data-index=\"12\">Juri\u015ftii PNL au la dispozi\u0163ie cinci zile pentru a contesta decizia. \u00cen caz contrar, aceasta r\u0103m\u00e2ne definitiv\u0103, ceea ce ar \u00eensemn\u0103 c\u0103 orice decizie luat\u0103 de Klaus Iohannis ca \u015fef de partid este nul\u0103 din punct de vedere legal.<\/p>\n<\/div>\n<p> Source URL: https:\/\/www.digi24.ro\/stiri\/actualitate\/politica\/klaus-iohannis-despre-decizia-tribunalului-bucuresti-nu-afecteaza-in-niciun-fel-faptul-ca-sunt-presedintele-pnl-in-continuare-291781<\/p>\n","protected":false},"excerpt":{"rendered":"<p>PNL a\u0219teapt\u0103 motivarea judec\u0103torilor pentru a face apel, dar verdictul a ridicatsemne de \u00eentrebare legate de legitimitatea conducerii PNL. Mai ales c\u0103 este vorba \u0219i despre candidatul PNL \u0219i PDL la pre\u0219edin\u021bie. \u201e\u00cen ce prive\u0219te documentele congresului extraordinar \u0219i ordinar, deci inclusiv alegerea mea \u0219i a conducerii PNL, nu au fost niciun fel de obiec\u021biuni. [&hellip;]<\/p>\n","protected":false},"author":1,"featured_media":197208,"comment_status":"open","ping_status":"","sticky":false,"template":"","format":"standard","meta":{"footnotes":""},"categories":[2],"tags":[11],"class_list":["post-197207","post","type-post","status-publish","format-standard","has-post-thumbnail","hentry","category-politics","tag-digi24"],"_links":{"self":[{"href":"https:\/\/analyse.optim.biz\/index.php?rest_route=\/wp\/v2\/posts\/197207","targetHints":{"allow":["GET"]}}],"collection":[{"href":"https:\/\/analyse.optim.biz\/index.php?rest_route=\/wp\/v2\/posts"}],"about":[{"href":"https:\/\/analyse.optim.biz\/index.php?rest_route=\/wp\/v2\/types\/post"}],"author":[{"embeddable":true,"href":"https:\/\/analyse.optim.biz\/index.php?rest_route=\/wp\/v2\/users\/1"}],"replies":[{"embeddable":true,"href":"https:\/\/analyse.optim.biz\/index.php?rest_route=%2Fwp%2Fv2%2Fcomments&post=197207"}],"version-history":[{"count":0,"href":"https:\/\/analyse.optim.biz\/index.php?rest_route=\/wp\/v2\/posts\/197207\/revisions"}],"wp:featuredmedia":[{"embeddable":true,"href":"https:\/\/analyse.optim.biz\/index.php?rest_route=\/wp\/v2\/media\/197208"}],"wp:attachment":[{"href":"https:\/\/analyse.optim.biz\/index.php?rest_route=%2Fwp%2Fv2%2Fmedia&parent=197207"}],"wp:term":[{"taxonomy":"category","embeddable":true,"href":"https:\/\/analyse.optim.biz\/index.php?rest_route=%2Fwp%2Fv2%2Fcategories&post=197207"},{"taxonomy":"post_tag","embeddable":true,"href":"https:\/\/analyse.optim.biz\/index.php?rest_route=%2Fwp%2Fv2%2Ftags&post=197207"}],"curies":[{"name":"wp","href":"https:\/\/api.w.org\/{rel}","templated":true}]}}