{"id":197196,"date":"2014-09-09T20:01:12","date_gmt":"2014-09-09T17:01:12","guid":{"rendered":"https:\/\/analyse.optim.biz\/?p=197196"},"modified":"2014-09-09T20:01:12","modified_gmt":"2014-09-09T17:01:12","slug":"generosi-pe-banii-contribuabililor-deputatii-propun-doua-proiecte-pentru-ajutorarea-romanilor-cu-credite-in-valuta","status":"publish","type":"post","link":"https:\/\/analyse.optim.biz\/?p=197196","title":{"rendered":"Genero\u0219i pe banii contribuabililor. Deputa\u021bii propun dou\u0103 proiecte pentru ajutorarea rom\u00e2nilor cu credite \u00een valut\u0103"},"content":{"rendered":"<div class=\"entry data-app-meta data-app-meta-article\" data-embed-base-url-canonical=\"https:\/\/www.digi24.ro\/embed\/stiri\/actualitate\/politica\/generosi-pe-banii-contribuabililor-deputatii-propun-doua-proiecte-pentru-ajutorarea-romanilor-cu-credite-in-valuta-291831\">\n<p data-index=\"1\">Preocupa\u0163i de soarta aleg\u0103torilor care au luat \u00eemprumuturi \u00een valut\u0103, mai mul\u0163i deputa\u0163i s-au g\u00e2ndit s\u0103 prevad\u0103 prin lege \u00eenghe\u0163area cursului de schimb din momentul semn\u0103rii contractului. Primii &#8211; ar avea de c\u00e2\u015ftigat cei care s-au \u00eemprumutat \u00een franci elve\u0163ieni \u00een perioada boomului imobiliar. De atunci \u015fi p\u00e2n\u0103 acum, cota\u0163ia monedei elve\u0163iene s-a dublat. Nici avoca\u0163ii, nici bancherii, nu cred c\u0103 se va \u00eent\u00e2mpla a\u015fa ceva.<\/p>\n<p data-index=\"2\">\u201e<span>Nu cred c\u0103 vor fi puse \u00een practic\u0103. Lucrurile astea trebuiau f\u0103cute de ani de zile. Credibilitatea acestui proiect e redus\u0103 \u00een condi\u021biile \u00een care de at\u00e2tea ori s-au \u00eencercat proiecte de genul acesta \u00een momentul \u00een care nu aveau \u00eenc\u0103rc\u0103tur\u0103 electoral\u0103 \u0219i, cu toate acestea, parlamentarii, pe ultima sut\u0103 de metri, au modificat totul ca s\u0103 le fie bine b\u0103ncilor \u0219i nu consumatorilor\u201d, spune Gheorghe Piperea, avocat.<\/span><\/p>\n<p data-index=\"3\">O astfel de lege ar contraveni \u00eens\u0103 unor normative europene care intr\u0103 \u00een vigoare din 2016. Ini\u0163iatorii spun totu\u015fi c\u0103 prevederile ei s-ar putea aplica \u00eentre timp.<\/p>\n<p data-index=\"4\">\u201e<span>BNR face referire la o directiv\u0103 european\u0103 care e ap\u0103rut dup\u0103 ce noi am f\u0103cut aceast\u0103 propunere. Nu pot, ca legislativ na\u021bional, s\u0103 contravin\u0103 unei directive care va intra \u00een vigoare \u0219i va fi aplicabil\u0103 pentru contractele care se vor \u00eencheia dup\u0103 2016. E un nonsens juridic\u201d, consider\u0103 Cseke Attila, ini\u0163iator proiect.<\/span><\/p>\n<p data-index=\"5\">P\u00e2n\u0103 la o eventual\u0103 decizie, mai e drum lung. Iar dezbaterea a fost am\u00e2nat\u0103. La fel se \u00eent\u00e2mpl\u0103 \u015fi cu proiectul care prevede am\u00e2narea a execut\u0103rii silite pentru cei cu probleme la plata ratelor, timp de 3 ani. Speciali\u015ftii spun, pe de alt\u0103 parte, c\u0103 astfel de m\u0103suri, luate \u00een context electoral, fac mai mult r\u0103u dec\u00e2t bine.<\/p>\n<p data-index=\"6\">\u201e<span>Am\u00e2narea cu trei ani \u00eenseamna un singur lucru, am\u00e2narea dezastrului. Dac\u0103 nu au acum s\u0103 pl\u0103teasc\u0103 acele rate cu at\u00e2t mai pu\u021bin vor avea peste 3 ani, c\u00e2nd vor fi mai b\u0103tr\u00e2ni \u0219i mai predispu\u0219i la boli, \u0219omaj\u201d, mai spune Gheorghe Piperea.<\/span><\/p>\n<p data-index=\"7\">Circa 200.000 de rom\u00e2ni au credite \u00een franci elve\u0163ieni. La finalul lunii iulie, ei adunaser\u0103 restan\u0163e de 1,6 miliarde de lei.<\/p>\n<p data-index=\"8\">Cu toate acestea, cele dou\u0103 proiecte de acte normative ar ajuta \u015fi b\u0103ncile, sus\u0163in ini\u0163iatorii lor.<\/p>\n<\/div>\n<p> Source URL: https:\/\/www.digi24.ro\/stiri\/actualitate\/politica\/generosi-pe-banii-contribuabililor-deputatii-propun-doua-proiecte-pentru-ajutorarea-romanilor-cu-credite-in-valuta-291831<\/p>\n","protected":false},"excerpt":{"rendered":"<p>Preocupa\u0163i de soarta aleg\u0103torilor care au luat \u00eemprumuturi \u00een valut\u0103, mai mul\u0163i deputa\u0163i s-au g\u00e2ndit s\u0103 prevad\u0103 prin lege \u00eenghe\u0163area cursului de schimb din momentul semn\u0103rii contractului. Primii &#8211; ar avea de c\u00e2\u015ftigat cei care s-au \u00eemprumutat \u00een franci elve\u0163ieni \u00een perioada boomului imobiliar. De atunci \u015fi p\u00e2n\u0103 acum, cota\u0163ia monedei elve\u0163iene s-a dublat. Nici [&hellip;]<\/p>\n","protected":false},"author":1,"featured_media":197197,"comment_status":"open","ping_status":"","sticky":false,"template":"","format":"standard","meta":{"footnotes":""},"categories":[2],"tags":[11],"class_list":["post-197196","post","type-post","status-publish","format-standard","has-post-thumbnail","hentry","category-politics","tag-digi24"],"_links":{"self":[{"href":"https:\/\/analyse.optim.biz\/index.php?rest_route=\/wp\/v2\/posts\/197196","targetHints":{"allow":["GET"]}}],"collection":[{"href":"https:\/\/analyse.optim.biz\/index.php?rest_route=\/wp\/v2\/posts"}],"about":[{"href":"https:\/\/analyse.optim.biz\/index.php?rest_route=\/wp\/v2\/types\/post"}],"author":[{"embeddable":true,"href":"https:\/\/analyse.optim.biz\/index.php?rest_route=\/wp\/v2\/users\/1"}],"replies":[{"embeddable":true,"href":"https:\/\/analyse.optim.biz\/index.php?rest_route=%2Fwp%2Fv2%2Fcomments&post=197196"}],"version-history":[{"count":0,"href":"https:\/\/analyse.optim.biz\/index.php?rest_route=\/wp\/v2\/posts\/197196\/revisions"}],"wp:featuredmedia":[{"embeddable":true,"href":"https:\/\/analyse.optim.biz\/index.php?rest_route=\/wp\/v2\/media\/197197"}],"wp:attachment":[{"href":"https:\/\/analyse.optim.biz\/index.php?rest_route=%2Fwp%2Fv2%2Fmedia&parent=197196"}],"wp:term":[{"taxonomy":"category","embeddable":true,"href":"https:\/\/analyse.optim.biz\/index.php?rest_route=%2Fwp%2Fv2%2Fcategories&post=197196"},{"taxonomy":"post_tag","embeddable":true,"href":"https:\/\/analyse.optim.biz\/index.php?rest_route=%2Fwp%2Fv2%2Ftags&post=197196"}],"curies":[{"name":"wp","href":"https:\/\/api.w.org\/{rel}","templated":true}]}}