{"id":197174,"date":"2014-09-09T22:44:24","date_gmt":"2014-09-09T19:44:24","guid":{"rendered":"https:\/\/analyse.optim.biz\/?p=197174"},"modified":"2014-09-09T22:44:24","modified_gmt":"2014-09-09T19:44:24","slug":"traian-basescu-candidatii-la-presedintie-mai-au-timp-sa-spuna-daca-au-fost-ofiteri-acoperiti-daca-nu-voi-spune-eu","status":"publish","type":"post","link":"https:\/\/analyse.optim.biz\/?p=197174","title":{"rendered":"Traian B\u0103sescu: Candida\u021bii la pre\u0219edin\u021bie mai au timp s\u0103 spun\u0103 dac\u0103 au fost ofi\u021beri acoperi\u021bi. Dac\u0103 nu, voi spune eu"},"content":{"rendered":"<div class=\"entry data-app-meta data-app-meta-article\" data-embed-base-url-canonical=\"https:\/\/www.digi24.ro\/embed\/stiri\/actualitate\/politica\/traian-basescu-candidatii-la-presedintie-mai-au-timp-sa-spuna-daca-au-fost-ofiteri-acoperiti-daca-nu-voi-spune-eu-291883\">\n<p data-index=\"1\">\u201e<span>Candida\u021bii au timp ca \u00eenainte de a-\u0219i depune candidaturile s\u0103-\u0219i completeze CV-ul, dac\u0103 au fost ofi\u021beri acoperi\u021bi sau nu\u201d, a spus Traian B\u0103sescu la <a href=\"http:\/\/www.b1.ro\/\" target=\"_blank\" data-skip-linkfix=\"1\" rel=\"noopener\">un post televiziune<\/a>.<\/span><\/p>\n<p data-index=\"2\">\u00centrebat ce va face, dac\u0103 acel candidat nu va spune acest lucru, \u0219eful statului a spus c\u0103 \u00eel va demasca.<\/p>\n<p data-index=\"3\">\u201e<span>Am obliga\u021bia s-o spun. Am obliga\u021bia s-o fac\u0103, exist\u0103 lege care interzice serviciilor s\u0103 \u00ee\u0219i fac\u0103 cunoscute re\u021belele, ofi\u021berii, dar c\u00e2nd discutam despre func\u021bia de pre\u0219edinte al Rom\u00e2niei nu po\u021bi s\u0103 nu informezi. Nu spune nimeni s\u0103 o faca serviciul, c\u0103 n-are voie prin lege, dar candidatul are obliga\u021bia s\u0103 o fac\u0103. \u0218i voi fi \u00een m\u0103sur\u0103 s\u0103 v\u0103 aduc probe ce \u00eenseamn\u0103 acest dublu buton\u201d, a mai spus \u0219eful statului.<\/span><\/p>\n<p data-index=\"4\">Nu este pentru prima dat\u0103 c\u00e2nd<a href=\"https:\/\/www.digi24.ro\/Stiri\/Digi24\/Actualitate\/Politica\/Traian+Basescu+Pe+unii+dintre+candidati+ii+voi+dezbraca+public\" target=\"_blank\" data-skip-linkfix=\"1\" rel=\"noopener\"> Traian B\u0103sescu spune c\u0103 va face dezv\u0103luiri despre candida\u021bii la pre\u0219edin\u021bie<\/a> care \u201eau lucruri ascunse \u00een CV\u201d.<\/p>\n<p data-index=\"5\">\u201e<span>Pe unii dintre ei \u00eei voi dezbr\u0103ca public, \u00eei asigur de asta. \u015etiu unii candida\u0163i care au lucruri ascunse \u00een CV-ul lor. Sunt lucruri pe care le t\u0103inuiesc, pe care nu le spun. Cet\u0103\u0163enii trebuie s\u0103 \u015ftie tot ce e important (&#8230;) Nu vorbesc de rela\u021bia din familie, rela\u021biile private, dar c\u00e2nd ai apar\u021binut de anumite institu\u021bii \u0219i nu \u00ee\u021bi treci acest lucru \u00een CV \u0219i vrei s\u0103 devii pre\u0219edintele Rom\u00e2niei, acest lucru nu ai voie s\u0103 \u00eel faci\u201d, spunea Traian B\u0103sescu \u00een urm\u0103 cu o lun\u0103.<\/span><\/p>\n<\/div>\n<p> Source URL: https:\/\/www.digi24.ro\/stiri\/actualitate\/politica\/traian-basescu-candidatii-la-presedintie-mai-au-timp-sa-spuna-daca-au-fost-ofiteri-acoperiti-daca-nu-voi-spune-eu-291883<\/p>\n","protected":false},"excerpt":{"rendered":"<p>\u201eCandida\u021bii au timp ca \u00eenainte de a-\u0219i depune candidaturile s\u0103-\u0219i completeze CV-ul, dac\u0103 au fost ofi\u021beri acoperi\u021bi sau nu\u201d, a spus Traian B\u0103sescu la un post televiziune. \u00centrebat ce va face, dac\u0103 acel candidat nu va spune acest lucru, \u0219eful statului a spus c\u0103 \u00eel va demasca. \u201eAm obliga\u021bia s-o spun. Am obliga\u021bia s-o fac\u0103, [&hellip;]<\/p>\n","protected":false},"author":1,"featured_media":197175,"comment_status":"open","ping_status":"","sticky":false,"template":"","format":"standard","meta":{"footnotes":""},"categories":[2],"tags":[11],"class_list":["post-197174","post","type-post","status-publish","format-standard","has-post-thumbnail","hentry","category-politics","tag-digi24"],"_links":{"self":[{"href":"https:\/\/analyse.optim.biz\/index.php?rest_route=\/wp\/v2\/posts\/197174","targetHints":{"allow":["GET"]}}],"collection":[{"href":"https:\/\/analyse.optim.biz\/index.php?rest_route=\/wp\/v2\/posts"}],"about":[{"href":"https:\/\/analyse.optim.biz\/index.php?rest_route=\/wp\/v2\/types\/post"}],"author":[{"embeddable":true,"href":"https:\/\/analyse.optim.biz\/index.php?rest_route=\/wp\/v2\/users\/1"}],"replies":[{"embeddable":true,"href":"https:\/\/analyse.optim.biz\/index.php?rest_route=%2Fwp%2Fv2%2Fcomments&post=197174"}],"version-history":[{"count":0,"href":"https:\/\/analyse.optim.biz\/index.php?rest_route=\/wp\/v2\/posts\/197174\/revisions"}],"wp:featuredmedia":[{"embeddable":true,"href":"https:\/\/analyse.optim.biz\/index.php?rest_route=\/wp\/v2\/media\/197175"}],"wp:attachment":[{"href":"https:\/\/analyse.optim.biz\/index.php?rest_route=%2Fwp%2Fv2%2Fmedia&parent=197174"}],"wp:term":[{"taxonomy":"category","embeddable":true,"href":"https:\/\/analyse.optim.biz\/index.php?rest_route=%2Fwp%2Fv2%2Fcategories&post=197174"},{"taxonomy":"post_tag","embeddable":true,"href":"https:\/\/analyse.optim.biz\/index.php?rest_route=%2Fwp%2Fv2%2Ftags&post=197174"}],"curies":[{"name":"wp","href":"https:\/\/api.w.org\/{rel}","templated":true}]}}