{"id":197160,"date":"2014-09-10T00:03:16","date_gmt":"2014-09-09T21:03:16","guid":{"rendered":"https:\/\/analyse.optim.biz\/?p=197160"},"modified":"2014-09-10T00:03:16","modified_gmt":"2014-09-09T21:03:16","slug":"traian-basescu-daca-ma-suspenda-din-nou-cer-prelungirea-mandatului","status":"publish","type":"post","link":"https:\/\/analyse.optim.biz\/?p=197160","title":{"rendered":"Traian B\u0103sescu: Dac\u0103 m\u0103 suspend\u0103 din nou, cer prelungirea mandatului"},"content":{"rendered":"<div class=\"entry data-app-meta data-app-meta-article\" data-embed-base-url-canonical=\"https:\/\/www.digi24.ro\/embed\/stiri\/actualitate\/politica\/traian-basescu-daca-ma-suspenda-din-nou-cer-prelungirea-mandatului-291891\">\n<p data-index=\"1\"><img decoding=\"async\" src=\"https:\/\/analyse.optim.biz\/wp-content\/uploads\/2024\/09\/ntdjzja0mjblmdjiotu1mtlmn2m2nwzhyme0zg-thumb_.jpg\" data-skip-htmlfix=\"1\" title=\"ntdjzja0mjblmdjiotu1mtlmn2m2nwzhyme0zg-thumb_\"><\/p>\n<p data-index=\"2\">\u201eDac\u0103 mai fac una (o suspendare &#8211; n.r.), sigur le cer, pentru c\u0103 eu, c\u00e2nd am fost suspendat, nu am primit salariu, deci nu poate s\u0103 \u00eemi spun\u0103 nimeni c\u0103 mi-a curs vechimea. Nu mi-a curs vechimea, nu am contribuit la asigur\u0103rile sociale, la \u015fomaj, nimic. Deci acea lun\u0103 \u015fi jum\u0103tate din 2012 este deja scurtare de mandat. Dac\u0103 mi-ar fi dat salariu, puteau s\u0103 spun\u0103 c\u0103 m-au trimis \u00een concediu de odih\u0103, dar a\u015fa au fost regulile, f\u0103r\u0103 salariu\u201d, a declarat pre\u0219edintele pentru un post de televiziune.<\/p>\n<p data-index=\"3\">\u201eDac\u0103 mai fac una (o suspendare &#8211; n.r.), vorba lui Dragnea, o s\u0103 \u00eemi trimit\u0103 m\u0103r\u0163i\u015foare la Cotroceni\u201d, a ad\u0103ugat el.<\/p>\n<p data-index=\"4\">Pre\u015fedintele mai spune c\u0103 nou\u0103 suspendare ar fi \u201eo m\u0103sur\u0103 antina\u0163ional\u0103\u201d.<\/p>\n<p data-index=\"5\">\u201eDac\u0103 o fac, imagina\u0163i-v\u0103 c\u0103 \u00eei \u00eenfr\u00e2ng la referendum, r\u0103m\u00e2n pre\u015fedinte \u015fi cum se va desf\u0103\u015fura turul doi, nu a\u015f vrea s\u0103 fiu \u00een pielea lui Ponta, cu mine r\u0103mas la Cotroceni, pentru c\u0103 ar fi \u00eenfr\u00e2nt \u00eenainte de a se def\u0103\u015fura turul doi\u201d, a mai spus Traian B\u0103sescu, potrivit Mediafax.<\/p>\n<p data-index=\"6\">El s-a referit \u015fi la C\u0103lin Popescu T\u0103riceanu, pe care l-a numit din nou \u201einim\u0103 zglobie \u015fi inim\u0103 zburdalnic\u0103\u201d, ar\u0103t\u00e2nd c\u0103, dac\u0103 acesta \u00ee\u015fi va duce \u201eproiectul lui Voiculescu&#8221; \u00eenainte, iar \u00een 2 noiembrie va fi organizat \u015fi referendum de demitere \u015fi el nu va fi \u00eenfr\u00e2nt, \u201ecei doi, T\u0103riceanu \u015fi Ponta vor fi \u00eenfr\u00e2n\u0163i din turul unu \u015fi pot s\u0103 se ocupe de altceva\u201d.<\/p>\n<\/div>\n<p> Source URL: https:\/\/www.digi24.ro\/stiri\/actualitate\/politica\/traian-basescu-daca-ma-suspenda-din-nou-cer-prelungirea-mandatului-291891<\/p>\n","protected":false},"excerpt":{"rendered":"<p>\u201eDac\u0103 mai fac una (o suspendare &#8211; n.r.), sigur le cer, pentru c\u0103 eu, c\u00e2nd am fost suspendat, nu am primit salariu, deci nu poate s\u0103 \u00eemi spun\u0103 nimeni c\u0103 mi-a curs vechimea. Nu mi-a curs vechimea, nu am contribuit la asigur\u0103rile sociale, la \u015fomaj, nimic. Deci acea lun\u0103 \u015fi jum\u0103tate din 2012 este deja [&hellip;]<\/p>\n","protected":false},"author":1,"featured_media":197161,"comment_status":"open","ping_status":"","sticky":false,"template":"","format":"standard","meta":{"footnotes":""},"categories":[2],"tags":[11],"class_list":["post-197160","post","type-post","status-publish","format-standard","has-post-thumbnail","hentry","category-politics","tag-digi24"],"_links":{"self":[{"href":"https:\/\/analyse.optim.biz\/index.php?rest_route=\/wp\/v2\/posts\/197160","targetHints":{"allow":["GET"]}}],"collection":[{"href":"https:\/\/analyse.optim.biz\/index.php?rest_route=\/wp\/v2\/posts"}],"about":[{"href":"https:\/\/analyse.optim.biz\/index.php?rest_route=\/wp\/v2\/types\/post"}],"author":[{"embeddable":true,"href":"https:\/\/analyse.optim.biz\/index.php?rest_route=\/wp\/v2\/users\/1"}],"replies":[{"embeddable":true,"href":"https:\/\/analyse.optim.biz\/index.php?rest_route=%2Fwp%2Fv2%2Fcomments&post=197160"}],"version-history":[{"count":0,"href":"https:\/\/analyse.optim.biz\/index.php?rest_route=\/wp\/v2\/posts\/197160\/revisions"}],"wp:featuredmedia":[{"embeddable":true,"href":"https:\/\/analyse.optim.biz\/index.php?rest_route=\/wp\/v2\/media\/197161"}],"wp:attachment":[{"href":"https:\/\/analyse.optim.biz\/index.php?rest_route=%2Fwp%2Fv2%2Fmedia&parent=197160"}],"wp:term":[{"taxonomy":"category","embeddable":true,"href":"https:\/\/analyse.optim.biz\/index.php?rest_route=%2Fwp%2Fv2%2Fcategories&post=197160"},{"taxonomy":"post_tag","embeddable":true,"href":"https:\/\/analyse.optim.biz\/index.php?rest_route=%2Fwp%2Fv2%2Ftags&post=197160"}],"curies":[{"name":"wp","href":"https:\/\/api.w.org\/{rel}","templated":true}]}}