{"id":197134,"date":"2014-09-10T10:46:09","date_gmt":"2014-09-10T07:46:09","guid":{"rendered":"https:\/\/analyse.optim.biz\/?p=197134"},"modified":"2014-09-10T10:46:09","modified_gmt":"2014-09-10T07:46:09","slug":"activewatch-despre-declaratiile-lui-ponta-negarea-implicita-a-holocaustului-este-unul-dintre-efectele-acestei-interventii","status":"publish","type":"post","link":"https:\/\/analyse.optim.biz\/?p=197134","title":{"rendered":"ActiveWatch, despre declara\u021biile lui Ponta:\u00a0Negarea implicit\u0103 a Holocaustului este unul dintre efectele acestei interven\u021bii\u00a0"},"content":{"rendered":"<div class=\"entry data-app-meta data-app-meta-article\" data-embed-base-url-canonical=\"https:\/\/www.digi24.ro\/embed\/stiri\/actualitate\/politica\/activewatch-despre-declaratiile-lui-ponta-negarea-implicita-a-holocaustului-este-unul-dintre-efectele-acestei-interventii-291967\">\n<p data-index=\"1\"><img decoding=\"async\" src=\"https:\/\/analyse.optim.biz\/wp-content\/uploads\/2024\/09\/ztc3mtaxmwy3mwi5mzk1n2q5nzdmzdy2zdnlmdqz-thumb_.jpg\" data-skip-htmlfix=\"1\" title=\"ztc3mtaxmwy3mwi5mzk1n2q5nzdmzdy2zdnlmdqz-thumb_\"><\/p>\n<p data-index=\"2\">\u00cen sesizarea trimis\u0103 de ActiveWatch la Consiliul Na\u021bional pentru Combaterea Discrimin\u0103rii se arat\u0103 \u201eeste necesar\u0103 o interven\u021bie institu\u021bional\u0103 care s\u0103 evalueze cu greutatea autorit\u0103\u021bii publice enun\u021bul pre\u0219edintelui de partid \u0219i primului ministru Victor Ponta\u201d.\u00a0<\/p>\n<p data-index=\"3\"><strong><span>ActiveWatch:\u00a0Victor Ponta neag\u0103 Holocaustul\u00a0<\/span><\/strong><\/p>\n<p data-index=\"4\">\u201d<strong>\u00cen opinia noastr\u0103, discursul public al pre\u0219edintelui de partid \u0219i prim-ministrului Victor Ponta, care a comparat \u201cregimul B\u0103sescu\u201d cu \u201cregimul nazist\u201d, constituie implicit o dramatic\u0103 cobor\u00e2re \u00een derizoriu a crimelor nazismului.<\/strong>\u00a0Negarea implicit\u0103 \u2013 chiar dac\u0103 neinten\u021bionat\u0103 \u2013 a Holocaustului este unul dintre efectele acestei iresponsabile interven\u021bii. \u00cen consecin\u021b\u0103, ActiveWatch consider\u0103 c\u0103 este necesar\u0103 o interven\u021bie institu\u021bional\u0103 care s\u0103 evalueze cu greutatea autorit\u0103\u021bii publice enun\u021bul pre\u0219edintelui de partid \u0219i primului ministru Victor Ponta. Acesta este motivul pentru care am decis s\u0103 sesiz\u0103m CNCD.\u00a0AW solicit\u0103 actorilor politici lansa\u021bi deja \u00een campanie electoral\u0103 s\u0103 fac\u0103 efortul s\u0103 elimine din temele de campanie argumentele iresponsabile ale instig\u0103rii la ur\u0103 interetnic\u0103, interconfesional\u0103 etc\u201d, se arat\u0103 \u00een sesizare\u00a0<a href=\"http:\/\/activewatch.ro\/ro\/antidiscriminare\/reactie-rapida\/sesizare-catre-cncd-premierul-ponta-a-minimalizat-crimele-nazistilor\/\" target=\"_blank\" data-skip-linkfix=\"1\" rel=\"noopener\"><strong><span>ActiveWatch<\/span><\/strong>.<\/a><\/p>\n<p data-index=\"5\"><strong>\u00a0Primul Ministrul al Rom\u00e2niei, acuzat de discriminare<\/strong><\/p>\n<p data-index=\"6\"><strong>\u201eAsocia\u021bia ActiveWatch, cu sediul \u00een Str Ioan G. Bibicescu, nr 13, ap 1, sector 1, Bucure\u0219ti, formuleaz\u0103 prezenta\u00a0<\/strong><strong>PL\u00c2NGERE\u00a0privind declara\u021bia d-lui Victor Ponta, Primul Ministru al Rom\u00e2niei, din cadrul interven\u021biei telefonice avute la postul Antena 3 \u00een seara zilei de duminic\u0103, 7 septembrie, prin care, indirect, au fost minimizate crimele holocaustului, fiind astfel supu\u0219i unui tratament degradant membrii comunit\u0103\u021bilor care au fost victime ale acestui fenomen, urm\u00e2nd ca \u00een baza probelor administrate s\u0103 dispune\u021bi:<\/strong><\/p>\n<p data-index=\"7\">\u2022 Constatarea faptei de discriminare sav\u00e2r\u0219ite de Primul Ministrul al Rom\u00e2niei<br \/>\u2022 Sanc\u021bionarea faptei de discriminare s\u0103v\u00e2r\u0219ite de Primul Ministru al Rom\u00e2niei cu amend\u0103 contraven\u021bional\u0103<br \/>Adresa oficial\u0103 a Primului Ministru este Guvernul Rom\u00e2niei, Pia\u021ba Victoriei Nr 1, Sector 1, Bucure\u0219ti, cod po\u0219tal: 011791.<\/p>\n<p data-index=\"8\">\u00cen fapt,<br \/>\u00cen data de 07.09.2014, \u00een cadrul unei interven\u021bii telefonice f\u0103cut\u0103 pe postul de televiziune Antena 3 \u00een cadrul emisiunii \u201cPunctul de \u00eent\u00e2lnire\u201d, Primul Ministru Victor Ponta a f\u0103cut urm\u0103toarea afirma\u021bie:\u00a0\u201d<strong>Nu exagerez folosind acest termen, cred c\u0103 efectele asupra societ\u0103\u0163ii rom\u00e2ne\u015fti, l\u0103sate de cei zece ani de regim B\u0103sescu, sunt destul de asem\u0103toare cu cele l\u0103sate de regimul nazist \u00een Germania, \u015fi de asta spun de deb\u0103sificarea societ\u0103\u0163ii.<\/strong>\u201d<\/p>\n<p data-index=\"9\"><strong>\u00cen opinia noastr\u0103, discursul public al pre\u0219edintelui de partid \u0219i prim ministrului Victor Ponta, care a comparat \u201cregimul B\u0103sescu\u201d cu \u201cregimul nazist\u201d constituie implicit o dramatic\u0103 cobor\u00e2re \u00een derizoriu a crimelor nazismului. Negarea implicit\u0103 a holocaustului este unul dintre efectele acestei iresponsabile interven\u021bii.<\/strong><\/p>\n<p data-index=\"10\"><strong>ACTIVE WATCH: Prin minimalizarea crimelor nazismului, Victor Ponta a supus unui tratament degradant comunit\u0103\u021bile care au fost victime ale holocaustului<\/strong><\/p>\n<p data-index=\"11\">Prin minimalizarea crimelor nazismului, Victor Ponta a supus unui tratament degradant comunit\u0103\u021bile care au fost victime ale holocaustului, dar \u0219i toate persoanele care au fost victime ale acelui regim\u201d, se mai arat\u0103 \u00een sesizare.\u00a0<\/p>\n<p data-index=\"12\">ActiveWatch consider\u0103 c\u0103 este necesar\u0103 o interven\u021bie institu\u021bional\u0103 care s\u0103 evalueze cu greutatea autorit\u0103\u021bii publice enun\u021bul pre\u0219edintelui de partid \u0219i prim ministrului Victor Ponta.<\/p>\n<\/div>\n<p> Source URL: https:\/\/www.digi24.ro\/stiri\/actualitate\/politica\/activewatch-despre-declaratiile-lui-ponta-negarea-implicita-a-holocaustului-este-unul-dintre-efectele-acestei-interventii-291967<\/p>\n","protected":false},"excerpt":{"rendered":"<p>\u00cen sesizarea trimis\u0103 de ActiveWatch la Consiliul Na\u021bional pentru Combaterea Discrimin\u0103rii se arat\u0103 \u201eeste necesar\u0103 o interven\u021bie institu\u021bional\u0103 care s\u0103 evalueze cu greutatea autorit\u0103\u021bii publice enun\u021bul pre\u0219edintelui de partid \u0219i primului ministru Victor Ponta\u201d.\u00a0 ActiveWatch:\u00a0Victor Ponta neag\u0103 Holocaustul\u00a0 \u201d\u00cen opinia noastr\u0103, discursul public al pre\u0219edintelui de partid \u0219i prim-ministrului Victor Ponta, care a comparat \u201cregimul [&hellip;]<\/p>\n","protected":false},"author":1,"featured_media":197135,"comment_status":"open","ping_status":"","sticky":false,"template":"","format":"standard","meta":{"footnotes":""},"categories":[2],"tags":[11],"class_list":["post-197134","post","type-post","status-publish","format-standard","has-post-thumbnail","hentry","category-politics","tag-digi24"],"_links":{"self":[{"href":"https:\/\/analyse.optim.biz\/index.php?rest_route=\/wp\/v2\/posts\/197134","targetHints":{"allow":["GET"]}}],"collection":[{"href":"https:\/\/analyse.optim.biz\/index.php?rest_route=\/wp\/v2\/posts"}],"about":[{"href":"https:\/\/analyse.optim.biz\/index.php?rest_route=\/wp\/v2\/types\/post"}],"author":[{"embeddable":true,"href":"https:\/\/analyse.optim.biz\/index.php?rest_route=\/wp\/v2\/users\/1"}],"replies":[{"embeddable":true,"href":"https:\/\/analyse.optim.biz\/index.php?rest_route=%2Fwp%2Fv2%2Fcomments&post=197134"}],"version-history":[{"count":0,"href":"https:\/\/analyse.optim.biz\/index.php?rest_route=\/wp\/v2\/posts\/197134\/revisions"}],"wp:featuredmedia":[{"embeddable":true,"href":"https:\/\/analyse.optim.biz\/index.php?rest_route=\/wp\/v2\/media\/197135"}],"wp:attachment":[{"href":"https:\/\/analyse.optim.biz\/index.php?rest_route=%2Fwp%2Fv2%2Fmedia&parent=197134"}],"wp:term":[{"taxonomy":"category","embeddable":true,"href":"https:\/\/analyse.optim.biz\/index.php?rest_route=%2Fwp%2Fv2%2Fcategories&post=197134"},{"taxonomy":"post_tag","embeddable":true,"href":"https:\/\/analyse.optim.biz\/index.php?rest_route=%2Fwp%2Fv2%2Ftags&post=197134"}],"curies":[{"name":"wp","href":"https:\/\/api.w.org\/{rel}","templated":true}]}}