{"id":197111,"date":"2014-09-10T12:25:42","date_gmt":"2014-09-10T09:25:42","guid":{"rendered":"https:\/\/analyse.optim.biz\/?p=197111"},"modified":"2014-09-10T12:25:42","modified_gmt":"2014-09-10T09:25:42","slug":"acl-ofiterul-sub-acoperire-de-care-vorbeste-presedintele-nu-este-klaus-iohannis","status":"publish","type":"post","link":"https:\/\/analyse.optim.biz\/?p=197111","title":{"rendered":"ACL: Ofi\u021berul sub acoperire de care vorbe\u0219te pre\u0219edintele nu este Klaus Iohannis"},"content":{"rendered":"<div class=\"entry data-app-meta data-app-meta-article\" data-embed-base-url-canonical=\"https:\/\/www.digi24.ro\/embed\/stiri\/actualitate\/politica\/acl-ofiterul-sub-acoperire-de-care-vorbeste-presedintele-nu-este-klaus-iohannis-292039\">\n<p data-index=\"1\">Reprezenta\u0163ii ACL \u00eei cer pre\u015fedintelui s\u0103 dezv\u0103luie acum numele celui despre care spune c\u0103 este ofi\u0163er sub acoperire. \u015ei sunt siguri c\u0103 nu este vorba despre Klaus Iohannis, candidatul la pre\u015fedin\u0163ie al Alian\u0163ei.<\/p>\n<p data-index=\"2\">\u201eDomnul pre\u0219edinte are obliga\u021bia s\u0103 \u00eel descopere pe cel care este acoperit. Noi spunem, cu toat\u0103 convingerea, c\u0103 domnul Klaus Iohannis nu are nicio leg\u0103tur\u0103 cu ce spune pre\u0219edintele. Dac\u0103 domnia sa are informa\u021bii c\u0103 altcineva ar \u00eendeplini aceasta calitate, atunci sa spun\u0103\u201d, a declarat Tinel Petre, liderul deputa\u021bilor PDL. \u00a0<\/p>\n<p data-index=\"3\">Pre\u015fedintele Traian B\u0103sescu sus\u0163ine c\u0103 unul dintre candida\u0163ii la alegerile preziden\u0163iale din acest an <a href=\"https:\/\/www.digi24.ro\/Stiri\/Digi24\/Actualitate\/Politica\/Traian+Basescu+candidat+prezidentiale+ofiter+sub+acoperire\" target=\"_blank\" data-skip-linkfix=\"1\" rel=\"noopener\"><strong>ar fi ofi\u0163er sub acoperire.<\/strong><\/a>\u015eeful statului spune c\u0103 \u015ftie despre cine este vorba \u015fi avertizeaz\u0103 c\u0103 ar fi gata s\u0103 publice numele respectivului candidat dac\u0103 \u201eacesta nu \u00ee\u015fi va completa CV-ul\u201d. Dezv\u0103luirea ar urma s\u0103 fie f\u0103cut\u0103, sus\u0163ine pre\u015fedintele, abia dup\u0103 ce vor fi depuse toate candidaturile oficiale pentru pre\u015fedin\u0163ie.<\/p>\n<\/div>\n<p> Source URL: https:\/\/www.digi24.ro\/stiri\/actualitate\/politica\/acl-ofiterul-sub-acoperire-de-care-vorbeste-presedintele-nu-este-klaus-iohannis-292039<\/p>\n","protected":false},"excerpt":{"rendered":"<p>Reprezenta\u0163ii ACL \u00eei cer pre\u015fedintelui s\u0103 dezv\u0103luie acum numele celui despre care spune c\u0103 este ofi\u0163er sub acoperire. \u015ei sunt siguri c\u0103 nu este vorba despre Klaus Iohannis, candidatul la pre\u015fedin\u0163ie al Alian\u0163ei. \u201eDomnul pre\u0219edinte are obliga\u021bia s\u0103 \u00eel descopere pe cel care este acoperit. Noi spunem, cu toat\u0103 convingerea, c\u0103 domnul Klaus Iohannis nu [&hellip;]<\/p>\n","protected":false},"author":1,"featured_media":197112,"comment_status":"open","ping_status":"","sticky":false,"template":"","format":"standard","meta":{"footnotes":""},"categories":[2],"tags":[11],"class_list":["post-197111","post","type-post","status-publish","format-standard","has-post-thumbnail","hentry","category-politics","tag-digi24"],"_links":{"self":[{"href":"https:\/\/analyse.optim.biz\/index.php?rest_route=\/wp\/v2\/posts\/197111","targetHints":{"allow":["GET"]}}],"collection":[{"href":"https:\/\/analyse.optim.biz\/index.php?rest_route=\/wp\/v2\/posts"}],"about":[{"href":"https:\/\/analyse.optim.biz\/index.php?rest_route=\/wp\/v2\/types\/post"}],"author":[{"embeddable":true,"href":"https:\/\/analyse.optim.biz\/index.php?rest_route=\/wp\/v2\/users\/1"}],"replies":[{"embeddable":true,"href":"https:\/\/analyse.optim.biz\/index.php?rest_route=%2Fwp%2Fv2%2Fcomments&post=197111"}],"version-history":[{"count":0,"href":"https:\/\/analyse.optim.biz\/index.php?rest_route=\/wp\/v2\/posts\/197111\/revisions"}],"wp:featuredmedia":[{"embeddable":true,"href":"https:\/\/analyse.optim.biz\/index.php?rest_route=\/wp\/v2\/media\/197112"}],"wp:attachment":[{"href":"https:\/\/analyse.optim.biz\/index.php?rest_route=%2Fwp%2Fv2%2Fmedia&parent=197111"}],"wp:term":[{"taxonomy":"category","embeddable":true,"href":"https:\/\/analyse.optim.biz\/index.php?rest_route=%2Fwp%2Fv2%2Fcategories&post=197111"},{"taxonomy":"post_tag","embeddable":true,"href":"https:\/\/analyse.optim.biz\/index.php?rest_route=%2Fwp%2Fv2%2Ftags&post=197111"}],"curies":[{"name":"wp","href":"https:\/\/api.w.org\/{rel}","templated":true}]}}