{"id":196982,"date":"2014-09-11T23:56:42","date_gmt":"2014-09-11T20:56:42","guid":{"rendered":"https:\/\/analyse.optim.biz\/?p=196982"},"modified":"2014-09-11T23:56:42","modified_gmt":"2014-09-11T20:56:42","slug":"victor-ponta-isi-lanseaza-astazi-candidatura-prin-videoconferinta","status":"publish","type":"post","link":"https:\/\/analyse.optim.biz\/?p=196982","title":{"rendered":"Victor Ponta\u00a0\u00ee\u015fi lanseaz\u0103 ast\u0103zi candidatura prin videoconferin\u0163\u0103"},"content":{"rendered":"<div class=\"entry data-app-meta data-app-meta-article\" data-embed-base-url-canonical=\"https:\/\/www.digi24.ro\/embed\/stiri\/actualitate\/politica\/victor-ponta-isi-lanseaza-astazi-candidatura-prin-videoconferinta-292807\">\n<p data-index=\"1\"><strong>Validarea candidaturii lui Victor Ponta<\/strong> va fi f\u0103cut\u0103 de peste 30.000 de delega\u0163i din toate jude\u0163ele. Doar circa 800 dintre ei se vor afla la Alba Iulia. \u00cen fiecare jude\u0163 va fi organizat\u0103 c\u00e2te o reuniune, iar evenimentele vor fi conectate printr-un sistem de videoconferin\u0163e folosit \u015fi \u00een sediul central al PSD. Reprezentan\u0163ii fiec\u0103rei filiale vor asista, de la ei de din jude\u0163, la transmisiunea discursul lui Victor Ponta de la Alba Iulia.\u00a0<\/p>\n<p data-index=\"2\">O organizare impresionant\u0103 pentru o candidatur\u0103 pe care Victor Ponta a confirmat-o oficial abia la sf\u00e2r\u015fitul lunii iulie. Dar despre care se vorbe\u015fte de la \u00eenceputul anului, atunci c\u00e2nd <strong>USL<\/strong> s-a rupt. Premierul a evitat luni bune s\u0103 dea un r\u0103spuns tran\u015fant.\u00a0<\/p>\n<p data-index=\"3\">\u201e<span>Eu \u00eemi doresc s\u0103 r\u0103m\u00e2n <\/span><strong><span lang=\"en-US\">prim-ministru<\/span><\/strong><span> a\u015fa cum m-am angajat. De la noi din partid, at\u00e2t c\u00e2t m\u0103 uit, domnul Geoan\u0103 \u015fi cu mine suntem cei care putem candida cu \u015fanse\u201d, <\/span><span lang=\"en-US\">a spus <\/span><span>Victor Ponta.<\/span>\u00a0<\/p>\n<p data-index=\"4\">Au existat \u015fi voci \u00een PSD care au spus c\u0103 Victor Ponta este prea t\u00e2n\u0103r pentru func\u0163ia de pre\u015fedinte.\u00a0<\/p>\n<p data-index=\"5\">\u201e<span lang=\"en-US\">E<\/span><span> cam devreme s\u0103 treac\u0103 \u00eentr-o nou\u0103 postur\u0103, la pre\u015fedin\u0163ie trebuie s\u0103 fie un om care s\u0103 aib\u0103 \u00een spate ceva mai mult. Dar, dar.. imprejurarile uneori for\u0163eaz\u0103. \u00cen momentul de fa\u0163\u0103, singurul care are condi\u0163iile s\u0103 c\u00e2\u015ftige aceast\u0103 competi\u0163ie este Ponta\u201d, <\/span><span lang=\"en-US\">a spus <strong>Ion Iliescu<\/strong><\/span><span><strong>, pre\u015fedintele de onoare al PSD<\/strong>.<\/span>\u00a0<\/p>\n<p data-index=\"6\">Primul tur al alegerilor preziden\u0163iale va avea loc pe 2 noiembrie, iar candidaturile pot fi depuse p\u00e2n\u0103 pe 23 septembrie.<\/p>\n<\/div>\n<p> Source URL: https:\/\/www.digi24.ro\/stiri\/actualitate\/politica\/victor-ponta-isi-lanseaza-astazi-candidatura-prin-videoconferinta-292807<\/p>\n","protected":false},"excerpt":{"rendered":"<p>Validarea candidaturii lui Victor Ponta va fi f\u0103cut\u0103 de peste 30.000 de delega\u0163i din toate jude\u0163ele. Doar circa 800 dintre ei se vor afla la Alba Iulia. \u00cen fiecare jude\u0163 va fi organizat\u0103 c\u00e2te o reuniune, iar evenimentele vor fi conectate printr-un sistem de videoconferin\u0163e folosit \u015fi \u00een sediul central al PSD. Reprezentan\u0163ii fiec\u0103rei filiale [&hellip;]<\/p>\n","protected":false},"author":1,"featured_media":196983,"comment_status":"open","ping_status":"","sticky":false,"template":"","format":"standard","meta":{"footnotes":""},"categories":[2],"tags":[11],"class_list":["post-196982","post","type-post","status-publish","format-standard","has-post-thumbnail","hentry","category-politics","tag-digi24"],"_links":{"self":[{"href":"https:\/\/analyse.optim.biz\/index.php?rest_route=\/wp\/v2\/posts\/196982","targetHints":{"allow":["GET"]}}],"collection":[{"href":"https:\/\/analyse.optim.biz\/index.php?rest_route=\/wp\/v2\/posts"}],"about":[{"href":"https:\/\/analyse.optim.biz\/index.php?rest_route=\/wp\/v2\/types\/post"}],"author":[{"embeddable":true,"href":"https:\/\/analyse.optim.biz\/index.php?rest_route=\/wp\/v2\/users\/1"}],"replies":[{"embeddable":true,"href":"https:\/\/analyse.optim.biz\/index.php?rest_route=%2Fwp%2Fv2%2Fcomments&post=196982"}],"version-history":[{"count":0,"href":"https:\/\/analyse.optim.biz\/index.php?rest_route=\/wp\/v2\/posts\/196982\/revisions"}],"wp:featuredmedia":[{"embeddable":true,"href":"https:\/\/analyse.optim.biz\/index.php?rest_route=\/wp\/v2\/media\/196983"}],"wp:attachment":[{"href":"https:\/\/analyse.optim.biz\/index.php?rest_route=%2Fwp%2Fv2%2Fmedia&parent=196982"}],"wp:term":[{"taxonomy":"category","embeddable":true,"href":"https:\/\/analyse.optim.biz\/index.php?rest_route=%2Fwp%2Fv2%2Fcategories&post=196982"},{"taxonomy":"post_tag","embeddable":true,"href":"https:\/\/analyse.optim.biz\/index.php?rest_route=%2Fwp%2Fv2%2Ftags&post=196982"}],"curies":[{"name":"wp","href":"https:\/\/api.w.org\/{rel}","templated":true}]}}