{"id":196971,"date":"2014-09-12T00:22:39","date_gmt":"2014-09-11T21:22:39","guid":{"rendered":"https:\/\/analyse.optim.biz\/?p=196971"},"modified":"2014-09-12T00:22:39","modified_gmt":"2014-09-11T21:22:39","slug":"independentii-de-la-pestera-12-consilieri-locali-din-13-au-demisionat-din-din-formatiunile-lor-politice","status":"publish","type":"post","link":"https:\/\/analyse.optim.biz\/?p=196971","title":{"rendered":"\u201eIndependen\u0163ii\u201d de la Pe\u015ftera. 12 consilieri locali din 13 au demisionat din din forma\u021biunile lor politice"},"content":{"rendered":"<div class=\"entry data-app-meta data-app-meta-article\" data-embed-base-url-canonical=\"https:\/\/www.digi24.ro\/embed\/stiri\/actualitate\/politica\/independentii-de-la-pestera-12-consilieri-locali-din-13-au-demisionat-din-din-formatiunile-lor-politice-292810\">\n<p data-index=\"1\">Consilierii locali din Pe\u015ftera spun c\u0103 au a\u015fteptat ani la r\u00e2nd ca localitatea lor s\u0103 fie pe lista de priorit\u0103\u0163i a Consiliului Jude\u0163ean, condus timp de 10 ani de prim-vicepre\u015fedintele PSD Nicu\u015for Constantinescu. Ei sus\u021bin c\u0103 nu au fost sprijini\u021bi financiar pentru proiectele locale. S\u0103tui de aceast\u0103 situa\u021bie, 12 ale\u0219ii locali au decis ieri s\u0103 renun\u021be la partide.<\/p>\n<p data-index=\"2\">\u201eDe ce s\u0103 mai st\u0103m acolo, de ce s\u0103 mai reprezent\u0103m acest partid, c\u00e2nd putem s\u0103 fim independen\u0163i, s\u0103 ne vedem de problemele cet\u0103\u0163eanului?\u201d, spune viceprimarul Tudorel Grosu, fost pre\u015fedinte PSD Pe\u015ftera.<\/p>\n<p data-index=\"3\">\u201eAtunci c\u00e2nd au venit s\u0103 le facem campanie au zis c\u0103 v\u0103 vom ajuta! Nici noi n-am \u00eentrebat chiar cum \u015fi cu c\u00e2t, pentru c\u0103 am zis c\u0103 ne va ajuta c\u00e2nd vom avea nevoie. Nu am fost ajutati si nu am fost sprijiniti cu niciun leu\u201d, spune \u0219i Cornelia \u015etef\u0103nescu, consilier independent, fost PSD.<\/p>\n<p data-index=\"4\">Un singur consilier din Pe\u0219tera nu a p\u0103r\u0103sit barca politic\u0103.<\/p>\n<p data-index=\"5\">\u201eNu am vrut s\u0103-mi tr\u0103dez partidul. Am \u00eencredere \u00een acest partid, a\u015fa micu\u0163 cum este el\u201d, spune Tiberiu Preda, consilier PPDD.<\/p>\n<p data-index=\"6\">Primarul independent al localit\u0103\u0163ii se bucur\u0103 c\u0103 \u015fi consilierii l-au luat drept model:<\/p>\n<p data-index=\"7\">\u201ePentru ce s\u0103 mai continu\u0103m s\u0103 ne mai min\u0163im cet\u0103\u0163enii: vota\u0163i cu un partid sau cu altul, c\u00e2nd vedem c\u0103 to\u0163i sunt aidoma, mincino\u015fi\u201d, spune primarul Valentin Vrabie.<\/p>\n<p data-index=\"8\">Nu mai departe de anul trecut, Pe\u0219tera a sim\u0163it ce \u00eenseamn\u0103 dependen\u0163a de Consiliul Jude\u0163ean. Comuna a fost lovit\u0103 de viituri \u00een dou\u0103 r\u00e2nduri. Pagubele au ajuns la 1,5 milioane de euro. Consiliul Jude\u021bean nu a alocat bani pentru repara\u0163ii, iar autorit\u0103\u021bile locale au ref\u0103cut drumurile cu bani de la bugetul local. \u00a0\u00a0<\/p>\n<\/div>\n<p> Source URL: https:\/\/www.digi24.ro\/stiri\/actualitate\/politica\/independentii-de-la-pestera-12-consilieri-locali-din-13-au-demisionat-din-din-formatiunile-lor-politice-292810<\/p>\n","protected":false},"excerpt":{"rendered":"<p>Consilierii locali din Pe\u015ftera spun c\u0103 au a\u015fteptat ani la r\u00e2nd ca localitatea lor s\u0103 fie pe lista de priorit\u0103\u0163i a Consiliului Jude\u0163ean, condus timp de 10 ani de prim-vicepre\u015fedintele PSD Nicu\u015for Constantinescu. Ei sus\u021bin c\u0103 nu au fost sprijini\u021bi financiar pentru proiectele locale. S\u0103tui de aceast\u0103 situa\u021bie, 12 ale\u0219ii locali au decis ieri s\u0103 [&hellip;]<\/p>\n","protected":false},"author":1,"featured_media":196972,"comment_status":"open","ping_status":"","sticky":false,"template":"","format":"standard","meta":{"footnotes":""},"categories":[2],"tags":[11],"class_list":["post-196971","post","type-post","status-publish","format-standard","has-post-thumbnail","hentry","category-politics","tag-digi24"],"_links":{"self":[{"href":"https:\/\/analyse.optim.biz\/index.php?rest_route=\/wp\/v2\/posts\/196971","targetHints":{"allow":["GET"]}}],"collection":[{"href":"https:\/\/analyse.optim.biz\/index.php?rest_route=\/wp\/v2\/posts"}],"about":[{"href":"https:\/\/analyse.optim.biz\/index.php?rest_route=\/wp\/v2\/types\/post"}],"author":[{"embeddable":true,"href":"https:\/\/analyse.optim.biz\/index.php?rest_route=\/wp\/v2\/users\/1"}],"replies":[{"embeddable":true,"href":"https:\/\/analyse.optim.biz\/index.php?rest_route=%2Fwp%2Fv2%2Fcomments&post=196971"}],"version-history":[{"count":0,"href":"https:\/\/analyse.optim.biz\/index.php?rest_route=\/wp\/v2\/posts\/196971\/revisions"}],"wp:featuredmedia":[{"embeddable":true,"href":"https:\/\/analyse.optim.biz\/index.php?rest_route=\/wp\/v2\/media\/196972"}],"wp:attachment":[{"href":"https:\/\/analyse.optim.biz\/index.php?rest_route=%2Fwp%2Fv2%2Fmedia&parent=196971"}],"wp:term":[{"taxonomy":"category","embeddable":true,"href":"https:\/\/analyse.optim.biz\/index.php?rest_route=%2Fwp%2Fv2%2Fcategories&post=196971"},{"taxonomy":"post_tag","embeddable":true,"href":"https:\/\/analyse.optim.biz\/index.php?rest_route=%2Fwp%2Fv2%2Ftags&post=196971"}],"curies":[{"name":"wp","href":"https:\/\/api.w.org\/{rel}","templated":true}]}}