{"id":196960,"date":"2014-09-12T07:51:59","date_gmt":"2014-09-12T04:51:59","guid":{"rendered":"https:\/\/analyse.optim.biz\/?p=196960"},"modified":"2014-09-12T07:51:59","modified_gmt":"2014-09-12T04:51:59","slug":"acl-depune-motiunea-de-cenzura-guvernul-ponta-criticat-pentru-ordonanta-care-legifereaza-traseismul-primarilor","status":"publish","type":"post","link":"https:\/\/analyse.optim.biz\/?p=196960","title":{"rendered":"ACL depune mo\u021biunea de cenzur\u0103. Guvernul Ponta, criticat pentru ordonan\u021ba care legifereaz\u0103 traseismul primarilor"},"content":{"rendered":"<div class=\"entry data-app-meta data-app-meta-article\" data-embed-base-url-canonical=\"https:\/\/www.digi24.ro\/embed\/stiri\/actualitate\/politica\/acl-depune-motiunea-de-cenzura-guvernul-ponta-criticat-pentru-ordonanta-care-legifereaza-traseismul-primarilor-292844\">\n<p data-index=\"1\">Liderul PDL, Vasile Blaga, a cerut recent Guvernului Ponta s\u0103 dea publicit\u0103\u0163ii lista complet\u0103 a documentelor prin care au fost alocate fonduri \u00een localit\u0103\u0163ile din teritoriu.<\/p>\n<p data-index=\"2\">Mo\u0163iunea de cenzur\u0103 poate fi ini\u0163iat\u0103 de cel pu\u0163in o p\u0103trime din num\u0103rul total al deputa\u0163ilor \u015fi senatorilor. Din totalul de 575 de senatori \u015fi deputa\u0163i, grupurile PNL \u015fi PDL num\u0103r\u0103 \u00een prezent 186 de parlamentari.<\/p>\n<p data-index=\"3\">Vicepremierul Liviu Dragnea declara, recent, \u00eentr-o conferin\u021b\u0103 de pres\u0103,<a href=\"https:\/\/www.digi24.ro\/Stiri\/Digi24\/Actualitate\/Politica\/Traseism+politic+legalizat+de+Guvern+Liviu+Dragnea+Nu+este+absol\" target=\"_blank\" data-skip-linkfix=\"1\" rel=\"noopener\"><strong> c\u0103 \u201enu este absolut nimic nedemocratic\u201d<\/strong><\/a>\u00een ordonan\u021ba de urgen\u021b\u0103 prin care a fost legalizat traseismul la nivelul administra\u021biei publice locale.<\/p>\n<p data-index=\"4\">\u201e<span>Pentru anul 2014, prin derogare de la prevederile din legea statulului ale\u0219ilor locali, \u00een termen de 45 de zile, primarii \u0219i pre\u015fedin\u021bii consiliilor jude\u021bene, consilierii locali \u0219i jude\u021beni precum \u0219i candida\u021bii care au fost declara\u021bi suplean\u021bi \u00ee\u0219i pot declara \u00een scris \u0219i o singur\u0103 dat\u0103 op\u021biunea cu privire la partidul politic, organiza\u021bia minorit\u0103\u021bii din care doresc s\u0103 fac\u0103 parte sau s\u0103 devin\u0103 independen\u021bi, f\u0103r\u0103 ca ale\u0219ii locali respectivi s\u0103-\u0219i piard\u0103 calitatea dob\u00e2ndit\u0103 \u00een urma alegerilor\u201d, a spus Liviu Dragnea.<\/span><\/p>\n<p data-index=\"5\">\u201ePe noi ne intereseaz\u0103 ca \u00eencep\u00e2nd cu cel mai t\u00e2rziu 1 ianuarie 2015, situa\u021bia din administra\u021bia local\u0103 s\u0103 se clarifice. Nu ne putem permite s\u0103 asist\u0103m pasivi la efectele ruperii USL \u0219i la blocajul generalizat pe care PNL-PDL l-a produs \u00een \u021bar\u0103\u201d, a mai spus vicepremierul.<\/p>\n<p data-index=\"6\">\u00centrebat de jurnali\u0219ti dac\u0103 are vreo importan\u021b\u0103 c\u0103 to\u021bi ale\u0219ii locali \u0219tiu c\u0103 primesc fonduri de la Guvern \u00een func\u021bie de culoarea politic\u0103, el a r\u0103spuns: \u201eEu nu \u0219tiu de unde scoate\u021bi dumneavostr\u0103 aceast\u0103 afirma\u021bie\u201d.<\/p>\n<p data-index=\"7\">\u201eBanii pe care \u00eei repartizeaz\u0103 Guvernul, ori direct, ori prin duverse ministere, inclusiv prin cel pe care \u00eel conduc eu, nu sunt aloca\u021bi pe criterii politice. \u00cencep\u00e2nd cu 2013, banii au fost aloca\u021bi pe criterii de prioritizare indiferent de culoarea politic\u0103 a primarilor. Totul este f\u0103cut cu transparen\u021b\u0103 maxim\u0103\u201d, a ad\u0103ugat Liviu Dragnea.<\/p>\n<\/div>\n<p> Source URL: https:\/\/www.digi24.ro\/stiri\/actualitate\/politica\/acl-depune-motiunea-de-cenzura-guvernul-ponta-criticat-pentru-ordonanta-care-legifereaza-traseismul-primarilor-292844<\/p>\n","protected":false},"excerpt":{"rendered":"<p>Liderul PDL, Vasile Blaga, a cerut recent Guvernului Ponta s\u0103 dea publicit\u0103\u0163ii lista complet\u0103 a documentelor prin care au fost alocate fonduri \u00een localit\u0103\u0163ile din teritoriu. Mo\u0163iunea de cenzur\u0103 poate fi ini\u0163iat\u0103 de cel pu\u0163in o p\u0103trime din num\u0103rul total al deputa\u0163ilor \u015fi senatorilor. Din totalul de 575 de senatori \u015fi deputa\u0163i, grupurile PNL \u015fi [&hellip;]<\/p>\n","protected":false},"author":1,"featured_media":196961,"comment_status":"open","ping_status":"","sticky":false,"template":"","format":"standard","meta":{"footnotes":""},"categories":[2],"tags":[11],"class_list":["post-196960","post","type-post","status-publish","format-standard","has-post-thumbnail","hentry","category-politics","tag-digi24"],"_links":{"self":[{"href":"https:\/\/analyse.optim.biz\/index.php?rest_route=\/wp\/v2\/posts\/196960","targetHints":{"allow":["GET"]}}],"collection":[{"href":"https:\/\/analyse.optim.biz\/index.php?rest_route=\/wp\/v2\/posts"}],"about":[{"href":"https:\/\/analyse.optim.biz\/index.php?rest_route=\/wp\/v2\/types\/post"}],"author":[{"embeddable":true,"href":"https:\/\/analyse.optim.biz\/index.php?rest_route=\/wp\/v2\/users\/1"}],"replies":[{"embeddable":true,"href":"https:\/\/analyse.optim.biz\/index.php?rest_route=%2Fwp%2Fv2%2Fcomments&post=196960"}],"version-history":[{"count":0,"href":"https:\/\/analyse.optim.biz\/index.php?rest_route=\/wp\/v2\/posts\/196960\/revisions"}],"wp:featuredmedia":[{"embeddable":true,"href":"https:\/\/analyse.optim.biz\/index.php?rest_route=\/wp\/v2\/media\/196961"}],"wp:attachment":[{"href":"https:\/\/analyse.optim.biz\/index.php?rest_route=%2Fwp%2Fv2%2Fmedia&parent=196960"}],"wp:term":[{"taxonomy":"category","embeddable":true,"href":"https:\/\/analyse.optim.biz\/index.php?rest_route=%2Fwp%2Fv2%2Fcategories&post=196960"},{"taxonomy":"post_tag","embeddable":true,"href":"https:\/\/analyse.optim.biz\/index.php?rest_route=%2Fwp%2Fv2%2Ftags&post=196960"}],"curies":[{"name":"wp","href":"https:\/\/api.w.org\/{rel}","templated":true}]}}