{"id":196949,"date":"2014-09-12T08:49:27","date_gmt":"2014-09-12T05:49:27","guid":{"rendered":"https:\/\/analyse.optim.biz\/?p=196949"},"modified":"2014-09-12T08:49:27","modified_gmt":"2014-09-12T05:49:27","slug":"candidatura-lui-victor-ponta-la-prezidentiale-oficializata-astazi","status":"publish","type":"post","link":"https:\/\/analyse.optim.biz\/?p=196949","title":{"rendered":"Candidatura lui Victor Ponta la preziden\u021biale, oficializat\u0103 ast\u0103zi"},"content":{"rendered":"<div class=\"entry data-app-meta data-app-meta-article\" data-embed-base-url-canonical=\"https:\/\/www.digi24.ro\/embed\/stiri\/actualitate\/politica\/candidatura-lui-victor-ponta-la-prezidentiale-oficializata-astazi-292853\">\n<p data-index=\"1\">Social-democra\u0163ii au pus \u00een scen\u0103 o organizare mai pu\u0163in obi\u015fnuit\u0103: va fi un congres prin videoconferin\u0163\u0103 cu fiecare organiza\u0163ie jude\u0163ean\u0103.<\/p>\n<p data-index=\"2\">Acest sistem de comunica\u0163ii func\u0163ioneaz\u0103 de mai mul\u0163i ani la Guvern, dar \u015fi la sediul central al PSD \u015fi face posibil ca la discursul lui Victor Ponta s\u0103 asiste 30.000 de delega\u0163i.\u00a0<\/p>\n<\/div>\n<p> Source URL: https:\/\/www.digi24.ro\/stiri\/actualitate\/politica\/candidatura-lui-victor-ponta-la-prezidentiale-oficializata-astazi-292853<\/p>\n","protected":false},"excerpt":{"rendered":"<p>Social-democra\u0163ii au pus \u00een scen\u0103 o organizare mai pu\u0163in obi\u015fnuit\u0103: va fi un congres prin videoconferin\u0163\u0103 cu fiecare organiza\u0163ie jude\u0163ean\u0103. Acest sistem de comunica\u0163ii func\u0163ioneaz\u0103 de mai mul\u0163i ani la Guvern, dar \u015fi la sediul central al PSD \u015fi face posibil ca la discursul lui Victor Ponta s\u0103 asiste 30.000 de delega\u0163i.\u00a0 Source URL: https:\/\/www.digi24.ro\/stiri\/actualitate\/politica\/candidatura-lui-victor-ponta-la-prezidentiale-oficializata-astazi-292853<\/p>\n","protected":false},"author":1,"featured_media":196950,"comment_status":"open","ping_status":"","sticky":false,"template":"","format":"standard","meta":{"footnotes":""},"categories":[2],"tags":[11],"class_list":["post-196949","post","type-post","status-publish","format-standard","has-post-thumbnail","hentry","category-politics","tag-digi24"],"_links":{"self":[{"href":"https:\/\/analyse.optim.biz\/index.php?rest_route=\/wp\/v2\/posts\/196949","targetHints":{"allow":["GET"]}}],"collection":[{"href":"https:\/\/analyse.optim.biz\/index.php?rest_route=\/wp\/v2\/posts"}],"about":[{"href":"https:\/\/analyse.optim.biz\/index.php?rest_route=\/wp\/v2\/types\/post"}],"author":[{"embeddable":true,"href":"https:\/\/analyse.optim.biz\/index.php?rest_route=\/wp\/v2\/users\/1"}],"replies":[{"embeddable":true,"href":"https:\/\/analyse.optim.biz\/index.php?rest_route=%2Fwp%2Fv2%2Fcomments&post=196949"}],"version-history":[{"count":0,"href":"https:\/\/analyse.optim.biz\/index.php?rest_route=\/wp\/v2\/posts\/196949\/revisions"}],"wp:featuredmedia":[{"embeddable":true,"href":"https:\/\/analyse.optim.biz\/index.php?rest_route=\/wp\/v2\/media\/196950"}],"wp:attachment":[{"href":"https:\/\/analyse.optim.biz\/index.php?rest_route=%2Fwp%2Fv2%2Fmedia&parent=196949"}],"wp:term":[{"taxonomy":"category","embeddable":true,"href":"https:\/\/analyse.optim.biz\/index.php?rest_route=%2Fwp%2Fv2%2Fcategories&post=196949"},{"taxonomy":"post_tag","embeddable":true,"href":"https:\/\/analyse.optim.biz\/index.php?rest_route=%2Fwp%2Fv2%2Ftags&post=196949"}],"curies":[{"name":"wp","href":"https:\/\/api.w.org\/{rel}","templated":true}]}}