{"id":196946,"date":"2014-09-12T10:09:34","date_gmt":"2014-09-12T07:09:34","guid":{"rendered":"https:\/\/analyse.optim.biz\/?p=196946"},"modified":"2014-09-12T10:09:34","modified_gmt":"2014-09-12T07:09:34","slug":"vicepremierul-liviu-dragnea-a-refuzat-sa-taie-o-panglica-in-culorile-steagului-secuiesc","status":"publish","type":"post","link":"https:\/\/analyse.optim.biz\/?p=196946","title":{"rendered":"Vicepremierul Liviu Dragnea a refuzat s\u0103 taie o panglic\u0103 \u00een culorile steagului secuiesc"},"content":{"rendered":"<div class=\"entry data-app-meta data-app-meta-article\" data-embed-base-url-canonical=\"https:\/\/www.digi24.ro\/embed\/stiri\/actualitate\/politica\/vicepremierul-liviu-dragnea-a-refuzat-sa-taie-o-panglica-in-culorile-steagului-secuiesc-292887\">\n<p data-index=\"1\"><img decoding=\"async\" src=\"https:\/\/analyse.optim.biz\/wp-content\/uploads\/2024\/09\/mczoyxnoptu2ytnlntfkmmzintdizjexmwm2mty4otbkmzhhzmqz-thumb_.jpg\" data-skip-htmlfix=\"1\" title=\"mczoyxnoptu2ytnlntfkmmzintdizjexmwm2mty4otbkmzhhzmqz-thumb_\"><\/p>\n<p data-index=\"2\">\u201eSingura panglic\u0103 pe care am recunoscut-o \u015fi pe care o recunosc este tricolorul rom\u00e2nesc. Sunt membru al Guvernului Rom\u00e2niei, am venit aici s\u0103 inaugurez o investi\u0163ie public\u0103 pe teritoriul Rom\u00e2niei \u015fi am t\u0103iat panglica ce se taie oriunde \u00een aceast\u0103 \u0163ar\u0103, \u015fi la Teleorman t\u0103iem aceea\u015fi panglic\u0103, \u015fi la Cluj, \u015fi oriunde, am t\u0103iat-o cu drag \u015fi o \u0163in la piept&#8221;, a spus\u00a0Liviu Dragnea, potrivit Mediafax.<\/p>\n<p data-index=\"3\">Pre\u015fedintele Consiliului Jude\u0163ean Harghita,\u00a0Borboly Csaba, la sugestia c\u0103ruia a fost amplasat\u0103, pentru inaugurarea drumului, \u015fi o panglic\u0103 \u00een culorile steagului secuiesc, a sus\u0163inut c\u0103 nu este sup\u0103rat din cauza refuzului vicepremierului.<\/p>\n<p data-index=\"4\">\u201eEu cred c\u0103 trebuie s\u0103 intr\u0103m \u00een normalitate \u015fi fiecare taie at\u00e2tea panglici c\u00e2te dore\u015fte, pentru c\u0103 \u0103sta este obiceiul la noi \u015fi omul unde merge se \u0163ine de obiceiuri, dar cine nu, o s\u0103 vedem, eu nu m\u0103 sup\u0103r \u00een niciun fel. Cred c\u0103 de acum \u00eencolo nimeni nu trebuie s\u0103 se supere dac\u0103 vom t\u0103ia \u015fi aici \u015fi \u00een alte p\u0103r\u0163i ale jude\u0163ului dou\u0103 panglici, pentru c\u0103 tr\u0103im \u00eempreun\u0103 \u015fi trebuie s\u0103 convie\u0163uim \u00een pace \u015fi s\u0103 dezvolt\u0103m \u00eempreun\u0103 acest jude\u0163, a\u015fadar eu cred c\u0103 data viitoare o s\u0103 taie panglica\u201d, a spus Borboly Csaba.<\/p>\n<p data-index=\"5\">Pre\u015fedintele CJ Harghita s-a ar\u0103tat convins c\u0103, dac\u0103 ar fi venit la Bilbor, premierul\u00a0Victor Ponta\u00a0ar fi t\u0103iat panglica secuiasc\u0103.<\/p>\n<p data-index=\"6\">Totodat\u0103, el a \u0163inut s\u0103 men\u0163ioneze c\u0103 vicepremierul Dragnea este binevenit oric\u00e2nd \u00een Harghita, pentru c\u0103 &#8220;mai sunt multe lucruri de f\u0103cut \u00een jude\u0163&#8221;.<\/p>\n<p data-index=\"7\">&#8220;Era vorba c\u0103 vine domnul premier \u015fi nu cred c\u0103 el nu ar fi t\u0103iat-o. Domnul vicepremier Dragnea este binevenit oric\u00e2nd, pentru c\u0103 \u015fi aici, la Bilbor, \u00eenc\u0103 mai este de lucru \u015fi \u00een celelalte p\u0103r\u0163i ale jude\u0163ului. Panglica (secuiasc\u0103 &#8211; n.r.) este pentru prima dat\u0103 c\u00e2nd o folosim \u00een zona nordic\u0103 a jude\u0163ului, dar nu va fi ultima dat\u0103, de acum \u00eencolo o s\u0103 tai cele dou\u0103 panglici, pentru c\u0103 a\u015fa este normal, s\u0103 avem dou\u0103 drapele sau trei sau patru, c\u00e2te ne trebuie, care cum simte, sunt simboluri a\u015fadar \u015fi acest lucru este \u015fi va fi normal \u00een viitor&#8221;, a conchis Borboly.<\/p>\n<p data-index=\"8\">La inaugurarea DJ 174A din comuna Bilbor era a\u015fteptat \u015fi premierul Victor Ponta, \u00eens\u0103 acesta a decis s\u0103 plece de la Topli\u0163a direct c\u0103tre Bistri\u0163a-N\u0103s\u0103ud.<\/p>\n<p data-index=\"9\">DJ 174A Vatra Dornei &#8211; Borsec a fost \u00eenceput \u00een 2000-2001 \u015fi s-a finalizat \u00een septembrie\u00a02014, fiind o investi\u0163ie de 4.363.852,77 de lei, la care Consiliul Jude\u0163ean Harghita a contribuit cu 1.648.939,89 de lei, restul de 2.714.912,88 lei fiind acoperit din fonduri guvernamentale, prin Programul Na\u0163ional de Dezvoltare Local\u0103.<\/p>\n<h5>Proiect pentru autonomie<\/h5>\n<p data-index=\"10\">Uniunea Democrat\u0103 a Maghiarilor din Rom\u00e2nia vrea ca \u0162inutul Secuiesc s\u0103 fie regiune autonom\u0103 \u00een care limba maghiar\u0103 s\u0103 fie limba oficial\u0103.<\/p>\n<p data-index=\"11\">Regiunea autonom\u0103 ar urma s\u0103 fie format\u0103 din jude\u021bele Covasna, Harghita \u0219i Mure\u0219 \u0219i va avea propriul steag \u0219i propria stem\u0103. De asemenea, regiunea va fi condus\u0103 de c\u0103tre un pre\u0219edinte, care va participa la \u0219edin\u021bele de Guvern \u0219i de c\u0103tre un consiliu regional format din 77 de membri.<\/p>\n<p data-index=\"12\">Al\u0103turi de limba rom\u00e2n\u0103, limba maghiar\u0103 va fi considerat\u0103 o limb\u0103 oficial\u0103 \u00een cele trei jude\u021be.<\/p>\n<p data-index=\"13\">Drumurile \u0219i c\u0103ile ferate de exclusiv de nivel regional sunt considerate de doemeniul public al regiunii, iar p\u0103durile, minele, carierele de piatr\u0103 \u0219i imobilele din proprietatea statului care sunt \u00een acea regiune sunt transferate \u00een patrimoniul regiunii.<\/p>\n<p data-index=\"14\">\u0218i o parte din banii care se str\u00e2ng la nivel regional din taxe \u0219i impozite nu vor mai merge la bugetul de stat, ci vor constitui un buget distinct al regiunii respective.<\/p>\n<p data-index=\"15\">Acestea sunt doar c\u00e2teva dintre prevederile acestui proiecte de autonomia propus de UDMR, la care partidul \u00eenc\u0103 lucreaz\u0103 \u0219i nu l-a f\u0103cut deocamdat\u0103 public.<\/p>\n<\/div>\n<p> Source URL: https:\/\/www.digi24.ro\/stiri\/actualitate\/politica\/vicepremierul-liviu-dragnea-a-refuzat-sa-taie-o-panglica-in-culorile-steagului-secuiesc-292887<\/p>\n","protected":false},"excerpt":{"rendered":"<p>\u201eSingura panglic\u0103 pe care am recunoscut-o \u015fi pe care o recunosc este tricolorul rom\u00e2nesc. Sunt membru al Guvernului Rom\u00e2niei, am venit aici s\u0103 inaugurez o investi\u0163ie public\u0103 pe teritoriul Rom\u00e2niei \u015fi am t\u0103iat panglica ce se taie oriunde \u00een aceast\u0103 \u0163ar\u0103, \u015fi la Teleorman t\u0103iem aceea\u015fi panglic\u0103, \u015fi la Cluj, \u015fi oriunde, am t\u0103iat-o cu [&hellip;]<\/p>\n","protected":false},"author":1,"featured_media":196947,"comment_status":"open","ping_status":"","sticky":false,"template":"","format":"standard","meta":{"footnotes":""},"categories":[2],"tags":[11],"class_list":["post-196946","post","type-post","status-publish","format-standard","has-post-thumbnail","hentry","category-politics","tag-digi24"],"_links":{"self":[{"href":"https:\/\/analyse.optim.biz\/index.php?rest_route=\/wp\/v2\/posts\/196946","targetHints":{"allow":["GET"]}}],"collection":[{"href":"https:\/\/analyse.optim.biz\/index.php?rest_route=\/wp\/v2\/posts"}],"about":[{"href":"https:\/\/analyse.optim.biz\/index.php?rest_route=\/wp\/v2\/types\/post"}],"author":[{"embeddable":true,"href":"https:\/\/analyse.optim.biz\/index.php?rest_route=\/wp\/v2\/users\/1"}],"replies":[{"embeddable":true,"href":"https:\/\/analyse.optim.biz\/index.php?rest_route=%2Fwp%2Fv2%2Fcomments&post=196946"}],"version-history":[{"count":0,"href":"https:\/\/analyse.optim.biz\/index.php?rest_route=\/wp\/v2\/posts\/196946\/revisions"}],"wp:featuredmedia":[{"embeddable":true,"href":"https:\/\/analyse.optim.biz\/index.php?rest_route=\/wp\/v2\/media\/196947"}],"wp:attachment":[{"href":"https:\/\/analyse.optim.biz\/index.php?rest_route=%2Fwp%2Fv2%2Fmedia&parent=196946"}],"wp:term":[{"taxonomy":"category","embeddable":true,"href":"https:\/\/analyse.optim.biz\/index.php?rest_route=%2Fwp%2Fv2%2Fcategories&post=196946"},{"taxonomy":"post_tag","embeddable":true,"href":"https:\/\/analyse.optim.biz\/index.php?rest_route=%2Fwp%2Fv2%2Ftags&post=196946"}],"curies":[{"name":"wp","href":"https:\/\/api.w.org\/{rel}","templated":true}]}}