{"id":196943,"date":"2014-09-12T12:58:56","date_gmt":"2014-09-12T09:58:56","guid":{"rendered":"https:\/\/analyse.optim.biz\/?p=196943"},"modified":"2014-09-12T12:58:56","modified_gmt":"2014-09-12T09:58:56","slug":"pcm-despre-refuzul-lui-dragnea-de-a-taia-o-panglica-isi-bate-joc-de-simbolurile-secuilor","status":"publish","type":"post","link":"https:\/\/analyse.optim.biz\/?p=196943","title":{"rendered":"PCM, despre refuzul lui Dragnea de a t\u0103ia o panglic\u0103: \u00ce\u015fi bate joc de simbolurile secuilor"},"content":{"rendered":"<div class=\"entry data-app-meta data-app-meta-article\" data-embed-base-url-canonical=\"https:\/\/www.digi24.ro\/embed\/stiri\/actualitate\/politica\/pcm-despre-refuzul-lui-dragnea-de-a-taia-o-panglica-isi-bate-joc-de-simbolurile-secuilor-293018\">\n<p data-index=\"1\"><img decoding=\"async\" src=\"https:\/\/analyse.optim.biz\/wp-content\/uploads\/2024\/09\/mczoyxnopwm1nwi1nwrhy2eymzc3owizmjzkodlmoddkodg4owm5-thumb_.jpg\" data-skip-htmlfix=\"1\" title=\"mczoyxnopwm1nwi1nwrhy2eymzc3owizmjzkodlmoddkodg4owm5-thumb_\"><\/p>\n<p data-index=\"2\">Kulcsar Terza Jozsef a spus, vineri, \u00eentr-o conferin\u0163\u0103 de pres\u0103, c\u0103, dac\u0103 statul vrea s\u0103 \u00eei respecte pe maghiari, trebuie s\u0103 accepte \u015fi simbolurile acestei comunit\u0103\u0163i, transmite corespondentul <a href=\"http:\/\/www.mediafax.ro\/social\/pcm-despre-refuzul-lui-dragnea-de-a-taia-o-panglica-isi-bate-joc-de-simbolurile-secuilor-13255449\" target=\"_blank\" data-skip-linkfix=\"1\" rel=\"noopener\">MEDIAFAX.<\/a><\/p>\n<p data-index=\"3\">&#8220;Dac\u0103 statul rom\u00e2n vrea s\u0103 \u00eei respecte pe maghiari, trebuie s\u0103 accepte \u015fi simbolurile, limba matern\u0103 \u015fi cultura acestei comunit\u0103\u0163i. Nu este cinstit ca\u00a0Liviu Dragnea\u00a0s\u0103-\u015fi bat\u0103 joc de simbolurile noastre. Noi respect\u0103m drapelul Rom\u00e2niei. Niciodat\u0103 nu am cerut ca drapelul Rom\u00e2niei s\u0103 fie \u00eenl\u0103turat, ci doar ca al\u0103turi s\u0103 fie arborat \u015fi cel secuiesc\u201d, a spus liderul PCM Covasna.<\/p>\n<p data-index=\"4\">Joi, vicepremierul Liviu Dragnea a participat la inaugurarea DJ 174A Vatra Dornei &#8211; Borsec, \u00een Harghita, unde a t\u0103iat panglica tricolor\u0103, dar a refuzat s\u0103 taie \u015fi o panglic\u0103 \u00een culorile steagului secuiesc, pus\u0103 la sugestia pre\u015fedintelui CJ Harghita,\u00a0Borboly Csaba. &#8220;Este singura panglic\u0103 pe care am recunoscut-o \u015fi pe care o recunosc, este tricolorul rom\u00e2nesc. Sunt membru al Guvernului Rom\u00e2niei, am venit aici s\u0103 inaugurez o investi\u0163ie public\u0103 pe teritoriul Rom\u00e2niei \u015fi am t\u0103iat panglica ce se taie oriunde \u00een aceast\u0103 \u0163ar\u0103, \u015fi la Teleorman t\u0103iem aceea\u015fi panglic\u0103, \u015fi la Cluj, \u015fi oriunde, am t\u0103iat-o cu drag \u015fi o \u0163in la piept&#8221;, a spus Liviu Dragnea.<\/p>\n<\/div>\n<p> Source URL: https:\/\/www.digi24.ro\/stiri\/actualitate\/politica\/pcm-despre-refuzul-lui-dragnea-de-a-taia-o-panglica-isi-bate-joc-de-simbolurile-secuilor-293018<\/p>\n","protected":false},"excerpt":{"rendered":"<p>Kulcsar Terza Jozsef a spus, vineri, \u00eentr-o conferin\u0163\u0103 de pres\u0103, c\u0103, dac\u0103 statul vrea s\u0103 \u00eei respecte pe maghiari, trebuie s\u0103 accepte \u015fi simbolurile acestei comunit\u0103\u0163i, transmite corespondentul MEDIAFAX. &#8220;Dac\u0103 statul rom\u00e2n vrea s\u0103 \u00eei respecte pe maghiari, trebuie s\u0103 accepte \u015fi simbolurile, limba matern\u0103 \u015fi cultura acestei comunit\u0103\u0163i. Nu este cinstit ca\u00a0Liviu Dragnea\u00a0s\u0103-\u015fi bat\u0103 [&hellip;]<\/p>\n","protected":false},"author":1,"featured_media":196944,"comment_status":"open","ping_status":"","sticky":false,"template":"","format":"standard","meta":{"footnotes":""},"categories":[2],"tags":[11],"class_list":["post-196943","post","type-post","status-publish","format-standard","has-post-thumbnail","hentry","category-politics","tag-digi24"],"_links":{"self":[{"href":"https:\/\/analyse.optim.biz\/index.php?rest_route=\/wp\/v2\/posts\/196943","targetHints":{"allow":["GET"]}}],"collection":[{"href":"https:\/\/analyse.optim.biz\/index.php?rest_route=\/wp\/v2\/posts"}],"about":[{"href":"https:\/\/analyse.optim.biz\/index.php?rest_route=\/wp\/v2\/types\/post"}],"author":[{"embeddable":true,"href":"https:\/\/analyse.optim.biz\/index.php?rest_route=\/wp\/v2\/users\/1"}],"replies":[{"embeddable":true,"href":"https:\/\/analyse.optim.biz\/index.php?rest_route=%2Fwp%2Fv2%2Fcomments&post=196943"}],"version-history":[{"count":0,"href":"https:\/\/analyse.optim.biz\/index.php?rest_route=\/wp\/v2\/posts\/196943\/revisions"}],"wp:featuredmedia":[{"embeddable":true,"href":"https:\/\/analyse.optim.biz\/index.php?rest_route=\/wp\/v2\/media\/196944"}],"wp:attachment":[{"href":"https:\/\/analyse.optim.biz\/index.php?rest_route=%2Fwp%2Fv2%2Fmedia&parent=196943"}],"wp:term":[{"taxonomy":"category","embeddable":true,"href":"https:\/\/analyse.optim.biz\/index.php?rest_route=%2Fwp%2Fv2%2Fcategories&post=196943"},{"taxonomy":"post_tag","embeddable":true,"href":"https:\/\/analyse.optim.biz\/index.php?rest_route=%2Fwp%2Fv2%2Ftags&post=196943"}],"curies":[{"name":"wp","href":"https:\/\/api.w.org\/{rel}","templated":true}]}}