{"id":196928,"date":"2014-09-12T14:23:56","date_gmt":"2014-09-12T11:23:56","guid":{"rendered":"https:\/\/analyse.optim.biz\/?p=196928"},"modified":"2014-09-12T14:23:56","modified_gmt":"2014-09-12T11:23:56","slug":"victor-ponta-romania-este-afectata-de-sanctiunile-impuse-rusiei-dar-e-un-pret-care-merita-platit","status":"publish","type":"post","link":"https:\/\/analyse.optim.biz\/?p=196928","title":{"rendered":"Victor Ponta: Rom\u00e2nia este afectat\u0103 de sanc\u0163iunile impuse Rusiei, dar e un pre\u0163 care merit\u0103 pl\u0103tit"},"content":{"rendered":"<div class=\"entry data-app-meta data-app-meta-article\" data-embed-base-url-canonical=\"https:\/\/www.digi24.ro\/embed\/stiri\/actualitate\/politica\/victor-ponta-romania-este-afectata-de-sanctiunile-impuse-rusiei-dar-e-un-pret-care-merita-platit-293114\">\n<p data-index=\"1\"><img decoding=\"async\" src=\"https:\/\/analyse.optim.biz\/wp-content\/uploads\/2024\/09\/bmcmdz04mdamagfzad05y2m3otkwmjljzjdiotnkywi5njriyzy0nmu4odvioa-thumb_.jpg\" data-skip-htmlfix=\"1\" title=\"bmcmdz04mdamagfzad05y2m3otkwmjljzjdiotnkywi5njriyzy0nmu4odvioa-thumb_\"><\/p>\n<p data-index=\"2\">&#8220;Rom\u00e2nia este afectat\u0103, asemenea \u00eentregii Europe, dar cred c\u0103 trebuie s\u0103 ne demonstr\u0103m angajamentul \u015fi s\u0103 ne asum\u0103m responsabilitatea de a ar\u0103ta c\u0103 nimeni nu poate schimba legea interna\u0163ional\u0103, nimeni nu poate abuza de alt\u0103 na\u0163iune european\u0103. A\u015fadar, este un pre\u0163 care merit\u0103 pl\u0103tit de c\u0103tre comunitatea european\u0103&#8221;,\u00a0a declarat, vineri, prim-ministrul\u00a0Victor Ponta, \u00eentrebat de presa str\u0103in\u0103 cum e Rom\u00e2nia afectat\u0103 de sanc\u0163iunile impuse Rusiei.<\/p>\n<p data-index=\"3\">Noile sanc\u0163iuni europene impuse Moscovei cu scopul de a limita finan\u0163area economiei ruse au intrat \u00een vigoare vineri diminea\u0163a, odat\u0103 cu publicarea acestora \u00een Jurnalul Oficial al Uniunii Europene (UE), relateaz\u0103 AFP.<\/p>\n<p data-index=\"4\">Ele prev\u0103d, de asemenea, m\u0103suri specifice \u00eempotriva unor ru\u015fi \u015fi ucraineni acuza\u0163i c\u0103 sunt implica\u0163i \u00een conflictul din Ucraina.<\/p>\n<div id=\"zc_site_640x160_adtext\" dir=\"LTR\">\n<p data-index=\"5\">\n<\/div>\n<\/div>\n<p> Source URL: https:\/\/www.digi24.ro\/stiri\/actualitate\/politica\/victor-ponta-romania-este-afectata-de-sanctiunile-impuse-rusiei-dar-e-un-pret-care-merita-platit-293114<\/p>\n","protected":false},"excerpt":{"rendered":"<p>&#8220;Rom\u00e2nia este afectat\u0103, asemenea \u00eentregii Europe, dar cred c\u0103 trebuie s\u0103 ne demonstr\u0103m angajamentul \u015fi s\u0103 ne asum\u0103m responsabilitatea de a ar\u0103ta c\u0103 nimeni nu poate schimba legea interna\u0163ional\u0103, nimeni nu poate abuza de alt\u0103 na\u0163iune european\u0103. A\u015fadar, este un pre\u0163 care merit\u0103 pl\u0103tit de c\u0103tre comunitatea european\u0103&#8221;,\u00a0a declarat, vineri, prim-ministrul\u00a0Victor Ponta, \u00eentrebat de presa [&hellip;]<\/p>\n","protected":false},"author":1,"featured_media":196929,"comment_status":"open","ping_status":"","sticky":false,"template":"","format":"standard","meta":{"footnotes":""},"categories":[2],"tags":[11],"class_list":["post-196928","post","type-post","status-publish","format-standard","has-post-thumbnail","hentry","category-politics","tag-digi24"],"_links":{"self":[{"href":"https:\/\/analyse.optim.biz\/index.php?rest_route=\/wp\/v2\/posts\/196928","targetHints":{"allow":["GET"]}}],"collection":[{"href":"https:\/\/analyse.optim.biz\/index.php?rest_route=\/wp\/v2\/posts"}],"about":[{"href":"https:\/\/analyse.optim.biz\/index.php?rest_route=\/wp\/v2\/types\/post"}],"author":[{"embeddable":true,"href":"https:\/\/analyse.optim.biz\/index.php?rest_route=\/wp\/v2\/users\/1"}],"replies":[{"embeddable":true,"href":"https:\/\/analyse.optim.biz\/index.php?rest_route=%2Fwp%2Fv2%2Fcomments&post=196928"}],"version-history":[{"count":0,"href":"https:\/\/analyse.optim.biz\/index.php?rest_route=\/wp\/v2\/posts\/196928\/revisions"}],"wp:featuredmedia":[{"embeddable":true,"href":"https:\/\/analyse.optim.biz\/index.php?rest_route=\/wp\/v2\/media\/196929"}],"wp:attachment":[{"href":"https:\/\/analyse.optim.biz\/index.php?rest_route=%2Fwp%2Fv2%2Fmedia&parent=196928"}],"wp:term":[{"taxonomy":"category","embeddable":true,"href":"https:\/\/analyse.optim.biz\/index.php?rest_route=%2Fwp%2Fv2%2Fcategories&post=196928"},{"taxonomy":"post_tag","embeddable":true,"href":"https:\/\/analyse.optim.biz\/index.php?rest_route=%2Fwp%2Fv2%2Ftags&post=196928"}],"curies":[{"name":"wp","href":"https:\/\/api.w.org\/{rel}","templated":true}]}}