{"id":196897,"date":"2014-09-09T08:05:04","date_gmt":"2014-09-09T05:05:04","guid":{"rendered":"https:\/\/analyse.optim.biz\/?p=196897"},"modified":"2014-09-09T08:05:04","modified_gmt":"2014-09-09T05:05:04","slug":"vot-final-pe-reducerea-cas-si-amnistia-fiscala","status":"publish","type":"post","link":"https:\/\/analyse.optim.biz\/?p=196897","title":{"rendered":"Vot final pe reducerea CAS \u0219i amnistia fiscal\u0103"},"content":{"rendered":"<div class=\"entry data-app-meta data-app-meta-article\" data-embed-base-url-canonical=\"https:\/\/www.digi24.ro\/embed\/stiri\/actualitate\/politica\/vot-final-pe-reducerea-cas-si-amnistia-fiscala-291448\">\n<p data-index=\"1\">La \u015fedin\u0163a de ast\u0103zi va fi prezent \u015fi premierul Victor Ponta, al\u0103turi de mini\u015ftrii cabinetului s\u0103u.<\/p>\n<p data-index=\"2\">Proiectul privind reducerea CAS a fost respins o dat\u0103 de pre\u015fedintele Traian B\u0103sescu \u015fi retrimis Parlamentului.<\/p>\n<\/div>\n<p> Source URL: https:\/\/www.digi24.ro\/stiri\/actualitate\/politica\/vot-final-pe-reducerea-cas-si-amnistia-fiscala-291448<\/p>\n","protected":false},"excerpt":{"rendered":"<p>La \u015fedin\u0163a de ast\u0103zi va fi prezent \u015fi premierul Victor Ponta, al\u0103turi de mini\u015ftrii cabinetului s\u0103u. Proiectul privind reducerea CAS a fost respins o dat\u0103 de pre\u015fedintele Traian B\u0103sescu \u015fi retrimis Parlamentului. Source URL: https:\/\/www.digi24.ro\/stiri\/actualitate\/politica\/vot-final-pe-reducerea-cas-si-amnistia-fiscala-291448<\/p>\n","protected":false},"author":1,"featured_media":196898,"comment_status":"open","ping_status":"","sticky":false,"template":"","format":"standard","meta":{"footnotes":""},"categories":[2],"tags":[11],"class_list":["post-196897","post","type-post","status-publish","format-standard","has-post-thumbnail","hentry","category-politics","tag-digi24"],"_links":{"self":[{"href":"https:\/\/analyse.optim.biz\/index.php?rest_route=\/wp\/v2\/posts\/196897","targetHints":{"allow":["GET"]}}],"collection":[{"href":"https:\/\/analyse.optim.biz\/index.php?rest_route=\/wp\/v2\/posts"}],"about":[{"href":"https:\/\/analyse.optim.biz\/index.php?rest_route=\/wp\/v2\/types\/post"}],"author":[{"embeddable":true,"href":"https:\/\/analyse.optim.biz\/index.php?rest_route=\/wp\/v2\/users\/1"}],"replies":[{"embeddable":true,"href":"https:\/\/analyse.optim.biz\/index.php?rest_route=%2Fwp%2Fv2%2Fcomments&post=196897"}],"version-history":[{"count":0,"href":"https:\/\/analyse.optim.biz\/index.php?rest_route=\/wp\/v2\/posts\/196897\/revisions"}],"wp:featuredmedia":[{"embeddable":true,"href":"https:\/\/analyse.optim.biz\/index.php?rest_route=\/wp\/v2\/media\/196898"}],"wp:attachment":[{"href":"https:\/\/analyse.optim.biz\/index.php?rest_route=%2Fwp%2Fv2%2Fmedia&parent=196897"}],"wp:term":[{"taxonomy":"category","embeddable":true,"href":"https:\/\/analyse.optim.biz\/index.php?rest_route=%2Fwp%2Fv2%2Fcategories&post=196897"},{"taxonomy":"post_tag","embeddable":true,"href":"https:\/\/analyse.optim.biz\/index.php?rest_route=%2Fwp%2Fv2%2Ftags&post=196897"}],"curies":[{"name":"wp","href":"https:\/\/api.w.org\/{rel}","templated":true}]}}