{"id":196819,"date":"2014-09-15T11:32:25","date_gmt":"2014-09-15T08:32:25","guid":{"rendered":"https:\/\/analyse.optim.biz\/?p=196819"},"modified":"2014-09-15T11:32:25","modified_gmt":"2014-09-15T08:32:25","slug":"parlamentarii-au-liber-in-prima-zi-de-scoala","status":"publish","type":"post","link":"https:\/\/analyse.optim.biz\/?p=196819","title":{"rendered":"Parlamentarii au liber \u00een prima zi de \u0219coal\u0103"},"content":{"rendered":"<div class=\"entry data-app-meta data-app-meta-article\" data-embed-base-url-canonical=\"https:\/\/www.digi24.ro\/embed\/stiri\/actualitate\/politica\/parlamentarii-au-liber-in-prima-zi-de-scoala-293898\">\n<p data-index=\"1\">Este o tradi\u0163ie, sus\u0163in ale\u015fii, <strong>care oricum vor mai lucra cel mult dou\u0103 s\u0103pt\u0103m\u00e2ni \u015fi vor lua din nou pauz\u0103, ca s\u0103 pun\u0103 um\u0103rul la campania electoral\u0103 pentru Pre\u015fedin\u0163ie.<\/strong><\/p>\n<p data-index=\"2\">\u00centre timp, pe mesele lor de la Parlament sunt proiecte de lege cu efecte imediate \u015fi importante care a\u015fteapt\u0103 s\u0103 fie dezb\u0103tute.\u00a0<\/p>\n<\/div>\n<p> Source URL: https:\/\/www.digi24.ro\/stiri\/actualitate\/politica\/parlamentarii-au-liber-in-prima-zi-de-scoala-293898<\/p>\n","protected":false},"excerpt":{"rendered":"<p>Este o tradi\u0163ie, sus\u0163in ale\u015fii, care oricum vor mai lucra cel mult dou\u0103 s\u0103pt\u0103m\u00e2ni \u015fi vor lua din nou pauz\u0103, ca s\u0103 pun\u0103 um\u0103rul la campania electoral\u0103 pentru Pre\u015fedin\u0163ie. \u00centre timp, pe mesele lor de la Parlament sunt proiecte de lege cu efecte imediate \u015fi importante care a\u015fteapt\u0103 s\u0103 fie dezb\u0103tute.\u00a0 Source URL: https:\/\/www.digi24.ro\/stiri\/actualitate\/politica\/parlamentarii-au-liber-in-prima-zi-de-scoala-293898<\/p>\n","protected":false},"author":1,"featured_media":196820,"comment_status":"open","ping_status":"","sticky":false,"template":"","format":"standard","meta":{"footnotes":""},"categories":[2],"tags":[11],"class_list":["post-196819","post","type-post","status-publish","format-standard","has-post-thumbnail","hentry","category-politics","tag-digi24"],"_links":{"self":[{"href":"https:\/\/analyse.optim.biz\/index.php?rest_route=\/wp\/v2\/posts\/196819","targetHints":{"allow":["GET"]}}],"collection":[{"href":"https:\/\/analyse.optim.biz\/index.php?rest_route=\/wp\/v2\/posts"}],"about":[{"href":"https:\/\/analyse.optim.biz\/index.php?rest_route=\/wp\/v2\/types\/post"}],"author":[{"embeddable":true,"href":"https:\/\/analyse.optim.biz\/index.php?rest_route=\/wp\/v2\/users\/1"}],"replies":[{"embeddable":true,"href":"https:\/\/analyse.optim.biz\/index.php?rest_route=%2Fwp%2Fv2%2Fcomments&post=196819"}],"version-history":[{"count":0,"href":"https:\/\/analyse.optim.biz\/index.php?rest_route=\/wp\/v2\/posts\/196819\/revisions"}],"wp:featuredmedia":[{"embeddable":true,"href":"https:\/\/analyse.optim.biz\/index.php?rest_route=\/wp\/v2\/media\/196820"}],"wp:attachment":[{"href":"https:\/\/analyse.optim.biz\/index.php?rest_route=%2Fwp%2Fv2%2Fmedia&parent=196819"}],"wp:term":[{"taxonomy":"category","embeddable":true,"href":"https:\/\/analyse.optim.biz\/index.php?rest_route=%2Fwp%2Fv2%2Fcategories&post=196819"},{"taxonomy":"post_tag","embeddable":true,"href":"https:\/\/analyse.optim.biz\/index.php?rest_route=%2Fwp%2Fv2%2Ftags&post=196819"}],"curies":[{"name":"wp","href":"https:\/\/api.w.org\/{rel}","templated":true}]}}