{"id":196816,"date":"2014-09-15T13:45:58","date_gmt":"2014-09-15T10:45:58","guid":{"rendered":"https:\/\/analyse.optim.biz\/?p=196816"},"modified":"2014-09-15T13:45:58","modified_gmt":"2014-09-15T10:45:58","slug":"boc-despre-un-proiect-politic-cu-basescu-am-fost-parteneri-pana-acum-de-ce-n-am-fi-si-pentru-viitor","status":"publish","type":"post","link":"https:\/\/analyse.optim.biz\/?p=196816","title":{"rendered":"Boc despre un proiect politic cu B\u0103sescu: Am fost parteneri p\u00e2n\u0103 acum, de ce n-am fi \u015fi pentru viitor?"},"content":{"rendered":"<div class=\"entry data-app-meta data-app-meta-article\" data-embed-base-url-canonical=\"https:\/\/www.digi24.ro\/embed\/stiri\/actualitate\/politica\/boc-despre-un-proiect-politic-cu-basescu-am-fost-parteneri-pana-acum-de-ce-n-am-fi-si-pentru-viitor-294009\">\n<p data-index=\"1\"><img decoding=\"async\" src=\"https:\/\/analyse.optim.biz\/wp-content\/uploads\/2024\/09\/agfzad0yywiymmyxmdc2yjcxyjk0m2i1oddhmdg1yjzkmtm2zg-thumb_.jpg\" data-skip-htmlfix=\"1\" title=\"agfzad0yywiymmyxmdc2yjcxyjk0m2i1oddhmdg1yjzkmtm2zg-thumb_\"><\/p>\n<p data-index=\"2\">\u00centrebat, luni, de jurnali\u015fti, cum comenteaz\u0103 declara\u0163ia pre\u015fedintelui\u00a0Traian B\u0103sescu\u00a0de la \u015ecoal\u0103 de var\u0103 a tineretului PMP potrivit c\u0103reia ar putea \u00eencepe un proiect politic cu\u00a0Emil Boc\u00a0din 2015, fostul premier a spus c\u0103 &#8220;via\u0163a merge \u00eenainte&#8221;, scrie <a href=\"http:\/\/www.mediafax.ro\/politic\/boc-despre-un-proiect-politic-cu-basescu-am-fost-parteneri-pana-acum-de-ce-n-am-fi-si-pentru-viitor-13270718\" target=\"_blank\" data-skip-linkfix=\"1\" rel=\"noopener\">Mediafax.<\/a>\u00a0<strong>&#8220;Via\u0163a merge \u00eenainte \u015fi, cu siguran\u0163\u0103, am fost parteneri \u015fi p\u00e2n\u0103 acum, de ce nu am fi parteneri \u015fi pentru viitor?&#8221;, a r\u0103spuns Boc.<\/strong><\/p>\n<p data-index=\"3\"><strong>Pre\u015fedintele Traian B\u0103sescu declara, s\u00e2mb\u0103t\u0103, c\u0103\u00a0este convins c\u0103 va r\u0103m\u00e2ne partener cu Emil Boc\u00a0<\/strong>p\u00e2n\u0103 c\u00e2nd vor ie\u015fi din politic\u0103, ad\u0103ug\u00e2nd c\u0103 atunci c\u00e2nd va fi mai liber vor \u201dpune \u00eempreun\u0103 um\u0103rul\u201d la crearea unui partid nou care s\u0103 devin\u0103 \u201dextrem de competitiv la alegerile din 2016\u201d.<\/p>\n<p data-index=\"4\">Traian B\u0103sescu afirma, r\u0103spunz\u00e2nd unei \u00eentreb\u0103ri, c\u0103 rela\u0163ia sa cu Emil Boc este \u201do construc\u0163ie politic\u0103 comun\u0103\u201d, care va continua \u015fi dup\u0103 ce \u015feful statului \u00ee\u015fi va termina mandatul. \u00a0<\/p>\n<\/div>\n<p> Source URL: https:\/\/www.digi24.ro\/stiri\/actualitate\/politica\/boc-despre-un-proiect-politic-cu-basescu-am-fost-parteneri-pana-acum-de-ce-n-am-fi-si-pentru-viitor-294009<\/p>\n","protected":false},"excerpt":{"rendered":"<p>\u00centrebat, luni, de jurnali\u015fti, cum comenteaz\u0103 declara\u0163ia pre\u015fedintelui\u00a0Traian B\u0103sescu\u00a0de la \u015ecoal\u0103 de var\u0103 a tineretului PMP potrivit c\u0103reia ar putea \u00eencepe un proiect politic cu\u00a0Emil Boc\u00a0din 2015, fostul premier a spus c\u0103 &#8220;via\u0163a merge \u00eenainte&#8221;, scrie Mediafax.\u00a0&#8220;Via\u0163a merge \u00eenainte \u015fi, cu siguran\u0163\u0103, am fost parteneri \u015fi p\u00e2n\u0103 acum, de ce nu am fi parteneri \u015fi [&hellip;]<\/p>\n","protected":false},"author":1,"featured_media":196817,"comment_status":"open","ping_status":"","sticky":false,"template":"","format":"standard","meta":{"footnotes":""},"categories":[2],"tags":[11],"class_list":["post-196816","post","type-post","status-publish","format-standard","has-post-thumbnail","hentry","category-politics","tag-digi24"],"_links":{"self":[{"href":"https:\/\/analyse.optim.biz\/index.php?rest_route=\/wp\/v2\/posts\/196816","targetHints":{"allow":["GET"]}}],"collection":[{"href":"https:\/\/analyse.optim.biz\/index.php?rest_route=\/wp\/v2\/posts"}],"about":[{"href":"https:\/\/analyse.optim.biz\/index.php?rest_route=\/wp\/v2\/types\/post"}],"author":[{"embeddable":true,"href":"https:\/\/analyse.optim.biz\/index.php?rest_route=\/wp\/v2\/users\/1"}],"replies":[{"embeddable":true,"href":"https:\/\/analyse.optim.biz\/index.php?rest_route=%2Fwp%2Fv2%2Fcomments&post=196816"}],"version-history":[{"count":0,"href":"https:\/\/analyse.optim.biz\/index.php?rest_route=\/wp\/v2\/posts\/196816\/revisions"}],"wp:featuredmedia":[{"embeddable":true,"href":"https:\/\/analyse.optim.biz\/index.php?rest_route=\/wp\/v2\/media\/196817"}],"wp:attachment":[{"href":"https:\/\/analyse.optim.biz\/index.php?rest_route=%2Fwp%2Fv2%2Fmedia&parent=196816"}],"wp:term":[{"taxonomy":"category","embeddable":true,"href":"https:\/\/analyse.optim.biz\/index.php?rest_route=%2Fwp%2Fv2%2Fcategories&post=196816"},{"taxonomy":"post_tag","embeddable":true,"href":"https:\/\/analyse.optim.biz\/index.php?rest_route=%2Fwp%2Fv2%2Ftags&post=196816"}],"curies":[{"name":"wp","href":"https:\/\/api.w.org\/{rel}","templated":true}]}}