{"id":1967949,"date":"2026-06-02T07:10:16","date_gmt":"2026-06-02T04:10:16","guid":{"rendered":"https:\/\/analyse.optim.biz\/?p=1967949"},"modified":"2026-06-02T07:10:16","modified_gmt":"2026-06-02T04:10:16","slug":"salutul-roman-fascist-national-socialist-legionar-istoric-si-tendinte","status":"publish","type":"post","link":"https:\/\/analyse.optim.biz\/?p=1967949","title":{"rendered":"SALUTUL ROMAN, FASCIST, NA\u021aIONAL-SOCIALIST, LEGIONAR \u2013 ISTORIC \u0218I TENDIN\u021aE"},"content":{"rendered":"<p>[analyse_image type=&#8221;featured&#8221; src=&#8221;https:\/\/www.incorectpolitic.com\/wp-content\/uploads\/2026\/06\/Salutul-Roman-Coperta-1-1-777&#215;437-1.jpeg&#8221;]<\/p>\n<div class=\"entry\">\n<p>Mihai Tociu<br \/><strong>Incorect Politic<\/strong><br \/>\nIunie 2, 2026<\/p>\n<p><a href=\"https:\/\/www.incorectpolitic.com\/salutul-roman-fascist-national-socialist-legionar-istoric-si-tendinte\/salutul-roman-coperta-1-1-777x437\/\" rel=\"attachment wp-att-81752\"><img loading=\"lazy\" decoding=\"async\" class=\"size-full wp-image-81752 aligncenter\" src=\"https:\/\/www.incorectpolitic.com\/wp-content\/uploads\/2026\/06\/Salutul-Roman-Coperta-1-1-777x437-1.jpeg\" alt width=\"777\" height=\"437\"><\/a><\/p>\n<h3><strong>SALUTUL ROMAN, FASCIST, NA\u021aIONAL-SOCIALIST, LEGIONAR \u2013 ISTORIC \u0218I TENDIN\u021aE<\/strong><\/h3>\n<p><strong><em>Rezumat:<\/em><\/strong><em>\u00a0Nu cunoa\u0219tem modul \u00een care se salutau oficial romanii. Ceea ce numim \u201dsalutul roman\u201d \u00a0este produsul unei auto-sugestion\u0103ri colective, care a luat na\u0219tere \u00eent\u00e2mpl\u0103tor \u0219i ulterior s-a extins la nivel planetar pentru motivul c\u0103 a devenit un simbol, simplu \u0219i vizibil, care exprim\u0103 aderen\u021ba la valorile identitare, istorice \u0219i culturale ale europenilor.<\/em><\/p>\n<p><em>Exist\u0103 un nucleu suprastatal de putere care nu vrea ca aceste valori s\u0103 mai fie transmise genera\u021biilor viitoare \u0219i unul din modurile \u00een care ac\u021bioneaz\u0103 este de a le interzice s\u0103 foloseasc\u0103 simbolurile aferente acestor valori\u2026 \u201dsalutul roman\u201d este unul dintre ele.<\/em><\/p>\n<p>\u00a0<\/p>\n<p><strong>INTRODUCERE<\/strong><\/p>\n<p><strong><u>a. De ce \u201dSalutul roman\u201d nu este \u201dSalutul lui Iisus\u201d<\/u><\/strong><\/p>\n<p>Este doar o \u00eent\u00e2mplare faptul c\u0103 cre\u0219tinii nu folosesc azi a\u0219a zisul salut roman atunci c\u00e2nd s\u0103rb\u0103toresc intrarea lui Iisus \u00een Ierusalim, \u00een Duminica Floriilor.<\/p>\n<p>Era suficient un tablou care s\u0103-i reprezinte pe cei care \u00eel \u00eent\u00e2mpinau pe Iisus cu o ramur\u0103 \u00eenverzit\u0103 \u00een m\u00e2na st\u00e2nga \u0219i cu m\u00e2na dreapt\u0103 ridicat\u0103 la 45 de grade, iar pe Iisus cu m\u00e2na dreapt\u0103 pu\u021bin ridicat\u0103, pentru ca toat\u0103 lumea s\u0103 \u00eenceap\u0103 s\u0103 cread\u0103 c\u0103 a\u0219a ceva chiar s-a \u00eent\u00e2mplat \u0219i s\u0103 \u00eel numeasc\u0103 \u201dSalutul cre\u0219tin\u201d\u2026 iar azi papa s\u0103 salute \u00een acest fel de la fereastra Vaticanului \u0219i mul\u021bimea s\u0103-i r\u0103spund\u0103 la fel.<\/p>\n<p>Apocalipsa lui Ioan ar fi oferit o puternic\u0103 baz\u0103 canonic\u0103 pentru aceast\u0103 form\u0103 de salut:<\/p>\n<p>\u201d\u0218i \u00eengerul, pe care-l v\u0103zusem st\u00e2nd \u00een picioare pe mare \u0219i pe p\u0103m\u00e2nt, \u0219i-a ridicat m\u00e2na dreapt\u0103 spre cer\u2026\u201d.<\/p>\n<table>\n<tbody>\n<tr>\n<td width=\"301\"><img loading=\"lazy\" decoding=\"async\" class=\"alignnone wp-image-207 lazy entered loaded\" src=\"https:\/\/www.tociu.ro\/wp-content\/uploads\/2026\/06\/Apocalipsa-300x55.jpeg\" alt width=\"406\" height=\"74\" data-ll-status=\"loaded\"><\/td>\n<td width=\"301\"><strong>Biblia, Apocalipsa lui Ioan<\/strong>\u00a0<\/p>\n<p><strong>Capitolul 10, versetul 5<\/strong><\/p>\n<\/td>\n<\/tr>\n<\/tbody>\n<\/table>\n<p>\u00a0<\/p>\n<p><strong><u>b. Ce au \u00een comun coarnele de pe coifurile vikingilor \u0219i securea lui Mihai<\/u><\/strong><strong>\u00a0<u>Viteazul<\/u><\/strong><\/p>\n<p>Un exemplu de astfel de situa\u021bie, care chiar s-a \u00eent\u00e2mplat, \u00een care o oper\u0103 de art\u0103 a generat \u00een mentalul colectiv o imagine iconic\u0103 definitiv\u0103, sunt coarnele de pe coifurile vikingilor.<\/p>\n<p>\u00cen realitate, nu exist\u0103 niciun indiciu istoric c\u0103 vikingii aveau coarne pe coifuri. A fost suficient exotismul unui designer german (<strong>Carl Emil Doepler)<\/strong>\u00a0care a imaginat costumele pentru prima reprezenta\u021bie a dramei muzicale \u201dInelul Nibelungilor\u201d, \u00een 1876.<\/p>\n<p>Doepler s-a inspirat de la un pictor suedez romantic (Johan August Malmstr\u00f6m) care a pictat un viking cu un coif av\u00e2nd pene cu v\u00e2rful \u00een sus pe laterale, ceea ce tuturor li s-a p\u0103rut wow. Penele erau o pur\u0103 inven\u021bie a pictorului, deoarece niciunul dintre cele c\u00e2teva coifuri vikinge care s-au p\u0103strat nu au a\u0219a ceva, \u0219i nu exist\u0103 nicio descriere sau imagine contemporan\u0103 a vikingilor.<\/p>\n<table>\n<tbody>\n<tr>\n<td colspan=\"2\" width=\"236\"><img loading=\"lazy\" decoding=\"async\" class=\"alignnone wp-image-251 lazy entered loaded\" src=\"https:\/\/www.tociu.ro\/wp-content\/uploads\/2026\/06\/Viking-Pene-Coif-1-297x300.jpeg\" alt width=\"248\" height=\"251\" data-ll-status=\"loaded\"><\/td>\n<td width=\"365\"><strong>\u00a0<\/strong>\u00a0<\/p>\n<p><strong>\u00a0<\/strong><\/p>\n<p><strong>\u00a0<\/strong><strong>Primul desen care reprezint\u0103 o imagine idilic\u0103 a unui viking \u2013 Pictura lui\u00a0<\/strong><strong>Johan August Malmstr\u00f6m din 1859<\/strong><\/p>\n<p>\u00a0<\/p>\n<\/td>\n<\/tr>\n<tr>\n<td width=\"151\"><img loading=\"lazy\" decoding=\"async\" class=\"alignnone wp-image-243 lazy entered loaded\" src=\"https:\/\/www.tociu.ro\/wp-content\/uploads\/2026\/06\/20260419_104841-228x300.jpg\" alt width=\"170\" height=\"224\" data-ll-status=\"loaded\"><\/td>\n<td colspan=\"2\" width=\"450\"><strong>\u00a0<\/strong>\u00a0<\/p>\n<p><strong>\u00cen imagina\u021bia suedezului\u00a0<\/strong><strong>Malmstr\u00f6m<\/strong><strong>, coifurile vikingilor aveau pe laterale pene stilizate din metal, cu v\u00e2rfurile \u00een sus<\/strong><\/p>\n<\/td>\n<\/tr>\n<\/tbody>\n<\/table>\n<p>Germanul Doepler a vrut s\u0103-i fac\u0103 pe vikingi \u0219i mai interesan\u021bi \u0219i a \u00eenlocuit penele cu dou\u0103 coarne. Compozitorul operei, Richard Wagner, a f\u0103cut criz\u0103 de nervi \u00eenaintea reprezenta\u021biei c\u00e2nd a v\u0103zut coarnele, care i s-au p\u0103rut ridicole \u0219i necredibile, dar era prea t\u00e2rziu pentru o modificare \u0219i actorul a intrat \u00een scen\u0103 cu acest coif. Spectatorii germani \u00eens\u0103 au fost a\u0219a de entuziasma\u021bi de coarne \u00eenc\u00e2t au c\u0103p\u0103tat convingerea c\u0103 chiar a\u0219a ar\u0103tau vikingii, \u0219i de atunci p\u00e2n\u0103 azi aceasta a devenit imaginea clasic\u0103 pentru coifurile vikingilor. O singur\u0103 imagine \u00eentr-un moment cu mare \u00eenc\u0103rc\u0103tur\u0103 emo\u021bional\u0103 a fost suficient\u0103!<\/p>\n<table>\n<tbody>\n<tr>\n<td width=\"179\"><img loading=\"lazy\" decoding=\"async\" class=\"alignnone size-medium wp-image-230 lazy entered loaded\" src=\"https:\/\/www.tociu.ro\/wp-content\/uploads\/2026\/06\/Picture2-192x300.jpg\" alt width=\"192\" height=\"300\" data-ll-status=\"loaded\"><\/td>\n<td width=\"422\">\u00a0<\/p>\n<p>\u00a0<\/p>\n<p><strong>Primele coarne care au fost puse pe coiful unui viking \u2013\u00a0<\/strong><strong>costumul\u00a0<\/strong><strong>desenat de\u00a0<\/strong><strong>Carl Emil Doepler<\/strong>\u00a0<strong>pentru un viking din spectacolul de oper\u0103 Inelul Nibelungilor (1876)<\/strong><\/p>\n<p>\u00a0<\/p>\n<\/td>\n<\/tr>\n<\/tbody>\n<\/table>\n<p>Dac\u0103 nu exista creatorul de mod\u0103, sau dac\u0103 Wagner l-ar fi oprit la timp, azi toat\u0103 lumea ar fi fost convins\u0103 c\u0103 vikingii aveau pene pe coifuri\u2026 iar dac\u0103 spectacolul ar fi fost despre sco\u021bienii arhaici, azi am fi crezut c\u0103 sco\u021bienii aveau coarne pe coifuri. Pur \u0219i simplu, oamenii iubesc simbolurile.<\/p>\n<p>\u00a0<\/p>\n<p><strong><u>c. Statuia lui Mihai Viteazul de la Universitate\u00a0\u00a0<\/u><\/strong><strong><u>\u0219i securea care a contaminat Rom\u00e2nia<\/u><\/strong><\/p>\n<p>Despre armele cu care a luptat Mihai Viteazul, exist\u0103 doar men\u021biunea c\u0103 prefera un topor, uneori cu dou\u0103 t\u0103i\u0219uri. \u00cens\u0103, securea pe care artistul a pus-o \u00een m\u00e2na primei statui a lui Mihai Viteazul a fost suficient\u0103 pentru ca mentalul colectiv s\u0103 asocieze definitiv acel tip de secure cu Mihai Viteazul\u2026 \u0219i pe el cu ea.<\/p>\n<table>\n<tbody>\n<tr>\n<td width=\"301\"><img loading=\"lazy\" decoding=\"async\" class=\"alignnone wp-image-223 lazy entered loaded\" src=\"https:\/\/www.tociu.ro\/wp-content\/uploads\/2026\/06\/Mihai-Viteazu-universitate-Secure-Rosie-300x193.jpeg\" alt width=\"351\" height=\"226\" data-ll-status=\"loaded\"><\/td>\n<td width=\"301\"><strong>Statuia lui Mihai Viteazul din Pia\u021ba Universit\u0103\u021bii, Bucure\u0219ti.<\/strong>\u00a0<\/p>\n<p><strong>Prima statuie a unui domnitor rom\u00e2n. A fost ridicat\u0103 \u00een 1874 \u0219i a fost interpretat\u0103 ca un gest de frond\u0103 de c\u0103tre Imperiul Otoman, c\u0103reia Rom\u00e2nia \u00eei era vasal\u0103.<\/strong><\/p>\n<p><strong>Securea este rodul imagina\u021biei artistului.<\/strong><\/p>\n<\/td>\n<\/tr>\n<\/tbody>\n<\/table>\n<p>Avem mai multe imagini contemporane ale lui Mihai Viteazul, \u00een desene, picturi \u0219i tapiserii, una reprezent\u00e2ndu-l chiar \u00een lupt\u0103, dar are \u00een m\u00e2n\u0103 simbolurile clasice ale epocii: sabie sau sceptru. Azi, datorit\u0103 unei singure statui, orice copil \u00eel deseneaz\u0103 pe Mihai Viteazul av\u00e2nd \u00een m\u00e2n\u0103 vestita secure.<\/p>\n<table>\n<tbody>\n<tr>\n<td width=\"302\"><img loading=\"lazy\" decoding=\"async\" class=\"alignnone size-medium wp-image-225 lazy entered loaded\" src=\"https:\/\/www.tociu.ro\/wp-content\/uploads\/2026\/06\/Mihai-Viteazul-Film-300x193.jpeg\" alt width=\"300\" height=\"193\" data-ll-status=\"loaded\"><\/td>\n<td width=\"299\"><strong>Imagine din filmul artistic \u201dMihai Viteazul \u2013 C\u0103lug\u0103reni\u201d cu Amza Pelea \u00een rolul lui Mihai Viteazul (1971)<\/strong><\/td>\n<\/tr>\n<tr>\n<td width=\"302\"><img loading=\"lazy\" decoding=\"async\" class=\"alignnone wp-image-224 lazy entered loaded\" src=\"https:\/\/www.tociu.ro\/wp-content\/uploads\/2026\/06\/Mihai-Viteazul-Desen-Carte-300x257.jpeg\" alt width=\"229\" height=\"195\" data-ll-status=\"loaded\"><\/td>\n<td width=\"299\">\u00a0<\/p>\n<p><strong>Ilustra\u021bie de carte la o povestire despre Mihai Viteazul pentru copii (anii 1980)<\/strong><\/p>\n<\/td>\n<\/tr>\n<\/tbody>\n<\/table>\n<p>Explica\u021bia este c\u0103 oamenii au nevoie de simboluri, le schimb\u0103 cu u\u0219urin\u021b\u0103 \u0219i, unde nu sunt, le inventeaz\u0103.<\/p>\n<p>E nevoie de foarte pu\u021bin timp pentru a se crea convingerea c\u0103 simbolurile inventate au existat dintotdeauna: de exemplu, Mo\u0219 Cr\u0103ciun are costumul ro\u0219u de doar c\u00e2\u021biva zeci de ani \u0219i nu se mai \u0219tie c\u0103 \u00een varianta original\u0103 a fost verde, iar bradul ca simbol al Cr\u0103ciunului a fost introdus \u00een Rom\u00e2nia de regele Carol I:<\/p>\n<p><em>\u201d<\/em><em>\u00a0Bradul \u00eempodobit de Cr\u0103ciun este un obicei adus \u00een Rom\u00e2nia de primul rege al principatelor dun\u0103rene unite, ofi\u021berul prusac Carol de Hohenzollern-Sigmaringen. \u00cen 1866, de abia instalat \u00een modestul palat regal din Bucure\u0219ti, principele german \u0219i so\u021bia lui au \u00eempodobit auster, cu flori de h\u00e2rtie \u0219i fructe, cel dint\u00e2i pom de Cr\u0103ciun din Rom\u00e2nia. A fost un moment controversat \u2013 boierimea local\u0103 era \u00eemp\u0103r\u021bit\u0103 \u00eentre p\u0103str\u0103torii tradi\u021biilor orientale, la care Valahia \u0219i Moldova se raportaser\u0103 secole la r\u00e2nd, deloc \u00eenc\u00e2ntat\u0103 de obiceiul prusacului de pe tron, \u0219i inspira\u021bia modernist\u0103, occidental\u0103, sus\u021binut\u0103 de cei care au dorit un suveran venit din Vest.\u201d (1)<\/em><\/p>\n<p>Azi, rom\u00e2nii cred c\u0103 a\u0219a a fost de c\u00e2nd lumea \u0219i p\u0103m\u00e2ntul, \u0219i se g\u0103sesc mul\u021bi s\u0103 explice de ce \u201drom\u00e2nii au ales\u201d bradul \u0219i ce spune \u201dtradi\u021bia\u201d despre \u00eempodobirea lui.<\/p>\n<p><strong>\u00a0<\/strong><\/p>\n<p><strong>CUM A AP\u0102RUT \u201dSALUTUL ROMAN\u201d<\/strong><\/p>\n<p><strong><u>1. V\u00e2n\u0103toarea interna\u021bional\u0103 dup\u0103 salutul roman<\/u><\/strong><\/p>\n<p>Din multitudinea de documente, desene, basoreliefuri \u0219i statui care ne-au r\u0103mas de la romani, \u00een mod ironic, nu ni s-a transmis nicio descriere sau imagine a modului \u00een care se salutau oficial \u0219i militar.<\/p>\n<p>Din acest motiv, a ap\u0103rut o obsesie printre cercet\u0103tori s\u0103 identifice salutul romanilor.<\/p>\n<p>Cu to\u021bii au plecat de la premisa c\u0103 romanii foloseau m\u00e2na dreapt\u0103 pentru a se saluta, pentru c\u0103 au presupus c\u0103 europenii sunt dreptaci prin structura lor genetic\u0103. Cea mai puternic\u0103 dovad\u0103 este scrisul de tip european, de la st\u00e2nga la dreapta, adic\u0103 a fost conceput pentru a fi utilizat de dreptaci.<\/p>\n<p>Exist\u0103 popoare care \u0219i-au conceput scrisul \u00een sens invers, de la dreapta spre st\u00e2nga, ceea ce le tr\u0103deaz\u0103 ca fiind formate, genetic, din st\u00e2ngaci. Aceasta este o dovad\u0103 c\u0103 aceste popoare sunt la origine ne-europene, at\u00e2t biologic c\u00e2t \u0219i din punct de vedere al matricei identitar-culturale.<\/p>\n<p>A\u0219adar, cercet\u0103torii au c\u0103utat la romani mi\u0219c\u0103ri \u0219i pozi\u021bii semnificative doar ale m\u00e2inii drepte.<\/p>\n<p>Singura men\u021biune a unui roman care ridic\u0103 m\u00e2na dreapt\u0103 \u00eentr-un moment solemn ne-a r\u0103mas de la Cicero, care descrie cum Octavian (care avea s\u0103 devin\u0103 \u00eemp\u0103ratul Augustus) a depus un jur\u0103m\u00e2nt de loialitate \u00een fa\u021ba statuii fostului s\u0103u tat\u0103, Iulius Cezar, prin ridicarea m\u00e2inii drepte c\u0103tre statuie \u0219i zic\u00e2nd la final \u201d\u00cen acest fel s\u0103-mi onorez tat\u0103l!\u201d. Nu \u0219tim dac\u0103 a ridicat m\u00e2na la orizontal\u0103, sau \u00een unghi, sau la vertical\u0103. \u0218tim doar c\u0103 nu a fost un jur\u0103m\u00e2nt \u00een sensul clasic, ci un ritual pe care l-a f\u0103cut pentru a ob\u021bine \u00eencrederea unor generali. Cu siguran\u021b\u0103, nu a fost un salut.<\/p>\n<p>\u00cen privin\u021ba imaginilor, au fost identificate dou\u0103: una a \u00eemp\u0103ratului Traian, pe Columna lui Traian, \u0219i o statuie ecvestr\u0103 a lui Marcus Aurelius.<\/p>\n<table>\n<tbody>\n<tr>\n<td width=\"301\"><img loading=\"lazy\" decoding=\"async\" class=\"alignnone wp-image-242 lazy entered loaded\" src=\"https:\/\/www.tociu.ro\/wp-content\/uploads\/2026\/06\/20260418_201448-300x186.jpg\" alt width=\"400\" height=\"247\" data-ll-status=\"loaded\"><\/td>\n<td width=\"301\"><strong>\u00cemp\u0103ratul Traian pe Column\u0103, cu m\u00e2na dreapt\u0103 ridicat\u0103.<\/strong>\u00a0<\/p>\n<p><strong>Nu pare a fi salut deoarece niciunul dintre cei din jurul lui nu st\u0103 cu fa\u021ba spre el, ba chiar se uit\u0103 \u00een direc\u021bia indicat\u0103 de m\u00e2n\u0103.<\/strong><\/p>\n<\/td>\n<\/tr>\n<\/tbody>\n<\/table>\n<table>\n<tbody>\n<tr>\n<td width=\"189\"><img loading=\"lazy\" decoding=\"async\" class=\"alignnone size-medium wp-image-237 lazy entered loaded\" src=\"https:\/\/www.tociu.ro\/wp-content\/uploads\/2026\/06\/Screenshot_20260418_202733_Google-247x300.jpg\" alt width=\"247\" height=\"300\" data-ll-status=\"loaded\"><\/td>\n<td width=\"412\">\u00a0<\/p>\n<p><strong>\u00cemp\u0103ratul Marcus Aurelius. Este greu de crezut c\u0103 execut\u0103 un salut oficial, datorit\u0103 pozi\u021biei relaxate a m\u00e2inii \u0219i a pozi\u021biei corpului, \u00eenclinat \u00eenainte.<\/strong><\/p>\n<p>\u00a0<\/p>\n<\/td>\n<\/tr>\n<\/tbody>\n<\/table>\n<table>\n<tbody>\n<tr>\n<td width=\"189\"><img loading=\"lazy\" decoding=\"async\" class=\"alignnone size-medium wp-image-254 lazy entered loaded\" src=\"https:\/\/www.tociu.ro\/wp-content\/uploads\/2026\/06\/Marcus-Aurelius-300x221.jpeg\" alt width=\"300\" height=\"221\" data-ll-status=\"loaded\"><\/td>\n<td width=\"412\"><strong>Unele persoane fotografiaz\u0103 statuia de sub m\u00e2na dreapt\u0103 pentru a crea impresia c\u0103 m\u00e2na este mult ridicat\u0103 \u2013 este o \u00eencercare infantil\u0103 de a dovedi c\u0103 romanii salutau cu m\u00e2na dreapt\u0103 \u00eentins\u0103 \u0219i ridicat\u0103!<\/strong><\/td>\n<\/tr>\n<\/tbody>\n<\/table>\n<p>\u00cen concluzie, deocamdat\u0103 nu \u0219tim cum se salutau romanii oficial, \u00een schimb ne-au r\u0103mas de la ei multe legende care pream\u0103resc eroismul \u0219i loialitatea fa\u021b\u0103 de \u021bar\u0103 (atunci era cetatea) \u00een detrimentul iubirii \u0219i al obliga\u021biilor de familie.<\/p>\n<p>\u00a0<\/p>\n<p><strong><u>2. Salutul antic roman este o inven\u021bie modern\u0103, din 1784!<\/u><\/strong><\/p>\n<p>Totul s-a schimbat \u00een anul 1784, c\u00e2nd un pictor francez, Jacques-Louis David, a asistat la o pies\u0103 de teatru av\u00e2nd ca subiect o legend\u0103 roman\u0103. Era despre o b\u0103t\u0103lie care trebuia s\u0103 aib\u0103 loc \u00eentre Roma \u0219i o cetate rival\u0103, dar combatan\u021bii au hot\u0103r\u00e2t ca soarta b\u0103t\u0103liei s\u0103 fie decis\u0103 de lupta dintre 3 fra\u021bi de la o tab\u0103r\u0103 cu al\u021bi 3 fra\u021bi de la cealalt\u0103. Fra\u021bii romani proveneau din familia Hora\u021bilor, numele \u00eenvin\u0219ilor nici nu mai conteaz\u0103, iar lupta a fost de asemeni \u00eenc\u0103rcat\u0103 de simbolism: \u00een primele clipe ale luptei, doi dintre Hora\u021bi au fost uci\u0219i \u0219i cel de-al treilea a luat-o la fug\u0103. Tab\u0103ra adversarilor era \u00een delir \u00een timp ce ultimul Hora\u021biu era fug\u0103rit pe c\u00e2mpul dintre cele dou\u0103 armate. Numai c\u0103 el a a\u0219teptat p\u00e2n\u0103 cei trei adversari s-au distan\u021bat, s-a oprit din fug\u0103 \u0219i i-a ucis pe m\u0103sur\u0103 ce ajungeau la el, unul c\u00e2te unul, ob\u021bin\u00e2nd astfel victoria pentru cetatea Roma.<\/p>\n<p>Fran\u021ba din timpul lui David clocotea de nemul\u021bumire popular\u0103, tinerii erau \u00eenv\u0103\u021ba\u021bi s\u0103 cread\u0103 c\u0103 alungarea monarhiei \u0219i a aristocra\u021biei era \u00een interesul patriei, iar pentru patrie, \u00een mod firesc, trebuiau s\u0103 fie preg\u0103ti\u021bi s\u0103 fac\u0103 orice sacrificiu, \u0219i chiar s\u0103-\u0219i dea via\u021ba.<\/p>\n<p>Cuprins de aceast\u0103 efervescen\u021b\u0103 patriotic\u0103, David picteaz\u0103 un tablou care reprezint\u0103 un moment pe care el l-a imaginat c\u0103 a avut loc \u00eenaintea luptei: cei 3 fra\u021bi Hora\u021bi se afl\u0103 \u00een casa p\u0103rinteasc\u0103 \u0219i tat\u0103l lor le \u00eenm\u00e2neaz\u0103 \u00een mod solemn s\u0103biile, iar ei \u00ee\u0219i \u00eentind m\u00e2na simultan ca \u00eentr-o form\u0103 de jur\u0103m\u00e2nt c\u0103 vor lupta p\u00e2n\u0103 la moarte. Dramatismul scenei este exacerbat de prezen\u021ba so\u021biilor, care pl\u00e2ng disperate \u0219tiind c\u0103 era poate ultima dat\u0103 c\u00e2nd \u00eei v\u0103d vii.<\/p>\n<p><img loading=\"lazy\" decoding=\"async\" class=\"alignnone wp-image-317 lazy entered loaded\" src=\"https:\/\/www.tociu.ro\/wp-content\/uploads\/2026\/06\/Juramantul-Horatilor-David-OK-300x233.jpg\" alt width=\"473\" height=\"367\" data-ll-status=\"loaded\"><\/p>\n<p><strong>\u201dJur\u0103m\u00e2ntul Hora\u021bilor\u201d \u2013 realizat de pictorul francez J<\/strong><strong>acques-Louis David \u00een 1784. Este expus la Muzeul Louvre.\u00a0<\/strong><strong>Este prima imagine a unui roman efectu\u00e2nd un jur\u0103m\u00e2nt.<\/strong><\/p>\n<p>Nu se cunoa\u0219te de unde s-a inspirat pictorul pentru aceast\u0103 form\u0103 de jur\u0103m\u00e2nt.<\/p>\n<p>\u00a0<\/p>\n<p><strong><u>3. Ce au avut \u00een comun pictorul francez David \u0219i Sergiu Nicolaescu<\/u><\/strong><\/p>\n<p>La expunerea sa, tabloul a avut un impact emo\u021bional extraordinar, iar m\u00e2na dreapt\u0103 \u00eentins\u0103 deasupra um\u0103rului a fost perceput\u0103 de tinerii francezi ca o form\u0103 de angajament solemn, care simboliza printr-o singur\u0103 mi\u0219care o filosofie de via\u021b\u0103 care dura foarte mult s\u0103 fie exprimat\u0103 \u00een cuvinte.<\/p>\n<p>\u00cen piesa de teatru despre legenda Hora\u021bilor la care asistase pictorul David era o replic\u0103 apoteotic\u0103 a unuia dintre Hora\u021bi, \u00een fa\u021ba familiei sale: \u201d\u00cenainte de a v\u0103 apar\u021bine vou\u0103, apar\u021bin Patriei\u201d! Exact ceea ce era necesar s\u0103 r\u0103sune \u00een capul privitorilor tabloului ca s\u0103 se imagineze \u00een rolul celor trei Hora\u021bi, cu m\u00e2na dreapt\u0103 ridicat\u0103.<\/p>\n<p>Din acel moment, aceast\u0103 pozi\u021bie a m\u00e2inii a fost asociat\u0103 definitiv \u00een tot spa\u021biul cultural european cu patriotismul, cu onoarea, cu sentimentul datoriei \u0219i cu angajamentul sacrificiului suprem pentru binele Patriei.<\/p>\n<p>Dar a ap\u0103rut \u0219i un alt fenomen, similar cu cel al coarnelor vikingilor \u0219i al securii lui Mihai Viteazul: \u00een dorin\u021ba lor de a g\u0103si simboluri, oamenii s-au autosugestionat s\u0103 cread\u0103 c\u0103 aceasta a fost \u00een realitate forma de jur\u0103m\u00e2nt \u0219i de salut militar din imperiul roman.<\/p>\n<p>A\u0219a cum David a folosit arta picturii pentru a le transmite francezilor viziunea lui despre patriotism, \u00een mod similar Sergiu Nicolaescu a folosit arta cinematografic\u0103 pentru a transmite rom\u00e2nilor viziunea conducerii comuniste a Rom\u00e2niei despre legionari: \u00een parpalace negre p\u00e2n\u0103 la genunchi care mitraliaz\u0103 \u00eencrunta\u021bi evrei prin abatoare.<\/p>\n<table>\n<tbody>\n<tr>\n<td width=\"301\"><img loading=\"lazy\" decoding=\"async\" class=\"alignnone wp-image-220 lazy entered loaded\" src=\"https:\/\/www.tociu.ro\/wp-content\/uploads\/2026\/06\/Legionar-abator-300x202.jpg\" alt width=\"322\" height=\"217\" data-ll-status=\"loaded\"><\/td>\n<td width=\"301\"><strong>\u201dRevan\u0219a\u201d \u2013 de Sergiu Nicolaescu, 1978\u00a0<\/strong><strong>Unul din falsurile cinematografiei comuniste cu scop de demonizare a legionarilor, este difuzat de posturile de televiziune chiar \u0219i dup\u0103 30 de ani de Democra\u021bie.<\/strong>\u00a0<\/p>\n<p><strong>\u00a0<\/strong><strong>Similar efectului psihologic generat de pictura lui David, rom\u00e2nii percep filmul ca prezent\u00e2nd un adev\u0103r istoric.<\/strong><\/p>\n<\/td>\n<\/tr>\n<\/tbody>\n<\/table>\n<p>\u00cen concluzie, \u201dsalutul roman\u201d a fost creat de imagina\u021bia colectiv\u0103 inflamat\u0103 de un tablou bine realizat, s-a extins ca un foc de preerie \u00een \u00eentreaga civiliza\u021bie european\u0103, aceast\u0103 convingere a fost \u00eent\u0103rit\u0103 ulterior prin picturi, filme artistice \u0219i desene animate, \u0219i s-a perpetuat p\u00e2n\u0103 \u00een zilele noastre.<\/p>\n<p>\u00a0<\/p>\n<p><strong><u>4. \u201dSalutul roman\u201d a fost interpretat ca simbol al civiliza\u021biei \u0219i valorilor antice europene<\/u><\/strong><\/p>\n<p>Pozi\u021bia m\u00e2inii imaginat\u0103 de David a fost rapid adoptat\u0103 deoarece ridicarea m\u00e2inii drepte a fost dintotdeauna o form\u0103 fireasc\u0103 de salut la europeni, iar \u00eentinderea ei \u00ee\u0219i g\u0103se\u0219te cu u\u0219urin\u021b\u0103 interpret\u0103ri pozitive, are un puternic impact vizual, transmite angajament \u0219i b\u0103rb\u0103\u021bie.<\/p>\n<p>Vr\u0103ji\u021bi de puterea vizual\u0103 \u0219i de emo\u021bia \u201dsalutului roman\u201d, patrio\u021bii au \u00eenceput s\u0103 se identifice cu el \u0219i s\u0103-l foloseasc\u0103 intens, at\u00e2t cei din Europa c\u00e2t \u0219i cei din SUA. Pe parcursul a o sut\u0103 de ani, s-au conceput o mul\u021bime de varia\u021bii ale pozi\u021biei m\u00e2inii pentru a fi folosite ca forme de salut, sau pentru jur\u0103minte:<\/p>\n<p>-palma deschis\u0103 orientat\u0103 c\u0103tre p\u0103m\u00e2nt sau c\u0103tre cer<\/p>\n<p>-bra\u021bul se ridic\u0103 la diverse unghiuri: la orizontal\u0103, la 15 grade, la 45 de grade sau vertical<\/p>\n<p>-bra\u021bul se \u021bine \u00eentins sau flexat<\/p>\n<p>-toate degetele sunt \u00eentinse sau unele sunt \u00eendoite<\/p>\n<p>-salutul e \u00eenso\u021bit sau nu de un mesaj vocal.<\/p>\n<p>\u00a0<\/p>\n<p>Nu avem imagini de folosire a salutului \u00een timpul Revolu\u021biei franceze de la 1789, dar exist\u0103 o pictur\u0103 care prezint\u0103 mai mul\u021bi revolu\u021bionari din anul 1848, \u00een Paris, care se salut\u0103, sau fac un jur\u0103m\u00e2nt de credin\u021b\u0103 \u00een stil \u201droman\u201d cu un conduc\u0103tor al Revolu\u021biei.<\/p>\n<table>\n<tbody>\n<tr>\n<td width=\"301\"><img loading=\"lazy\" decoding=\"async\" class=\"alignnone wp-image-236 lazy entered loaded\" src=\"https:\/\/www.tociu.ro\/wp-content\/uploads\/2026\/06\/Screenshot_20260418_180418_Chrome-300x211.jpg\" alt width=\"392\" height=\"276\" data-ll-status=\"loaded\"><\/td>\n<td width=\"301\"><strong>Salut sau jur\u0103m\u00e2nt \u201droman\u201d efectuat de revolu\u021bionari \u00een Paris, anul 1848. M\u00e2inile nu sunt ridicate ca pentru a aproba o decizie, ci sunt \u00eentinse orizontal, sau oblic de cei mai din spate.<\/strong><\/td>\n<\/tr>\n<\/tbody>\n<\/table>\n<p>\u201dSalutul roman\u201d a fost perceput \u0219i ca un arc peste timp cu Imperiul roman, un simbol pentru revendicarea mo\u0219tenirii sale pan-europene.<\/p>\n<p>O situa\u021bie interesant\u0103 s-a petrecut \u00een secolul 19 \u00een Transilvania, unde rom\u00e2nii au c\u0103utat s\u0103 eviden\u021bieze faptul c\u0103, \u00een contrast cu asupritorii unguri, ei sunt mo\u0219tenitorii biologici \u0219i de drept ai identit\u0103\u021bii europene. Avram Iancu \u0219i-a organizat armata folosind terminologia roman\u0103 \u2013 legiuni, tribuni, centurioni, decurioni etc \u2013 iar \u201dsalutul roman\u201d a venit de la sine. Salutul a fost folosit de rom\u00e2nii transilv\u0103neni \u0219i ulterior anului 1848 pentru a transmite mesajul c\u0103 ei sunt popula\u021bia primordial\u0103 \u0219i autohton\u0103 \u00een Transilvania, \u00een timp ce conducerea de la Budapesta organiza aniversarea a o mie de ani de la sosirea ungurilor \u00een Europa.<\/p>\n<p>\u00a0<\/p>\n<p><strong>Mi\u0219carea Scouts sau \u201dCerceta\u0219ii\u201d<\/strong>\u00a0a folosit salutul roman \u00eenc\u0103 de la \u00eenfiin\u021barea sa, \u00een 1907. Fondatorul mi\u0219c\u0103rii, lordul Robert Baden-Powell, a vrut s\u0103-l deosebeasc\u0103 de salutul roman clasic \u0219i a stabilit ca acesta s\u0103 fie executat cu degetul mare a\u0219ezat peste degetul mic, iar pentru a da o justificare modific\u0103rii a inventat o semnifica\u021bie emo\u021bional\u0103.<\/p>\n<p>Pe parcursul urm\u0103torilor 20 de ani, salutul a\u0219a-zis \u201dcercet\u0103\u0219esc\u201d a fost preluat de toate organiza\u021biile scouts care s-au \u00eenfiin\u021bat \u00een alte \u021b\u0103ri.<\/p>\n<table>\n<tbody>\n<tr>\n<td width=\"378\"><img loading=\"lazy\" decoding=\"async\" class=\"alignnone wp-image-208 lazy entered loaded\" src=\"https:\/\/www.tociu.ro\/wp-content\/uploads\/2026\/06\/20260424_105535-300x182.jpg\" alt width=\"381\" height=\"231\" data-ll-status=\"loaded\"><\/td>\n<td width=\"224\"><strong>Salut efectuat de cerceta\u0219ii din SUA la \u00eenceputul sec. XX<\/strong>\u00a0<\/p>\n<p><strong>Un salut similar, dar cu toate degetele \u00eentinse, se efectua de c\u0103tre to\u021bi elevii din SUA \u00een \u0219coli de peste 20 de ani<\/strong><\/p>\n<\/td>\n<\/tr>\n<\/tbody>\n<\/table>\n<p>\u00a0<\/p>\n<p><img loading=\"lazy\" decoding=\"async\" class=\"alignnone wp-image-229 lazy entered loaded\" src=\"https:\/\/www.tociu.ro\/wp-content\/uploads\/2026\/06\/Obseques_du_chanoine_Cornette_aumonier_.Agence_de_btv1b90452776-300x177.jpeg\" alt width=\"561\" height=\"331\" data-ll-status=\"loaded\"><strong>Aspect de la \u00eenmorm\u00e2ntarea unuia dintre fondatorii mi\u0219c\u0103rii scouts \u00een Fran\u021ba, preotul catolic Antoine-Louis Cornette, \u00een 1936<\/strong><\/p>\n<p>\u00a0<\/p>\n<p><strong><u>5. SUA au adoptat \u0219i au excelat \u00een utilizarea \u201dsalutului roman\u201d<\/u><\/strong><\/p>\n<p>Fondatorii SUA erau europeni \u0219i, \u00een mod firesc, au pus la baza noului lor stat valorile, cultura \u0219i simbolistica antic\u0103 greco-roman\u0103. Primul astfel de simbol pe care l-au adoptat a fost \u201dfascia roman\u0103\u201d \u2013 cel mai important obiect pe care romanii \u00eel foloseau la ritualuri \u0219i parade. Acesta consta \u00eentr-un m\u0103nunchi de nuiele str\u00e2ns legate \u00een jurul cozii unui topor: nuielele reprezentau poporul \u0219i toporul semnifica puterea autorit\u0103\u021bii.<\/p>\n<table>\n<tbody>\n<tr>\n<td width=\"217\"><img loading=\"lazy\" decoding=\"async\" class=\"alignnone size-medium wp-image-241 lazy entered loaded\" src=\"https:\/\/www.tociu.ro\/wp-content\/uploads\/2026\/06\/Washington-243x300.jpeg\" alt width=\"243\" height=\"300\" data-ll-status=\"loaded\"><\/td>\n<td width=\"384\"><strong>Memorialul lui George Washington, primul pre\u0219edinte al SUA.<\/strong>\u00a0<\/p>\n<p><strong>M\u00e2na st\u00e2ng\u0103 se sprijin\u0103 pe o \u201dfascie roman\u0103\u201d, simboliz\u00e2nd faptul c\u0103 SUA s-au cl\u0103dit av\u00e2nd la baz\u0103 valorile primordiale europene.<\/strong><\/p>\n<\/td>\n<\/tr>\n<\/tbody>\n<\/table>\n<p>De la acest obiect, \u201dfascia\u201d, au provenit ulterior numele de \u201dfascism\u201d \u0219i principiile ideologiei fasciste: cet\u0103\u021beanul \u00ee\u0219i dedic\u0103 existen\u021ba binelui colectiv. P\u0103rin\u021bii fondatori ai SUA au verbalizat simbolul fasciei prin versul latin\u00a0<strong>\u201dE pluribus unum\u201d<\/strong>\u00a0<strong>(\u201dTo\u021bi suntem unu\u201d)<\/strong>, pe care l-au ales ca deviz\u0103 na\u021bional\u0103 oficial\u0103.<\/p>\n<table>\n<tbody>\n<tr>\n<td width=\"301\"><img loading=\"lazy\" decoding=\"async\" class=\"alignnone wp-image-345 lazy entered loaded\" src=\"https:\/\/www.tociu.ro\/wp-content\/uploads\/2026\/06\/Quarter-dollar-300x197.jpeg\" alt width=\"312\" height=\"205\" data-ll-status=\"loaded\"><\/td>\n<td width=\"301\"><strong>\u201dE pluribus unum\u201d pe moneda de 25 cen\u021bi \u2013 Quarter Dollar<\/strong>\u00a0<\/p>\n<p><strong>\u00a0<\/strong><strong>Vulturul \u021bine \u00een gheare o fascie roman\u0103, format\u0103 din s\u0103ge\u021bi.<\/strong><\/p>\n<p><strong>To\u021bi banii SUA erau inscrip\u021biona\u021bi similar.<\/strong><\/p>\n<\/td>\n<\/tr>\n<\/tbody>\n<\/table>\n<p>Dup\u0103 fascie \u0219i deviz\u0103 na\u021bional\u0103 din acela\u0219i registru, a urmat magnetismul \u201dsalutului roman\u201d. \u00cen anul 1892, pentru a aniversa 400 de ani de la sosirea lui Columb \u00een America, unul dintre mini\u0219trii guvernului SUA, Francis Bellamy, a conceput textul unui \u201dJur\u0103m\u00e2nt de loialitate\u201d, care se recita \u00een mod solemn \u00een timp ce se executa salutul roman. Acest jur\u0103m\u00e2nt a fost numit \u201dSalutul lui Bellamy\u201d.<\/p>\n<p>Legisla\u021bia din SUA a prev\u0103zut ca to\u021bi elevii s\u0103 fac\u0103 \u201dSalutul lui Bellamy\u201d \u00een clas\u0103, st\u00e2nd \u00een pozi\u021bie de drep\u021bi, cu fa\u021ba c\u0103tre drapelul \u021b\u0103rii, \u0219i la fel \u0219i func\u021bionarii publici \u00een birourile lor.<\/p>\n<table>\n<tbody>\n<tr>\n<td width=\"316\"><img loading=\"lazy\" decoding=\"async\" class=\"alignnone wp-image-216 lazy entered loaded\" src=\"https:\/\/www.tociu.ro\/wp-content\/uploads\/2026\/06\/Elevi-SUA-300x236.jpg\" alt width=\"362\" height=\"285\" data-ll-status=\"loaded\"><\/td>\n<td width=\"270\"><strong>\u00a0<\/strong><strong>Jur\u0103m\u00e2ntul de loialitate fa\u021b\u0103 de \u00a0Drapel efectuat de elevii din SUA \u00eentr-o sal\u0103 de clas\u0103.<\/strong><\/td>\n<\/tr>\n<\/tbody>\n<\/table>\n<p>\u00a0<\/p>\n<table>\n<tbody>\n<tr>\n<td width=\"301\"><img loading=\"lazy\" decoding=\"async\" class=\"alignnone size-medium wp-image-252 lazy entered loaded\" src=\"https:\/\/www.tociu.ro\/wp-content\/uploads\/2026\/06\/Screenshot_20260423_210650_Chrome-CUT-300x298.jpg\" alt width=\"300\" height=\"298\" data-ll-status=\"loaded\"><\/td>\n<td width=\"301\"><strong>Militari SUA efectu\u00e2nd Salutul Bellamy.<\/strong><\/td>\n<\/tr>\n<\/tbody>\n<\/table>\n<p>Ini\u021bial, au fost propuse mai multe variante pentru jur\u0103m\u00e2nt, unele \u00een care \u00een timpul recit\u0103rii primelor versuri m\u00e2na dreapt\u0103 s\u0103 fie pozi\u021bionat\u0103 la frunte, ca la salutul militar actual, sau \u00een dreptul inimii. C\u00e2nd se ajungea la \u00a0versul \u201dJur loialitate Drapelului meu\u201d, m\u00e2na se \u00eentindea \u00een fa\u021b\u0103, cu fa\u021ba palmei spre cer, iar apoi palma se r\u0103sucea cu fa\u021ba spre jos \u0219i se recita partea final\u0103. Aceasta este explica\u021bia pentru faptul c\u0103, \u00een unele poze, palmele sunt orientate invers ca la salutul roman. Americanii au considerat firesc s\u0103 simplifice salutul lui Bellamy \u0219i orice variante de coregrafie propuse erau transformate, \u00een scurt timp, \u00een\u2026 salutul roman.<\/p>\n<table>\n<tbody>\n<tr>\n<td width=\"308\"><img loading=\"lazy\" decoding=\"async\" class=\"alignnone wp-image-239 lazy entered loaded\" src=\"https:\/\/www.tociu.ro\/wp-content\/uploads\/2026\/06\/SUA-salut-300x193.jpg\" alt width=\"401\" height=\"258\" data-ll-status=\"loaded\"><\/td>\n<td width=\"278\"><strong>Adul\u021bi \u0219i copii din SUA efectu\u00e2nd jur\u0103m\u00e2ntul de loialitate fa\u021b\u0103 de Drapel la un eveniment public<\/strong><\/td>\n<\/tr>\n<tr>\n<td width=\"278\"><strong>\u00a0<\/strong><\/td>\n<\/tr>\n<tr>\n<td width=\"308\"><img loading=\"lazy\" decoding=\"async\" class=\"alignnone wp-image-269 lazy entered loaded\" src=\"https:\/\/www.tociu.ro\/wp-content\/uploads\/2026\/06\/Profesor-elevi-SUA-300x210.jpg\" alt width=\"353\" height=\"247\" data-ll-status=\"loaded\"><\/td>\n<td width=\"278\"><strong>Elevi \u0219i profesor salut\u00e2ndu-se \u00eentr-o \u0219coal\u0103 din SUA \u00een forma maxim\u0103 de respect reciproc.<\/strong><\/td>\n<\/tr>\n<tr>\n<td width=\"278\"><strong>\u00a0<\/strong><\/td>\n<\/tr>\n<tr>\n<td width=\"278\"><strong>\u00a0<\/strong><\/td>\n<\/tr>\n<tr>\n<td width=\"308\"><img loading=\"lazy\" decoding=\"async\" class=\"alignnone wp-image-270 lazy entered loaded\" src=\"https:\/\/www.tociu.ro\/wp-content\/uploads\/2026\/06\/Gradinita-SUA-1-300x170.jpg\" alt width=\"418\" height=\"237\" data-ll-status=\"loaded\"><\/td>\n<td width=\"278\"><strong>Copii de gr\u0103dini\u021b\u0103 din SUA efectu\u00e2nd jur\u0103m\u00e2ntul de loialitate fa\u021b\u0103 de Drapel la \u00eenceputul unei serb\u0103ri<\/strong><\/td>\n<\/tr>\n<\/tbody>\n<\/table>\n<p>Tot \u00een SUA, s-a propus ca \u201eSalutul lui Bellamy\u201d s\u0103 fie folosit \u0219i la depunerea jur\u0103m\u00e2ntului de ob\u021binere a cet\u0103\u021beniei americane de c\u0103tre imigran\u021bii nou veni\u021bi.<\/p>\n<p>\u00a0<\/p>\n<p><strong><u>6. Din SUA, salutul roman a trecut grani\u021ba \u00een Mexic<\/u><\/strong><\/p>\n<p>Patrio\u021bii din Mexic s-au inspirat de la cei din SUA \u0219i au adoptat salutul roman ca form\u0103 de jur\u0103m\u00e2nt de credin\u021b\u0103 fa\u021b\u0103 de \u021bar\u0103 pentru pre\u0219edintele \u021b\u0103rii, parlamentari, func\u021bionari \u0219i elevi, precum \u0219i ca form\u0103 oficial\u0103 de salut la evenimentele \u0219i competi\u021biile sportive importante.<\/p>\n<table>\n<tbody>\n<tr>\n<td width=\"301\"><img loading=\"lazy\" decoding=\"async\" class=\"alignnone wp-image-274 lazy entered loaded\" src=\"https:\/\/www.tociu.ro\/wp-content\/uploads\/2026\/06\/Parlament-Mexic-300x212.jpg\" alt width=\"468\" height=\"331\" data-ll-status=\"loaded\"><\/td>\n<td width=\"301\"><strong>Salutul roman \u00een parlamentul Mexican \u00een 1917<\/strong><\/td>\n<\/tr>\n<\/tbody>\n<\/table>\n<table>\n<tbody>\n<tr>\n<td colspan=\"2\" width=\"310\"><img loading=\"lazy\" decoding=\"async\" class=\"alignnone wp-image-222 lazy entered loaded\" src=\"https:\/\/www.tociu.ro\/wp-content\/uploads\/2026\/06\/Mexic-fotbal-SUA-1934-300x212.jpeg\" alt width=\"379\" height=\"268\" data-ll-status=\"loaded\"><\/td>\n<td colspan=\"2\" width=\"291\"><strong>Echipa de fotbal a Mexicului efectu\u00e2nd salutul roman \u00eenaintea unui meci \u00een Ciudad de Mexico (1934)<\/strong><\/td>\n<\/tr>\n<tr>\n<td colspan=\"2\" width=\"301\"><strong>\u00a0<\/strong><\/td>\n<\/tr>\n<\/tbody>\n<\/table>\n<p>\u00a0<\/p>\n<p><strong><u>7. Salutul roman a fost adoptat de partidele europene na\u021bionaliste\u00a0<\/u><\/strong><strong><u>\u0219i a devenit \u0219i mod\u0103<\/u><\/strong><\/p>\n<p>Benito Mussolini a fost cel care a extins semnifica\u021bia gestului \u00een 1919, de la un jur\u0103m\u00e2nt sau salut solemn, la forma de salut reciproc \u00eentre membrii Partidului Fascist.<\/p>\n<p>\u00cen anii 1920-1930, aproape toate partidele \u0219i organiza\u021biile na\u021bionaliste din Europa au preluat \u201dsalutul roman\u201d.<\/p>\n<p>Un moment important \u00een evolu\u021bia utiliz\u0103rii salutului roman a fost adoptarea sa de Partidul Na\u021bional Socialist al Muncitorilor din Germania (nazist) al lui Hitler.<\/p>\n<p>P\u00e2n\u0103 la \u00eenceputul propagandei anti-germane, \u00een 1933, \u00een \u00eentreaga lume salutul a continuat s\u0103 fie valorizat \u0219i folosit exclusiv pentru valen\u021bele sale exprimate de pictura lui David. \u00cens\u0103, campania interna\u021bional\u0103 de pres\u0103 de demonizare a Germaniei a insinuat c\u0103 salutul roman ar fi o form\u0103 de sus\u021binere a ideologiei naziste \u0219i a insistat s\u0103 fie redenumit drept \u201dsalutul nazist\u201d sau \u201dsalutul fascist\u201d.<\/p>\n<p>\u00cen realitate, \u00eenc\u0103 de la apari\u021bia sa, salutul roman era o form\u0103 de identificare cu Democra\u021bia, cu parlamentarismul \u0219i cu un trecut glorios comun.<\/p>\n<p>\u00cen Rom\u00e2nia, Partidul Na\u021bional \u021a\u0103r\u0103nesc a folosit \u201dsalutul roman\u201d \u00een anii 1920 la evenimente publice. Era firesc s\u0103 fie a\u0219a, deoarece PN\u021a era format din fuziunea Partidului \u021a\u0103r\u0103nesc, din Muntenia, cu Partidul Na\u021bional din Transilvania, ai c\u0103rui membri p\u0103straser\u0103 un puternic spirit na\u021bionalist. PN\u021a a renun\u021bat la folosirea salutului doar pentru a se distan\u021ba de Mi\u0219carea Legionar\u0103.<\/p>\n<p>\u00cen Irlanda, \u201dAsocia\u021bia Camarazilor din Armat\u0103\u201d (ACA), numit\u0103 \u0219i \u201dC\u0103m\u0103\u0219ile albastre\u201d, a fost una dintre organiza\u021biile paramilitare anti-comuniste care a adoptat doctrina fascist\u0103 a lui Mussolini. Au folosit salutul roman cu sloganul \u201dHeil O`Daffy!\u201d (O`Daffy era liderul organiza\u021biei). Unii membri au luptat cu arma \u00een m\u00e2n\u0103 \u00een Spania, de partea lui Franco.<\/p>\n<p>Fasci\u0219tii irlandezi au fost promotori ai democra\u021biei \u0219i ai liberei exprim\u0103ri. Au fost o \u0219coal\u0103 pentru mul\u021bi dintre viitorii lideri politici democra\u021bi din Irlanda.<\/p>\n<table>\n<tbody>\n<tr>\n<td width=\"301\"><img loading=\"lazy\" decoding=\"async\" class=\"alignnone wp-image-213 lazy entered loaded\" src=\"https:\/\/www.tociu.ro\/wp-content\/uploads\/2026\/06\/Camasile-albastre-Irlanda-300x217.jpeg\" alt width=\"422\" height=\"305\" data-ll-status=\"loaded\"><\/td>\n<td width=\"301\"><strong>\u201dC\u0103m\u0103\u0219ile albastre\u201d a fost organiza\u021bia fascist\u0103 din Irlanda (\u201dBluzele albastre\u201d pentru organiza\u021biile de femei) \u00een perioada 1932 \u2013 1934.<\/strong>\u00a0<\/p>\n<p><strong>Cet\u0103\u021benii irlandezi apar\u021bin\u00e2nd minorit\u0103\u021bilor etnice nu erau accepta\u021bi.<\/strong><\/p>\n<p><strong>Unii dintre membrii organiza\u021biei sunt ta\u021bii sau bunicii unora dintre parlamentarii \u0219i mini\u0219trii actuali din Irlanda.<\/strong><\/p>\n<p><strong>Mul\u021bi irlandezi se revendic\u0103 \u0219i azi, cu m\u00e2ndrie, urma\u0219i ai ACA.<\/strong><\/p>\n<\/td>\n<\/tr>\n<\/tbody>\n<\/table>\n<p>Portugalia \u0219i Spania au avut cele mai lungi regimuri fasciste, p\u00e2n\u0103 \u00een 1974, iar salutul roman a fost practicat liber. Aceste regimuri fasciste au reu\u0219it s\u0103-\u0219i salveze \u021b\u0103rile de la implicarea \u00een al doilea r\u0103zboi mondial \u0219i au impus o politic\u0103 axat\u0103 pe valorile cre\u0219tine, patriotism, tradi\u021bie, familie.<\/p>\n<table>\n<tbody>\n<tr>\n<td width=\"301\"><img loading=\"lazy\" decoding=\"async\" class=\"alignnone wp-image-231 lazy entered loaded\" src=\"https:\/\/www.tociu.ro\/wp-content\/uploads\/2026\/06\/Portugalia-300x206.jpeg\" alt width=\"409\" height=\"280\" data-ll-status=\"loaded\"><\/td>\n<td width=\"301\"><strong>Parad\u0103 \u00een Lisabona a organiza\u021biei paramilitare fasciste Mocidade Portuguesa (1936).<\/strong>\u00a0<\/p>\n<p><strong>Organiza\u021bia a fost activ\u0103 p\u00e2n\u0103 \u00een 1974.<\/strong><\/p>\n<\/td>\n<\/tr>\n<\/tbody>\n<\/table>\n<p>Reprezentan\u021bii \u0219i sus\u021bin\u0103torii acestor regimuri fasciste europene au fost recunoscu\u021bi ca persoane respectabile \u00een rela\u021bia cu \u021b\u0103rile democratice \u0219i \u00een organismele interna\u021bionale.<\/p>\n<table>\n<tbody>\n<tr>\n<td width=\"301\"><img loading=\"lazy\" decoding=\"async\" class=\"alignnone wp-image-219 lazy entered loaded\" src=\"https:\/\/www.tociu.ro\/wp-content\/uploads\/2026\/06\/Huan-Antonio-Samaranche-300x222.jpeg\" alt width=\"386\" height=\"286\" data-ll-status=\"loaded\"><\/td>\n<td width=\"301\"><strong>Aniversarea din 1974 a prelu\u0103rii puterii \u00een Spania de c\u0103tre Generalul Franco.<\/strong>\u00a0<\/p>\n<p><strong>S\u0103geata ro\u0219ie \u00eel indic\u0103 pe Juan Antonio Samaranch \u2013 cel care a fost ales pre\u0219edinte al Comitetului Olimpic Interna\u021bional timp de 21 de ani (1980 \u0219i 2001).<\/strong><\/p>\n<\/td>\n<\/tr>\n<\/tbody>\n<\/table>\n<p>La \u00eenceputul anilor 1930, miracolul economic german \u0219i cre\u0219terea influen\u021bei Germaniei \u00een Europa au f\u0103cut ca \u201dsalutul roman\u201d s\u0103 fie perceput \u0219i ca o manifestare monden\u0103, f\u0103r\u0103 \u00eenc\u0103rc\u0103tur\u0103 ideologic\u0103.<\/p>\n<p>S-a p\u0103strat un film cu familia regal\u0103 britanic\u0103 execut\u00e2nd \u201dsalutul roman\u201d \u00eentr-un parc, distr\u00e2ndu-se ei \u00eentre ei, \u00een anul 1933. Cei care \u00een film salutau ca Hitler erau mo\u0219tenitorul tronului Angliei, care a \u0219i devenit dup\u0103 3 ani regele Angliei , \u0219i nora regelui, care dup\u0103 4 ani a devenit regina Angliei.<\/p>\n<table>\n<tbody>\n<tr>\n<td width=\"301\"><img loading=\"lazy\" decoding=\"async\" class=\"alignnone wp-image-217 lazy entered loaded\" src=\"https:\/\/www.tociu.ro\/wp-content\/uploads\/2026\/06\/Familia-Regala-Britanica-280x300.jpg\" alt width=\"441\" height=\"473\" data-ll-status=\"loaded\"><\/td>\n<td width=\"301\"><strong>Familia regal\u0103 britanic\u0103 se distreaz\u0103 f\u0103c\u00e2nd salutul roman (1933).<\/strong>\u00a0<\/p>\n<p><strong>Feti\u021ba care salut\u0103 are 6 ani \u0219i va deveni Regina Elisabeta a 2-a (1952 \u2013 2022), cea care s-a plimbat \u00een calea\u0219c\u0103 cu Ceau\u0219escu<\/strong>.<\/p>\n<\/td>\n<\/tr>\n<\/tbody>\n<\/table>\n<p><strong>\u00a0<\/strong><\/p>\n<p><strong><u>8. Salutul roman a devenit salutul oficial al Jocurilor Olimpice<\/u><\/strong><\/p>\n<p>Baronul Pierre de Coubertin, fondatorul jocurilor olimpice moderne, a fost cel care a folosit pentru prima dat\u0103 \u201dsalutul roman\u201d la Olimpiada de la Paris din 1924, \u0219i l-a introdus \u0219i \u00een afi\u0219ul oficial al olimpiadei. Salutul simboliza spiritul antic, b\u0103rb\u0103\u021bia \u0219i fraternitatea sportivilor.<\/p>\n<table>\n<tbody>\n<tr>\n<td width=\"179\"><img loading=\"lazy\" decoding=\"async\" class=\"alignnone wp-image-232 lazy entered loaded\" src=\"https:\/\/www.tociu.ro\/wp-content\/uploads\/2026\/06\/Poster-salut-olimpic-213x300.jpg\" alt width=\"238\" height=\"335\" data-ll-status=\"loaded\"><\/td>\n<td width=\"422\"><strong>Afi\u0219ul oficial al Jocurilor Olimpice de la Paris, 1924.<\/strong><\/td>\n<\/tr>\n<\/tbody>\n<\/table>\n<p>Comitetul Olimpic Interna\u021bional a inclus \u201dSalutul Olimpic\u201d \u00een festivit\u0103\u021bile de deschidere \u0219i de \u00eenchidere a jocurilor \u0219i la cele de premiere.<\/p>\n<p>S-au p\u0103strat multe poze cu echipe, cu sportivi \u0219i cu oficiali olimpici efectu\u00e2nd salutul olimpic la urm\u0103toarele olimpiade.<\/p>\n<table>\n<tbody>\n<tr>\n<td width=\"301\"><img loading=\"lazy\" decoding=\"async\" class=\"alignnone wp-image-215 lazy entered loaded\" src=\"https:\/\/www.tociu.ro\/wp-content\/uploads\/2026\/06\/Echipa-Angliei-Germaniei-Olimpiada-300x216.jpeg\" alt width=\"376\" height=\"271\" data-ll-status=\"loaded\"><\/td>\n<td width=\"301\"><strong>Echipele de fotbal ale Angliei \u0219i Germaniei efectu\u00e2nd salutul olimpic \u00eenaintea \u00eenceperii meciului la Olimpiada de la Berlin, 1936 (rezultatul a fost 6-3 pentru Anglia)<\/strong><\/td>\n<\/tr>\n<\/tbody>\n<\/table>\n<p>\u00cen 1928, jocurile s-au \u021binut \u00een Amsterdam, ocazie cu care a fost construit un stadion dedicat, la intrarea c\u0103ruia a fost amplasat\u0103 o statuie din bronz reprezent\u00e2nd un atlet \u00een m\u0103rime natural\u0103 care execut\u0103 \u201dsalutul olimpic\u201d.<\/p>\n<table>\n<tbody>\n<tr>\n<td width=\"301\"><img loading=\"lazy\" decoding=\"async\" class=\"alignnone wp-image-245 lazy entered loaded\" src=\"https:\/\/www.tociu.ro\/wp-content\/uploads\/2026\/06\/Statuie-Salut-Olimpic-1-300x231.jpeg\" alt width=\"267\" height=\"206\" data-ll-status=\"loaded\"><\/td>\n<td width=\"301\"><strong>Statuia din bronz reprezent\u00e2nd salutul olimpic, amplasat\u0103 \u00een 1928 la intrarea \u00een stadionul olimpic din Amsterdam.<\/strong><\/td>\n<\/tr>\n<\/tbody>\n<\/table>\n<p>\u00a0<\/p>\n<p><strong><u>9. Salutul roman \u00een Rom\u00e2nia<\/u><\/strong><\/p>\n<p>Rom\u00e2nia a reprezentat un caz particular, din mai multe motive.<\/p>\n<p>Primul a fost utilizarea \u201dsalutului roman\u201d de c\u0103tre rom\u00e2nii din Transilvania cu scopul de a se identifica drept descenden\u021bi ai civiliza\u021biei latine, spre deosebire de ungurii veni\u021bi ulterior din Asia.<\/p>\n<table>\n<tbody>\n<tr>\n<td width=\"380\"><img loading=\"lazy\" decoding=\"async\" class=\"alignnone wp-image-276 lazy entered loaded\" src=\"https:\/\/www.tociu.ro\/wp-content\/uploads\/2026\/06\/Legionari-ardeleni-1917-300x174.jpeg\" alt width=\"419\" height=\"243\" data-ll-status=\"loaded\"><\/td>\n<td width=\"221\"><strong>\u00cen 1917, voluntarii din Ardeal depuneau jur\u0103m\u00e2ntul de \u00eenrolare \u00een Armata Rom\u00e2n\u0103 a\u0219a cum \u0219tiau ei de la Avram Iancu: folosind salutul roman.<\/strong>\u00a0<\/p>\n<p><strong>Aceast\u0103 imagine trebuia s\u0103 fie \u00een manualele \u0219colare. Ne place sau nu, ei sunt eroii de la M\u0103r\u0103\u0219e\u0219ti, M\u0103r\u0103\u0219ti \u0219i Oituz, \u0219i datorit\u0103 lor exist\u0103 azi Rom\u00e2nia.<\/strong><\/p>\n<\/td>\n<\/tr>\n<\/tbody>\n<\/table>\n<p>Al doilea a fost faptul c\u0103 au existat mai multe organiza\u021bii politice total antagonice ideologic care au folosit simultan \u201dsalutul roman\u201d.<\/p>\n<p>Cea mai important\u0103 organiza\u021bie na\u021bionalist\u0103 care l-a adoptat a fost Legiunea Arhanghelul Mihail (Mi\u0219carea Legionar\u0103), sub influen\u021ba lui Nicolae Iorga, cel mai mare admirator declarat al fascismului italian \u0219i al lui Mussolini.<\/p>\n<p>O organiza\u021bie opus\u0103 ideologic Mi\u0219c\u0103rii Legionare, care a folosit salutul roman, a fost cea \u00eenfiin\u021bat\u0103 de Regele Carol II, \u00een 1935, \u00een plin regim democratic, numit\u0103 \u201dStraja \u021a\u0103rii\u201d, sau \u201dStr\u0103jerii\u201d. Regele a numit \u00een fruntea organiza\u021biei un evreu dintr-o familie cu membri ilegali\u0219ti comuni\u0219ti. \u00cen calitate de \u0219ef suprem al Str\u0103jerilor, Regele Carol2 a folosit \u201dsalutul roman\u201d la evenimentele publice, \u0219i la fel \u0219i mo\u0219tenitorul tronului, viitorul rege Mihai.<\/p>\n<table>\n<tbody>\n<tr>\n<td width=\"301\"><img loading=\"lazy\" decoding=\"async\" class=\"alignnone wp-image-277 lazy entered loaded\" src=\"https:\/\/www.tociu.ro\/wp-content\/uploads\/2026\/06\/Carol2-Strajerii-300x234.jpeg\" alt width=\"388\" height=\"303\" data-ll-status=\"loaded\"><\/td>\n<td width=\"301\"><strong>Regele Caro2 prime\u0219te salutul organiza\u021biei sale de \u201dstr\u0103jeri\u201d, \u00een 1935.<\/strong>\u00a0<\/p>\n<p><strong>\u201dStraja \u021a\u0103rii\u201d era echivalentul democratic al Mi\u0219c\u0103rii Legionare, cu toate acestea folosea un salut similar.<\/strong><\/p>\n<\/td>\n<\/tr>\n<\/tbody>\n<\/table>\n<table>\n<tbody>\n<tr>\n<td width=\"208\"><img loading=\"lazy\" decoding=\"async\" class=\"alignnone wp-image-278 lazy entered loaded\" src=\"https:\/\/www.tociu.ro\/wp-content\/uploads\/2026\/06\/Strajer-1-183x300.jpeg\" alt width=\"274\" height=\"449\" data-ll-status=\"loaded\"><\/td>\n<td width=\"393\"><strong>Copil rom\u00e2n \u00een uniform\u0103 de \u201dstr\u0103jer\u201d \u00een anul 1935.<\/strong>\u00a0<\/p>\n<p><strong>\u00a0<\/strong><\/p>\n<p><strong>\u00cencep\u00e2nd de la v\u00e2rsta de 7 ani, to\u021bi copiii erau considera\u021bi \u201dstr\u0103jeri\u201d \u0219i erau obliga\u021bi la \u0219coal\u0103 s\u0103 salute Drapelul \u0219i oficialii cu salutul roman, la fel cum f\u0103ceau copiii din SUA de peste 50 de ani.<\/strong><\/p>\n<\/td>\n<\/tr>\n<\/tbody>\n<\/table>\n<p>Trei ani mai t\u00e2rziu, \u00een 1938, Regele Carol2 a \u00eenfiin\u021bat partidul Frontul Rena\u0219terii Na\u021bionale, \u0219i acesta folosind salutul roman. Partidul a avut \u00een conducere demnitari \u0219i politicieni democra\u021bi de marc\u0103 \u0219i a fost simpatizat de guvernele Angliei \u0219i Fran\u021bei.<\/p>\n<p>\u00a0<\/p>\n<table>\n<tbody>\n<tr>\n<td width=\"301\"><img loading=\"lazy\" decoding=\"async\" class=\"alignnone wp-image-209 lazy entered loaded\" src=\"https:\/\/www.tociu.ro\/wp-content\/uploads\/2026\/06\/20260424_121130-300x170.jpg\" alt width=\"492\" height=\"279\" data-ll-status=\"loaded\"><\/td>\n<td width=\"301\"><strong>Partidul\u00a0<\/strong><strong>Frontul Rena\u0219terii Na\u021bionale.<\/strong>\u00a0<\/p>\n<p><strong>Armand C\u0103linescu, ministru de interne, cu ochiul st\u00e2ng acoperit, al treilea din st\u00e2nga \u00een primul r\u00e2nd.<\/strong><\/p>\n<p><strong>A fost cel mai mare du\u0219man al legionarilor, dar a folosit acela\u0219i salut ca \u0219i ei.<\/strong><\/p>\n<\/td>\n<\/tr>\n<\/tbody>\n<\/table>\n<p>A treia particularitate a Rom\u00e2niei a fost faptul c\u0103 a fost singura \u021bar\u0103 care a modificat coregrafia salutului \u00eentr-un fel care i-a ad\u0103ugat valoare vizual\u0103 \u0219i simbolic\u0103: m\u00e2na dreapt\u0103 face o oprire \u00een dreptul inimii \u00een mi\u0219carea de urcare \u0219i \u00een cea de cobor\u00e2re.<\/p>\n<p>Salutul nou a devenit cunoscut sub numele de \u201dsalutul legionar\u201d \u0219i este din ce \u00een ce mai folosit \u00een detrimentul salutului clasic \u201droman\u201d, deoarece motricitatea bra\u021bului este mai fireasc\u0103 \u0219i se adaug\u0103 simbolul inimii \u00een ritualul salutului.<\/p>\n<p>Modificarea s-a reflectat \u0219i \u00een plan juridic, prin faptul c\u0103 legile actuale din Rom\u00e2nia fac referire la dou\u0103 saluturi distincte: \u201dsalutul fascist\u201d \u0219i \u201dsalutul legionar\u201d, dar nu exist\u0103 norme care s\u0103 le descrie.<\/p>\n<p>Salutul legionar \u201dde manual\u201d poate fi v\u0103zut \u00een filmarea adun\u0103rii publice legionare din 6 Octombrie 1940, executat de mare\u0219alul Antonescu.<\/p>\n<p>\u00a0<\/p>\n<p><strong><u>10. \u00cendep\u0103rtarea civiliza\u021biei europene de salutul roman<\/u><\/strong><\/p>\n<p>1933 a fost anul \u00een care s-a lansat oficial propaganda interna\u021bional\u0103 anti-german\u0103, prin publicarea \u00eentr-un important cotidian britanic a articolului \u201dIudeea declar\u0103 r\u0103zboi Germaniei\u201d. O component\u0103 a acestei propagande a avut ca obiectiv renun\u021barea progresiv\u0103 la folosirea \u201dsalutului roman\u201d, pe motiv c\u0103 acesta era identificat cu Partidul nazist, cu Germania belicoas\u0103 \u0219i cu Hitler.<\/p>\n<p>Momentul de cotitur\u0103 a fost Olimpiada de la Berlin din 1936, c\u00e2nd similitudinea cvasi total\u0103 dintre salutul olimpic \u0219i cel nazist a fost interpretat\u0103 politic. Sportivii din majoritatea \u021b\u0103rilor nu au acordat importan\u021b\u0103 subiectului \u0219i, din respect pentru competi\u021bie, s-au conformat protocolului olimpic \u0219i au efectuat salutul la fiecare moment solemn.<\/p>\n<p>\u00cen schimb, sportivii din SUA au fost instrui\u021bi de guvern s\u0103 execute un surogat de salut olimpic: cu bra\u021bul \u00eentins \u00eenainte, dar cu palma orientat\u0103 spre cer sau spre lateral \u0219i cu degetul mare \u00een centrul palmei, adic\u0103 ceva care s\u0103 nu fie \u201droman\/nazist\u201d, dar s\u0103 par\u0103 a fi salut olimpic.<\/p>\n<p><img loading=\"lazy\" decoding=\"async\" class=\"alignnone wp-image-281 lazy entered loaded\" src=\"https:\/\/www.tociu.ro\/wp-content\/uploads\/2026\/06\/Salut-Olimpic-SUA-negri-300x159.jpg\" alt width=\"481\" height=\"255\" data-ll-status=\"loaded\"><\/p>\n<p><strong>Sportivi din SUA execut\u00e2nd salutul olimpic modificat pentru a se diferen\u021bia de cel nazist (Berlin, 1936)<\/strong><\/p>\n<p>Au participat la olimpiad\u0103 \u0219i sportivi evrei reprezent\u00e2nd imigran\u021bii din Palestina (Israelul nu exista ca stat, dar existau comunit\u0103\u021bi mari de evrei \u00een Palestina). Ace\u0219tia aveau posibilitatea s\u0103 refuze efectuarea salutului olimpic\/nazist, dar l-au efectuat f\u0103r\u0103 nicio re\u021binere deoarece Hitler a fost cel mai mare sus\u021bin\u0103tor al \u00eenfiin\u021b\u0103rii statului Israel.<\/p>\n<table>\n<tbody>\n<tr>\n<td width=\"301\"><img loading=\"lazy\" decoding=\"async\" class=\"alignnone wp-image-280 lazy entered loaded\" src=\"https:\/\/www.tociu.ro\/wp-content\/uploads\/2026\/06\/Salut-militar-SUA-Olimpiada-1-300x239.jpg\" alt width=\"426\" height=\"339\" data-ll-status=\"loaded\"><\/td>\n<td width=\"301\"><strong>Festivitate de premiere la Olimpiada de la Berlin, 1936:<\/strong>\u00a0<\/p>\n<p><strong>\u2013 sportivul coreean refuz\u0103 s\u0103 salute<\/strong><\/p>\n<p><strong>\u2013 sportivul SUA face un salut militar.<\/strong><\/p>\n<p><strong>Sportivii aveau op\u021biunea s\u0103 nu respecte indica\u021biile Comitetului Olimpic referitoare la salut.<\/strong><\/p>\n<\/td>\n<\/tr>\n<\/tbody>\n<\/table>\n<p>O situa\u021bie comic\u0103 a avut loc c\u00e2nd sportivii francezi au efectuat salutul olimpic la festivitatea de deschidere \u0219i \u00eentreg stadionul, o sut\u0103 de mii de spectatori germani, au izbucnit \u00een urale frenetice crez\u00e2nd c\u0103 francezii l-au salutat pe\u2026 Hitler.<\/p>\n<p>\u00a0<\/p>\n<p>\u00cen SUA, propaganda anti-german\u0103 s-a focusat \u0219i pe renun\u021barea la salutul Bellamy de onorare a Drapelului. Filmul \u201dDictatorul\u201d al lui Charlie Chaplin, lansat \u00een 1940, a avut un rol important \u00een asocierea salutului \u201droman\u201d cu nazismul \u0219i cu Hitler, \u0219i \u00een ridiculizarea acestuia prin umorul ieftin, specific lui Chaplin, adresat publicului patibular.<\/p>\n<table>\n<tbody>\n<tr>\n<td width=\"301\"><img loading=\"lazy\" decoding=\"async\" class=\"alignnone wp-image-282 lazy entered loaded\" src=\"https:\/\/www.tociu.ro\/wp-content\/uploads\/2026\/06\/Screenshot_20260423_215455_Google-300x232.jpg\" alt width=\"308\" height=\"238\" data-ll-status=\"loaded\"><\/td>\n<td width=\"301\"><strong>Charlie Chaplin a abuzat Constitu\u021bia \u021b\u0103rii \u00een care s-a realizat ca om \u2013 SUA, care garanteaz\u0103 dreptul la liber\u0103 exprimare, \u0219i a ridiculizat conduc\u0103torii unor \u021b\u0103ri cu care SUA avea rela\u021bii diplomatice.<\/strong>\u00a0<\/p>\n<p><strong>Era con\u0219tient c\u0103 \u00een acest fel ridiculiza \u0219i salutul de onorare a drapelului SUA (filmul Dictatorul, 1940).<\/strong><\/p>\n<p><strong>A fost expulzat din SUA \u00een 1952 pentru mesajele comuniste din filmele sale.<\/strong><\/p>\n<\/td>\n<\/tr>\n<\/tbody>\n<\/table>\n<p>Dup\u0103 filmul lui Charlie Chaplin au ap\u0103rut cet\u0103\u021benii \u201danti-fasci\u0219ti\u201d, precursorii organiza\u021biei actuale AntiFa, care au propus ca \u00een \u0219colile din SUA s\u0103 se schimbe modul de executare a salutului de onorare a Drapelului, pentru unicul motiv c\u0103 \u00eel adoptase Germania nazist\u0103.<\/p>\n<p>Mul\u021bi americani, organiza\u021biile patriotice \u0219i asocia\u021biile de veterani au luat atitudine \u00eempotriva presiunilor care se f\u0103ceau pentru renun\u021barea la acest salut, \u0219i chiar \u0219i asocia\u021bia descenden\u021bilor eroilor care au fondat SUA. Ace\u0219tia considerau c\u0103 era absurd ca poporul american s\u0103 \u00ee\u0219i schimbe jur\u0103m\u00e2ntul de loialitate fa\u021b\u0103 de Drapel, devenit tradi\u021bional, doar pentru c\u0103 salutul fusese adoptat de alt\u0103 \u021bar\u0103. Genera\u021bia de americani care crescuse cu acest salut, cei care \u00eel f\u0103cuser\u0103 cu m\u00e2ndrie \u00eencep\u00e2nd de la gr\u0103dini\u021b\u0103 \u0219i p\u00e2n\u0103 c\u00e2nd ajunseser\u0103 \u00een baston, se opuneau ca ni\u0219te agitatori s\u0103-i opreasc\u0103 pe urma\u0219ii lor s\u0103-l mai foloseasc\u0103 doar pentru c\u0103 un \u0219ef de trib de peste ocean \u00eei copiase.<\/p>\n<p>Odat\u0103 cu intrarea SUA \u00een r\u0103zboiul contra Germaniei naziste, guvernul a ini\u021biat un program de control psihologic al popula\u021biei \u00een care rolul principal a revenit presei. S-au reluat acuza\u021biile \u00eempotriva Germaniei din primul r\u0103zboi mondial, cum c\u0103 omor\u00e2se 6 milioane de evrei \u0219i, \u00een acest context, Congresul american a votat, \u201dnoaptea ca ho\u021bii\u201d, ca salutul Bellamy cu m\u00e2na \u00eentins\u0103 s\u0103 fie \u00eenlocuit cu salutul masonic, prin ducerea m\u00e2inii la inim\u0103 (1942). De fapt, modificarea s-a f\u0103cut prin mai multe legi, date progresiv, folosind strategia fierberii broa\u0219tei \u2013 \u00eencet, ca s\u0103 nu anticipeze finalul.<\/p>\n<p>Peste c\u00e2\u021biva ani, Congresul avea s\u0103 voteze, sub pretextul de a eviden\u021bia cre\u0219tinismul democra\u021biei fa\u021b\u0103 de ateismul comunist, \u0219i renun\u021barea la deviza oficial\u0103 a SUA \u2013 \u201dE pluribus unum\u201d \u2013 \u0219i s\u0103 o \u00eenlocuiasc\u0103 cu cea actual\u0103, eviscerat\u0103 de patriotism, \u201dIn God we trust\u201d.<\/p>\n<p>Se poate re\u021bine c\u0103 renun\u021barea la salutul roman \u0219i la deviza na\u021bional\u0103 s-au produs \u00een SUA f\u0103r\u0103 o consultare democratic\u0103 \u0219i total \u00eempotriva voin\u021bei organiza\u021biilor patriotice reprezentative, iar pretextul oficial a fost reac\u021bia la ac\u021biunile altor \u021b\u0103ri.<\/p>\n<p>Ca urmare a faptului c\u0103 Germania a pierdut r\u0103zboiul, \u201dsalutul roman\u201d a fost interzis \u00een \u021b\u0103rile c\u0103zute sub hegemonia SUA, conform principiului \u201dVae victis\u201d (vai de \u00eenvin\u0219i pentru c\u0103 \u00eenving\u0103torul poate comite orice demen\u021b\u0103 \u00eempotriva lor).<\/p>\n<p>\u00a0<\/p>\n<p><strong><u>11. Situa\u021bia juridic\u0103 european\u0103 pentru \u201dsalutul roman\u201d<\/u><\/strong><\/p>\n<p>A\u0219a cum era de a\u0219teptat, \u00eenving\u0103torii SUA \u0219i URSS au interzis toate formele de \u201dsalut roman\u201d \u00een \u021b\u0103rile pe care le-au ocupat militar, cu pretextul c\u0103 simbolistica acestuia ar fi fost iremediabil compromis\u0103 de ideologia nazist\u0103 \u0219i c\u0103 nu mai poate fi folosit deoarece provoac\u0103 ofens\u0103.<\/p>\n<p>\u00cens\u0103, ceea ce nu are justificare legal\u0103 \u0219i deontologic\u0103, este politica editorial\u0103 sincron\u0103 a \u00eentregii prese democratice de a ascunde trecutul acestui salut \u0219i a modului \u00een care a fost abandonat. Printre sutele de filme \u0219i milioanele de fotografii din presa ultimilor 50 de ani cu referire la perioada interbelic\u0103 din SUA, a\u021bi v\u0103zut undeva salutul Bellamy ca stare de normalitate a acelui timp? \u00cen momentul \u00een care avem c\u00e2teva genera\u021bii care nu \u0219tiu c\u0103 acest salut a fost folosit \u00een Democra\u021bie timp de 150 de ani, ca form\u0103 de celebrare a Democra\u021biei, se poate trage concluzia c\u0103 guvernele desf\u0103\u0219oar\u0103 o activitate sus\u021binut\u0103 \u0219i coordonat\u0103 de modificare a trecutului, folosind principiul: \u201dCe nu se \u0219tie, nu a existat\u201d! Este normal ca presa, cinematografia \u0219i sistemul de \u00eenv\u0103\u021b\u0103m\u00e2nt s\u0103 ne ascund\u0103 un trecut \u00eenc\u0103rcat cu m\u00e2ndrie \u0219i patriotism?<\/p>\n<p>Comitetul Olimpic Interna\u021bional a renun\u021bat imediat dup\u0103 WW2 la utilizarea salutului olimpic, evident c\u0103 din cauza conformismului cu corectitudinea politic\u0103 a noii ordini mondiale.<\/p>\n<p>\u00cen mod ironic, efectuarea salutului roman\/ nazist\/ fascist\/ legionar este legal\u0103 \u00een SUA, deoarece primul amendament al Constitu\u021biei protejeaz\u0103 dreptul la libera exprimare a ideilor (chiar dac\u0103 ele sunt considerate ofensatoare de c\u0103tre unii), \u00een schimb SUA impun legisla\u021bii restrictive \u00een toate \u021b\u0103rile \u00een care pot. Democra\u021bia garanteaz\u0103 egalitatea \u00een drepturi, dar cei n\u0103scu\u021bi \u00een SUA sunt mai egali dec\u00e2t ceilal\u021bi.<\/p>\n<table>\n<tbody>\n<tr>\n<td width=\"301\"><img loading=\"lazy\" decoding=\"async\" class=\"alignnone wp-image-283 lazy entered loaded\" src=\"https:\/\/www.tociu.ro\/wp-content\/uploads\/2026\/06\/Elon-Musk-300x214.jpeg\" alt width=\"398\" height=\"284\" data-ll-status=\"loaded\"><\/td>\n<td width=\"301\"><strong>De ce Democra\u021bia \u00eei permite lui Elon Musk s\u0103 fac\u0103 acest gest \u00een SUA, dar \u00eel bag\u0103 la \u00eenchisoare pe \u201dElian Musc\u0103\u201d dac\u0103 face la fel \u00een Rom\u00e2nia?<\/strong>\u00a0<\/p>\n<p><strong>De ce Congresul Mondial Evreiesc a zis c\u0103 gestul lui Elon Musk a fost doar un \u201dexces de entuziasm\u201d, dar zice cu totul altceva dac\u0103 \u201dElian Musc\u0103\u201d face un gest identic \u00een Rom\u00e2nia?<\/strong><\/p>\n<\/td>\n<\/tr>\n<\/tbody>\n<\/table>\n<p>A\u0219adar, \u00een SUA nu exist\u0103 nicio restric\u021bie privind salutul roman, dec\u00e2t dac\u0103 acesta exprim\u0103 un pericol iminent de agresiune, adic\u0103 e folosit similar cu Allah Akbar.<\/p>\n<p>\u00cen mod identic \u0219i \u00een Marea Britanie.<\/p>\n<p>\u00cen Uniunea European\u0103, situa\u021bia difer\u0103 de la \u021bar\u0103 la \u021bar\u0103, dar per ansamblu exist\u0103 o presiune politic\u0103 venit\u0103 dinspre SUA pentru interzicerea salutului roman.<\/p>\n<p>Cum era de a\u0219teptat, \u021b\u0103rile care au bocancul american pe cap din 1944 \u00eencoace ofer\u0103 \u00eenchisoare de la 3 la 5 ani pentru salutul roman: Germania \u0219i Austria. Perfec\u021biunea german\u0103 se manifest\u0103 la fel \u0219i pentru turi\u0219ti, \u0219i pentru ignoran\u021bi, \u0219i pentru cei care fac glume, iar elevii nu au voie s\u0103 ridice m\u00e2na dreapt\u0103 \u00een clas\u0103 ca s\u0103 r\u0103spund\u0103.<\/p>\n<p>La polul opus este Elve\u021bia, unde salutul este legal dac\u0103 nu este folosit ca manifestare a rasismului. Explica\u021bia este c\u0103, de sute de ani, Elve\u021bia este \u021bara european\u0103 cea mai preg\u0103tit\u0103 militar s\u0103 se apere, a\u0219a c\u0103 nimeni nu a \u00eencercat s\u0103 se fac\u0103 de r\u00e2s impun\u00e2ndu-i ceva.<\/p>\n<p>\u00cen mod similar, nici Irlanda nu are o lege care s\u0103 interzic\u0103 salutul roman, dar el poate fi considerat ca o form\u0103 de nazism dac\u0103 este f\u0103cut \u00eentr-un context de ur\u0103 rasial\u0103.<\/p>\n<p>Irlanda este o \u021bar\u0103 foarte relaxat\u0103 cu trecutul ei fascist. Chiar dac\u0103 organiza\u021bia fascist\u0103 \u201dC\u0103m\u0103\u0219ile albastre\u201d a fost dizolvat\u0103 \u00een 1934 de pre\u0219edintele Irlandei, membrii s\u0103i au format partide care s-au perpetuat p\u00e2n\u0103 azi \u0219i nu exist\u0103 niciun oprobiu public pentru trecutul lor.<\/p>\n<table>\n<tbody>\n<tr>\n<td width=\"331\"><img loading=\"lazy\" decoding=\"async\" class=\"alignnone wp-image-284 lazy entered loaded\" src=\"https:\/\/www.tociu.ro\/wp-content\/uploads\/2026\/06\/Camasile-Albastre-Fina-Gael-1-300x207.jpeg\" alt width=\"407\" height=\"281\" data-ll-status=\"loaded\"><\/td>\n<td width=\"270\"><strong>Fotografie publicat\u0103 de Irish Times (cel mai important ziar din Irlanda) \u00een 2021:<\/strong>\u00a0<\/p>\n<p><strong>Liderul partidului Fina Gael (\u00een costum negru) \u00een 1934.<\/strong><\/p>\n<p><strong>Fina Gael este unul dintre principalele partide parlamentare din Irlanda.<\/strong><\/p>\n<\/td>\n<\/tr>\n<\/tbody>\n<\/table>\n<p>Explica\u021bia este faptul c\u0103 lobby-ul irlandez este al doilea cel mai puternic din SUA, dup\u0103 cel evreiesc. 40 de milioane de descenden\u021bi ai imigran\u021bilor din Irlanda, bine organiza\u021bi, au un cuv\u00e2nt greu \u00een politica extern\u0103 a SUA, mai ales c\u0103 irlandezii au fost constructorul \u0219i vioara americii.<\/p>\n<p>\u00cen Spania, prima lege care restric\u021bioneaz\u0103 utilizarea salutului roman \u00een public a fost dat\u0103 recent, \u00een 2022. Exist\u0103 o puternic\u0103 opozi\u021bie popular\u0103 la aceast\u0103 lege \u0219i salutul este \u00eenc\u0103 permis \u00eentr-o multitudine de situa\u021bii, \u00een special la comemor\u0103ri ale lupt\u0103torilor anti-comuni\u0219ti.<\/p>\n<table>\n<tbody>\n<tr>\n<td width=\"301\"><img loading=\"lazy\" decoding=\"async\" class=\"alignnone wp-image-285 lazy entered loaded\" src=\"https:\/\/www.tociu.ro\/wp-content\/uploads\/2026\/06\/Spania-1-300x217.jpeg\" alt width=\"422\" height=\"305\" data-ll-status=\"loaded\"><\/td>\n<td width=\"301\"><strong>\u00a0<\/strong><strong>A\u0219a a fost \u00een Spania p\u00e2n\u0103 \u00een 2022.<\/strong>\u00a0<\/p>\n<p><strong>Comuni\u0219tii au pierdut r\u0103zboiul cu spaniolii condu\u0219i de Franco, dar azi\u00a0<\/strong><strong>l-au c\u00e2\u0219tigat folosind propaganda finan\u021bat\u0103 din SUA.<\/strong><\/p>\n<\/td>\n<\/tr>\n<\/tbody>\n<\/table>\n<p>\u00cen mod similar \u00een Portugalia, introducerea interdic\u021biei s-a f\u0103cut recent \u0219i aplicarea legii depinde de interpretarea care se d\u0103 salutului. Portughezii, la fel ca spaniolii, uit\u0103 greu c\u0103 regimul fascist i-a sc\u0103pat de cea mai mare nenorocire a secolului XX \u2013 r\u0103zboiul.<\/p>\n<p>\u00cen Olanda, statuia din fa\u021ba stadionului olimpic din Amsterdam, ridicat\u0103 \u00een 1924 \u00een cinstea organizatorului jocurilor olimpice, a fost mutat\u0103 \u00een anul 2022, la ordin politic, \u00eentr-un loc \u00een care mai poate fi v\u0103zut\u0103 numai \u00eenso\u021bit de un ghid al stadionului. Statuia a fost vandalizat\u0103, \u00een mod ilegal, \u00eenainte de mutare, \u00eens\u0103 poli\u021bia, justi\u021bia \u0219i presa au \u00eenchis ochii, la ordin politic\u2026 c-a\u0219a e-n Democra\u021bie.<\/p>\n<p>\u00cen majoritatea statelor europene au ap\u0103rut solicit\u0103ri ale presei \u0219i politicienilor pentru introducerea unei legisla\u021bii mai restrictive fa\u021b\u0103 de utilizarea salutului roman, interpretat ca o form\u0103 de adeziune la ideologia fascist\u0103, invoc\u00e2ndu-se o recrudescen\u021b\u0103 a agresiunilor antisemite. \u00cen realitate, s-a dovedit c\u0103 multe dintre agresiuni au fost comise chiar de evrei cu scopul de a oferi pretexte pentru \u00een\u0103sprirea legisla\u021biei.<\/p>\n<p>O schimbare radical\u0103 a venit din Italia, unde judec\u0103torii au refuzat \u00een anul 2026 s\u0103 condamne un grup de tineri care au efectuat salutul fascist \u00een public, pentru motivul c\u0103 erau \u00eentr-un context care nu prezenta o amenin\u021bare pentru cineva.<\/p>\n<table>\n<tbody>\n<tr>\n<td width=\"301\"><img loading=\"lazy\" decoding=\"async\" class=\"alignnone wp-image-286 lazy entered loaded\" src=\"https:\/\/www.tociu.ro\/wp-content\/uploads\/2026\/06\/Italia-300x188.jpeg\" alt width=\"428\" height=\"268\" data-ll-status=\"loaded\"><\/td>\n<td width=\"301\"><strong>Tineri fasci\u0219ti italieni salut\u00e2nd \u00een stil fascist, \u00een anul 2026, \u00een mod legal.<\/strong>\u00a0<\/p>\n<p><strong>Dac\u0103 legisla\u021bia UE s-ar aplica \u00een Rom\u00e2nia, a\u0219a cum se declar\u0103, nu ar mai putea fi incrimina\u021bi rom\u00e2nii care efectueaz\u0103 salutul legionar la comemor\u0103ri sau ritualuri funerare.<\/strong><\/p>\n<\/td>\n<\/tr>\n<\/tbody>\n<\/table>\n<p>Din punct de vedere juridic, decizia justi\u021biei italiene va da dureri de cap celorlalte \u021b\u0103ri europene, deoarece jurispruden\u021ba se presupune c\u0103 trebuie s\u0103 fie uniform\u0103 \u00een toate statele UE.<\/p>\n<p>Trebuie men\u021bionat c\u0103, \u00een \u021b\u0103rile europene \u00een care legisla\u021bia permite salutul roman, serviciile secrete fac presiuni ilegale pentru asasinarea social\u0103 a celor care \u00eel efectueaz\u0103: patronii sunt for\u021ba\u021bi s\u0103 \u00eei concedieze, altfel sunt asalta\u021bi de controale \u0219i falimenta\u021bi, \u0219colile exmatriculeaz\u0103 elevii \u0219i studen\u021bii \u00een cauz\u0103, altfel sunt asaltate de controale de la Ministerul \u00cenv\u0103\u021b\u0103m\u00e2ntului, poli\u021bia nu intervine la agresarea lor fizic\u0103 de c\u0103tre bandele de anarhi\u0219ti \u0219i extremi\u0219ti de st\u00e2nga etc. Concluzia este c\u0103 institu\u021biile statelor democratice se comport\u0103 exact ca cele din Germania nazist\u0103, dar \u00een sens invers.<\/p>\n<p>Iar pentru ca similitudinea s\u0103 fie perfect\u0103, s-au creat \u0219i desene animate de propagand\u0103 pe tiparul celor naziste: dac\u0103 nazi\u0219tii ridiculizau evreii \u0219i cultura lor, arti\u0219tii democra\u021bi ridiculizeaz\u0103 salutul roman \u0219i semnifica\u021biile sale.<\/p>\n<table>\n<tbody>\n<tr>\n<td width=\"301\"><img loading=\"lazy\" decoding=\"async\" class=\"alignnone wp-image-287 lazy entered loaded\" src=\"https:\/\/www.tociu.ro\/wp-content\/uploads\/2026\/06\/Screenshot_20260417_191757_Google-300x219.jpg\" alt width=\"399\" height=\"291\" data-ll-status=\"loaded\"><\/td>\n<td width=\"301\"><strong>Timp de zeci de ani, serialul de benzi desenate \u0219i ulterior de desene animate \u201dAsterix \u0219i Obelix\u201d a asociat salutul roman cu excesul, ipocrizia, \u00a0brutalitatea, nevoile fiziologice.<\/strong>\u00a0<\/p>\n<p><strong>Istoricii consider\u0103 c\u0103 autorul evreu al desenelor a f\u0103cut o paralel\u0103 \u00eentre rezisten\u021ba opus\u0103 armatei romane de un mic sat de gali \u0219i rezisten\u021ba evreilor la integrare \u0219i la holocaust.<\/strong><\/p>\n<\/td>\n<\/tr>\n<\/tbody>\n<\/table>\n<p>\u00a0<\/p>\n<p><strong><u>12. Rolul internetului \u00een interzicerea salutului roman<\/u><\/strong><\/p>\n<p>Tot ce \u021bine de comunicarea prin internet este supus controlului celor care de\u021bin butonul on-off, care se afl\u0103 deocamdat\u0103 \u00een SUA.<\/p>\n<p>Prima idee important\u0103 este c\u0103 nu exist\u0103 nicio modalitate electronic\u0103 de comunicare care s\u0103 nu poat\u0103 fi interceptat\u0103 \u0219i decodat\u0103. Dosarele penale sunt pline cu convorbiri \u0219i poze luate de pe WhatsApp sau de pe alte canale care zic c\u0103 garanteaz\u0103 confiden\u021bialitatea, a\u0219adar serviciile secrete sunt capabile s\u0103 asculte \u0219i s\u0103 vad\u0103 tot\u2026 \u0219i \u00een special pe utilizatorii salutului roman. Serviciile pot recupera chiar \u0219i discu\u021biile care ulterior sunt \u0219terse. Nu exist\u0103 intimitate dac\u0103 \u00een apropiere se afl\u0103 orice fel de component\u0103 electric\u0103, chiar \u0219i un bec. \u00cen Democra\u021bie, cei care folosesc salutul roman sunt monitoriza\u021bi intensiv de servicii, chiar dac\u0103 o fac legal.<\/p>\n<p>A doua idee: re\u021belele de socializare au mecanisme de cenzurare a oric\u0103rei informa\u021bii incorecte politic \u0219i de urm\u0103rire a activit\u0103\u021bii persoanelor incomode. Practic, \u00een cazul \u00een care mesajele nu le sunt \u0219terse automat pe motiv de \u201d\u00eenc\u0103lcare a regulilor\u201d, se blocheaz\u0103 orice posibilitate de r\u0103sp\u00e2ndire a lor \u00een afara unei bule. Singura posibilitate ca s\u0103 nu se ajung\u0103 s\u0103 se vorbeasc\u0103 la pere\u021bi este de stabilire de contacte personale cu cei cu opinii similare \u0219i de l\u0103rgire continu\u0103 a cercului. Evident, e aproape imposibil de realizat practic.<\/p>\n<p>A treia: trebuie insistat foarte mult pentru g\u0103sirea informa\u021biilor importante adev\u0103rate, deoarece strategia st\u0103p\u00e2nilor internetului este s\u0103 le acopere cu un munte de non-informa\u021bii sau cu unele concepute special s\u0103 induc\u0103 \u00een eroare.<\/p>\n<table>\n<tbody>\n<tr>\n<td width=\"301\"><img loading=\"lazy\" decoding=\"async\" class=\"alignnone wp-image-289 lazy entered loaded\" src=\"https:\/\/www.tociu.ro\/wp-content\/uploads\/2026\/06\/AI-scouts-salut-roman-300x198.jpeg\" alt width=\"364\" height=\"240\" data-ll-status=\"loaded\"><\/td>\n<td width=\"301\"><strong>R\u0103spuns de AI tipic pentru a induce \u00een eroare.<\/strong>\u00a0<\/p>\n<p><strong>\u00cen realitate, salutul scouts ini\u021bial a fost modificat tocmai pentru c\u0103 se asem\u0103na cu salutul roman la nivel de confuzie.<\/strong><\/p>\n<p><strong>\u00cen anul 1907, c\u00e2nd salutul scouts a fost \u201dinventat\u201d, salutul roman era obligatoriu \u00een toate \u0219colile din SUA de 20 de ani!<\/strong><\/p>\n<\/td>\n<\/tr>\n<\/tbody>\n<\/table>\n<p>A patra: AI-ul este \u201domul lor\u201d. Nu te baza pe el. C\u00e2nd \u00ee\u021bi spune c\u0103 ceva nu exist\u0103, insist\u0103 s\u0103 cau\u021bi. Marea majoritate a informa\u021biilor din aceast\u0103 lucrare a fost g\u0103sit\u0103 dup\u0103 ce AI-ul a zis c\u0103 nu exist\u0103 a\u0219a ceva.<\/p>\n<p>\u00a0<\/p>\n<p><strong><u>13. Situa\u021bia juridic\u0103 interna\u021bional\u0103 pentru \u201dsalutul roman\u201d<\/u><\/strong><\/p>\n<p>Exist\u0103 popoare \u00een afara Europei care \u0219i-au manifestat libertatea \u0219i suveranitatea \u0219i prin refuzul de a le fi controlate simbolurile identitare.<\/p>\n<p>\u00cen Mexic, salutul roman este folosit \u00een continuare \u00een mod oficial, chiar \u0219i de c\u0103tre elevi \u00een \u0219coli.<\/p>\n<table>\n<tbody>\n<tr>\n<td width=\"301\"><img loading=\"lazy\" decoding=\"async\" class=\"alignnone wp-image-221 lazy entered loaded\" src=\"https:\/\/www.tociu.ro\/wp-content\/uploads\/2026\/06\/Mexic-copii-300x177.jpeg\" alt width=\"356\" height=\"210\" data-ll-status=\"loaded\"><\/td>\n<td width=\"301\"><strong>Elevi mexicani la o ceremonie \u0219colar\u0103.<\/strong><\/td>\n<\/tr>\n<\/tbody>\n<\/table>\n<p>Depunerea jur\u0103m\u00e2ntului de investire \u00een fa\u021ba Parlamentului de c\u0103tre pre\u0219edintele mexican se face \u00een continuare folosind salutul roman.<\/p>\n<table>\n<tbody>\n<tr>\n<td width=\"301\"><img loading=\"lazy\" decoding=\"async\" class=\"alignnone wp-image-290 lazy entered loaded\" src=\"https:\/\/www.tociu.ro\/wp-content\/uploads\/2026\/06\/Mexic-Presedinte-300x202.jpeg\" alt width=\"400\" height=\"269\" data-ll-status=\"loaded\"><\/td>\n<td width=\"301\"><strong>Evreica Claudia Sheinbaum a fost aleas\u0103 pre\u0219edinte al Mexicului \u00een 2025 \u0219i a depus jur\u0103m\u00e2ntul \u00een modul \u00een care se face \u00een Mexic.<\/strong><\/td>\n<\/tr>\n<\/tbody>\n<\/table>\n<table>\n<tbody>\n<tr>\n<td width=\"301\"><img loading=\"lazy\" decoding=\"async\" class=\"alignnone wp-image-291 lazy entered loaded\" src=\"https:\/\/www.tociu.ro\/wp-content\/uploads\/2026\/06\/Mexic-fata-saluta-287x300.jpeg\" alt width=\"327\" height=\"342\" data-ll-status=\"loaded\"><\/td>\n<td width=\"301\"><strong>Expresia m\u00e2ndriei mexicane.<\/strong><\/td>\n<\/tr>\n<\/tbody>\n<\/table>\n<p>\u00cen India, salutul roman a fost introdus \u00een anii 1950, \u00een total dispre\u021b fa\u021b\u0103 de politica interna\u021bional\u0103. Militarii \u00eel folosesc \u00een continuare la depunerea jur\u0103m\u00e2ntului de credin\u021b\u0103 fa\u021b\u0103 de \u021bar\u0103 \u0219i el simbolizeaz\u0103 tot ceea ce a reprezentat acesta \u00een pictura lui David.<\/p>\n<p>Elevii din India salut\u0103 a\u0219a cum o f\u0103ceau elevii din SUA p\u00e2n\u0103 \u00een 1942.<\/p>\n<table>\n<tbody>\n<tr>\n<td width=\"301\"><img loading=\"lazy\" decoding=\"async\" class=\"alignnone wp-image-292 lazy entered loaded\" src=\"https:\/\/www.tociu.ro\/wp-content\/uploads\/2026\/06\/India-elevi-300x194.jpeg\" alt width=\"364\" height=\"235\" data-ll-status=\"loaded\"><\/td>\n<td width=\"301\"><strong>\u00a0<\/strong><strong>C\u00e2nd ridic\u0103 bra\u021bul, elevii din India strig\u0103 \u201dJail Hind!\u201d \u2013 un slogan popular care \u00eenseamn\u0103 un fel de \u201dHeil India!\u201d<\/strong><\/td>\n<\/tr>\n<\/tbody>\n<\/table>\n<p>\u00a0<\/p>\n<table>\n<tbody>\n<tr>\n<td width=\"301\"><img loading=\"lazy\" decoding=\"async\" class=\"alignnone wp-image-293 lazy entered loaded\" src=\"https:\/\/www.tociu.ro\/wp-content\/uploads\/2026\/06\/India-desculti-300x190.jpeg\" alt width=\"343\" height=\"217\" data-ll-status=\"loaded\"><\/td>\n<td width=\"301\"><strong>Elevi indieni descul\u021bi, dar educa\u021bi s\u0103 nu lase pe nimeni s\u0103 fac\u0103 legea \u00een \u021bara lor.<\/strong><\/td>\n<\/tr>\n<\/tbody>\n<\/table>\n<p>\u00a0<\/p>\n<p><strong><u>14. Situa\u021bia juridic\u0103 \u00een Rom\u00e2nia pentru salutul roman<\/u><\/strong><\/p>\n<p>\u00cen Rom\u00e2nia, salutul roman se rezum\u0103 la salutul legionar. \u0218coala \u0219i presa \u0219terg din memoria colectiv\u0103 faptul c\u0103 salutul roman a fost utilizat \u00een Rom\u00e2nia de multe organiza\u021bii democratice, \u0219i chiar de regii Carol2 \u0219i Mihai.<\/p>\n<p>\u00cencep\u00e2nd cu 1989, legisla\u021bia referitoare la acesta a exprimat ura puterii politice post-decembriste fa\u021b\u0103 de fenomenul legionar interbelic. Explica\u021bia este c\u0103 persoanele care au preluat conducerii \u021b\u0103rii dup\u0103 1989 au fost, \u0219i unii \u00eenc\u0103 sunt, copiii \u0219i nepo\u021bii celor \u00eempotriva c\u0103rora au militat legionarii. Ei tr\u0103iesc cu teama c\u0103 doctrina legionar\u0103 poate fi germenele unei mi\u0219c\u0103ri politice na\u021bionaliste \u00eendreptate \u00eempotriva familiilor lor dinastice, care promovau comunismul atunci c\u00e2nd exprimau interesele Uniunii Sovietice, iar dup\u0103 1989 afi\u0219eaz\u0103 o fa\u021b\u0103 democratic\u0103.<\/p>\n<p>Imediat dup\u0103 Revolu\u021bie, fo\u0219tii legionari, b\u0103tr\u00e2ni trecu\u021bi de 70 de ani, se manifestau \u0219i vorbeau deschis despre trecutul lor, sim\u021bindu-se \u00een deplin\u0103 legalitate dup\u0103 50 de ani de persecu\u021bii.<\/p>\n<table>\n<tbody>\n<tr>\n<td width=\"301\"><img loading=\"lazy\" decoding=\"async\" class=\"alignnone wp-image-248 lazy entered loaded\" src=\"https:\/\/www.tociu.ro\/wp-content\/uploads\/2026\/06\/Tancabesti-2004-300x180.jpeg\" alt width=\"355\" height=\"213\" data-ll-status=\"loaded\"><\/td>\n<td width=\"301\"><strong>Comemorare legionar\u0103 \u00een anul 2002.<\/strong><\/td>\n<\/tr>\n<\/tbody>\n<\/table>\n<p>A fost o perioad\u0103 \u00een care legionarii organizau multe evenimente comemorative, \u00een toat\u0103 \u021bara, unde participan\u021bii efectuau salutul legionar \u00een public, alinia\u021bi \u00een r\u00e2nduri, at\u00e2t b\u0103tr\u00e2nii legionari c\u00e2t \u0219i mul\u021bimea de tineri adep\u021bi. \u00cen cel mai r\u0103u caz, erau privi\u021bi ca o curiozitate de cei care se uitaser\u0103 cu gura c\u0103scat\u0103 la filmele cu legionari ale lui Sergiu Nicolaescu.<\/p>\n<table>\n<tbody>\n<tr>\n<td width=\"301\"><img loading=\"lazy\" decoding=\"async\" class=\"alignnone wp-image-294 lazy entered loaded\" src=\"https:\/\/www.tociu.ro\/wp-content\/uploads\/2026\/06\/Concert-legionar-300x173.jpeg\" alt width=\"393\" height=\"227\" data-ll-status=\"loaded\"><\/td>\n<td width=\"301\"><strong>Concert public cu muzic\u0103 na\u021bionalist\u0103 \u00een 2004 \u00eentr-un club celebru din Bucure\u0219ti<\/strong>\u00a0<\/p>\n<p><strong>Atmosfera era similar\u0103 \u00een Cluj \u0219i \u00een Timi\u0219oara. Erau sute de participan\u021bi.<\/strong><\/p>\n<\/td>\n<\/tr>\n<\/tbody>\n<\/table>\n<p>Guvernul nu putea lua m\u0103suri juridice \u00eempotriva lor, deoarece\u00a0<strong>imediat dup\u0103 Revolu\u021bie rom\u00e2nii percepeau libertatea prin sentimentul c\u0103 erau egali cu \u201damericanii\u201d \u00een ceea ce prive\u0219te drepturile aduse de Democra\u021bie, printre care \u0219i libertatea de exprimare a ideilor politice.<\/strong><\/p>\n<p>\u00cen schimb, SRI-ul a minimizat \u00een secret efectele: presa \u0219i televiziunile au fost oprite s\u0103 informeze \u0219i s\u0103 fac\u0103 emisiuni cu legionarii care fuseser\u0103 implica\u021bi \u00een evenimente istorice majore pentru a se afla, la prima m\u00e2n\u0103, informa\u021bii despre asasinarea lui Duca, Armand C\u0103linescu, Iorga \u0219i Madgearu, cele de la \u00eenchisoarea Jilava \u0219i din p\u0103durea Jilava, rebeliunea, devastarea cartierului evreiesc din Bucure\u0219ti, povestea cu abatorul etc. Azi, \u00een absen\u021ba m\u0103rturiilor martorilor \u0219i a dovezilor pe care puteau s\u0103 le aduc\u0103, se poate fabula orice.<\/p>\n<p>Semnalul juridic c\u0103 lucrurile urmau s\u0103 se schimbe a fost OUG 31 din 2002. Ordonan\u021ba nu a afectat folosirea salutului legionar, \u00eens\u0103 a fost pretextul pentru ini\u021bierea unei campanii de \u00eendoctrinare a elevilor \u0219i tinerilor cu no\u021biuni de genul \u201dintimidare\u201d, \u201datmosfer\u0103 ostil\u0103\u201d, \u201dur\u0103\u201d, \u201dinstigare la ur\u0103\u201d, \u201ddiscriminare indirect\u0103\u201d, \u201dnega\u021bionism\u201d etc. Programul a fost desf\u0103\u0219urat \u00een \u0219coli de c\u0103tre ong-uri finan\u021bate \u00een abunden\u021b\u0103 din str\u0103in\u0103tate, a fost sus\u021binut de pres\u0103 \u0219i de ministerul \u00eenv\u0103\u021b\u0103m\u00e2ntului \u0219i unul dintre scopurile nedeclarate a fost discreditarea Mi\u0219c\u0103rii Legionare.<\/p>\n<p>A urmat HG 902\/2005, prin care s-a \u00eenfiin\u021bat Institutul Na\u021bional pentru Studierea Holocaustului din Rom\u00e2nia \u201dElie Wiesel\u201d. Prin intermediul acestuia, \u00eendoctrinarea a trecut la nivel superior, prin organizarea de cursuri pentru profesorii de istorie, despre cum s\u0103-i \u00eenve\u021be pe elevi o istorie conceput\u0103 de propagandi\u0219ti.<\/p>\n<table>\n<tbody>\n<tr>\n<td width=\"301\"><img loading=\"lazy\" decoding=\"async\" class=\"alignnone wp-image-295 lazy entered loaded\" src=\"https:\/\/www.tociu.ro\/wp-content\/uploads\/2026\/06\/Legionarismul-Caplescu-Edupedu-1-300x246.jpeg\" alt width=\"382\" height=\"313\" data-ll-status=\"loaded\"><\/td>\n<td width=\"301\"><strong>Profesor de istorie de la un liceu din Capital\u0103 care prime\u0219te recunoa\u0219tere media pentru participarea la programul Ministerului \u00cenv\u0103\u021b\u0103m\u00e2ntului de \u00eendoctrinare a elevilor.<\/strong>\u00a0<\/p>\n<p><strong>Echivalentul acestei activit\u0103\u021bi \u00een timpul comunismului era materia numit\u0103 \u201dSocialism \u0219tiin\u021bific\u201d \u0219i profesorii care o predau erau recompensa\u021bi cu promovare profesional\u0103 rapid\u0103.<\/strong><\/p>\n<\/td>\n<\/tr>\n<\/tbody>\n<\/table>\n<table>\n<tbody>\n<tr>\n<td width=\"301\"><img loading=\"lazy\" decoding=\"async\" class=\"alignnone wp-image-296 lazy entered loaded\" src=\"https:\/\/www.tociu.ro\/wp-content\/uploads\/2026\/06\/Legionarismul-Caplescu-Edupedu-2-300x183.jpeg\" alt width=\"393\" height=\"240\" data-ll-status=\"loaded\"><\/td>\n<td width=\"301\"><strong>Nivelul intelectual al unui profesor premiant la cursurile organizate de Institutul \u201dElie Wiesel\u201d:<\/strong>\u00a0<\/p>\n<p><strong>timpul prezent \u0219i trecut folosite simultan.<\/strong><\/p>\n<p><strong>Minciun\u0103 livrat\u0103 elevilor despre subven\u021bii \u2013 \u00een realitate, Mi\u0219carea Legionar\u0103 a fost singura organiza\u021bie politic\u0103 din Rom\u00e2nia care s-a finan\u021bat prin contribu\u021biile membrilor s\u0103i.<\/strong><\/p>\n<\/td>\n<\/tr>\n<\/tbody>\n<\/table>\n<p>Prima lege care a incriminat explicit salutul legionar a fost Legea 217, numit\u0103 \u0219i \u201danti-legionar\u0103\u201d, \u00een 2015. Legea nu a produs efecte aproape deloc, deoarece poli\u021bi\u0219tii \u0219i magistra\u021bii au refuzat s\u0103 renun\u021be la profesionalism \u0219i s\u0103 se transforme \u00een instrumente politice. Aproape toate dosarele deschise la insisten\u021bele Institutului Wiesel au fost solu\u021bionate de procurori cu ne\u00eenceperea urm\u0103ririi penale pe motiv c\u0103 \u201dfapta nu exist\u0103\u201d.<\/p>\n<p>Un exemplu de referin\u021b\u0103 este dosarul penal deschis la presiunea Institutului Wiesel \u00eempotriva unui cet\u0103\u021bean pe motiv c\u0103 a repetat \u00een public o declara\u021bie f\u0103cut\u0103 de\u00a0<strong>pre\u0219edintele statului Israel, \u00een cadru oficial, prin care a mul\u021bumit Rom\u00e2niei pentru c\u0103 a salvat 400.000 de evrei \u00een timpul holocaustului.<\/strong>\u00a0Parchetul a \u201dinvestigat\u201d timp de doi ani dac\u0103 este legal s\u0103 repe\u021bi ce a spus pre\u0219edintele Israelului c\u00e2nd a contrazis retorica oficial\u0103 a Guvernului Rom\u00e2niei exprimat\u0103 de Institutul Wiesel.<\/p>\n<p>Salutul legionar a continuat s\u0103 fie folosit la comemor\u0103rile legionare, \u00eens\u0103 poli\u021bia \u0219i procuratura nu au considerat c\u0103 exista un pericol social care s\u0103 justifice o ac\u021biune legal\u0103.<\/p>\n<p>\u00cen anii 2000-2020, opinia public\u0103 era format\u0103 majoritar din persoane mature, echilibrate emo\u021bional, permisive fa\u021b\u0103 de extravagan\u021bele lipsite de impact social. Genera\u021bia tinerilor \u00eendoctrina\u021bi \u00eenc\u0103 nu ajunsese la maturitate \u0219i nu aveau posturi \u00een institu\u021bii care s\u0103 le ofere p\u00e2rghii de ac\u021biune.<\/p>\n<p>Institutul Wiesel \u0219i-a continuat ac\u021biunea de inginerie social\u0103 \u0219i a produs un manual de istorie a evreilor din Rom\u00e2nia, plin de minciuni. Parlamentul l-a votat ca fiind obligatoriu de \u00eenv\u0103\u021bat de c\u0103tre liceeni, \u0219i to\u021bi profesorii de istorie au fost obliga\u021bi s\u0103 \u00eel predea, altfel \u00ee\u0219i pierdeau locurile de munc\u0103. \u00cen mod ironic, \u00een \u0219coli nu se pred\u0103 istoria rom\u00e2nilor, iar Muzeul Na\u021bional de Istorie a fost \u00eenchis \u00een urm\u0103 cu 25 de ani sub pretext de renovare.<\/p>\n<p>\u00cen plan institu\u021bional s-a trecut la nivelul trei: Ministerul Justi\u021biei \u0219i Ministerul de Interne \u0219i-au trimis angaja\u021bii tineri \u0219i avizi de afirmare la cursurile de \u00eendoctrinare organizate de Institutul Wiesel. Situa\u021bia este similar\u0103 cu cea din anii 1950-1970, c\u00e2nd tinerii dornici s\u0103 avanseze pe scara social\u0103 se \u00eenscriau la cursurile de \u201dpreg\u0103tire ideologic\u0103\u201d organizate de \u201dAcademia \u0218tefan Gheorghiu\u201d pentru a deveni \u201dcadre de n\u0103dejde\u201d ale sistemului. Despre absolven\u021bii de la \u201d\u0218tefan Gheorghiu\u201d, rom\u00e2nii spuneau c\u0103 \u201dnu mai au mam\u0103, nu mai au tat\u0103\u201d\u2026 adic\u0103 nu mai aveau niciun principiu moral care s\u0103-i opreasc\u0103 de la executarea unor ordine antiumane.<\/p>\n<p>Simultan, s-au produs \u00eenscen\u0103ri de evenimente antisemite pe care presa le-a hipermediatizat ca argument c\u0103 guvernul trebuie s\u0103 ia m\u0103suri pentru stoparea antisemitismului.<\/p>\n<table>\n<tbody>\n<tr>\n<td width=\"301\"><img loading=\"lazy\" decoding=\"async\" class=\"wp-image-301 lazy entered loaded alignleft\" src=\"https:\/\/www.tociu.ro\/wp-content\/uploads\/2026\/06\/Maia-Morgenstern-300x206.jpeg\" alt width=\"424\" height=\"291\" data-ll-status=\"loaded\"><\/td>\n<td width=\"301\"><strong>Actri\u021ba Maia Morgenstern s-a exhibat c\u0103 a fost \u021binta unui atac antisemit.<\/strong>\u00a0<\/p>\n<p><strong>Presa a gonflat \u0219tirea, Institutul Wiesel a cerut aplicarea dur\u0103 a Legii anti-legionare.<\/strong><\/p>\n<p><strong>SRI-ul a identificat autorul, un evreu provocator. Procurorii l-au pus \u00een libertate.<\/strong><\/p>\n<p><strong>D-na Morgenstern a \u0219ters urmele acuza\u021biei, presa a t\u0103cut, dar rom\u00e2nii au r\u0103mas speria\u021bi de amenin\u021barea legionar\u0103 \u2013 Scop atins!<\/strong><\/p>\n<\/td>\n<\/tr>\n<\/tbody>\n<\/table>\n<p>Legea 215 \u2013 \u201danti-legionar\u0103\u201d avea o mare problem\u0103: nu putea incrimina legionarii deoarece nu exista o baz\u0103 legal\u0103. Mi\u0219carea legionar\u0103 nu fusese incriminat\u0103 juridic de niciun tribunal, nici conduc\u0103torul ei, Corneliu Zelea Codreanu, nu a fost condamnat pentru genocid sau crime de r\u0103zboi, \u0219i,\u00a0<strong>culmea culmilor, niciun legionar nu a fost vreodat\u0103 condamnat pentru uciderea unui evreu<\/strong>.<\/p>\n<p>Problema a fost rezolvat\u0103 \u00een anul 2025 prin modificarea legii 215 astfel \u00eenc\u00e2t ea s\u0103 incrimineze tot ce \u021bine de legionarism, adic\u0103 \u0219i salutul legionar, pe motiv c\u0103 a\u0219a au vrut parlamentarii \u2013 \u201dreprezentan\u021bii poporului\u201d. Explica\u021bia gestului se g\u0103se\u0219te \u00eentr-o declara\u021bie a pre\u0219edintelui Comunit\u0103\u021bii evreie\u0219ti, Wexler, cum c\u0103 politicienii rom\u00e2ni au fost propulsa\u021bi \u00een func\u021bii de deep-state-ul evreiesc din Rom\u00e2nia\u2026 adic\u0103 iau decizii \u0219i voteaz\u0103 \u00een func\u021bie de cum cineva le \u00eenv\u00e2rte chei\u021ba.<\/p>\n<p>Dup\u0103 2020, vechii profesioni\u0219ti din poli\u021bie \u0219i magistratur\u0103 au \u00eenceput s\u0103 fie \u00eenlocui\u021bi, vr\u00e2nd-nevr\u00e2nd, cu \u201dlupii tineri\u201d, cei care \u00eenc\u0103 din \u0219coala general\u0103 au fost prelucra\u021bi ideologic de Institutul Wiesel \u0219i care acum sunt gata de orice compromis profesional pentru a fi muta\u021bi din provincie \u00een Bucure\u0219ti \u0219i pentru a avansa profesional. Odat\u0103 ajun\u0219i \u00een noile posturi, lor li se direc\u021bioneaz\u0103 dosarele privind OUG 31 \u0219i Legea 2015.<\/p>\n<p>Primul dosar penal deschis explicit pentru efectuarea salutului legionar a ap\u0103rut \u00een 2024, la o comemorare \u021binut\u0103 la locul \u00een care au fost asasina\u021bi de c\u0103tre statul rom\u00e2n 14 legionari, \u00een anul 1938.<\/p>\n<table>\n<tbody>\n<tr>\n<td width=\"301\"><img loading=\"lazy\" decoding=\"async\" class=\"alignnone wp-image-302 lazy entered loaded\" src=\"https:\/\/www.tociu.ro\/wp-content\/uploads\/2026\/06\/Tancabesti-Dosar-salut-1-300x210.jpeg\" alt width=\"416\" height=\"291\" data-ll-status=\"loaded\"><\/td>\n<td width=\"301\"><strong>Nostalgic cu barb\u0103 alb\u0103 salut\u00e2nd legionar la o comemorare privat\u0103, v\u00e2nat de jurnali\u0219ti pentru a fi expus public \u0219i a da astfel pretext poli\u021biei s\u0103-i deschid\u0103 dosar penal.<\/strong>\u00a0<\/p>\n<p><strong>Pentru gesturi similare, \u00een acela\u0219i context, procuratura a efectuat perchezi\u021bii \u00een casele a 8 rom\u00e2ni \u0219i le-a deschis dosare penale, cu scopul de a-i teroriza psihic \u0219i de a-i face pe to\u021bi cet\u0103\u021benii rom\u00e2ni s\u0103 se autocenzureze.<\/strong><\/p>\n<\/td>\n<\/tr>\n<\/tbody>\n<\/table>\n<p>Citat din rechizitoriu:<em>\u00a0\u201eFapta s\u0103v\u00e2r\u0219it\u0103 de inculpatul X const\u00e2nd \u00een aceea c\u0103, \u00een data de 30.11.2024, \u00een timp ce se afla \u00een localitatea T\u00e2nc\u0103be\u0219ti,\u2026, \u00een prezen\u021ba a c\u00e2teva zeci de persoane \u0219i \u00een contextul unei slujbe religioase,\u00a0<strong>a efectuat salutul legionar<\/strong>, \u00eentrune\u0219te elementele constitutive ale infrac\u021biunii de utilizarea \u00een public a simbolurilor fasciste, legionare, rasiste sau xenofobe, prev\u0103zut\u0103 de art. 4 alin. (2) din O.U.G. nr. 31\/2002\u2026\u201d-\u00a0<\/em>\u00een concluzie, nici dac\u0103 te duci \u00een p\u0103dure nu po\u021bi s\u0103 faci salutul legionar, pentru c\u0103 te fotografiaz\u0103 pentru Institutul Wiesel \u0219i poli\u021bie un jurnalist ascuns \u00een tufi\u0219 \u2013 te afli \u00een \u201dspa\u021biu public\u201d!<\/p>\n<p>Al doilea dosar penal pentru efectuarea salutului legionar a fost deschis \u00een 2026 pentru un film pus pe Facebook cu un cet\u0103\u021bean care a copiat salutul pe care Nicu\u0219or Dan l-a efectuat \u00een mai multe ocazii, cu degetele larg r\u0103sfirate. Simpla asem\u0103nare a salutului cu cel legionar a fost suficient\u0103 pentru procuratur\u0103 s\u0103 \u00eel considere legionar \u0219i pentru acest motiv, la dou\u0103 luni dup\u0103 eveniment, masca\u021bii au b\u0103tut la u\u0219a cet\u0103\u021beanului la 6 diminea\u021ba, i s-a perchezi\u021bionat locuin\u021ba, i-a fost luat telefonul pentru perchezi\u021bie informatic\u0103, i s-a f\u0103cut dosar penal, a fost dus \u00eenc\u0103tu\u0219at de acas\u0103 la procuratur\u0103 \u0219i i s-a dat control judiciar pe termen nedefinit, ceea ce \u00eenseamn\u0103 c\u0103 de dou\u0103 ori pe s\u0103pt\u0103m\u00e2n\u0103 se duce la sec\u021bia de poli\u021bie ca s\u0103 semneze o h\u00e2rtie.<\/p>\n<table>\n<tbody>\n<tr>\n<td width=\"301\"><img loading=\"lazy\" decoding=\"async\" class=\"alignnone wp-image-303 lazy entered loaded\" src=\"https:\/\/www.tociu.ro\/wp-content\/uploads\/2026\/06\/Nicusor-Dan-Salut-1-1-300x221.jpg\" alt width=\"377\" height=\"278\" data-ll-status=\"loaded\"><\/td>\n<td width=\"301\"><strong>Tipul de salut care a fost considerat de procuratur\u0103 ca fiind legionar c\u00e2nd a fost executat de un rom\u00e2n oarecare, dar nu \u0219i c\u00e2nd a fost executat de Nicu\u0219or Dan.<\/strong>\u00a0<\/p>\n<p><strong>Este sau nu este salut legionar?<\/strong><\/p>\n<\/td>\n<\/tr>\n<\/tbody>\n<\/table>\n<p>\u00cen acela\u0219i dosar penal, un alt acuzat de efectuarea salutului legionar a fost\u00a0<em>\u201dun trepied pe care era montat\u0103 o pancart\u0103 cu chipul lui Mihai Eminescu \u2026 pe care era ata\u0219at un bra\u021b metalic pe care era montat\u0103 o pancart\u0103 ce simboliza o palm\u0103 de culoare galben\u0103, cu inscrip\u021bia \u201dTr\u0103iasc\u0103 Na\u021bia\u201d<\/em>\u00a0\u2013 citatul este din acuza\u021bia procurorului.<\/p>\n<p>Dispozitivul \u00eel reprezenta pe Eminescu, \u00een m\u0103rime natural\u0103, cu un motora\u0219 \u00een um\u0103r care \u00eei ridica m\u00e2na dreapt\u0103 \u00een semn de salut c\u00e2nd sesiza prezen\u021ba unei persoane \u00een fa\u021ba sa.<\/p>\n<p>Dispozitivul a fost amplasat \u00eentr-un spa\u021biu public la o comemorare a lui Eminescu pentru a-i saluta pe cei care depuneau coroane \u0219i flori la statuia lui Eminescu. Timp de c\u00e2teva ore a fost vedeta evenimentului, a fost filmat \u0219i fotografiat de oricine a vrut, iar mul\u021bi dintre participan\u021bi sau simpli trec\u0103tori ridicau m\u00e2na \u0219i \u00eel salutau la r\u00e2ndul lor pe Eminescu cu r\u0103spunsul clasic: \u201dSus cu D\u00e2nsa!\u201d.<\/p>\n<p>Deoarece cet\u0103\u021beanul a efectuat \u201dSalutul lui Nicu\u0219or Dan\u201d \u00een fa\u021ba acestui dispozitiv \u00een acela\u0219i timp \u00een care \u201ddispozitivul\u201d \u00eel saluta pe el, procuratura a considerat c\u0103 \u0219i dispozitivul a executat salutul legionar \u2013 adic\u0103 s-au salutat legionar reciproc.<\/p>\n<p><img loading=\"lazy\" decoding=\"async\" class=\"alignnone wp-image-304 lazy entered loaded\" src=\"https:\/\/www.tociu.ro\/wp-content\/uploads\/2026\/06\/Eminescu-nou-280x300.jpeg\" alt width=\"391\" height=\"419\" data-ll-status=\"loaded\"><\/p>\n<p><strong>Dispozitivul care saluta prin ridicarea m\u00e2inii drepte pe participan\u021bii la o comemorare a lui Mihai Eminescu \u2013 15 Ianuarie 2026.<\/strong><\/p>\n<p><strong>Dispozitivul are un senzor care simte apropierea unei persoane \u0219i ac\u021bioneaz\u0103 un motora\u0219 care ridic\u0103 m\u00e2na. M\u00e2na st\u0103 ridicat\u0103 c\u00e2teva secunde, dup\u0103 care e cobor\u00e2t\u0103 \u00een pozi\u021bia de a\u0219teptare, pe l\u00e2ng\u0103 corp.<\/strong><\/p>\n<p><strong>Inventatorului dispozitivului i s-a deschis dosar penal pe motiv c\u0103 Eminescu saluta \u00een stil legionar \u0219i i s-a perchezi\u021bionat locuin\u021ba.<\/strong><\/p>\n<p>\u2026\u2026\u2026\u2026\u2026\u2026\u2026\u2026\u2026\u2026\u2026\u2026\u2026\u2026\u2026\u2026..<\/p>\n<p>A fost \u0219i o a treia persoan\u0103 c\u0103reia i s-a deschis dosar penal pentru c\u0103 a preluat filmarea cu cet\u0103\u021beanul \u0219i cu Eminescu de pe Facebook \u0219i a distribuit-o pe pagina sa, pe motiv de distribuire de materiale legionare. Faptul c\u0103 distribuirea filmului s-a f\u0103cut pe internet m\u0103re\u0219te cu 50% pedeapsa cu \u00eenchisoarea pentru cei trei \u201dvinova\u021bi\u201d.<\/p>\n<p>\u00cen acest timp, o mul\u021bime de personalit\u0103\u021bi publice \u0219i politicieni salut\u0103 \u00een stil legionar \u201dde manual\u201d, f\u0103r\u0103 ca poli\u021bia sau procuratura s\u0103 se sesizeze.<\/p>\n<table>\n<tbody>\n<tr>\n<td width=\"170\"><img loading=\"lazy\" decoding=\"async\" class=\"alignnone wp-image-305 lazy entered loaded\" src=\"https:\/\/www.tociu.ro\/wp-content\/uploads\/2026\/06\/20260424_162458-1-216x300.jpg\" alt width=\"272\" height=\"378\" data-ll-status=\"loaded\"><\/td>\n<td width=\"431\"><strong>Politicianul democrat Crin Antonescu salut\u00e2nd de parc\u0103 se afla \u00een fa\u021ba lui Hitler.<\/strong>\u00a0<\/p>\n<p><strong>Presa \u0219i opinia public\u0103 s-au sesizat, poli\u021bia \u0219i procuratura nu.<\/strong><\/p>\n<\/td>\n<\/tr>\n<\/tbody>\n<\/table>\n<table>\n<tbody>\n<tr>\n<td width=\"301\"><img loading=\"lazy\" decoding=\"async\" class=\"alignnone wp-image-306 lazy entered loaded\" src=\"https:\/\/www.tociu.ro\/wp-content\/uploads\/2026\/06\/Lasconi-300x226.jpeg\" alt width=\"307\" height=\"231\" data-ll-status=\"loaded\"><\/td>\n<td width=\"301\"><strong>Elena Lasconi, fost\u0103 candidat\u0103 \u201dpro-occidental\u0103\u201d la pre\u0219edin\u021bie, dovede\u0219te c\u0103 salutul roman este o form\u0103 natural\u0103 de salut chiar \u0219i pentru femei\u2026 dar este permis numai nomenclaturii soro\u0219iste.<\/strong>\u00a0<\/p>\n<p><strong>Evident, Lasconi nu s-a ales cu dosar penal.<\/strong><\/p>\n<\/td>\n<\/tr>\n<\/tbody>\n<\/table>\n<p>\u00a0<\/p>\n<table>\n<tbody>\n<tr>\n<td width=\"267\"><img loading=\"lazy\" decoding=\"async\" class=\"alignnone wp-image-227 lazy entered loaded\" src=\"https:\/\/www.tociu.ro\/wp-content\/uploads\/2026\/06\/Nicusor-Dan-Iasi-300x293.jpg\" alt width=\"312\" height=\"304\" data-ll-status=\"loaded\"><\/td>\n<td width=\"334\"><strong>\u00cen vizit\u0103 la Ia\u0219i, pre\u0219edintele Nicu\u0219or Dan a executat un salut cu m\u00e2na dreapt\u0103 dus\u0103 la inim\u0103 \u0219i apoi \u00eentins\u0103 c\u0103tre cer, de parc\u0103 se afla \u00een fa\u021ba lui Corneliu Zelea Codreanu.<\/strong>\u00a0<\/p>\n<p><strong>A fost criticat de pres\u0103, dar poli\u021bia \u0219i procuratura nu au ini\u021biat niciun demers juridic.<\/strong><\/p>\n<\/td>\n<\/tr>\n<\/tbody>\n<\/table>\n<table>\n<tbody>\n<tr>\n<td width=\"245\"><img loading=\"lazy\" decoding=\"async\" class=\"alignnone wp-image-226 lazy entered loaded\" src=\"https:\/\/www.tociu.ro\/wp-content\/uploads\/2026\/06\/Nicusor-dan-2-300x241.jpg\" alt width=\"314\" height=\"252\" data-ll-status=\"loaded\"><\/td>\n<td width=\"356\"><strong>Un alt salut \u201dlegionar\u201d. Presa \u00eel exonereaz\u0103 de vin\u0103 pe Dan pentru c\u0103 nu a zis \u201dHeil Hitler\u201d sau \u201dTr\u0103iasc\u0103 Legiunea \u0219i C\u0103pitanul\u201d \u0219i deoarece mi\u0219carea bra\u021bului nu a fost ferm\u0103, de tip militar.<\/strong>\u00a0<\/p>\n<p><strong>\u00cen pres\u0103, salutul este evaluat \u00een func\u021bie de coregrafia mi\u0219c\u0103rii, dup\u0103 criterii emo\u021bionale.<\/strong><\/p>\n<p><strong>\u00cen justi\u021bie, \u00een lipsa criteriilor legale, impresia personal\u0103 a judec\u0103torului face diferen\u021ba dintre libertate \u0219i condamnare.<\/strong><\/p>\n<\/td>\n<\/tr>\n<\/tbody>\n<\/table>\n<p>Singurul lucru cert privind salutul legionar este c\u0103 nu exist\u0103 nicio descriere a coregrafiei lui \u00een vreun regulament sau doctrin\u0103 politic\u0103, astfel \u00eenc\u00e2t s\u0103 existe elemente clare de identificare a unui salut efectuat de cineva ca fiind, sau nu, legionar, nazist, fascist. De exemplu, degetele larg r\u0103sfirate calific\u0103 un salut ca fiind legionar, sau nu? C\u00e2t de ferm\u0103 trebuie s\u0103 fie m\u00e2na la ridicare pentru a fi salut legionar? Conteaz\u0103 activitatea anterioar\u0103 a executantului pentru a i se cataloga un salut ca fiind legionar? C\u00e2t de pu\u021bin legionar\u0103 trebuie s\u0103 fie o ridicare a m\u00e2inii drepte pentru a nu fi considerat\u0103 salut legionar?<\/p>\n<p>\u00cen lipsa criteriilor legale, magistra\u021bilor le-a mai r\u0103mas s\u0103 se uite pe youtube la filmele propagandistice de epoc\u0103 \u0219i la cele \u201distorice\u201d ale lui Sergiu Nicolaescu.<\/p>\n<p>\u00a0<\/p>\n<p><strong><u>15. Concluzii<\/u><\/strong><\/p>\n<p>Salutul roman a ap\u0103rut deoarece exista o dorin\u021b\u0103 latent\u0103 de apari\u021bie a unui simbol care s\u0103 exprime aderen\u021ba la mo\u0219tenirea istoric\u0103, cultural\u0103 \u0219i identitar\u0103 european\u0103.<\/p>\n<p>Acest simbol putea avea orice form\u0103, putea fi orice gest sau sunet, cu singura condi\u021bie s\u0103 fac\u0103 parte din cultura european\u0103.<\/p>\n<p>Au existat \u0219i alte culturi, mai numeroase, mai puternice \u0219i mai sofisticate dec\u00e2t cultura antic\u0103 european\u0103, care s-au afirmat deoarece au \u00eemp\u0103rt\u0103\u0219it acelea\u0219i valori: onoarea, datoria, sacrificiul suprem pentru binele societ\u0103\u021bii, familia, tradi\u021biile \u2013 pe care le putem considera valori ale Umanit\u0103\u021bii, dar europenii \u0219i-au dorit un simbol care s\u0103 provin\u0103 din istoria devenirii lor. Acesta e motivul pentru care au vibrat at\u00e2t de puternic la jur\u0103m\u00e2ntul Hora\u021bilor, \u0219i nu la vreun gest similar chinezesc, sau al egiptenilor, samurailor, persanilor, aztecilor sau al vreunui trib african.<\/p>\n<p>Odat\u0103 ap\u0103rut acest simbol, care a fost numit \u201dsalutul roman\u201d, \u00eentreaga civiliza\u021bie european\u0103 l-a adoptat, \u00eens\u0103 cei care s-au ag\u0103\u021bat de el ca \u00eenecatul de pai au fost europenii care erau supu\u0219i cel mai mult presiunii de diluare cu alte culturi: cei din SUA. P\u0103rin\u021bii fondatori ai SUA au l\u0103sat drept mo\u0219tenire dezideratul p\u0103str\u0103rii identit\u0103\u021bii europene, iar salutul roman a fost adoptat tocmai pentru c\u0103 era cel mai puternic simbol care exprima r\u0103d\u0103cina greco-latin\u0103-european\u0103 a statului.<\/p>\n<p>\u00cens\u0103, ceea ce a fost construit \u00een 60 de ani ca s\u0103 fie expresia identitar\u0103 a SUA \u2013 salutul Bellamy, a disp\u0103rut ca un fum \u00eentre 1940 \u2013 c\u00e2nd Charlie Chaplin a lansat filmul Dictatorul, \u0219i 1942, c\u00e2nd salutul Bellamy a fost scos \u00een afara legii\u2026 f\u0103r\u0103 a fi \u00eenlocuit cu ceva la fel de european.<\/p>\n<p>Peste c\u00e2\u021biva ani, \u0219i deviza patriotic\u0103 a SUA a fost abandonat\u0103, tot printr-o lege: dintr-o dat\u0103, SUA nu au mai fost \u021bara lui \u201dE pluribus unum \u2013 To\u021bi suntem unu\u201d. Sloganul era prea fascist.<\/p>\n<p>\u201dTo\u021bi pentru unu, unu pentru to\u021bi!\u201d, varianta rom\u00e2neasc\u0103 pentru \u201dE pluribus unum\u201d, a fost un slogan pe care \u00eel strigau dintotdeauna, \u00een cor, copiii din Rom\u00e2nia \u00eenaintea competi\u021biilor pe echipe\u2026 a disp\u0103rut dup\u0103 Decembrie 1989.<\/p>\n<p>\u00a0<\/p>\n<p>Simultan, un alt simbol proto-european a devenit non-grata: svastica.<\/p>\n<p>Regina Maria a Rom\u00e2niei a avut la \u00eencoronarea de la Alba Iulia o coroan\u0103 cu 7 svastici, 3 \u00een st\u00e2nga, 3 \u00een dreapta \u0219i una \u00een v\u00e2rful coroanei, cutia \u00een care \u00ee\u0219i \u021binea coresponden\u021ba poate fi v\u0103zut\u0103 la Muzeul Pele\u0219 \u2013 avea form\u0103 de svastic\u0103, armatele unor state europene aveau svastica pe steag.<\/p>\n<table>\n<tbody>\n<tr>\n<td width=\"301\"><img loading=\"lazy\" decoding=\"async\" class=\"alignnone wp-image-298 lazy entered loaded\" src=\"https:\/\/www.tociu.ro\/wp-content\/uploads\/2026\/06\/Coroana-Regina-Maria-300x209.jpeg\" alt width=\"342\" height=\"238\" data-ll-status=\"loaded\"><\/td>\n<td width=\"301\"><strong>Coroana Reginei Maria de la \u00eencoronarea de la Alba Iulia, anul 1922.<\/strong>\u00a0<\/p>\n<p><strong>Pe l\u00e2ng\u0103 svastica din v\u00e2rful coroanei, mai are alte 6 svastici.<\/strong><\/p>\n<\/td>\n<\/tr>\n<\/tbody>\n<\/table>\n<table>\n<tbody>\n<tr>\n<td width=\"301\"><img loading=\"lazy\" decoding=\"async\" class=\"alignnone wp-image-297 lazy entered loaded\" src=\"https:\/\/www.tociu.ro\/wp-content\/uploads\/2026\/06\/Svastica-Cucuteni-nasturi-300x237.jpeg\" alt width=\"398\" height=\"314\" data-ll-status=\"loaded\"><\/td>\n<td width=\"301\"><strong>Svastica \u2013 simbol european preluat de chinezi.<\/strong>\u00a0<\/p>\n<p><strong>A fost prezen\u021b\u0103 cotidian\u0103 \u00een Rom\u00e2nia \u00eencep\u00e2nd de la cultura Cucuteni, a continuat \u00een cultura geto-dac\u0103 \u0219i apoi \u00een cultura \u021b\u0103r\u0103neasc\u0103 p\u00e2n\u0103 \u00een secolul XX.<\/strong><\/p>\n<p><strong>Octavian Goga spunea c\u0103 svastica e a noastr\u0103, a rom\u00e2nilor, \u0219i ne-a fost luat\u0103 de germani.<\/strong><\/p>\n<\/td>\n<\/tr>\n<\/tbody>\n<\/table>\n<p>\u00cen Rom\u00e2nia s-au g\u0103sit tone de vase neolitice decorate cu svastici, casele erau decorate cu svastici, dacii aveau svastici pe bijuterii, rom\u00e2ncele \u00ee\u0219i brodau svastici pe ii, svastica era simbolul t\u0103cut al originii noastre indo-europene\u2026 \u0219i, dup\u0103 mii de ani de utilizare, dintr-o dat\u0103, hodoronc-tronc, svastica ne-a fost interzis\u0103.<\/p>\n<p>Bine c\u0103 Hitler nu a folosit ca simbol \u0219i Coloana Infinitului, pentru c\u0103 altfel cea din T\u00e2rgu Jiu ar fi fost d\u0103r\u00e2mat\u0103 \u00eenc\u0103 din 1944, presa \u0219i Ministerul \u00cenv\u0103\u021b\u0103m\u00e2ntului ar fi ascuns c\u0103 a existat vreodat\u0103 a\u0219a ceva \u00een Rom\u00e2nia, iar cine desena mai mult de dou\u0103 romburi unul peste altul era b\u0103gat la \u00eenchisoare pentru promovare de simboluri naziste.<\/p>\n<p>Crucea ro\u0219ie de pe ambulan\u021be: a ap\u0103rut odat\u0103 cu ideea de ambulan\u021b\u0103, \u00een urm\u0103 cu 150 de ani, \u0219i a fost acolo chiar \u0219i \u00een timpul comunismului. De c\u00e2\u021biva ani, pe ambulan\u021be a ap\u0103rut un simbol diferit: o stea albastr\u0103 stilizat\u0103 cu \u0219ase col\u021buri. Schimbarea s-a produs pe mu\u021be\u0219te, f\u0103r\u0103 ca presa s\u0103 scrie ce se \u00eent\u00e2mpl\u0103 \u0219i de ce. Ordinul a venit de la Organiza\u021bia Mondial\u0103 a S\u0103n\u0103t\u0103\u021bii, cu pretextul c\u0103 vrea ca numai ma\u0219inile Crucii Ro\u0219ii din zonele conflict s\u0103 mai poarte simbolul crucii, pentru ca peste c\u00e2\u021biva ani s\u0103 nu mai fie nici acolo pe motiv c\u0103 \u00eei ofenseaz\u0103 pe unii.<\/p>\n<table>\n<tbody>\n<tr>\n<td width=\"301\"><img loading=\"lazy\" decoding=\"async\" class=\"alignnone wp-image-307 lazy entered loaded\" src=\"https:\/\/www.tociu.ro\/wp-content\/uploads\/2026\/06\/Ambulanta-300x250.jpeg\" alt width=\"382\" height=\"318\" data-ll-status=\"loaded\"><\/td>\n<td width=\"301\"><strong>Serviciul de ambulan\u021b\u0103 au fost conceput de cre\u0219tinismul european.<\/strong>\u00a0<\/p>\n<p><strong>Din acest motiv, crucea ro\u0219ie a fost simbolul dintotdeauna al ambulan\u021bei.\u00a0<\/strong><strong>Acum se produce, \u00een mod subtil, \u00eenlocuirea crucii ro\u0219ii cu o stea albastr\u0103 stilizat\u0103 cu 6 col\u021buri.<\/strong><\/p>\n<\/td>\n<\/tr>\n<\/tbody>\n<\/table>\n<p>Fasciile, simbolul cel mai puternic al Imperiului roman, purtate pe umeri \u00een urma \u00cemp\u0103ratului la toate procesiunile oficiale: \u00een secolul 18, fasciile erau pe institu\u021biile noului stat SUA, au fost puse pe monumentele p\u0103rin\u021bilor fondatori ai SUA, erau \u00een simbolistica institu\u021biilor europene\u2026 au disp\u0103rut dup\u0103 WW2 f\u0103r\u0103 ca cineva s\u0103 bage de seam\u0103.<\/p>\n<p>\u00cen Rom\u00e2nia, Ministerul de Interne le are pe sigl\u0103 \u0219i au ap\u0103rut voci care acuz\u0103 c\u0103 sunt reminiscen\u021b\u0103 fascist\u0103\u2026 adic\u0103 zilele le sunt num\u0103rate.<\/p>\n<table>\n<tbody>\n<tr>\n<td width=\"272\"><img loading=\"lazy\" decoding=\"async\" class=\"alignnone wp-image-308 lazy entered loaded\" src=\"https:\/\/www.tociu.ro\/wp-content\/uploads\/2026\/06\/stema-politia-romana-1-300x300.webp\" alt width=\"296\" height=\"296\" data-ll-status=\"loaded\"><\/td>\n<td width=\"329\"><strong>Sigla Inspectoratului General al Poli\u021biei Rom\u00e2ne.<\/strong>\u00a0<\/p>\n<p><strong>Con\u021bine dou\u0103 fascii romane, simbolul care a inspirat doctrina politic\u0103 fascist\u0103 din secolul XX.<\/strong><\/p>\n<p><strong>Sigla se folose\u0219te intensiv \u0219i este imprimat\u0103 pe ecusoanele de pe pieptul sau de pe bra\u021bul drept al ofi\u021berilor de poli\u021bie.<\/strong><\/p>\n<\/td>\n<\/tr>\n<\/tbody>\n<\/table>\n<p>Dac\u0103 privim fenomenul \u00een ansamblu, constat\u0103m c\u0103 interzicerea utiliz\u0103rii salutului roman este doar o component\u0103 dintr-un proces mai larg de interzicere a tuturor simbolurilor identitare europene. O m\u00e2n\u0103 nev\u0103zut\u0103 le scoate unul c\u00e2te unul din circuitul public, unde au fost dintotdeauna, pentru motive c\u00e2t se poate de\u2026 discutabile \u0219i justificate prin\u2026 \u0219mecherii democratice.<\/p>\n<p>Se face o confuzie inten\u021bionat\u0103 \u00eentre simbolurile create de organiza\u021biile politice indezirabile, cum ar fi simbolul SS, sau \u201dgardul\u201d legionar, sau \u201dHH\u201d, \u0219i simbolurile identitare \u0219i culturale europene pe care aceste organiza\u021bii le-au folosit pentru un interval de timp infim, dac\u0103 judec\u0103m la scar\u0103 istoric\u0103.<\/p>\n<p>La nivel planetar, \u00een ultimii 50 de ani, popula\u021bia cu origini europene a cobor\u00e2t numeric abrupt, sub 8%, adic\u0103 este pe cale de dispari\u021bie, iar \u00een ceea ce prive\u0219te simbolurile ei identitare \u0219i culturale, cam toate au fost interzise, adic\u0103 asist\u0103m \u0219i la un proces de cancel culture european.<\/p>\n<p>O ultim\u0103 idee: \u00eencr\u00e2ncenarea celor de la care pleac\u0103 interzicerea salutului roman, cu pretextul c\u0103 a fost \u201dconfiscat\u201d de ideologiile totalitare din secolul XX, adic\u0103 aceste ideologii ne-ar fi captivat definitiv imagina\u021bia la vederea unui salut roman, poate fi justificat\u0103 numai prin faptul c\u0103 ei \u00een\u0219i\u0219i nu se consider\u0103 ca fiind europeni \u0219i apar\u021bin\u00e2nd rasei albe, caucaziene. Ei sunt altceva, deasupra tuturor.<\/p>\n<p>Mai au europenii un cuv\u00e2nt de spus \u00een privin\u021ba salutului roman? Totul depinde de c\u00e2t de mult ne mai sim\u021bim reprezenta\u021bi de imaginea celor trei Hora\u021bi, de la care a \u00eenceput povestea salutului roman: s-a terminat totul sau mergem \u00eenainte?<\/p>\n<p>Mihai Tociu<\/p>\n<\/div>\n<div class=\"entry\">\n<p>Mihai Tociu<br \/><strong>Incorect Politic<\/strong><br \/>\nIunie 2, 2026<\/p>\n<p><a href=\"https:\/\/www.incorectpolitic.com\/salutul-roman-fascist-national-socialist-legionar-istoric-si-tendinte\/salutul-roman-coperta-1-1-777x437\/\" rel=\"attachment wp-att-81752\"><img loading=\"lazy\" decoding=\"async\" class=\"size-full wp-image-81752 aligncenter\" src=\"https:\/\/www.incorectpolitic.com\/wp-content\/uploads\/2026\/06\/Salutul-Roman-Coperta-1-1-777x437-1.jpeg\" alt width=\"777\" height=\"437\"><\/a><\/p>\n<h3><strong>SALUTUL ROMAN, FASCIST, NA\u021aIONAL-SOCIALIST, LEGIONAR \u2013 ISTORIC \u0218I TENDIN\u021aE<\/strong><\/h3>\n<p><strong><em>Rezumat:<\/em><\/strong><em>\u00a0Nu cunoa\u0219tem modul \u00een care se salutau oficial romanii. Ceea ce numim \u201dsalutul roman\u201d \u00a0este produsul unei auto-sugestion\u0103ri colective, care a luat na\u0219tere \u00eent\u00e2mpl\u0103tor \u0219i ulterior s-a extins la nivel planetar pentru motivul c\u0103 a devenit un simbol, simplu \u0219i vizibil, care exprim\u0103 aderen\u021ba la valorile identitare, istorice \u0219i culturale ale europenilor.<\/em><\/p>\n<p><em>Exist\u0103 un nucleu suprastatal de putere care nu vrea ca aceste valori s\u0103 mai fie transmise genera\u021biilor viitoare \u0219i unul din modurile \u00een care ac\u021bioneaz\u0103 este de a le interzice s\u0103 foloseasc\u0103 simbolurile aferente acestor valori\u2026 \u201dsalutul roman\u201d este unul dintre ele.<\/em><\/p>\n<p>\u00a0<\/p>\n<p><strong>INTRODUCERE<\/strong><\/p>\n<p><strong><u>a. De ce \u201dSalutul roman\u201d nu este \u201dSalutul lui Iisus\u201d<\/u><\/strong><\/p>\n<p>Este doar o \u00eent\u00e2mplare faptul c\u0103 cre\u0219tinii nu folosesc azi a\u0219a zisul salut roman atunci c\u00e2nd s\u0103rb\u0103toresc intrarea lui Iisus \u00een Ierusalim, \u00een Duminica Floriilor.<\/p>\n<p>Era suficient un tablou care s\u0103-i reprezinte pe cei care \u00eel \u00eent\u00e2mpinau pe Iisus cu o ramur\u0103 \u00eenverzit\u0103 \u00een m\u00e2na st\u00e2nga \u0219i cu m\u00e2na dreapt\u0103 ridicat\u0103 la 45 de grade, iar pe Iisus cu m\u00e2na dreapt\u0103 pu\u021bin ridicat\u0103, pentru ca toat\u0103 lumea s\u0103 \u00eenceap\u0103 s\u0103 cread\u0103 c\u0103 a\u0219a ceva chiar s-a \u00eent\u00e2mplat \u0219i s\u0103 \u00eel numeasc\u0103 \u201dSalutul cre\u0219tin\u201d\u2026 iar azi papa s\u0103 salute \u00een acest fel de la fereastra Vaticanului \u0219i mul\u021bimea s\u0103-i r\u0103spund\u0103 la fel.<\/p>\n<p>Apocalipsa lui Ioan ar fi oferit o puternic\u0103 baz\u0103 canonic\u0103 pentru aceast\u0103 form\u0103 de salut:<\/p>\n<p>\u201d\u0218i \u00eengerul, pe care-l v\u0103zusem st\u00e2nd \u00een picioare pe mare \u0219i pe p\u0103m\u00e2nt, \u0219i-a ridicat m\u00e2na dreapt\u0103 spre cer\u2026\u201d.<\/p>\n<table>\n<tbody>\n<tr>\n<td width=\"301\"><img loading=\"lazy\" decoding=\"async\" class=\"alignnone wp-image-207 lazy entered loaded\" src=\"https:\/\/www.tociu.ro\/wp-content\/uploads\/2026\/06\/Apocalipsa-300x55.jpeg\" alt width=\"406\" height=\"74\" data-ll-status=\"loaded\"><\/td>\n<td width=\"301\"><strong>Biblia, Apocalipsa lui Ioan<\/strong>\u00a0<\/p>\n<p><strong>Capitolul 10, versetul 5<\/strong><\/p>\n<\/td>\n<\/tr>\n<\/tbody>\n<\/table>\n<p>\u00a0<\/p>\n<p><strong><u>b. Ce au \u00een comun coarnele de pe coifurile vikingilor \u0219i securea lui Mihai<\/u><\/strong><strong>\u00a0<u>Viteazul<\/u><\/strong><\/p>\n<p>Un exemplu de astfel de situa\u021bie, care chiar s-a \u00eent\u00e2mplat, \u00een care o oper\u0103 de art\u0103 a generat \u00een mentalul colectiv o imagine iconic\u0103 definitiv\u0103, sunt coarnele de pe coifurile vikingilor.<\/p>\n<p>\u00cen realitate, nu exist\u0103 niciun indiciu istoric c\u0103 vikingii aveau coarne pe coifuri. A fost suficient exotismul unui designer german (<strong>Carl Emil Doepler)<\/strong>\u00a0care a imaginat costumele pentru prima reprezenta\u021bie a dramei muzicale \u201dInelul Nibelungilor\u201d, \u00een 1876.<\/p>\n<p>Doepler s-a inspirat de la un pictor suedez romantic (Johan August Malmstr\u00f6m) care a pictat un viking cu un coif av\u00e2nd pene cu v\u00e2rful \u00een sus pe laterale, ceea ce tuturor li s-a p\u0103rut wow. Penele erau o pur\u0103 inven\u021bie a pictorului, deoarece niciunul dintre cele c\u00e2teva coifuri vikinge care s-au p\u0103strat nu au a\u0219a ceva, \u0219i nu exist\u0103 nicio descriere sau imagine contemporan\u0103 a vikingilor.<\/p>\n<table>\n<tbody>\n<tr>\n<td colspan=\"2\" width=\"236\"><img loading=\"lazy\" decoding=\"async\" class=\"alignnone wp-image-251 lazy entered loaded\" src=\"https:\/\/www.tociu.ro\/wp-content\/uploads\/2026\/06\/Viking-Pene-Coif-1-297x300.jpeg\" alt width=\"248\" height=\"251\" data-ll-status=\"loaded\"><\/td>\n<td width=\"365\"><strong>\u00a0<\/strong>\u00a0<\/p>\n<p><strong>\u00a0<\/strong><\/p>\n<p><strong>\u00a0<\/strong><strong>Primul desen care reprezint\u0103 o imagine idilic\u0103 a unui viking \u2013 Pictura lui\u00a0<\/strong><strong>Johan August Malmstr\u00f6m din 1859<\/strong><\/p>\n<p>\u00a0<\/p>\n<\/td>\n<\/tr>\n<tr>\n<td width=\"151\"><img loading=\"lazy\" decoding=\"async\" class=\"alignnone wp-image-243 lazy entered loaded\" src=\"https:\/\/www.tociu.ro\/wp-content\/uploads\/2026\/06\/20260419_104841-228x300.jpg\" alt width=\"170\" height=\"224\" data-ll-status=\"loaded\"><\/td>\n<td colspan=\"2\" width=\"450\"><strong>\u00a0<\/strong>\u00a0<\/p>\n<p><strong>\u00cen imagina\u021bia suedezului\u00a0<\/strong><strong>Malmstr\u00f6m<\/strong><strong>, coifurile vikingilor aveau pe laterale pene stilizate din metal, cu v\u00e2rfurile \u00een sus<\/strong><\/p>\n<\/td>\n<\/tr>\n<\/tbody>\n<\/table>\n<p>Germanul Doepler a vrut s\u0103-i fac\u0103 pe vikingi \u0219i mai interesan\u021bi \u0219i a \u00eenlocuit penele cu dou\u0103 coarne. Compozitorul operei, Richard Wagner, a f\u0103cut criz\u0103 de nervi \u00eenaintea reprezenta\u021biei c\u00e2nd a v\u0103zut coarnele, care i s-au p\u0103rut ridicole \u0219i necredibile, dar era prea t\u00e2rziu pentru o modificare \u0219i actorul a intrat \u00een scen\u0103 cu acest coif. Spectatorii germani \u00eens\u0103 au fost a\u0219a de entuziasma\u021bi de coarne \u00eenc\u00e2t au c\u0103p\u0103tat convingerea c\u0103 chiar a\u0219a ar\u0103tau vikingii, \u0219i de atunci p\u00e2n\u0103 azi aceasta a devenit imaginea clasic\u0103 pentru coifurile vikingilor. O singur\u0103 imagine \u00eentr-un moment cu mare \u00eenc\u0103rc\u0103tur\u0103 emo\u021bional\u0103 a fost suficient\u0103!<\/p>\n<table>\n<tbody>\n<tr>\n<td width=\"179\"><img loading=\"lazy\" decoding=\"async\" class=\"alignnone size-medium wp-image-230 lazy entered loaded\" src=\"https:\/\/www.tociu.ro\/wp-content\/uploads\/2026\/06\/Picture2-192x300.jpg\" alt width=\"192\" height=\"300\" data-ll-status=\"loaded\"><\/td>\n<td width=\"422\">\u00a0<\/p>\n<p>\u00a0<\/p>\n<p><strong>Primele coarne care au fost puse pe coiful unui viking \u2013\u00a0<\/strong><strong>costumul\u00a0<\/strong><strong>desenat de\u00a0<\/strong><strong>Carl Emil Doepler<\/strong>\u00a0<strong>pentru un viking din spectacolul de oper\u0103 Inelul Nibelungilor (1876)<\/strong><\/p>\n<p>\u00a0<\/p>\n<\/td>\n<\/tr>\n<\/tbody>\n<\/table>\n<p>Dac\u0103 nu exista creatorul de mod\u0103, sau dac\u0103 Wagner l-ar fi oprit la timp, azi toat\u0103 lumea ar fi fost convins\u0103 c\u0103 vikingii aveau pene pe coifuri\u2026 iar dac\u0103 spectacolul ar fi fost despre sco\u021bienii arhaici, azi am fi crezut c\u0103 sco\u021bienii aveau coarne pe coifuri. Pur \u0219i simplu, oamenii iubesc simbolurile.<\/p>\n<p>\u00a0<\/p>\n<p><strong><u>c. Statuia lui Mihai Viteazul de la Universitate\u00a0\u00a0<\/u><\/strong><strong><u>\u0219i securea care a contaminat Rom\u00e2nia<\/u><\/strong><\/p>\n<p>Despre armele cu care a luptat Mihai Viteazul, exist\u0103 doar men\u021biunea c\u0103 prefera un topor, uneori cu dou\u0103 t\u0103i\u0219uri. \u00cens\u0103, securea pe care artistul a pus-o \u00een m\u00e2na primei statui a lui Mihai Viteazul a fost suficient\u0103 pentru ca mentalul colectiv s\u0103 asocieze definitiv acel tip de secure cu Mihai Viteazul\u2026 \u0219i pe el cu ea.<\/p>\n<table>\n<tbody>\n<tr>\n<td width=\"301\"><img loading=\"lazy\" decoding=\"async\" class=\"alignnone wp-image-223 lazy entered loaded\" src=\"https:\/\/www.tociu.ro\/wp-content\/uploads\/2026\/06\/Mihai-Viteazu-universitate-Secure-Rosie-300x193.jpeg\" alt width=\"351\" height=\"226\" data-ll-status=\"loaded\"><\/td>\n<td width=\"301\"><strong>Statuia lui Mihai Viteazul din Pia\u021ba Universit\u0103\u021bii, Bucure\u0219ti.<\/strong>\u00a0<\/p>\n<p><strong>Prima statuie a unui domnitor rom\u00e2n. A fost ridicat\u0103 \u00een 1874 \u0219i a fost interpretat\u0103 ca un gest de frond\u0103 de c\u0103tre Imperiul Otoman, c\u0103reia Rom\u00e2nia \u00eei era vasal\u0103.<\/strong><\/p>\n<p><strong>Securea este rodul imagina\u021biei artistului.<\/strong><\/p>\n<\/td>\n<\/tr>\n<\/tbody>\n<\/table>\n<p>Avem mai multe imagini contemporane ale lui Mihai Viteazul, \u00een desene, picturi \u0219i tapiserii, una reprezent\u00e2ndu-l chiar \u00een lupt\u0103, dar are \u00een m\u00e2n\u0103 simbolurile clasice ale epocii: sabie sau sceptru. Azi, datorit\u0103 unei singure statui, orice copil \u00eel deseneaz\u0103 pe Mihai Viteazul av\u00e2nd \u00een m\u00e2n\u0103 vestita secure.<\/p>\n<table>\n<tbody>\n<tr>\n<td width=\"302\"><img loading=\"lazy\" decoding=\"async\" class=\"alignnone size-medium wp-image-225 lazy entered loaded\" src=\"https:\/\/www.tociu.ro\/wp-content\/uploads\/2026\/06\/Mihai-Viteazul-Film-300x193.jpeg\" alt width=\"300\" height=\"193\" data-ll-status=\"loaded\"><\/td>\n<td width=\"299\"><strong>Imagine din filmul artistic \u201dMihai Viteazul \u2013 C\u0103lug\u0103reni\u201d cu Amza Pelea \u00een rolul lui Mihai Viteazul (1971)<\/strong><\/td>\n<\/tr>\n<tr>\n<td width=\"302\"><img loading=\"lazy\" decoding=\"async\" class=\"alignnone wp-image-224 lazy entered loaded\" src=\"https:\/\/www.tociu.ro\/wp-content\/uploads\/2026\/06\/Mihai-Viteazul-Desen-Carte-300x257.jpeg\" alt width=\"229\" height=\"195\" data-ll-status=\"loaded\"><\/td>\n<td width=\"299\">\u00a0<\/p>\n<p><strong>Ilustra\u021bie de carte la o povestire despre Mihai Viteazul pentru copii (anii 1980)<\/strong><\/p>\n<\/td>\n<\/tr>\n<\/tbody>\n<\/table>\n<p>Explica\u021bia este c\u0103 oamenii au nevoie de simboluri, le schimb\u0103 cu u\u0219urin\u021b\u0103 \u0219i, unde nu sunt, le inventeaz\u0103.<\/p>\n<p>E nevoie de foarte pu\u021bin timp pentru a se crea convingerea c\u0103 simbolurile inventate au existat dintotdeauna: de exemplu, Mo\u0219 Cr\u0103ciun are costumul ro\u0219u de doar c\u00e2\u021biva zeci de ani \u0219i nu se mai \u0219tie c\u0103 \u00een varianta original\u0103 a fost verde, iar bradul ca simbol al Cr\u0103ciunului a fost introdus \u00een Rom\u00e2nia de regele Carol I:<\/p>\n<p><em>\u201d<\/em><em>\u00a0Bradul \u00eempodobit de Cr\u0103ciun este un obicei adus \u00een Rom\u00e2nia de primul rege al principatelor dun\u0103rene unite, ofi\u021berul prusac Carol de Hohenzollern-Sigmaringen. \u00cen 1866, de abia instalat \u00een modestul palat regal din Bucure\u0219ti, principele german \u0219i so\u021bia lui au \u00eempodobit auster, cu flori de h\u00e2rtie \u0219i fructe, cel dint\u00e2i pom de Cr\u0103ciun din Rom\u00e2nia. A fost un moment controversat \u2013 boierimea local\u0103 era \u00eemp\u0103r\u021bit\u0103 \u00eentre p\u0103str\u0103torii tradi\u021biilor orientale, la care Valahia \u0219i Moldova se raportaser\u0103 secole la r\u00e2nd, deloc \u00eenc\u00e2ntat\u0103 de obiceiul prusacului de pe tron, \u0219i inspira\u021bia modernist\u0103, occidental\u0103, sus\u021binut\u0103 de cei care au dorit un suveran venit din Vest.\u201d (1)<\/em><\/p>\n<p>Azi, rom\u00e2nii cred c\u0103 a\u0219a a fost de c\u00e2nd lumea \u0219i p\u0103m\u00e2ntul, \u0219i se g\u0103sesc mul\u021bi s\u0103 explice de ce \u201drom\u00e2nii au ales\u201d bradul \u0219i ce spune \u201dtradi\u021bia\u201d despre \u00eempodobirea lui.<\/p>\n<p><strong>\u00a0<\/strong><\/p>\n<p><strong>CUM A AP\u0102RUT \u201dSALUTUL ROMAN\u201d<\/strong><\/p>\n<p><strong><u>1. V\u00e2n\u0103toarea interna\u021bional\u0103 dup\u0103 salutul roman<\/u><\/strong><\/p>\n<p>Din multitudinea de documente, desene, basoreliefuri \u0219i statui care ne-au r\u0103mas de la romani, \u00een mod ironic, nu ni s-a transmis nicio descriere sau imagine a modului \u00een care se salutau oficial \u0219i militar.<\/p>\n<p>Din acest motiv, a ap\u0103rut o obsesie printre cercet\u0103tori s\u0103 identifice salutul romanilor.<\/p>\n<p>Cu to\u021bii au plecat de la premisa c\u0103 romanii foloseau m\u00e2na dreapt\u0103 pentru a se saluta, pentru c\u0103 au presupus c\u0103 europenii sunt dreptaci prin structura lor genetic\u0103. Cea mai puternic\u0103 dovad\u0103 este scrisul de tip european, de la st\u00e2nga la dreapta, adic\u0103 a fost conceput pentru a fi utilizat de dreptaci.<\/p>\n<p>Exist\u0103 popoare care \u0219i-au conceput scrisul \u00een sens invers, de la dreapta spre st\u00e2nga, ceea ce le tr\u0103deaz\u0103 ca fiind formate, genetic, din st\u00e2ngaci. Aceasta este o dovad\u0103 c\u0103 aceste popoare sunt la origine ne-europene, at\u00e2t biologic c\u00e2t \u0219i din punct de vedere al matricei identitar-culturale.<\/p>\n<p>A\u0219adar, cercet\u0103torii au c\u0103utat la romani mi\u0219c\u0103ri \u0219i pozi\u021bii semnificative doar ale m\u00e2inii drepte.<\/p>\n<p>Singura men\u021biune a unui roman care ridic\u0103 m\u00e2na dreapt\u0103 \u00eentr-un moment solemn ne-a r\u0103mas de la Cicero, care descrie cum Octavian (care avea s\u0103 devin\u0103 \u00eemp\u0103ratul Augustus) a depus un jur\u0103m\u00e2nt de loialitate \u00een fa\u021ba statuii fostului s\u0103u tat\u0103, Iulius Cezar, prin ridicarea m\u00e2inii drepte c\u0103tre statuie \u0219i zic\u00e2nd la final \u201d\u00cen acest fel s\u0103-mi onorez tat\u0103l!\u201d. Nu \u0219tim dac\u0103 a ridicat m\u00e2na la orizontal\u0103, sau \u00een unghi, sau la vertical\u0103. \u0218tim doar c\u0103 nu a fost un jur\u0103m\u00e2nt \u00een sensul clasic, ci un ritual pe care l-a f\u0103cut pentru a ob\u021bine \u00eencrederea unor generali. Cu siguran\u021b\u0103, nu a fost un salut.<\/p>\n<p>\u00cen privin\u021ba imaginilor, au fost identificate dou\u0103: una a \u00eemp\u0103ratului Traian, pe Columna lui Traian, \u0219i o statuie ecvestr\u0103 a lui Marcus Aurelius.<\/p>\n<table>\n<tbody>\n<tr>\n<td width=\"301\"><img loading=\"lazy\" decoding=\"async\" class=\"alignnone wp-image-242 lazy entered loaded\" src=\"https:\/\/www.tociu.ro\/wp-content\/uploads\/2026\/06\/20260418_201448-300x186.jpg\" alt width=\"400\" height=\"247\" data-ll-status=\"loaded\"><\/td>\n<td width=\"301\"><strong>\u00cemp\u0103ratul Traian pe Column\u0103, cu m\u00e2na dreapt\u0103 ridicat\u0103.<\/strong>\u00a0<\/p>\n<p><strong>Nu pare a fi salut deoarece niciunul dintre cei din jurul lui nu st\u0103 cu fa\u021ba spre el, ba chiar se uit\u0103 \u00een direc\u021bia indicat\u0103 de m\u00e2n\u0103.<\/strong><\/p>\n<\/td>\n<\/tr>\n<\/tbody>\n<\/table>\n<table>\n<tbody>\n<tr>\n<td width=\"189\"><img loading=\"lazy\" decoding=\"async\" class=\"alignnone size-medium wp-image-237 lazy entered loaded\" src=\"https:\/\/www.tociu.ro\/wp-content\/uploads\/2026\/06\/Screenshot_20260418_202733_Google-247x300.jpg\" alt width=\"247\" height=\"300\" data-ll-status=\"loaded\"><\/td>\n<td width=\"412\">\u00a0<\/p>\n<p><strong>\u00cemp\u0103ratul Marcus Aurelius. Este greu de crezut c\u0103 execut\u0103 un salut oficial, datorit\u0103 pozi\u021biei relaxate a m\u00e2inii \u0219i a pozi\u021biei corpului, \u00eenclinat \u00eenainte.<\/strong><\/p>\n<p>\u00a0<\/p>\n<\/td>\n<\/tr>\n<\/tbody>\n<\/table>\n<table>\n<tbody>\n<tr>\n<td width=\"189\"><img loading=\"lazy\" decoding=\"async\" class=\"alignnone size-medium wp-image-254 lazy entered loaded\" src=\"https:\/\/www.tociu.ro\/wp-content\/uploads\/2026\/06\/Marcus-Aurelius-300x221.jpeg\" alt width=\"300\" height=\"221\" data-ll-status=\"loaded\"><\/td>\n<td width=\"412\"><strong>Unele persoane fotografiaz\u0103 statuia de sub m\u00e2na dreapt\u0103 pentru a crea impresia c\u0103 m\u00e2na este mult ridicat\u0103 \u2013 este o \u00eencercare infantil\u0103 de a dovedi c\u0103 romanii salutau cu m\u00e2na dreapt\u0103 \u00eentins\u0103 \u0219i ridicat\u0103!<\/strong><\/td>\n<\/tr>\n<\/tbody>\n<\/table>\n<p>\u00cen concluzie, deocamdat\u0103 nu \u0219tim cum se salutau romanii oficial, \u00een schimb ne-au r\u0103mas de la ei multe legende care pream\u0103resc eroismul \u0219i loialitatea fa\u021b\u0103 de \u021bar\u0103 (atunci era cetatea) \u00een detrimentul iubirii \u0219i al obliga\u021biilor de familie.<\/p>\n<p>\u00a0<\/p>\n<p><strong><u>2. Salutul antic roman este o inven\u021bie modern\u0103, din 1784!<\/u><\/strong><\/p>\n<p>Totul s-a schimbat \u00een anul 1784, c\u00e2nd un pictor francez, Jacques-Louis David, a asistat la o pies\u0103 de teatru av\u00e2nd ca subiect o legend\u0103 roman\u0103. Era despre o b\u0103t\u0103lie care trebuia s\u0103 aib\u0103 loc \u00eentre Roma \u0219i o cetate rival\u0103, dar combatan\u021bii au hot\u0103r\u00e2t ca soarta b\u0103t\u0103liei s\u0103 fie decis\u0103 de lupta dintre 3 fra\u021bi de la o tab\u0103r\u0103 cu al\u021bi 3 fra\u021bi de la cealalt\u0103. Fra\u021bii romani proveneau din familia Hora\u021bilor, numele \u00eenvin\u0219ilor nici nu mai conteaz\u0103, iar lupta a fost de asemeni \u00eenc\u0103rcat\u0103 de simbolism: \u00een primele clipe ale luptei, doi dintre Hora\u021bi au fost uci\u0219i \u0219i cel de-al treilea a luat-o la fug\u0103. Tab\u0103ra adversarilor era \u00een delir \u00een timp ce ultimul Hora\u021biu era fug\u0103rit pe c\u00e2mpul dintre cele dou\u0103 armate. Numai c\u0103 el a a\u0219teptat p\u00e2n\u0103 cei trei adversari s-au distan\u021bat, s-a oprit din fug\u0103 \u0219i i-a ucis pe m\u0103sur\u0103 ce ajungeau la el, unul c\u00e2te unul, ob\u021bin\u00e2nd astfel victoria pentru cetatea Roma.<\/p>\n<p>Fran\u021ba din timpul lui David clocotea de nemul\u021bumire popular\u0103, tinerii erau \u00eenv\u0103\u021ba\u021bi s\u0103 cread\u0103 c\u0103 alungarea monarhiei \u0219i a aristocra\u021biei era \u00een interesul patriei, iar pentru patrie, \u00een mod firesc, trebuiau s\u0103 fie preg\u0103ti\u021bi s\u0103 fac\u0103 orice sacrificiu, \u0219i chiar s\u0103-\u0219i dea via\u021ba.<\/p>\n<p>Cuprins de aceast\u0103 efervescen\u021b\u0103 patriotic\u0103, David picteaz\u0103 un tablou care reprezint\u0103 un moment pe care el l-a imaginat c\u0103 a avut loc \u00eenaintea luptei: cei 3 fra\u021bi Hora\u021bi se afl\u0103 \u00een casa p\u0103rinteasc\u0103 \u0219i tat\u0103l lor le \u00eenm\u00e2neaz\u0103 \u00een mod solemn s\u0103biile, iar ei \u00ee\u0219i \u00eentind m\u00e2na simultan ca \u00eentr-o form\u0103 de jur\u0103m\u00e2nt c\u0103 vor lupta p\u00e2n\u0103 la moarte. Dramatismul scenei este exacerbat de prezen\u021ba so\u021biilor, care pl\u00e2ng disperate \u0219tiind c\u0103 era poate ultima dat\u0103 c\u00e2nd \u00eei v\u0103d vii.<\/p>\n<p><img loading=\"lazy\" decoding=\"async\" class=\"alignnone wp-image-317 lazy entered loaded\" src=\"https:\/\/www.tociu.ro\/wp-content\/uploads\/2026\/06\/Juramantul-Horatilor-David-OK-300x233.jpg\" alt width=\"473\" height=\"367\" data-ll-status=\"loaded\"><\/p>\n<p><strong>\u201dJur\u0103m\u00e2ntul Hora\u021bilor\u201d \u2013 realizat de pictorul francez J<\/strong><strong>acques-Louis David \u00een 1784. Este expus la Muzeul Louvre.\u00a0<\/strong><strong>Este prima imagine a unui roman efectu\u00e2nd un jur\u0103m\u00e2nt.<\/strong><\/p>\n<p>Nu se cunoa\u0219te de unde s-a inspirat pictorul pentru aceast\u0103 form\u0103 de jur\u0103m\u00e2nt.<\/p>\n<p>\u00a0<\/p>\n<p><strong><u>3. Ce au avut \u00een comun pictorul francez David \u0219i Sergiu Nicolaescu<\/u><\/strong><\/p>\n<p>La expunerea sa, tabloul a avut un impact emo\u021bional extraordinar, iar m\u00e2na dreapt\u0103 \u00eentins\u0103 deasupra um\u0103rului a fost perceput\u0103 de tinerii francezi ca o form\u0103 de angajament solemn, care simboliza printr-o singur\u0103 mi\u0219care o filosofie de via\u021b\u0103 care dura foarte mult s\u0103 fie exprimat\u0103 \u00een cuvinte.<\/p>\n<p>\u00cen piesa de teatru despre legenda Hora\u021bilor la care asistase pictorul David era o replic\u0103 apoteotic\u0103 a unuia dintre Hora\u021bi, \u00een fa\u021ba familiei sale: \u201d\u00cenainte de a v\u0103 apar\u021bine vou\u0103, apar\u021bin Patriei\u201d! Exact ceea ce era necesar s\u0103 r\u0103sune \u00een capul privitorilor tabloului ca s\u0103 se imagineze \u00een rolul celor trei Hora\u021bi, cu m\u00e2na dreapt\u0103 ridicat\u0103.<\/p>\n<p>Din acel moment, aceast\u0103 pozi\u021bie a m\u00e2inii a fost asociat\u0103 definitiv \u00een tot spa\u021biul cultural european cu patriotismul, cu onoarea, cu sentimentul datoriei \u0219i cu angajamentul sacrificiului suprem pentru binele Patriei.<\/p>\n<p>Dar a ap\u0103rut \u0219i un alt fenomen, similar cu cel al coarnelor vikingilor \u0219i al securii lui Mihai Viteazul: \u00een dorin\u021ba lor de a g\u0103si simboluri, oamenii s-au autosugestionat s\u0103 cread\u0103 c\u0103 aceasta a fost \u00een realitate forma de jur\u0103m\u00e2nt \u0219i de salut militar din imperiul roman.<\/p>\n<p>A\u0219a cum David a folosit arta picturii pentru a le transmite francezilor viziunea lui despre patriotism, \u00een mod similar Sergiu Nicolaescu a folosit arta cinematografic\u0103 pentru a transmite rom\u00e2nilor viziunea conducerii comuniste a Rom\u00e2niei despre legionari: \u00een parpalace negre p\u00e2n\u0103 la genunchi care mitraliaz\u0103 \u00eencrunta\u021bi evrei prin abatoare.<\/p>\n<table>\n<tbody>\n<tr>\n<td width=\"301\"><img loading=\"lazy\" decoding=\"async\" class=\"alignnone wp-image-220 lazy entered loaded\" src=\"https:\/\/www.tociu.ro\/wp-content\/uploads\/2026\/06\/Legionar-abator-300x202.jpg\" alt width=\"322\" height=\"217\" data-ll-status=\"loaded\"><\/td>\n<td width=\"301\"><strong>\u201dRevan\u0219a\u201d \u2013 de Sergiu Nicolaescu, 1978\u00a0<\/strong><strong>Unul din falsurile cinematografiei comuniste cu scop de demonizare a legionarilor, este difuzat de posturile de televiziune chiar \u0219i dup\u0103 30 de ani de Democra\u021bie.<\/strong>\u00a0<\/p>\n<p><strong>\u00a0<\/strong><strong>Similar efectului psihologic generat de pictura lui David, rom\u00e2nii percep filmul ca prezent\u00e2nd un adev\u0103r istoric.<\/strong><\/p>\n<\/td>\n<\/tr>\n<\/tbody>\n<\/table>\n<p>\u00cen concluzie, \u201dsalutul roman\u201d a fost creat de imagina\u021bia colectiv\u0103 inflamat\u0103 de un tablou bine realizat, s-a extins ca un foc de preerie \u00een \u00eentreaga civiliza\u021bie european\u0103, aceast\u0103 convingere a fost \u00eent\u0103rit\u0103 ulterior prin picturi, filme artistice \u0219i desene animate, \u0219i s-a perpetuat p\u00e2n\u0103 \u00een zilele noastre.<\/p>\n<p>\u00a0<\/p>\n<p><strong><u>4. \u201dSalutul roman\u201d a fost interpretat ca simbol al civiliza\u021biei \u0219i valorilor antice europene<\/u><\/strong><\/p>\n<p>Pozi\u021bia m\u00e2inii imaginat\u0103 de David a fost rapid adoptat\u0103 deoarece ridicarea m\u00e2inii drepte a fost dintotdeauna o form\u0103 fireasc\u0103 de salut la europeni, iar \u00eentinderea ei \u00ee\u0219i g\u0103se\u0219te cu u\u0219urin\u021b\u0103 interpret\u0103ri pozitive, are un puternic impact vizual, transmite angajament \u0219i b\u0103rb\u0103\u021bie.<\/p>\n<p>Vr\u0103ji\u021bi de puterea vizual\u0103 \u0219i de emo\u021bia \u201dsalutului roman\u201d, patrio\u021bii au \u00eenceput s\u0103 se identifice cu el \u0219i s\u0103-l foloseasc\u0103 intens, at\u00e2t cei din Europa c\u00e2t \u0219i cei din SUA. Pe parcursul a o sut\u0103 de ani, s-au conceput o mul\u021bime de varia\u021bii ale pozi\u021biei m\u00e2inii pentru a fi folosite ca forme de salut, sau pentru jur\u0103minte:<\/p>\n<p>-palma deschis\u0103 orientat\u0103 c\u0103tre p\u0103m\u00e2nt sau c\u0103tre cer<\/p>\n<p>-bra\u021bul se ridic\u0103 la diverse unghiuri: la orizontal\u0103, la 15 grade, la 45 de grade sau vertical<\/p>\n<p>-bra\u021bul se \u021bine \u00eentins sau flexat<\/p>\n<p>-toate degetele sunt \u00eentinse sau unele sunt \u00eendoite<\/p>\n<p>-salutul e \u00eenso\u021bit sau nu de un mesaj vocal.<\/p>\n<p>\u00a0<\/p>\n<p>Nu avem imagini de folosire a salutului \u00een timpul Revolu\u021biei franceze de la 1789, dar exist\u0103 o pictur\u0103 care prezint\u0103 mai mul\u021bi revolu\u021bionari din anul 1848, \u00een Paris, care se salut\u0103, sau fac un jur\u0103m\u00e2nt de credin\u021b\u0103 \u00een stil \u201droman\u201d cu un conduc\u0103tor al Revolu\u021biei.<\/p>\n<table>\n<tbody>\n<tr>\n<td width=\"301\"><img loading=\"lazy\" decoding=\"async\" class=\"alignnone wp-image-236 lazy entered loaded\" src=\"https:\/\/www.tociu.ro\/wp-content\/uploads\/2026\/06\/Screenshot_20260418_180418_Chrome-300x211.jpg\" alt width=\"392\" height=\"276\" data-ll-status=\"loaded\"><\/td>\n<td width=\"301\"><strong>Salut sau jur\u0103m\u00e2nt \u201droman\u201d efectuat de revolu\u021bionari \u00een Paris, anul 1848. M\u00e2inile nu sunt ridicate ca pentru a aproba o decizie, ci sunt \u00eentinse orizontal, sau oblic de cei mai din spate.<\/strong><\/td>\n<\/tr>\n<\/tbody>\n<\/table>\n<p>\u201dSalutul roman\u201d a fost perceput \u0219i ca un arc peste timp cu Imperiul roman, un simbol pentru revendicarea mo\u0219tenirii sale pan-europene.<\/p>\n<p>O situa\u021bie interesant\u0103 s-a petrecut \u00een secolul 19 \u00een Transilvania, unde rom\u00e2nii au c\u0103utat s\u0103 eviden\u021bieze faptul c\u0103, \u00een contrast cu asupritorii unguri, ei sunt mo\u0219tenitorii biologici \u0219i de drept ai identit\u0103\u021bii europene. Avram Iancu \u0219i-a organizat armata folosind terminologia roman\u0103 \u2013 legiuni, tribuni, centurioni, decurioni etc \u2013 iar \u201dsalutul roman\u201d a venit de la sine. Salutul a fost folosit de rom\u00e2nii transilv\u0103neni \u0219i ulterior anului 1848 pentru a transmite mesajul c\u0103 ei sunt popula\u021bia primordial\u0103 \u0219i autohton\u0103 \u00een Transilvania, \u00een timp ce conducerea de la Budapesta organiza aniversarea a o mie de ani de la sosirea ungurilor \u00een Europa.<\/p>\n<p>\u00a0<\/p>\n<p><strong>Mi\u0219carea Scouts sau \u201dCerceta\u0219ii\u201d<\/strong>\u00a0a folosit salutul roman \u00eenc\u0103 de la \u00eenfiin\u021barea sa, \u00een 1907. Fondatorul mi\u0219c\u0103rii, lordul Robert Baden-Powell, a vrut s\u0103-l deosebeasc\u0103 de salutul roman clasic \u0219i a stabilit ca acesta s\u0103 fie executat cu degetul mare a\u0219ezat peste degetul mic, iar pentru a da o justificare modific\u0103rii a inventat o semnifica\u021bie emo\u021bional\u0103.<\/p>\n<p>Pe parcursul urm\u0103torilor 20 de ani, salutul a\u0219a-zis \u201dcercet\u0103\u0219esc\u201d a fost preluat de toate organiza\u021biile scouts care s-au \u00eenfiin\u021bat \u00een alte \u021b\u0103ri.<\/p>\n<table>\n<tbody>\n<tr>\n<td width=\"378\"><img loading=\"lazy\" decoding=\"async\" class=\"alignnone wp-image-208 lazy entered loaded\" src=\"https:\/\/www.tociu.ro\/wp-content\/uploads\/2026\/06\/20260424_105535-300x182.jpg\" alt width=\"381\" height=\"231\" data-ll-status=\"loaded\"><\/td>\n<td width=\"224\"><strong>Salut efectuat de cerceta\u0219ii din SUA la \u00eenceputul sec. XX<\/strong>\u00a0<\/p>\n<p><strong>Un salut similar, dar cu toate degetele \u00eentinse, se efectua de c\u0103tre to\u021bi elevii din SUA \u00een \u0219coli de peste 20 de ani<\/strong><\/p>\n<\/td>\n<\/tr>\n<\/tbody>\n<\/table>\n<p>\u00a0<\/p>\n<p><img loading=\"lazy\" decoding=\"async\" class=\"alignnone wp-image-229 lazy entered loaded\" src=\"https:\/\/www.tociu.ro\/wp-content\/uploads\/2026\/06\/Obseques_du_chanoine_Cornette_aumonier_.Agence_de_btv1b90452776-300x177.jpeg\" alt width=\"561\" height=\"331\" data-ll-status=\"loaded\"><strong>Aspect de la \u00eenmorm\u00e2ntarea unuia dintre fondatorii mi\u0219c\u0103rii scouts \u00een Fran\u021ba, preotul catolic Antoine-Louis Cornette, \u00een 1936<\/strong><\/p>\n<p>\u00a0<\/p>\n<p><strong><u>5. SUA au adoptat \u0219i au excelat \u00een utilizarea \u201dsalutului roman\u201d<\/u><\/strong><\/p>\n<p>Fondatorii SUA erau europeni \u0219i, \u00een mod firesc, au pus la baza noului lor stat valorile, cultura \u0219i simbolistica antic\u0103 greco-roman\u0103. Primul astfel de simbol pe care l-au adoptat a fost \u201dfascia roman\u0103\u201d \u2013 cel mai important obiect pe care romanii \u00eel foloseau la ritualuri \u0219i parade. Acesta consta \u00eentr-un m\u0103nunchi de nuiele str\u00e2ns legate \u00een jurul cozii unui topor: nuielele reprezentau poporul \u0219i toporul semnifica puterea autorit\u0103\u021bii.<\/p>\n<table>\n<tbody>\n<tr>\n<td width=\"217\"><img loading=\"lazy\" decoding=\"async\" class=\"alignnone size-medium wp-image-241 lazy entered loaded\" src=\"https:\/\/www.tociu.ro\/wp-content\/uploads\/2026\/06\/Washington-243x300.jpeg\" alt width=\"243\" height=\"300\" data-ll-status=\"loaded\"><\/td>\n<td width=\"384\"><strong>Memorialul lui George Washington, primul pre\u0219edinte al SUA.<\/strong>\u00a0<\/p>\n<p><strong>M\u00e2na st\u00e2ng\u0103 se sprijin\u0103 pe o \u201dfascie roman\u0103\u201d, simboliz\u00e2nd faptul c\u0103 SUA s-au cl\u0103dit av\u00e2nd la baz\u0103 valorile primordiale europene.<\/strong><\/p>\n<\/td>\n<\/tr>\n<\/tbody>\n<\/table>\n<p>De la acest obiect, \u201dfascia\u201d, au provenit ulterior numele de \u201dfascism\u201d \u0219i principiile ideologiei fasciste: cet\u0103\u021beanul \u00ee\u0219i dedic\u0103 existen\u021ba binelui colectiv. P\u0103rin\u021bii fondatori ai SUA au verbalizat simbolul fasciei prin versul latin\u00a0<strong>\u201dE pluribus unum\u201d<\/strong>\u00a0<strong>(\u201dTo\u021bi suntem unu\u201d)<\/strong>, pe care l-au ales ca deviz\u0103 na\u021bional\u0103 oficial\u0103.<\/p>\n<table>\n<tbody>\n<tr>\n<td width=\"301\"><img loading=\"lazy\" decoding=\"async\" class=\"alignnone wp-image-345 lazy entered loaded\" src=\"https:\/\/www.tociu.ro\/wp-content\/uploads\/2026\/06\/Quarter-dollar-300x197.jpeg\" alt width=\"312\" height=\"205\" data-ll-status=\"loaded\"><\/td>\n<td width=\"301\"><strong>\u201dE pluribus unum\u201d pe moneda de 25 cen\u021bi \u2013 Quarter Dollar<\/strong>\u00a0<\/p>\n<p><strong>\u00a0<\/strong><strong>Vulturul \u021bine \u00een gheare o fascie roman\u0103, format\u0103 din s\u0103ge\u021bi.<\/strong><\/p>\n<p><strong>To\u021bi banii SUA erau inscrip\u021biona\u021bi similar.<\/strong><\/p>\n<\/td>\n<\/tr>\n<\/tbody>\n<\/table>\n<p>Dup\u0103 fascie \u0219i deviz\u0103 na\u021bional\u0103 din acela\u0219i registru, a urmat magnetismul \u201dsalutului roman\u201d. \u00cen anul 1892, pentru a aniversa 400 de ani de la sosirea lui Columb \u00een America, unul dintre mini\u0219trii guvernului SUA, Francis Bellamy, a conceput textul unui \u201dJur\u0103m\u00e2nt de loialitate\u201d, care se recita \u00een mod solemn \u00een timp ce se executa salutul roman. Acest jur\u0103m\u00e2nt a fost numit \u201dSalutul lui Bellamy\u201d.<\/p>\n<p>Legisla\u021bia din SUA a prev\u0103zut ca to\u021bi elevii s\u0103 fac\u0103 \u201dSalutul lui Bellamy\u201d \u00een clas\u0103, st\u00e2nd \u00een pozi\u021bie de drep\u021bi, cu fa\u021ba c\u0103tre drapelul \u021b\u0103rii, \u0219i la fel \u0219i func\u021bionarii publici \u00een birourile lor.<\/p>\n<table>\n<tbody>\n<tr>\n<td width=\"316\"><img loading=\"lazy\" decoding=\"async\" class=\"alignnone wp-image-216 lazy entered loaded\" src=\"https:\/\/www.tociu.ro\/wp-content\/uploads\/2026\/06\/Elevi-SUA-300x236.jpg\" alt width=\"362\" height=\"285\" data-ll-status=\"loaded\"><\/td>\n<td width=\"270\"><strong>\u00a0<\/strong><strong>Jur\u0103m\u00e2ntul de loialitate fa\u021b\u0103 de \u00a0Drapel efectuat de elevii din SUA \u00eentr-o sal\u0103 de clas\u0103.<\/strong><\/td>\n<\/tr>\n<\/tbody>\n<\/table>\n<p>\u00a0<\/p>\n<table>\n<tbody>\n<tr>\n<td width=\"301\"><img loading=\"lazy\" decoding=\"async\" class=\"alignnone size-medium wp-image-252 lazy entered loaded\" src=\"https:\/\/www.tociu.ro\/wp-content\/uploads\/2026\/06\/Screenshot_20260423_210650_Chrome-CUT-300x298.jpg\" alt width=\"300\" height=\"298\" data-ll-status=\"loaded\"><\/td>\n<td width=\"301\"><strong>Militari SUA efectu\u00e2nd Salutul Bellamy.<\/strong><\/td>\n<\/tr>\n<\/tbody>\n<\/table>\n<p>Ini\u021bial, au fost propuse mai multe variante pentru jur\u0103m\u00e2nt, unele \u00een care \u00een timpul recit\u0103rii primelor versuri m\u00e2na dreapt\u0103 s\u0103 fie pozi\u021bionat\u0103 la frunte, ca la salutul militar actual, sau \u00een dreptul inimii. C\u00e2nd se ajungea la \u00a0versul \u201dJur loialitate Drapelului meu\u201d, m\u00e2na se \u00eentindea \u00een fa\u021b\u0103, cu fa\u021ba palmei spre cer, iar apoi palma se r\u0103sucea cu fa\u021ba spre jos \u0219i se recita partea final\u0103. Aceasta este explica\u021bia pentru faptul c\u0103, \u00een unele poze, palmele sunt orientate invers ca la salutul roman. Americanii au considerat firesc s\u0103 simplifice salutul lui Bellamy \u0219i orice variante de coregrafie propuse erau transformate, \u00een scurt timp, \u00een\u2026 salutul roman.<\/p>\n<table>\n<tbody>\n<tr>\n<td width=\"308\"><img loading=\"lazy\" decoding=\"async\" class=\"alignnone wp-image-239 lazy entered loaded\" src=\"https:\/\/www.tociu.ro\/wp-content\/uploads\/2026\/06\/SUA-salut-300x193.jpg\" alt width=\"401\" height=\"258\" data-ll-status=\"loaded\"><\/td>\n<td width=\"278\"><strong>Adul\u021bi \u0219i copii din SUA efectu\u00e2nd jur\u0103m\u00e2ntul de loialitate fa\u021b\u0103 de Drapel la un eveniment public<\/strong><\/td>\n<\/tr>\n<tr>\n<td width=\"278\"><strong>\u00a0<\/strong><\/td>\n<\/tr>\n<tr>\n<td width=\"308\"><img loading=\"lazy\" decoding=\"async\" class=\"alignnone wp-image-269 lazy entered loaded\" src=\"https:\/\/www.tociu.ro\/wp-content\/uploads\/2026\/06\/Profesor-elevi-SUA-300x210.jpg\" alt width=\"353\" height=\"247\" data-ll-status=\"loaded\"><\/td>\n<td width=\"278\"><strong>Elevi \u0219i profesor salut\u00e2ndu-se \u00eentr-o \u0219coal\u0103 din SUA \u00een forma maxim\u0103 de respect reciproc.<\/strong><\/td>\n<\/tr>\n<tr>\n<td width=\"278\"><strong>\u00a0<\/strong><\/td>\n<\/tr>\n<tr>\n<td width=\"278\"><strong>\u00a0<\/strong><\/td>\n<\/tr>\n<tr>\n<td width=\"308\"><img loading=\"lazy\" decoding=\"async\" class=\"alignnone wp-image-270 lazy entered loaded\" src=\"https:\/\/www.tociu.ro\/wp-content\/uploads\/2026\/06\/Gradinita-SUA-1-300x170.jpg\" alt width=\"418\" height=\"237\" data-ll-status=\"loaded\"><\/td>\n<td width=\"278\"><strong>Copii de gr\u0103dini\u021b\u0103 din SUA efectu\u00e2nd jur\u0103m\u00e2ntul de loialitate fa\u021b\u0103 de Drapel la \u00eenceputul unei serb\u0103ri<\/strong><\/td>\n<\/tr>\n<\/tbody>\n<\/table>\n<p>Tot \u00een SUA, s-a propus ca \u201eSalutul lui Bellamy\u201d s\u0103 fie folosit \u0219i la depunerea jur\u0103m\u00e2ntului de ob\u021binere a cet\u0103\u021beniei americane de c\u0103tre imigran\u021bii nou veni\u021bi.<\/p>\n<p>\u00a0<\/p>\n<p><strong><u>6. Din SUA, salutul roman a trecut grani\u021ba \u00een Mexic<\/u><\/strong><\/p>\n<p>Patrio\u021bii din Mexic s-au inspirat de la cei din SUA \u0219i au adoptat salutul roman ca form\u0103 de jur\u0103m\u00e2nt de credin\u021b\u0103 fa\u021b\u0103 de \u021bar\u0103 pentru pre\u0219edintele \u021b\u0103rii, parlamentari, func\u021bionari \u0219i elevi, precum \u0219i ca form\u0103 oficial\u0103 de salut la evenimentele \u0219i competi\u021biile sportive importante.<\/p>\n<table>\n<tbody>\n<tr>\n<td width=\"301\"><img loading=\"lazy\" decoding=\"async\" class=\"alignnone wp-image-274 lazy entered loaded\" src=\"https:\/\/www.tociu.ro\/wp-content\/uploads\/2026\/06\/Parlament-Mexic-300x212.jpg\" alt width=\"468\" height=\"331\" data-ll-status=\"loaded\"><\/td>\n<td width=\"301\"><strong>Salutul roman \u00een parlamentul Mexican \u00een 1917<\/strong><\/td>\n<\/tr>\n<\/tbody>\n<\/table>\n<table>\n<tbody>\n<tr>\n<td colspan=\"2\" width=\"310\"><img loading=\"lazy\" decoding=\"async\" class=\"alignnone wp-image-222 lazy entered loaded\" src=\"https:\/\/www.tociu.ro\/wp-content\/uploads\/2026\/06\/Mexic-fotbal-SUA-1934-300x212.jpeg\" alt width=\"379\" height=\"268\" data-ll-status=\"loaded\"><\/td>\n<td colspan=\"2\" width=\"291\"><strong>Echipa de fotbal a Mexicului efectu\u00e2nd salutul roman \u00eenaintea unui meci \u00een Ciudad de Mexico (1934)<\/strong><\/td>\n<\/tr>\n<tr>\n<td colspan=\"2\" width=\"301\"><strong>\u00a0<\/strong><\/td>\n<\/tr>\n<\/tbody>\n<\/table>\n<p>\u00a0<\/p>\n<p><strong><u>7. Salutul roman a fost adoptat de partidele europene na\u021bionaliste\u00a0<\/u><\/strong><strong><u>\u0219i a devenit \u0219i mod\u0103<\/u><\/strong><\/p>\n<p>Benito Mussolini a fost cel care a extins semnifica\u021bia gestului \u00een 1919, de la un jur\u0103m\u00e2nt sau salut solemn, la forma de salut reciproc \u00eentre membrii Partidului Fascist.<\/p>\n<p>\u00cen anii 1920-1930, aproape toate partidele \u0219i organiza\u021biile na\u021bionaliste din Europa au preluat \u201dsalutul roman\u201d.<\/p>\n<p>Un moment important \u00een evolu\u021bia utiliz\u0103rii salutului roman a fost adoptarea sa de Partidul Na\u021bional Socialist al Muncitorilor din Germania (nazist) al lui Hitler.<\/p>\n<p>P\u00e2n\u0103 la \u00eenceputul propagandei anti-germane, \u00een 1933, \u00een \u00eentreaga lume salutul a continuat s\u0103 fie valorizat \u0219i folosit exclusiv pentru valen\u021bele sale exprimate de pictura lui David. \u00cens\u0103, campania interna\u021bional\u0103 de pres\u0103 de demonizare a Germaniei a insinuat c\u0103 salutul roman ar fi o form\u0103 de sus\u021binere a ideologiei naziste \u0219i a insistat s\u0103 fie redenumit drept \u201dsalutul nazist\u201d sau \u201dsalutul fascist\u201d.<\/p>\n<p>\u00cen realitate, \u00eenc\u0103 de la apari\u021bia sa, salutul roman era o form\u0103 de identificare cu Democra\u021bia, cu parlamentarismul \u0219i cu un trecut glorios comun.<\/p>\n<p>\u00cen Rom\u00e2nia, Partidul Na\u021bional \u021a\u0103r\u0103nesc a folosit \u201dsalutul roman\u201d \u00een anii 1920 la evenimente publice. Era firesc s\u0103 fie a\u0219a, deoarece PN\u021a era format din fuziunea Partidului \u021a\u0103r\u0103nesc, din Muntenia, cu Partidul Na\u021bional din Transilvania, ai c\u0103rui membri p\u0103straser\u0103 un puternic spirit na\u021bionalist. PN\u021a a renun\u021bat la folosirea salutului doar pentru a se distan\u021ba de Mi\u0219carea Legionar\u0103.<\/p>\n<p>\u00cen Irlanda, \u201dAsocia\u021bia Camarazilor din Armat\u0103\u201d (ACA), numit\u0103 \u0219i \u201dC\u0103m\u0103\u0219ile albastre\u201d, a fost una dintre organiza\u021biile paramilitare anti-comuniste care a adoptat doctrina fascist\u0103 a lui Mussolini. Au folosit salutul roman cu sloganul \u201dHeil O`Daffy!\u201d (O`Daffy era liderul organiza\u021biei). Unii membri au luptat cu arma \u00een m\u00e2n\u0103 \u00een Spania, de partea lui Franco.<\/p>\n<p>Fasci\u0219tii irlandezi au fost promotori ai democra\u021biei \u0219i ai liberei exprim\u0103ri. Au fost o \u0219coal\u0103 pentru mul\u021bi dintre viitorii lideri politici democra\u021bi din Irlanda.<\/p>\n<table>\n<tbody>\n<tr>\n<td width=\"301\"><img loading=\"lazy\" decoding=\"async\" class=\"alignnone wp-image-213 lazy entered loaded\" src=\"https:\/\/www.tociu.ro\/wp-content\/uploads\/2026\/06\/Camasile-albastre-Irlanda-300x217.jpeg\" alt width=\"422\" height=\"305\" data-ll-status=\"loaded\"><\/td>\n<td width=\"301\"><strong>\u201dC\u0103m\u0103\u0219ile albastre\u201d a fost organiza\u021bia fascist\u0103 din Irlanda (\u201dBluzele albastre\u201d pentru organiza\u021biile de femei) \u00een perioada 1932 \u2013 1934.<\/strong>\u00a0<\/p>\n<p><strong>Cet\u0103\u021benii irlandezi apar\u021bin\u00e2nd minorit\u0103\u021bilor etnice nu erau accepta\u021bi.<\/strong><\/p>\n<p><strong>Unii dintre membrii organiza\u021biei sunt ta\u021bii sau bunicii unora dintre parlamentarii \u0219i mini\u0219trii actuali din Irlanda.<\/strong><\/p>\n<p><strong>Mul\u021bi irlandezi se revendic\u0103 \u0219i azi, cu m\u00e2ndrie, urma\u0219i ai ACA.<\/strong><\/p>\n<\/td>\n<\/tr>\n<\/tbody>\n<\/table>\n<p>Portugalia \u0219i Spania au avut cele mai lungi regimuri fasciste, p\u00e2n\u0103 \u00een 1974, iar salutul roman a fost practicat liber. Aceste regimuri fasciste au reu\u0219it s\u0103-\u0219i salveze \u021b\u0103rile de la implicarea \u00een al doilea r\u0103zboi mondial \u0219i au impus o politic\u0103 axat\u0103 pe valorile cre\u0219tine, patriotism, tradi\u021bie, familie.<\/p>\n<table>\n<tbody>\n<tr>\n<td width=\"301\"><img loading=\"lazy\" decoding=\"async\" class=\"alignnone wp-image-231 lazy entered loaded\" src=\"https:\/\/www.tociu.ro\/wp-content\/uploads\/2026\/06\/Portugalia-300x206.jpeg\" alt width=\"409\" height=\"280\" data-ll-status=\"loaded\"><\/td>\n<td width=\"301\"><strong>Parad\u0103 \u00een Lisabona a organiza\u021biei paramilitare fasciste Mocidade Portuguesa (1936).<\/strong>\u00a0<\/p>\n<p><strong>Organiza\u021bia a fost activ\u0103 p\u00e2n\u0103 \u00een 1974.<\/strong><\/p>\n<\/td>\n<\/tr>\n<\/tbody>\n<\/table>\n<p>Reprezentan\u021bii \u0219i sus\u021bin\u0103torii acestor regimuri fasciste europene au fost recunoscu\u021bi ca persoane respectabile \u00een rela\u021bia cu \u021b\u0103rile democratice \u0219i \u00een organismele interna\u021bionale.<\/p>\n<table>\n<tbody>\n<tr>\n<td width=\"301\"><img loading=\"lazy\" decoding=\"async\" class=\"alignnone wp-image-219 lazy entered loaded\" src=\"https:\/\/www.tociu.ro\/wp-content\/uploads\/2026\/06\/Huan-Antonio-Samaranche-300x222.jpeg\" alt width=\"386\" height=\"286\" data-ll-status=\"loaded\"><\/td>\n<td width=\"301\"><strong>Aniversarea din 1974 a prelu\u0103rii puterii \u00een Spania de c\u0103tre Generalul Franco.<\/strong>\u00a0<\/p>\n<p><strong>S\u0103geata ro\u0219ie \u00eel indic\u0103 pe Juan Antonio Samaranch \u2013 cel care a fost ales pre\u0219edinte al Comitetului Olimpic Interna\u021bional timp de 21 de ani (1980 \u0219i 2001).<\/strong><\/p>\n<\/td>\n<\/tr>\n<\/tbody>\n<\/table>\n<p>La \u00eenceputul anilor 1930, miracolul economic german \u0219i cre\u0219terea influen\u021bei Germaniei \u00een Europa au f\u0103cut ca \u201dsalutul roman\u201d s\u0103 fie perceput \u0219i ca o manifestare monden\u0103, f\u0103r\u0103 \u00eenc\u0103rc\u0103tur\u0103 ideologic\u0103.<\/p>\n<p>S-a p\u0103strat un film cu familia regal\u0103 britanic\u0103 execut\u00e2nd \u201dsalutul roman\u201d \u00eentr-un parc, distr\u00e2ndu-se ei \u00eentre ei, \u00een anul 1933. Cei care \u00een film salutau ca Hitler erau mo\u0219tenitorul tronului Angliei, care a \u0219i devenit dup\u0103 3 ani regele Angliei , \u0219i nora regelui, care dup\u0103 4 ani a devenit regina Angliei.<\/p>\n<table>\n<tbody>\n<tr>\n<td width=\"301\"><img loading=\"lazy\" decoding=\"async\" class=\"alignnone wp-image-217 lazy entered loaded\" src=\"https:\/\/www.tociu.ro\/wp-content\/uploads\/2026\/06\/Familia-Regala-Britanica-280x300.jpg\" alt width=\"441\" height=\"473\" data-ll-status=\"loaded\"><\/td>\n<td width=\"301\"><strong>Familia regal\u0103 britanic\u0103 se distreaz\u0103 f\u0103c\u00e2nd salutul roman (1933).<\/strong>\u00a0<\/p>\n<p><strong>Feti\u021ba care salut\u0103 are 6 ani \u0219i va deveni Regina Elisabeta a 2-a (1952 \u2013 2022), cea care s-a plimbat \u00een calea\u0219c\u0103 cu Ceau\u0219escu<\/strong>.<\/p>\n<\/td>\n<\/tr>\n<\/tbody>\n<\/table>\n<p><strong>\u00a0<\/strong><\/p>\n<p><strong><u>8. Salutul roman a devenit salutul oficial al Jocurilor Olimpice<\/u><\/strong><\/p>\n<p>Baronul Pierre de Coubertin, fondatorul jocurilor olimpice moderne, a fost cel care a folosit pentru prima dat\u0103 \u201dsalutul roman\u201d la Olimpiada de la Paris din 1924, \u0219i l-a introdus \u0219i \u00een afi\u0219ul oficial al olimpiadei. Salutul simboliza spiritul antic, b\u0103rb\u0103\u021bia \u0219i fraternitatea sportivilor.<\/p>\n<table>\n<tbody>\n<tr>\n<td width=\"179\"><img loading=\"lazy\" decoding=\"async\" class=\"alignnone wp-image-232 lazy entered loaded\" src=\"https:\/\/www.tociu.ro\/wp-content\/uploads\/2026\/06\/Poster-salut-olimpic-213x300.jpg\" alt width=\"238\" height=\"335\" data-ll-status=\"loaded\"><\/td>\n<td width=\"422\"><strong>Afi\u0219ul oficial al Jocurilor Olimpice de la Paris, 1924.<\/strong><\/td>\n<\/tr>\n<\/tbody>\n<\/table>\n<p>Comitetul Olimpic Interna\u021bional a inclus \u201dSalutul Olimpic\u201d \u00een festivit\u0103\u021bile de deschidere \u0219i de \u00eenchidere a jocurilor \u0219i la cele de premiere.<\/p>\n<p>S-au p\u0103strat multe poze cu echipe, cu sportivi \u0219i cu oficiali olimpici efectu\u00e2nd salutul olimpic la urm\u0103toarele olimpiade.<\/p>\n<table>\n<tbody>\n<tr>\n<td width=\"301\"><img loading=\"lazy\" decoding=\"async\" class=\"alignnone wp-image-215 lazy entered loaded\" src=\"https:\/\/www.tociu.ro\/wp-content\/uploads\/2026\/06\/Echipa-Angliei-Germaniei-Olimpiada-300x216.jpeg\" alt width=\"376\" height=\"271\" data-ll-status=\"loaded\"><\/td>\n<td width=\"301\"><strong>Echipele de fotbal ale Angliei \u0219i Germaniei efectu\u00e2nd salutul olimpic \u00eenaintea \u00eenceperii meciului la Olimpiada de la Berlin, 1936 (rezultatul a fost 6-3 pentru Anglia)<\/strong><\/td>\n<\/tr>\n<\/tbody>\n<\/table>\n<p>\u00cen 1928, jocurile s-au \u021binut \u00een Amsterdam, ocazie cu care a fost construit un stadion dedicat, la intrarea c\u0103ruia a fost amplasat\u0103 o statuie din bronz reprezent\u00e2nd un atlet \u00een m\u0103rime natural\u0103 care execut\u0103 \u201dsalutul olimpic\u201d.<\/p>\n<table>\n<tbody>\n<tr>\n<td width=\"301\"><img loading=\"lazy\" decoding=\"async\" class=\"alignnone wp-image-245 lazy entered loaded\" src=\"https:\/\/www.tociu.ro\/wp-content\/uploads\/2026\/06\/Statuie-Salut-Olimpic-1-300x231.jpeg\" alt width=\"267\" height=\"206\" data-ll-status=\"loaded\"><\/td>\n<td width=\"301\"><strong>Statuia din bronz reprezent\u00e2nd salutul olimpic, amplasat\u0103 \u00een 1928 la intrarea \u00een stadionul olimpic din Amsterdam.<\/strong><\/td>\n<\/tr>\n<\/tbody>\n<\/table>\n<p>\u00a0<\/p>\n<p><strong><u>9. Salutul roman \u00een Rom\u00e2nia<\/u><\/strong><\/p>\n<p>Rom\u00e2nia a reprezentat un caz particular, din mai multe motive.<\/p>\n<p>Primul a fost utilizarea \u201dsalutului roman\u201d de c\u0103tre rom\u00e2nii din Transilvania cu scopul de a se identifica drept descenden\u021bi ai civiliza\u021biei latine, spre deosebire de ungurii veni\u021bi ulterior din Asia.<\/p>\n<table>\n<tbody>\n<tr>\n<td width=\"380\"><img loading=\"lazy\" decoding=\"async\" class=\"alignnone wp-image-276 lazy entered loaded\" src=\"https:\/\/www.tociu.ro\/wp-content\/uploads\/2026\/06\/Legionari-ardeleni-1917-300x174.jpeg\" alt width=\"419\" height=\"243\" data-ll-status=\"loaded\"><\/td>\n<td width=\"221\"><strong>\u00cen 1917, voluntarii din Ardeal depuneau jur\u0103m\u00e2ntul de \u00eenrolare \u00een Armata Rom\u00e2n\u0103 a\u0219a cum \u0219tiau ei de la Avram Iancu: folosind salutul roman.<\/strong>\u00a0<\/p>\n<p><strong>Aceast\u0103 imagine trebuia s\u0103 fie \u00een manualele \u0219colare. Ne place sau nu, ei sunt eroii de la M\u0103r\u0103\u0219e\u0219ti, M\u0103r\u0103\u0219ti \u0219i Oituz, \u0219i datorit\u0103 lor exist\u0103 azi Rom\u00e2nia.<\/strong><\/p>\n<\/td>\n<\/tr>\n<\/tbody>\n<\/table>\n<p>Al doilea a fost faptul c\u0103 au existat mai multe organiza\u021bii politice total antagonice ideologic care au folosit simultan \u201dsalutul roman\u201d.<\/p>\n<p>Cea mai important\u0103 organiza\u021bie na\u021bionalist\u0103 care l-a adoptat a fost Legiunea Arhanghelul Mihail (Mi\u0219carea Legionar\u0103), sub influen\u021ba lui Nicolae Iorga, cel mai mare admirator declarat al fascismului italian \u0219i al lui Mussolini.<\/p>\n<p>O organiza\u021bie opus\u0103 ideologic Mi\u0219c\u0103rii Legionare, care a folosit salutul roman, a fost cea \u00eenfiin\u021bat\u0103 de Regele Carol II, \u00een 1935, \u00een plin regim democratic, numit\u0103 \u201dStraja \u021a\u0103rii\u201d, sau \u201dStr\u0103jerii\u201d. Regele a numit \u00een fruntea organiza\u021biei un evreu dintr-o familie cu membri ilegali\u0219ti comuni\u0219ti. \u00cen calitate de \u0219ef suprem al Str\u0103jerilor, Regele Carol2 a folosit \u201dsalutul roman\u201d la evenimentele publice, \u0219i la fel \u0219i mo\u0219tenitorul tronului, viitorul rege Mihai.<\/p>\n<table>\n<tbody>\n<tr>\n<td width=\"301\"><img loading=\"lazy\" decoding=\"async\" class=\"alignnone wp-image-277 lazy entered loaded\" src=\"https:\/\/www.tociu.ro\/wp-content\/uploads\/2026\/06\/Carol2-Strajerii-300x234.jpeg\" alt width=\"388\" height=\"303\" data-ll-status=\"loaded\"><\/td>\n<td width=\"301\"><strong>Regele Caro2 prime\u0219te salutul organiza\u021biei sale de \u201dstr\u0103jeri\u201d, \u00een 1935.<\/strong>\u00a0<\/p>\n<p><strong>\u201dStraja \u021a\u0103rii\u201d era echivalentul democratic al Mi\u0219c\u0103rii Legionare, cu toate acestea folosea un salut similar.<\/strong><\/p>\n<\/td>\n<\/tr>\n<\/tbody>\n<\/table>\n<table>\n<tbody>\n<tr>\n<td width=\"208\"><img loading=\"lazy\" decoding=\"async\" class=\"alignnone wp-image-278 lazy entered loaded\" src=\"https:\/\/www.tociu.ro\/wp-content\/uploads\/2026\/06\/Strajer-1-183x300.jpeg\" alt width=\"274\" height=\"449\" data-ll-status=\"loaded\"><\/td>\n<td width=\"393\"><strong>Copil rom\u00e2n \u00een uniform\u0103 de \u201dstr\u0103jer\u201d \u00een anul 1935.<\/strong>\u00a0<\/p>\n<p><strong>\u00a0<\/strong><\/p>\n<p><strong>\u00cencep\u00e2nd de la v\u00e2rsta de 7 ani, to\u021bi copiii erau considera\u021bi \u201dstr\u0103jeri\u201d \u0219i erau obliga\u021bi la \u0219coal\u0103 s\u0103 salute Drapelul \u0219i oficialii cu salutul roman, la fel cum f\u0103ceau copiii din SUA de peste 50 de ani.<\/strong><\/p>\n<\/td>\n<\/tr>\n<\/tbody>\n<\/table>\n<p>Trei ani mai t\u00e2rziu, \u00een 1938, Regele Carol2 a \u00eenfiin\u021bat partidul Frontul Rena\u0219terii Na\u021bionale, \u0219i acesta folosind salutul roman. Partidul a avut \u00een conducere demnitari \u0219i politicieni democra\u021bi de marc\u0103 \u0219i a fost simpatizat de guvernele Angliei \u0219i Fran\u021bei.<\/p>\n<p>\u00a0<\/p>\n<table>\n<tbody>\n<tr>\n<td width=\"301\"><img loading=\"lazy\" decoding=\"async\" class=\"alignnone wp-image-209 lazy entered loaded\" src=\"https:\/\/www.tociu.ro\/wp-content\/uploads\/2026\/06\/20260424_121130-300x170.jpg\" alt width=\"492\" height=\"279\" data-ll-status=\"loaded\"><\/td>\n<td width=\"301\"><strong>Partidul\u00a0<\/strong><strong>Frontul Rena\u0219terii Na\u021bionale.<\/strong>\u00a0<\/p>\n<p><strong>Armand C\u0103linescu, ministru de interne, cu ochiul st\u00e2ng acoperit, al treilea din st\u00e2nga \u00een primul r\u00e2nd.<\/strong><\/p>\n<p><strong>A fost cel mai mare du\u0219man al legionarilor, dar a folosit acela\u0219i salut ca \u0219i ei.<\/strong><\/p>\n<\/td>\n<\/tr>\n<\/tbody>\n<\/table>\n<p>A treia particularitate a Rom\u00e2niei a fost faptul c\u0103 a fost singura \u021bar\u0103 care a modificat coregrafia salutului \u00eentr-un fel care i-a ad\u0103ugat valoare vizual\u0103 \u0219i simbolic\u0103: m\u00e2na dreapt\u0103 face o oprire \u00een dreptul inimii \u00een mi\u0219carea de urcare \u0219i \u00een cea de cobor\u00e2re.<\/p>\n<p>Salutul nou a devenit cunoscut sub numele de \u201dsalutul legionar\u201d \u0219i este din ce \u00een ce mai folosit \u00een detrimentul salutului clasic \u201droman\u201d, deoarece motricitatea bra\u021bului este mai fireasc\u0103 \u0219i se adaug\u0103 simbolul inimii \u00een ritualul salutului.<\/p>\n<p>Modificarea s-a reflectat \u0219i \u00een plan juridic, prin faptul c\u0103 legile actuale din Rom\u00e2nia fac referire la dou\u0103 saluturi distincte: \u201dsalutul fascist\u201d \u0219i \u201dsalutul legionar\u201d, dar nu exist\u0103 norme care s\u0103 le descrie.<\/p>\n<p>Salutul legionar \u201dde manual\u201d poate fi v\u0103zut \u00een filmarea adun\u0103rii publice legionare din 6 Octombrie 1940, executat de mare\u0219alul Antonescu.<\/p>\n<p>\u00a0<\/p>\n<p><strong><u>10. \u00cendep\u0103rtarea civiliza\u021biei europene de salutul roman<\/u><\/strong><\/p>\n<p>1933 a fost anul \u00een care s-a lansat oficial propaganda interna\u021bional\u0103 anti-german\u0103, prin publicarea \u00eentr-un important cotidian britanic a articolului \u201dIudeea declar\u0103 r\u0103zboi Germaniei\u201d. O component\u0103 a acestei propagande a avut ca obiectiv renun\u021barea progresiv\u0103 la folosirea \u201dsalutului roman\u201d, pe motiv c\u0103 acesta era identificat cu Partidul nazist, cu Germania belicoas\u0103 \u0219i cu Hitler.<\/p>\n<p>Momentul de cotitur\u0103 a fost Olimpiada de la Berlin din 1936, c\u00e2nd similitudinea cvasi total\u0103 dintre salutul olimpic \u0219i cel nazist a fost interpretat\u0103 politic. Sportivii din majoritatea \u021b\u0103rilor nu au acordat importan\u021b\u0103 subiectului \u0219i, din respect pentru competi\u021bie, s-au conformat protocolului olimpic \u0219i au efectuat salutul la fiecare moment solemn.<\/p>\n<p>\u00cen schimb, sportivii din SUA au fost instrui\u021bi de guvern s\u0103 execute un surogat de salut olimpic: cu bra\u021bul \u00eentins \u00eenainte, dar cu palma orientat\u0103 spre cer sau spre lateral \u0219i cu degetul mare \u00een centrul palmei, adic\u0103 ceva care s\u0103 nu fie \u201droman\/nazist\u201d, dar s\u0103 par\u0103 a fi salut olimpic.<\/p>\n<p><img loading=\"lazy\" decoding=\"async\" class=\"alignnone wp-image-281 lazy entered loaded\" src=\"https:\/\/www.tociu.ro\/wp-content\/uploads\/2026\/06\/Salut-Olimpic-SUA-negri-300x159.jpg\" alt width=\"481\" height=\"255\" data-ll-status=\"loaded\"><\/p>\n<p><strong>Sportivi din SUA execut\u00e2nd salutul olimpic modificat pentru a se diferen\u021bia de cel nazist (Berlin, 1936)<\/strong><\/p>\n<p>Au participat la olimpiad\u0103 \u0219i sportivi evrei reprezent\u00e2nd imigran\u021bii din Palestina (Israelul nu exista ca stat, dar existau comunit\u0103\u021bi mari de evrei \u00een Palestina). Ace\u0219tia aveau posibilitatea s\u0103 refuze efectuarea salutului olimpic\/nazist, dar l-au efectuat f\u0103r\u0103 nicio re\u021binere deoarece Hitler a fost cel mai mare sus\u021bin\u0103tor al \u00eenfiin\u021b\u0103rii statului Israel.<\/p>\n<table>\n<tbody>\n<tr>\n<td width=\"301\"><img loading=\"lazy\" decoding=\"async\" class=\"alignnone wp-image-280 lazy entered loaded\" src=\"https:\/\/www.tociu.ro\/wp-content\/uploads\/2026\/06\/Salut-militar-SUA-Olimpiada-1-300x239.jpg\" alt width=\"426\" height=\"339\" data-ll-status=\"loaded\"><\/td>\n<td width=\"301\"><strong>Festivitate de premiere la Olimpiada de la Berlin, 1936:<\/strong>\u00a0<\/p>\n<p><strong>\u2013 sportivul coreean refuz\u0103 s\u0103 salute<\/strong><\/p>\n<p><strong>\u2013 sportivul SUA face un salut militar.<\/strong><\/p>\n<p><strong>Sportivii aveau op\u021biunea s\u0103 nu respecte indica\u021biile Comitetului Olimpic referitoare la salut.<\/strong><\/p>\n<\/td>\n<\/tr>\n<\/tbody>\n<\/table>\n<p>O situa\u021bie comic\u0103 a avut loc c\u00e2nd sportivii francezi au efectuat salutul olimpic la festivitatea de deschidere \u0219i \u00eentreg stadionul, o sut\u0103 de mii de spectatori germani, au izbucnit \u00een urale frenetice crez\u00e2nd c\u0103 francezii l-au salutat pe\u2026 Hitler.<\/p>\n<p>\u00a0<\/p>\n<p>\u00cen SUA, propaganda anti-german\u0103 s-a focusat \u0219i pe renun\u021barea la salutul Bellamy de onorare a Drapelului. Filmul \u201dDictatorul\u201d al lui Charlie Chaplin, lansat \u00een 1940, a avut un rol important \u00een asocierea salutului \u201droman\u201d cu nazismul \u0219i cu Hitler, \u0219i \u00een ridiculizarea acestuia prin umorul ieftin, specific lui Chaplin, adresat publicului patibular.<\/p>\n<table>\n<tbody>\n<tr>\n<td width=\"301\"><img loading=\"lazy\" decoding=\"async\" class=\"alignnone wp-image-282 lazy entered loaded\" src=\"https:\/\/www.tociu.ro\/wp-content\/uploads\/2026\/06\/Screenshot_20260423_215455_Google-300x232.jpg\" alt width=\"308\" height=\"238\" data-ll-status=\"loaded\"><\/td>\n<td width=\"301\"><strong>Charlie Chaplin a abuzat Constitu\u021bia \u021b\u0103rii \u00een care s-a realizat ca om \u2013 SUA, care garanteaz\u0103 dreptul la liber\u0103 exprimare, \u0219i a ridiculizat conduc\u0103torii unor \u021b\u0103ri cu care SUA avea rela\u021bii diplomatice.<\/strong>\u00a0<\/p>\n<p><strong>Era con\u0219tient c\u0103 \u00een acest fel ridiculiza \u0219i salutul de onorare a drapelului SUA (filmul Dictatorul, 1940).<\/strong><\/p>\n<p><strong>A fost expulzat din SUA \u00een 1952 pentru mesajele comuniste din filmele sale.<\/strong><\/p>\n<\/td>\n<\/tr>\n<\/tbody>\n<\/table>\n<p>Dup\u0103 filmul lui Charlie Chaplin au ap\u0103rut cet\u0103\u021benii \u201danti-fasci\u0219ti\u201d, precursorii organiza\u021biei actuale AntiFa, care au propus ca \u00een \u0219colile din SUA s\u0103 se schimbe modul de executare a salutului de onorare a Drapelului, pentru unicul motiv c\u0103 \u00eel adoptase Germania nazist\u0103.<\/p>\n<p>Mul\u021bi americani, organiza\u021biile patriotice \u0219i asocia\u021biile de veterani au luat atitudine \u00eempotriva presiunilor care se f\u0103ceau pentru renun\u021barea la acest salut, \u0219i chiar \u0219i asocia\u021bia descenden\u021bilor eroilor care au fondat SUA. Ace\u0219tia considerau c\u0103 era absurd ca poporul american s\u0103 \u00ee\u0219i schimbe jur\u0103m\u00e2ntul de loialitate fa\u021b\u0103 de Drapel, devenit tradi\u021bional, doar pentru c\u0103 salutul fusese adoptat de alt\u0103 \u021bar\u0103. Genera\u021bia de americani care crescuse cu acest salut, cei care \u00eel f\u0103cuser\u0103 cu m\u00e2ndrie \u00eencep\u00e2nd de la gr\u0103dini\u021b\u0103 \u0219i p\u00e2n\u0103 c\u00e2nd ajunseser\u0103 \u00een baston, se opuneau ca ni\u0219te agitatori s\u0103-i opreasc\u0103 pe urma\u0219ii lor s\u0103-l mai foloseasc\u0103 doar pentru c\u0103 un \u0219ef de trib de peste ocean \u00eei copiase.<\/p>\n<p>Odat\u0103 cu intrarea SUA \u00een r\u0103zboiul contra Germaniei naziste, guvernul a ini\u021biat un program de control psihologic al popula\u021biei \u00een care rolul principal a revenit presei. S-au reluat acuza\u021biile \u00eempotriva Germaniei din primul r\u0103zboi mondial, cum c\u0103 omor\u00e2se 6 milioane de evrei \u0219i, \u00een acest context, Congresul american a votat, \u201dnoaptea ca ho\u021bii\u201d, ca salutul Bellamy cu m\u00e2na \u00eentins\u0103 s\u0103 fie \u00eenlocuit cu salutul masonic, prin ducerea m\u00e2inii la inim\u0103 (1942). De fapt, modificarea s-a f\u0103cut prin mai multe legi, date progresiv, folosind strategia fierberii broa\u0219tei \u2013 \u00eencet, ca s\u0103 nu anticipeze finalul.<\/p>\n<p>Peste c\u00e2\u021biva ani, Congresul avea s\u0103 voteze, sub pretextul de a eviden\u021bia cre\u0219tinismul democra\u021biei fa\u021b\u0103 de ateismul comunist, \u0219i renun\u021barea la deviza oficial\u0103 a SUA \u2013 \u201dE pluribus unum\u201d \u2013 \u0219i s\u0103 o \u00eenlocuiasc\u0103 cu cea actual\u0103, eviscerat\u0103 de patriotism, \u201dIn God we trust\u201d.<\/p>\n<p>Se poate re\u021bine c\u0103 renun\u021barea la salutul roman \u0219i la deviza na\u021bional\u0103 s-au produs \u00een SUA f\u0103r\u0103 o consultare democratic\u0103 \u0219i total \u00eempotriva voin\u021bei organiza\u021biilor patriotice reprezentative, iar pretextul oficial a fost reac\u021bia la ac\u021biunile altor \u021b\u0103ri.<\/p>\n<p>Ca urmare a faptului c\u0103 Germania a pierdut r\u0103zboiul, \u201dsalutul roman\u201d a fost interzis \u00een \u021b\u0103rile c\u0103zute sub hegemonia SUA, conform principiului \u201dVae victis\u201d (vai de \u00eenvin\u0219i pentru c\u0103 \u00eenving\u0103torul poate comite orice demen\u021b\u0103 \u00eempotriva lor).<\/p>\n<p>\u00a0<\/p>\n<p><strong><u>11. Situa\u021bia juridic\u0103 european\u0103 pentru \u201dsalutul roman\u201d<\/u><\/strong><\/p>\n<p>A\u0219a cum era de a\u0219teptat, \u00eenving\u0103torii SUA \u0219i URSS au interzis toate formele de \u201dsalut roman\u201d \u00een \u021b\u0103rile pe care le-au ocupat militar, cu pretextul c\u0103 simbolistica acestuia ar fi fost iremediabil compromis\u0103 de ideologia nazist\u0103 \u0219i c\u0103 nu mai poate fi folosit deoarece provoac\u0103 ofens\u0103.<\/p>\n<p>\u00cens\u0103, ceea ce nu are justificare legal\u0103 \u0219i deontologic\u0103, este politica editorial\u0103 sincron\u0103 a \u00eentregii prese democratice de a ascunde trecutul acestui salut \u0219i a modului \u00een care a fost abandonat. Printre sutele de filme \u0219i milioanele de fotografii din presa ultimilor 50 de ani cu referire la perioada interbelic\u0103 din SUA, a\u021bi v\u0103zut undeva salutul Bellamy ca stare de normalitate a acelui timp? \u00cen momentul \u00een care avem c\u00e2teva genera\u021bii care nu \u0219tiu c\u0103 acest salut a fost folosit \u00een Democra\u021bie timp de 150 de ani, ca form\u0103 de celebrare a Democra\u021biei, se poate trage concluzia c\u0103 guvernele desf\u0103\u0219oar\u0103 o activitate sus\u021binut\u0103 \u0219i coordonat\u0103 de modificare a trecutului, folosind principiul: \u201dCe nu se \u0219tie, nu a existat\u201d! Este normal ca presa, cinematografia \u0219i sistemul de \u00eenv\u0103\u021b\u0103m\u00e2nt s\u0103 ne ascund\u0103 un trecut \u00eenc\u0103rcat cu m\u00e2ndrie \u0219i patriotism?<\/p>\n<p>Comitetul Olimpic Interna\u021bional a renun\u021bat imediat dup\u0103 WW2 la utilizarea salutului olimpic, evident c\u0103 din cauza conformismului cu corectitudinea politic\u0103 a noii ordini mondiale.<\/p>\n<p>\u00cen mod ironic, efectuarea salutului roman\/ nazist\/ fascist\/ legionar este legal\u0103 \u00een SUA, deoarece primul amendament al Constitu\u021biei protejeaz\u0103 dreptul la libera exprimare a ideilor (chiar dac\u0103 ele sunt considerate ofensatoare de c\u0103tre unii), \u00een schimb SUA impun legisla\u021bii restrictive \u00een toate \u021b\u0103rile \u00een care pot. Democra\u021bia garanteaz\u0103 egalitatea \u00een drepturi, dar cei n\u0103scu\u021bi \u00een SUA sunt mai egali dec\u00e2t ceilal\u021bi.<\/p>\n<table>\n<tbody>\n<tr>\n<td width=\"301\"><img loading=\"lazy\" decoding=\"async\" class=\"alignnone wp-image-283 lazy entered loaded\" src=\"https:\/\/www.tociu.ro\/wp-content\/uploads\/2026\/06\/Elon-Musk-300x214.jpeg\" alt width=\"398\" height=\"284\" data-ll-status=\"loaded\"><\/td>\n<td width=\"301\"><strong>De ce Democra\u021bia \u00eei permite lui Elon Musk s\u0103 fac\u0103 acest gest \u00een SUA, dar \u00eel bag\u0103 la \u00eenchisoare pe \u201dElian Musc\u0103\u201d dac\u0103 face la fel \u00een Rom\u00e2nia?<\/strong>\u00a0<\/p>\n<p><strong>De ce Congresul Mondial Evreiesc a zis c\u0103 gestul lui Elon Musk a fost doar un \u201dexces de entuziasm\u201d, dar zice cu totul altceva dac\u0103 \u201dElian Musc\u0103\u201d face un gest identic \u00een Rom\u00e2nia?<\/strong><\/p>\n<\/td>\n<\/tr>\n<\/tbody>\n<\/table>\n<p>A\u0219adar, \u00een SUA nu exist\u0103 nicio restric\u021bie privind salutul roman, dec\u00e2t dac\u0103 acesta exprim\u0103 un pericol iminent de agresiune, adic\u0103 e folosit similar cu Allah Akbar.<\/p>\n<p>\u00cen mod identic \u0219i \u00een Marea Britanie.<\/p>\n<p>\u00cen Uniunea European\u0103, situa\u021bia difer\u0103 de la \u021bar\u0103 la \u021bar\u0103, dar per ansamblu exist\u0103 o presiune politic\u0103 venit\u0103 dinspre SUA pentru interzicerea salutului roman.<\/p>\n<p>Cum era de a\u0219teptat, \u021b\u0103rile care au bocancul american pe cap din 1944 \u00eencoace ofer\u0103 \u00eenchisoare de la 3 la 5 ani pentru salutul roman: Germania \u0219i Austria. Perfec\u021biunea german\u0103 se manifest\u0103 la fel \u0219i pentru turi\u0219ti, \u0219i pentru ignoran\u021bi, \u0219i pentru cei care fac glume, iar elevii nu au voie s\u0103 ridice m\u00e2na dreapt\u0103 \u00een clas\u0103 ca s\u0103 r\u0103spund\u0103.<\/p>\n<p>La polul opus este Elve\u021bia, unde salutul este legal dac\u0103 nu este folosit ca manifestare a rasismului. Explica\u021bia este c\u0103, de sute de ani, Elve\u021bia este \u021bara european\u0103 cea mai preg\u0103tit\u0103 militar s\u0103 se apere, a\u0219a c\u0103 nimeni nu a \u00eencercat s\u0103 se fac\u0103 de r\u00e2s impun\u00e2ndu-i ceva.<\/p>\n<p>\u00cen mod similar, nici Irlanda nu are o lege care s\u0103 interzic\u0103 salutul roman, dar el poate fi considerat ca o form\u0103 de nazism dac\u0103 este f\u0103cut \u00eentr-un context de ur\u0103 rasial\u0103.<\/p>\n<p>Irlanda este o \u021bar\u0103 foarte relaxat\u0103 cu trecutul ei fascist. Chiar dac\u0103 organiza\u021bia fascist\u0103 \u201dC\u0103m\u0103\u0219ile albastre\u201d a fost dizolvat\u0103 \u00een 1934 de pre\u0219edintele Irlandei, membrii s\u0103i au format partide care s-au perpetuat p\u00e2n\u0103 azi \u0219i nu exist\u0103 niciun oprobiu public pentru trecutul lor.<\/p>\n<table>\n<tbody>\n<tr>\n<td width=\"331\"><img loading=\"lazy\" decoding=\"async\" class=\"alignnone wp-image-284 lazy entered loaded\" src=\"https:\/\/www.tociu.ro\/wp-content\/uploads\/2026\/06\/Camasile-Albastre-Fina-Gael-1-300x207.jpeg\" alt width=\"407\" height=\"281\" data-ll-status=\"loaded\"><\/td>\n<td width=\"270\"><strong>Fotografie publicat\u0103 de Irish Times (cel mai important ziar din Irlanda) \u00een 2021:<\/strong>\u00a0<\/p>\n<p><strong>Liderul partidului Fina Gael (\u00een costum negru) \u00een 1934.<\/strong><\/p>\n<p><strong>Fina Gael este unul dintre principalele partide parlamentare din Irlanda.<\/strong><\/p>\n<\/td>\n<\/tr>\n<\/tbody>\n<\/table>\n<p>Explica\u021bia este faptul c\u0103 lobby-ul irlandez este al doilea cel mai puternic din SUA, dup\u0103 cel evreiesc. 40 de milioane de descenden\u021bi ai imigran\u021bilor din Irlanda, bine organiza\u021bi, au un cuv\u00e2nt greu \u00een politica extern\u0103 a SUA, mai ales c\u0103 irlandezii au fost constructorul \u0219i vioara americii.<\/p>\n<p>\u00cen Spania, prima lege care restric\u021bioneaz\u0103 utilizarea salutului roman \u00een public a fost dat\u0103 recent, \u00een 2022. Exist\u0103 o puternic\u0103 opozi\u021bie popular\u0103 la aceast\u0103 lege \u0219i salutul este \u00eenc\u0103 permis \u00eentr-o multitudine de situa\u021bii, \u00een special la comemor\u0103ri ale lupt\u0103torilor anti-comuni\u0219ti.<\/p>\n<table>\n<tbody>\n<tr>\n<td width=\"301\"><img loading=\"lazy\" decoding=\"async\" class=\"alignnone wp-image-285 lazy entered loaded\" src=\"https:\/\/www.tociu.ro\/wp-content\/uploads\/2026\/06\/Spania-1-300x217.jpeg\" alt width=\"422\" height=\"305\" data-ll-status=\"loaded\"><\/td>\n<td width=\"301\"><strong>\u00a0<\/strong><strong>A\u0219a a fost \u00een Spania p\u00e2n\u0103 \u00een 2022.<\/strong>\u00a0<\/p>\n<p><strong>Comuni\u0219tii au pierdut r\u0103zboiul cu spaniolii condu\u0219i de Franco, dar azi\u00a0<\/strong><strong>l-au c\u00e2\u0219tigat folosind propaganda finan\u021bat\u0103 din SUA.<\/strong><\/p>\n<\/td>\n<\/tr>\n<\/tbody>\n<\/table>\n<p>\u00cen mod similar \u00een Portugalia, introducerea interdic\u021biei s-a f\u0103cut recent \u0219i aplicarea legii depinde de interpretarea care se d\u0103 salutului. Portughezii, la fel ca spaniolii, uit\u0103 greu c\u0103 regimul fascist i-a sc\u0103pat de cea mai mare nenorocire a secolului XX \u2013 r\u0103zboiul.<\/p>\n<p>\u00cen Olanda, statuia din fa\u021ba stadionului olimpic din Amsterdam, ridicat\u0103 \u00een 1924 \u00een cinstea organizatorului jocurilor olimpice, a fost mutat\u0103 \u00een anul 2022, la ordin politic, \u00eentr-un loc \u00een care mai poate fi v\u0103zut\u0103 numai \u00eenso\u021bit de un ghid al stadionului. Statuia a fost vandalizat\u0103, \u00een mod ilegal, \u00eenainte de mutare, \u00eens\u0103 poli\u021bia, justi\u021bia \u0219i presa au \u00eenchis ochii, la ordin politic\u2026 c-a\u0219a e-n Democra\u021bie.<\/p>\n<p>\u00cen majoritatea statelor europene au ap\u0103rut solicit\u0103ri ale presei \u0219i politicienilor pentru introducerea unei legisla\u021bii mai restrictive fa\u021b\u0103 de utilizarea salutului roman, interpretat ca o form\u0103 de adeziune la ideologia fascist\u0103, invoc\u00e2ndu-se o recrudescen\u021b\u0103 a agresiunilor antisemite. \u00cen realitate, s-a dovedit c\u0103 multe dintre agresiuni au fost comise chiar de evrei cu scopul de a oferi pretexte pentru \u00een\u0103sprirea legisla\u021biei.<\/p>\n<p>O schimbare radical\u0103 a venit din Italia, unde judec\u0103torii au refuzat \u00een anul 2026 s\u0103 condamne un grup de tineri care au efectuat salutul fascist \u00een public, pentru motivul c\u0103 erau \u00eentr-un context care nu prezenta o amenin\u021bare pentru cineva.<\/p>\n<table>\n<tbody>\n<tr>\n<td width=\"301\"><img loading=\"lazy\" decoding=\"async\" class=\"alignnone wp-image-286 lazy entered loaded\" src=\"https:\/\/www.tociu.ro\/wp-content\/uploads\/2026\/06\/Italia-300x188.jpeg\" alt width=\"428\" height=\"268\" data-ll-status=\"loaded\"><\/td>\n<td width=\"301\"><strong>Tineri fasci\u0219ti italieni salut\u00e2nd \u00een stil fascist, \u00een anul 2026, \u00een mod legal.<\/strong>\u00a0<\/p>\n<p><strong>Dac\u0103 legisla\u021bia UE s-ar aplica \u00een Rom\u00e2nia, a\u0219a cum se declar\u0103, nu ar mai putea fi incrimina\u021bi rom\u00e2nii care efectueaz\u0103 salutul legionar la comemor\u0103ri sau ritualuri funerare.<\/strong><\/p>\n<\/td>\n<\/tr>\n<\/tbody>\n<\/table>\n<p>Din punct de vedere juridic, decizia justi\u021biei italiene va da dureri de cap celorlalte \u021b\u0103ri europene, deoarece jurispruden\u021ba se presupune c\u0103 trebuie s\u0103 fie uniform\u0103 \u00een toate statele UE.<\/p>\n<p>Trebuie men\u021bionat c\u0103, \u00een \u021b\u0103rile europene \u00een care legisla\u021bia permite salutul roman, serviciile secrete fac presiuni ilegale pentru asasinarea social\u0103 a celor care \u00eel efectueaz\u0103: patronii sunt for\u021ba\u021bi s\u0103 \u00eei concedieze, altfel sunt asalta\u021bi de controale \u0219i falimenta\u021bi, \u0219colile exmatriculeaz\u0103 elevii \u0219i studen\u021bii \u00een cauz\u0103, altfel sunt asaltate de controale de la Ministerul \u00cenv\u0103\u021b\u0103m\u00e2ntului, poli\u021bia nu intervine la agresarea lor fizic\u0103 de c\u0103tre bandele de anarhi\u0219ti \u0219i extremi\u0219ti de st\u00e2nga etc. Concluzia este c\u0103 institu\u021biile statelor democratice se comport\u0103 exact ca cele din Germania nazist\u0103, dar \u00een sens invers.<\/p>\n<p>Iar pentru ca similitudinea s\u0103 fie perfect\u0103, s-au creat \u0219i desene animate de propagand\u0103 pe tiparul celor naziste: dac\u0103 nazi\u0219tii ridiculizau evreii \u0219i cultura lor, arti\u0219tii democra\u021bi ridiculizeaz\u0103 salutul roman \u0219i semnifica\u021biile sale.<\/p>\n<table>\n<tbody>\n<tr>\n<td width=\"301\"><img loading=\"lazy\" decoding=\"async\" class=\"alignnone wp-image-287 lazy entered loaded\" src=\"https:\/\/www.tociu.ro\/wp-content\/uploads\/2026\/06\/Screenshot_20260417_191757_Google-300x219.jpg\" alt width=\"399\" height=\"291\" data-ll-status=\"loaded\"><\/td>\n<td width=\"301\"><strong>Timp de zeci de ani, serialul de benzi desenate \u0219i ulterior de desene animate \u201dAsterix \u0219i Obelix\u201d a asociat salutul roman cu excesul, ipocrizia, \u00a0brutalitatea, nevoile fiziologice.<\/strong>\u00a0<\/p>\n<p><strong>Istoricii consider\u0103 c\u0103 autorul evreu al desenelor a f\u0103cut o paralel\u0103 \u00eentre rezisten\u021ba opus\u0103 armatei romane de un mic sat de gali \u0219i rezisten\u021ba evreilor la integrare \u0219i la holocaust.<\/strong><\/p>\n<\/td>\n<\/tr>\n<\/tbody>\n<\/table>\n<p>\u00a0<\/p>\n<p><strong><u>12. Rolul internetului \u00een interzicerea salutului roman<\/u><\/strong><\/p>\n<p>Tot ce \u021bine de comunicarea prin internet este supus controlului celor care de\u021bin butonul on-off, care se afl\u0103 deocamdat\u0103 \u00een SUA.<\/p>\n<p>Prima idee important\u0103 este c\u0103 nu exist\u0103 nicio modalitate electronic\u0103 de comunicare care s\u0103 nu poat\u0103 fi interceptat\u0103 \u0219i decodat\u0103. Dosarele penale sunt pline cu convorbiri \u0219i poze luate de pe WhatsApp sau de pe alte canale care zic c\u0103 garanteaz\u0103 confiden\u021bialitatea, a\u0219adar serviciile secrete sunt capabile s\u0103 asculte \u0219i s\u0103 vad\u0103 tot\u2026 \u0219i \u00een special pe utilizatorii salutului roman. Serviciile pot recupera chiar \u0219i discu\u021biile care ulterior sunt \u0219terse. Nu exist\u0103 intimitate dac\u0103 \u00een apropiere se afl\u0103 orice fel de component\u0103 electric\u0103, chiar \u0219i un bec. \u00cen Democra\u021bie, cei care folosesc salutul roman sunt monitoriza\u021bi intensiv de servicii, chiar dac\u0103 o fac legal.<\/p>\n<p>A doua idee: re\u021belele de socializare au mecanisme de cenzurare a oric\u0103rei informa\u021bii incorecte politic \u0219i de urm\u0103rire a activit\u0103\u021bii persoanelor incomode. Practic, \u00een cazul \u00een care mesajele nu le sunt \u0219terse automat pe motiv de \u201d\u00eenc\u0103lcare a regulilor\u201d, se blocheaz\u0103 orice posibilitate de r\u0103sp\u00e2ndire a lor \u00een afara unei bule. Singura posibilitate ca s\u0103 nu se ajung\u0103 s\u0103 se vorbeasc\u0103 la pere\u021bi este de stabilire de contacte personale cu cei cu opinii similare \u0219i de l\u0103rgire continu\u0103 a cercului. Evident, e aproape imposibil de realizat practic.<\/p>\n<p>A treia: trebuie insistat foarte mult pentru g\u0103sirea informa\u021biilor importante adev\u0103rate, deoarece strategia st\u0103p\u00e2nilor internetului este s\u0103 le acopere cu un munte de non-informa\u021bii sau cu unele concepute special s\u0103 induc\u0103 \u00een eroare.<\/p>\n<table>\n<tbody>\n<tr>\n<td width=\"301\"><img loading=\"lazy\" decoding=\"async\" class=\"alignnone wp-image-289 lazy entered loaded\" src=\"https:\/\/www.tociu.ro\/wp-content\/uploads\/2026\/06\/AI-scouts-salut-roman-300x198.jpeg\" alt width=\"364\" height=\"240\" data-ll-status=\"loaded\"><\/td>\n<td width=\"301\"><strong>R\u0103spuns de AI tipic pentru a induce \u00een eroare.<\/strong>\u00a0<\/p>\n<p><strong>\u00cen realitate, salutul scouts ini\u021bial a fost modificat tocmai pentru c\u0103 se asem\u0103na cu salutul roman la nivel de confuzie.<\/strong><\/p>\n<p><strong>\u00cen anul 1907, c\u00e2nd salutul scouts a fost \u201dinventat\u201d, salutul roman era obligatoriu \u00een toate \u0219colile din SUA de 20 de ani!<\/strong><\/p>\n<\/td>\n<\/tr>\n<\/tbody>\n<\/table>\n<p>A patra: AI-ul este \u201domul lor\u201d. Nu te baza pe el. C\u00e2nd \u00ee\u021bi spune c\u0103 ceva nu exist\u0103, insist\u0103 s\u0103 cau\u021bi. Marea majoritate a informa\u021biilor din aceast\u0103 lucrare a fost g\u0103sit\u0103 dup\u0103 ce AI-ul a zis c\u0103 nu exist\u0103 a\u0219a ceva.<\/p>\n<p>\u00a0<\/p>\n<p><strong><u>13. Situa\u021bia juridic\u0103 interna\u021bional\u0103 pentru \u201dsalutul roman\u201d<\/u><\/strong><\/p>\n<p>Exist\u0103 popoare \u00een afara Europei care \u0219i-au manifestat libertatea \u0219i suveranitatea \u0219i prin refuzul de a le fi controlate simbolurile identitare.<\/p>\n<p>\u00cen Mexic, salutul roman este folosit \u00een continuare \u00een mod oficial, chiar \u0219i de c\u0103tre elevi \u00een \u0219coli.<\/p>\n<table>\n<tbody>\n<tr>\n<td width=\"301\"><img loading=\"lazy\" decoding=\"async\" class=\"alignnone wp-image-221 lazy entered loaded\" src=\"https:\/\/www.tociu.ro\/wp-content\/uploads\/2026\/06\/Mexic-copii-300x177.jpeg\" alt width=\"356\" height=\"210\" data-ll-status=\"loaded\"><\/td>\n<td width=\"301\"><strong>Elevi mexicani la o ceremonie \u0219colar\u0103.<\/strong><\/td>\n<\/tr>\n<\/tbody>\n<\/table>\n<p>Depunerea jur\u0103m\u00e2ntului de investire \u00een fa\u021ba Parlamentului de c\u0103tre pre\u0219edintele mexican se face \u00een continuare folosind salutul roman.<\/p>\n<table>\n<tbody>\n<tr>\n<td width=\"301\"><img loading=\"lazy\" decoding=\"async\" class=\"alignnone wp-image-290 lazy entered loaded\" src=\"https:\/\/www.tociu.ro\/wp-content\/uploads\/2026\/06\/Mexic-Presedinte-300x202.jpeg\" alt width=\"400\" height=\"269\" data-ll-status=\"loaded\"><\/td>\n<td width=\"301\"><strong>Evreica Claudia Sheinbaum a fost aleas\u0103 pre\u0219edinte al Mexicului \u00een 2025 \u0219i a depus jur\u0103m\u00e2ntul \u00een modul \u00een care se face \u00een Mexic.<\/strong><\/td>\n<\/tr>\n<\/tbody>\n<\/table>\n<table>\n<tbody>\n<tr>\n<td width=\"301\"><img loading=\"lazy\" decoding=\"async\" class=\"alignnone wp-image-291 lazy entered loaded\" src=\"https:\/\/www.tociu.ro\/wp-content\/uploads\/2026\/06\/Mexic-fata-saluta-287x300.jpeg\" alt width=\"327\" height=\"342\" data-ll-status=\"loaded\"><\/td>\n<td width=\"301\"><strong>Expresia m\u00e2ndriei mexicane.<\/strong><\/td>\n<\/tr>\n<\/tbody>\n<\/table>\n<p>\u00cen India, salutul roman a fost introdus \u00een anii 1950, \u00een total dispre\u021b fa\u021b\u0103 de politica interna\u021bional\u0103. Militarii \u00eel folosesc \u00een continuare la depunerea jur\u0103m\u00e2ntului de credin\u021b\u0103 fa\u021b\u0103 de \u021bar\u0103 \u0219i el simbolizeaz\u0103 tot ceea ce a reprezentat acesta \u00een pictura lui David.<\/p>\n<p>Elevii din India salut\u0103 a\u0219a cum o f\u0103ceau elevii din SUA p\u00e2n\u0103 \u00een 1942.<\/p>\n<table>\n<tbody>\n<tr>\n<td width=\"301\"><img loading=\"lazy\" decoding=\"async\" class=\"alignnone wp-image-292 lazy entered loaded\" src=\"https:\/\/www.tociu.ro\/wp-content\/uploads\/2026\/06\/India-elevi-300x194.jpeg\" alt width=\"364\" height=\"235\" data-ll-status=\"loaded\"><\/td>\n<td width=\"301\"><strong>\u00a0<\/strong><strong>C\u00e2nd ridic\u0103 bra\u021bul, elevii din India strig\u0103 \u201dJail Hind!\u201d \u2013 un slogan popular care \u00eenseamn\u0103 un fel de \u201dHeil India!\u201d<\/strong><\/td>\n<\/tr>\n<\/tbody>\n<\/table>\n<p>\u00a0<\/p>\n<table>\n<tbody>\n<tr>\n<td width=\"301\"><img loading=\"lazy\" decoding=\"async\" class=\"alignnone wp-image-293 lazy entered loaded\" src=\"https:\/\/www.tociu.ro\/wp-content\/uploads\/2026\/06\/India-desculti-300x190.jpeg\" alt width=\"343\" height=\"217\" data-ll-status=\"loaded\"><\/td>\n<td width=\"301\"><strong>Elevi indieni descul\u021bi, dar educa\u021bi s\u0103 nu lase pe nimeni s\u0103 fac\u0103 legea \u00een \u021bara lor.<\/strong><\/td>\n<\/tr>\n<\/tbody>\n<\/table>\n<p>\u00a0<\/p>\n<p><strong><u>14. Situa\u021bia juridic\u0103 \u00een Rom\u00e2nia pentru salutul roman<\/u><\/strong><\/p>\n<p>\u00cen Rom\u00e2nia, salutul roman se rezum\u0103 la salutul legionar. \u0218coala \u0219i presa \u0219terg din memoria colectiv\u0103 faptul c\u0103 salutul roman a fost utilizat \u00een Rom\u00e2nia de multe organiza\u021bii democratice, \u0219i chiar de regii Carol2 \u0219i Mihai.<\/p>\n<p>\u00cencep\u00e2nd cu 1989, legisla\u021bia referitoare la acesta a exprimat ura puterii politice post-decembriste fa\u021b\u0103 de fenomenul legionar interbelic. Explica\u021bia este c\u0103 persoanele care au preluat conducerii \u021b\u0103rii dup\u0103 1989 au fost, \u0219i unii \u00eenc\u0103 sunt, copiii \u0219i nepo\u021bii celor \u00eempotriva c\u0103rora au militat legionarii. Ei tr\u0103iesc cu teama c\u0103 doctrina legionar\u0103 poate fi germenele unei mi\u0219c\u0103ri politice na\u021bionaliste \u00eendreptate \u00eempotriva familiilor lor dinastice, care promovau comunismul atunci c\u00e2nd exprimau interesele Uniunii Sovietice, iar dup\u0103 1989 afi\u0219eaz\u0103 o fa\u021b\u0103 democratic\u0103.<\/p>\n<p>Imediat dup\u0103 Revolu\u021bie, fo\u0219tii legionari, b\u0103tr\u00e2ni trecu\u021bi de 70 de ani, se manifestau \u0219i vorbeau deschis despre trecutul lor, sim\u021bindu-se \u00een deplin\u0103 legalitate dup\u0103 50 de ani de persecu\u021bii.<\/p>\n<table>\n<tbody>\n<tr>\n<td width=\"301\"><img loading=\"lazy\" decoding=\"async\" class=\"alignnone wp-image-248 lazy entered loaded\" src=\"https:\/\/www.tociu.ro\/wp-content\/uploads\/2026\/06\/Tancabesti-2004-300x180.jpeg\" alt width=\"355\" height=\"213\" data-ll-status=\"loaded\"><\/td>\n<td width=\"301\"><strong>Comemorare legionar\u0103 \u00een anul 2002.<\/strong><\/td>\n<\/tr>\n<\/tbody>\n<\/table>\n<p>A fost o perioad\u0103 \u00een care legionarii organizau multe evenimente comemorative, \u00een toat\u0103 \u021bara, unde participan\u021bii efectuau salutul legionar \u00een public, alinia\u021bi \u00een r\u00e2nduri, at\u00e2t b\u0103tr\u00e2nii legionari c\u00e2t \u0219i mul\u021bimea de tineri adep\u021bi. \u00cen cel mai r\u0103u caz, erau privi\u021bi ca o curiozitate de cei care se uitaser\u0103 cu gura c\u0103scat\u0103 la filmele cu legionari ale lui Sergiu Nicolaescu.<\/p>\n<table>\n<tbody>\n<tr>\n<td width=\"301\"><img loading=\"lazy\" decoding=\"async\" class=\"alignnone wp-image-294 lazy entered loaded\" src=\"https:\/\/www.tociu.ro\/wp-content\/uploads\/2026\/06\/Concert-legionar-300x173.jpeg\" alt width=\"393\" height=\"227\" data-ll-status=\"loaded\"><\/td>\n<td width=\"301\"><strong>Concert public cu muzic\u0103 na\u021bionalist\u0103 \u00een 2004 \u00eentr-un club celebru din Bucure\u0219ti<\/strong>\u00a0<\/p>\n<p><strong>Atmosfera era similar\u0103 \u00een Cluj \u0219i \u00een Timi\u0219oara. Erau sute de participan\u021bi.<\/strong><\/p>\n<\/td>\n<\/tr>\n<\/tbody>\n<\/table>\n<p>Guvernul nu putea lua m\u0103suri juridice \u00eempotriva lor, deoarece\u00a0<strong>imediat dup\u0103 Revolu\u021bie rom\u00e2nii percepeau libertatea prin sentimentul c\u0103 erau egali cu \u201damericanii\u201d \u00een ceea ce prive\u0219te drepturile aduse de Democra\u021bie, printre care \u0219i libertatea de exprimare a ideilor politice.<\/strong><\/p>\n<p>\u00cen schimb, SRI-ul a minimizat \u00een secret efectele: presa \u0219i televiziunile au fost oprite s\u0103 informeze \u0219i s\u0103 fac\u0103 emisiuni cu legionarii care fuseser\u0103 implica\u021bi \u00een evenimente istorice majore pentru a se afla, la prima m\u00e2n\u0103, informa\u021bii despre asasinarea lui Duca, Armand C\u0103linescu, Iorga \u0219i Madgearu, cele de la \u00eenchisoarea Jilava \u0219i din p\u0103durea Jilava, rebeliunea, devastarea cartierului evreiesc din Bucure\u0219ti, povestea cu abatorul etc. Azi, \u00een absen\u021ba m\u0103rturiilor martorilor \u0219i a dovezilor pe care puteau s\u0103 le aduc\u0103, se poate fabula orice.<\/p>\n<p>Semnalul juridic c\u0103 lucrurile urmau s\u0103 se schimbe a fost OUG 31 din 2002. Ordonan\u021ba nu a afectat folosirea salutului legionar, \u00eens\u0103 a fost pretextul pentru ini\u021bierea unei campanii de \u00eendoctrinare a elevilor \u0219i tinerilor cu no\u021biuni de genul \u201dintimidare\u201d, \u201datmosfer\u0103 ostil\u0103\u201d, \u201dur\u0103\u201d, \u201dinstigare la ur\u0103\u201d, \u201ddiscriminare indirect\u0103\u201d, \u201dnega\u021bionism\u201d etc. Programul a fost desf\u0103\u0219urat \u00een \u0219coli de c\u0103tre ong-uri finan\u021bate \u00een abunden\u021b\u0103 din str\u0103in\u0103tate, a fost sus\u021binut de pres\u0103 \u0219i de ministerul \u00eenv\u0103\u021b\u0103m\u00e2ntului \u0219i unul dintre scopurile nedeclarate a fost discreditarea Mi\u0219c\u0103rii Legionare.<\/p>\n<p>A urmat HG 902\/2005, prin care s-a \u00eenfiin\u021bat Institutul Na\u021bional pentru Studierea Holocaustului din Rom\u00e2nia \u201dElie Wiesel\u201d. Prin intermediul acestuia, \u00eendoctrinarea a trecut la nivel superior, prin organizarea de cursuri pentru profesorii de istorie, despre cum s\u0103-i \u00eenve\u021be pe elevi o istorie conceput\u0103 de propagandi\u0219ti.<\/p>\n<table>\n<tbody>\n<tr>\n<td width=\"301\"><img loading=\"lazy\" decoding=\"async\" class=\"alignnone wp-image-295 lazy entered loaded\" src=\"https:\/\/www.tociu.ro\/wp-content\/uploads\/2026\/06\/Legionarismul-Caplescu-Edupedu-1-300x246.jpeg\" alt width=\"382\" height=\"313\" data-ll-status=\"loaded\"><\/td>\n<td width=\"301\"><strong>Profesor de istorie de la un liceu din Capital\u0103 care prime\u0219te recunoa\u0219tere media pentru participarea la programul Ministerului \u00cenv\u0103\u021b\u0103m\u00e2ntului de \u00eendoctrinare a elevilor.<\/strong>\u00a0<\/p>\n<p><strong>Echivalentul acestei activit\u0103\u021bi \u00een timpul comunismului era materia numit\u0103 \u201dSocialism \u0219tiin\u021bific\u201d \u0219i profesorii care o predau erau recompensa\u021bi cu promovare profesional\u0103 rapid\u0103.<\/strong><\/p>\n<\/td>\n<\/tr>\n<\/tbody>\n<\/table>\n<table>\n<tbody>\n<tr>\n<td width=\"301\"><img loading=\"lazy\" decoding=\"async\" class=\"alignnone wp-image-296 lazy entered loaded\" src=\"https:\/\/www.tociu.ro\/wp-content\/uploads\/2026\/06\/Legionarismul-Caplescu-Edupedu-2-300x183.jpeg\" alt width=\"393\" height=\"240\" data-ll-status=\"loaded\"><\/td>\n<td width=\"301\"><strong>Nivelul intelectual al unui profesor premiant la cursurile organizate de Institutul \u201dElie Wiesel\u201d:<\/strong>\u00a0<\/p>\n<p><strong>timpul prezent \u0219i trecut folosite simultan.<\/strong><\/p>\n<p><strong>Minciun\u0103 livrat\u0103 elevilor despre subven\u021bii \u2013 \u00een realitate, Mi\u0219carea Legionar\u0103 a fost singura organiza\u021bie politic\u0103 din Rom\u00e2nia care s-a finan\u021bat prin contribu\u021biile membrilor s\u0103i.<\/strong><\/p>\n<\/td>\n<\/tr>\n<\/tbody>\n<\/table>\n<p>Prima lege care a incriminat explicit salutul legionar a fost Legea 217, numit\u0103 \u0219i \u201danti-legionar\u0103\u201d, \u00een 2015. Legea nu a produs efecte aproape deloc, deoarece poli\u021bi\u0219tii \u0219i magistra\u021bii au refuzat s\u0103 renun\u021be la profesionalism \u0219i s\u0103 se transforme \u00een instrumente politice. Aproape toate dosarele deschise la insisten\u021bele Institutului Wiesel au fost solu\u021bionate de procurori cu ne\u00eenceperea urm\u0103ririi penale pe motiv c\u0103 \u201dfapta nu exist\u0103\u201d.<\/p>\n<p>Un exemplu de referin\u021b\u0103 este dosarul penal deschis la presiunea Institutului Wiesel \u00eempotriva unui cet\u0103\u021bean pe motiv c\u0103 a repetat \u00een public o declara\u021bie f\u0103cut\u0103 de\u00a0<strong>pre\u0219edintele statului Israel, \u00een cadru oficial, prin care a mul\u021bumit Rom\u00e2niei pentru c\u0103 a salvat 400.000 de evrei \u00een timpul holocaustului.<\/strong>\u00a0Parchetul a \u201dinvestigat\u201d timp de doi ani dac\u0103 este legal s\u0103 repe\u021bi ce a spus pre\u0219edintele Israelului c\u00e2nd a contrazis retorica oficial\u0103 a Guvernului Rom\u00e2niei exprimat\u0103 de Institutul Wiesel.<\/p>\n<p>Salutul legionar a continuat s\u0103 fie folosit la comemor\u0103rile legionare, \u00eens\u0103 poli\u021bia \u0219i procuratura nu au considerat c\u0103 exista un pericol social care s\u0103 justifice o ac\u021biune legal\u0103.<\/p>\n<p>\u00cen anii 2000-2020, opinia public\u0103 era format\u0103 majoritar din persoane mature, echilibrate emo\u021bional, permisive fa\u021b\u0103 de extravagan\u021bele lipsite de impact social. Genera\u021bia tinerilor \u00eendoctrina\u021bi \u00eenc\u0103 nu ajunsese la maturitate \u0219i nu aveau posturi \u00een institu\u021bii care s\u0103 le ofere p\u00e2rghii de ac\u021biune.<\/p>\n<p>Institutul Wiesel \u0219i-a continuat ac\u021biunea de inginerie social\u0103 \u0219i a produs un manual de istorie a evreilor din Rom\u00e2nia, plin de minciuni. Parlamentul l-a votat ca fiind obligatoriu de \u00eenv\u0103\u021bat de c\u0103tre liceeni, \u0219i to\u021bi profesorii de istorie au fost obliga\u021bi s\u0103 \u00eel predea, altfel \u00ee\u0219i pierdeau locurile de munc\u0103. \u00cen mod ironic, \u00een \u0219coli nu se pred\u0103 istoria rom\u00e2nilor, iar Muzeul Na\u021bional de Istorie a fost \u00eenchis \u00een urm\u0103 cu 25 de ani sub pretext de renovare.<\/p>\n<p>\u00cen plan institu\u021bional s-a trecut la nivelul trei: Ministerul Justi\u021biei \u0219i Ministerul de Interne \u0219i-au trimis angaja\u021bii tineri \u0219i avizi de afirmare la cursurile de \u00eendoctrinare organizate de Institutul Wiesel. Situa\u021bia este similar\u0103 cu cea din anii 1950-1970, c\u00e2nd tinerii dornici s\u0103 avanseze pe scara social\u0103 se \u00eenscriau la cursurile de \u201dpreg\u0103tire ideologic\u0103\u201d organizate de \u201dAcademia \u0218tefan Gheorghiu\u201d pentru a deveni \u201dcadre de n\u0103dejde\u201d ale sistemului. Despre absolven\u021bii de la \u201d\u0218tefan Gheorghiu\u201d, rom\u00e2nii spuneau c\u0103 \u201dnu mai au mam\u0103, nu mai au tat\u0103\u201d\u2026 adic\u0103 nu mai aveau niciun principiu moral care s\u0103-i opreasc\u0103 de la executarea unor ordine antiumane.<\/p>\n<p>Simultan, s-au produs \u00eenscen\u0103ri de evenimente antisemite pe care presa le-a hipermediatizat ca argument c\u0103 guvernul trebuie s\u0103 ia m\u0103suri pentru stoparea antisemitismului.<\/p>\n<table>\n<tbody>\n<tr>\n<td width=\"301\"><img loading=\"lazy\" decoding=\"async\" class=\"wp-image-301 lazy entered loaded alignleft\" src=\"https:\/\/www.tociu.ro\/wp-content\/uploads\/2026\/06\/Maia-Morgenstern-300x206.jpeg\" alt width=\"424\" height=\"291\" data-ll-status=\"loaded\"><\/td>\n<td width=\"301\"><strong>Actri\u021ba Maia Morgenstern s-a exhibat c\u0103 a fost \u021binta unui atac antisemit.<\/strong>\u00a0<\/p>\n<p><strong>Presa a gonflat \u0219tirea, Institutul Wiesel a cerut aplicarea dur\u0103 a Legii anti-legionare.<\/strong><\/p>\n<p><strong>SRI-ul a identificat autorul, un evreu provocator. Procurorii l-au pus \u00een libertate.<\/strong><\/p>\n<p><strong>D-na Morgenstern a \u0219ters urmele acuza\u021biei, presa a t\u0103cut, dar rom\u00e2nii au r\u0103mas speria\u021bi de amenin\u021barea legionar\u0103 \u2013 Scop atins!<\/strong><\/p>\n<\/td>\n<\/tr>\n<\/tbody>\n<\/table>\n<p>Legea 215 \u2013 \u201danti-legionar\u0103\u201d avea o mare problem\u0103: nu putea incrimina legionarii deoarece nu exista o baz\u0103 legal\u0103. Mi\u0219carea legionar\u0103 nu fusese incriminat\u0103 juridic de niciun tribunal, nici conduc\u0103torul ei, Corneliu Zelea Codreanu, nu a fost condamnat pentru genocid sau crime de r\u0103zboi, \u0219i,\u00a0<strong>culmea culmilor, niciun legionar nu a fost vreodat\u0103 condamnat pentru uciderea unui evreu<\/strong>.<\/p>\n<p>Problema a fost rezolvat\u0103 \u00een anul 2025 prin modificarea legii 215 astfel \u00eenc\u00e2t ea s\u0103 incrimineze tot ce \u021bine de legionarism, adic\u0103 \u0219i salutul legionar, pe motiv c\u0103 a\u0219a au vrut parlamentarii \u2013 \u201dreprezentan\u021bii poporului\u201d. Explica\u021bia gestului se g\u0103se\u0219te \u00eentr-o declara\u021bie a pre\u0219edintelui Comunit\u0103\u021bii evreie\u0219ti, Wexler, cum c\u0103 politicienii rom\u00e2ni au fost propulsa\u021bi \u00een func\u021bii de deep-state-ul evreiesc din Rom\u00e2nia\u2026 adic\u0103 iau decizii \u0219i voteaz\u0103 \u00een func\u021bie de cum cineva le \u00eenv\u00e2rte chei\u021ba.<\/p>\n<p>Dup\u0103 2020, vechii profesioni\u0219ti din poli\u021bie \u0219i magistratur\u0103 au \u00eenceput s\u0103 fie \u00eenlocui\u021bi, vr\u00e2nd-nevr\u00e2nd, cu \u201dlupii tineri\u201d, cei care \u00eenc\u0103 din \u0219coala general\u0103 au fost prelucra\u021bi ideologic de Institutul Wiesel \u0219i care acum sunt gata de orice compromis profesional pentru a fi muta\u021bi din provincie \u00een Bucure\u0219ti \u0219i pentru a avansa profesional. Odat\u0103 ajun\u0219i \u00een noile posturi, lor li se direc\u021bioneaz\u0103 dosarele privind OUG 31 \u0219i Legea 2015.<\/p>\n<p>Primul dosar penal deschis explicit pentru efectuarea salutului legionar a ap\u0103rut \u00een 2024, la o comemorare \u021binut\u0103 la locul \u00een care au fost asasina\u021bi de c\u0103tre statul rom\u00e2n 14 legionari, \u00een anul 1938.<\/p>\n<table>\n<tbody>\n<tr>\n<td width=\"301\"><img loading=\"lazy\" decoding=\"async\" class=\"alignnone wp-image-302 lazy entered loaded\" src=\"https:\/\/www.tociu.ro\/wp-content\/uploads\/2026\/06\/Tancabesti-Dosar-salut-1-300x210.jpeg\" alt width=\"416\" height=\"291\" data-ll-status=\"loaded\"><\/td>\n<td width=\"301\"><strong>Nostalgic cu barb\u0103 alb\u0103 salut\u00e2nd legionar la o comemorare privat\u0103, v\u00e2nat de jurnali\u0219ti pentru a fi expus public \u0219i a da astfel pretext poli\u021biei s\u0103-i deschid\u0103 dosar penal.<\/strong>\u00a0<\/p>\n<p><strong>Pentru gesturi similare, \u00een acela\u0219i context, procuratura a efectuat perchezi\u021bii \u00een casele a 8 rom\u00e2ni \u0219i le-a deschis dosare penale, cu scopul de a-i teroriza psihic \u0219i de a-i face pe to\u021bi cet\u0103\u021benii rom\u00e2ni s\u0103 se autocenzureze.<\/strong><\/p>\n<\/td>\n<\/tr>\n<\/tbody>\n<\/table>\n<p>Citat din rechizitoriu:<em>\u00a0\u201eFapta s\u0103v\u00e2r\u0219it\u0103 de inculpatul X const\u00e2nd \u00een aceea c\u0103, \u00een data de 30.11.2024, \u00een timp ce se afla \u00een localitatea T\u00e2nc\u0103be\u0219ti,\u2026, \u00een prezen\u021ba a c\u00e2teva zeci de persoane \u0219i \u00een contextul unei slujbe religioase,\u00a0<strong>a efectuat salutul legionar<\/strong>, \u00eentrune\u0219te elementele constitutive ale infrac\u021biunii de utilizarea \u00een public a simbolurilor fasciste, legionare, rasiste sau xenofobe, prev\u0103zut\u0103 de art. 4 alin. (2) din O.U.G. nr. 31\/2002\u2026\u201d-\u00a0<\/em>\u00een concluzie, nici dac\u0103 te duci \u00een p\u0103dure nu po\u021bi s\u0103 faci salutul legionar, pentru c\u0103 te fotografiaz\u0103 pentru Institutul Wiesel \u0219i poli\u021bie un jurnalist ascuns \u00een tufi\u0219 \u2013 te afli \u00een \u201dspa\u021biu public\u201d!<\/p>\n<p>Al doilea dosar penal pentru efectuarea salutului legionar a fost deschis \u00een 2026 pentru un film pus pe Facebook cu un cet\u0103\u021bean care a copiat salutul pe care Nicu\u0219or Dan l-a efectuat \u00een mai multe ocazii, cu degetele larg r\u0103sfirate. Simpla asem\u0103nare a salutului cu cel legionar a fost suficient\u0103 pentru procuratur\u0103 s\u0103 \u00eel considere legionar \u0219i pentru acest motiv, la dou\u0103 luni dup\u0103 eveniment, masca\u021bii au b\u0103tut la u\u0219a cet\u0103\u021beanului la 6 diminea\u021ba, i s-a perchezi\u021bionat locuin\u021ba, i-a fost luat telefonul pentru perchezi\u021bie informatic\u0103, i s-a f\u0103cut dosar penal, a fost dus \u00eenc\u0103tu\u0219at de acas\u0103 la procuratur\u0103 \u0219i i s-a dat control judiciar pe termen nedefinit, ceea ce \u00eenseamn\u0103 c\u0103 de dou\u0103 ori pe s\u0103pt\u0103m\u00e2n\u0103 se duce la sec\u021bia de poli\u021bie ca s\u0103 semneze o h\u00e2rtie.<\/p>\n<table>\n<tbody>\n<tr>\n<td width=\"301\"><img loading=\"lazy\" decoding=\"async\" class=\"alignnone wp-image-303 lazy entered loaded\" src=\"https:\/\/www.tociu.ro\/wp-content\/uploads\/2026\/06\/Nicusor-Dan-Salut-1-1-300x221.jpg\" alt width=\"377\" height=\"278\" data-ll-status=\"loaded\"><\/td>\n<td width=\"301\"><strong>Tipul de salut care a fost considerat de procuratur\u0103 ca fiind legionar c\u00e2nd a fost executat de un rom\u00e2n oarecare, dar nu \u0219i c\u00e2nd a fost executat de Nicu\u0219or Dan.<\/strong>\u00a0<\/p>\n<p><strong>Este sau nu este salut legionar?<\/strong><\/p>\n<\/td>\n<\/tr>\n<\/tbody>\n<\/table>\n<p>\u00cen acela\u0219i dosar penal, un alt acuzat de efectuarea salutului legionar a fost\u00a0<em>\u201dun trepied pe care era montat\u0103 o pancart\u0103 cu chipul lui Mihai Eminescu \u2026 pe care era ata\u0219at un bra\u021b metalic pe care era montat\u0103 o pancart\u0103 ce simboliza o palm\u0103 de culoare galben\u0103, cu inscrip\u021bia \u201dTr\u0103iasc\u0103 Na\u021bia\u201d<\/em>\u00a0\u2013 citatul este din acuza\u021bia procurorului.<\/p>\n<p>Dispozitivul \u00eel reprezenta pe Eminescu, \u00een m\u0103rime natural\u0103, cu un motora\u0219 \u00een um\u0103r care \u00eei ridica m\u00e2na dreapt\u0103 \u00een semn de salut c\u00e2nd sesiza prezen\u021ba unei persoane \u00een fa\u021ba sa.<\/p>\n<p>Dispozitivul a fost amplasat \u00eentr-un spa\u021biu public la o comemorare a lui Eminescu pentru a-i saluta pe cei care depuneau coroane \u0219i flori la statuia lui Eminescu. Timp de c\u00e2teva ore a fost vedeta evenimentului, a fost filmat \u0219i fotografiat de oricine a vrut, iar mul\u021bi dintre participan\u021bi sau simpli trec\u0103tori ridicau m\u00e2na \u0219i \u00eel salutau la r\u00e2ndul lor pe Eminescu cu r\u0103spunsul clasic: \u201dSus cu D\u00e2nsa!\u201d.<\/p>\n<p>Deoarece cet\u0103\u021beanul a efectuat \u201dSalutul lui Nicu\u0219or Dan\u201d \u00een fa\u021ba acestui dispozitiv \u00een acela\u0219i timp \u00een care \u201ddispozitivul\u201d \u00eel saluta pe el, procuratura a considerat c\u0103 \u0219i dispozitivul a executat salutul legionar \u2013 adic\u0103 s-au salutat legionar reciproc.<\/p>\n<p><img loading=\"lazy\" decoding=\"async\" class=\"alignnone wp-image-304 lazy entered loaded\" src=\"https:\/\/www.tociu.ro\/wp-content\/uploads\/2026\/06\/Eminescu-nou-280x300.jpeg\" alt width=\"391\" height=\"419\" data-ll-status=\"loaded\"><\/p>\n<p><strong>Dispozitivul care saluta prin ridicarea m\u00e2inii drepte pe participan\u021bii la o comemorare a lui Mihai Eminescu \u2013 15 Ianuarie 2026.<\/strong><\/p>\n<p><strong>Dispozitivul are un senzor care simte apropierea unei persoane \u0219i ac\u021bioneaz\u0103 un motora\u0219 care ridic\u0103 m\u00e2na. M\u00e2na st\u0103 ridicat\u0103 c\u00e2teva secunde, dup\u0103 care e cobor\u00e2t\u0103 \u00een pozi\u021bia de a\u0219teptare, pe l\u00e2ng\u0103 corp.<\/strong><\/p>\n<p><strong>Inventatorului dispozitivului i s-a deschis dosar penal pe motiv c\u0103 Eminescu saluta \u00een stil legionar \u0219i i s-a perchezi\u021bionat locuin\u021ba.<\/strong><\/p>\n<p>\u2026\u2026\u2026\u2026\u2026\u2026\u2026\u2026\u2026\u2026\u2026\u2026\u2026\u2026\u2026\u2026..<\/p>\n<p>A fost \u0219i o a treia persoan\u0103 c\u0103reia i s-a deschis dosar penal pentru c\u0103 a preluat filmarea cu cet\u0103\u021beanul \u0219i cu Eminescu de pe Facebook \u0219i a distribuit-o pe pagina sa, pe motiv de distribuire de materiale legionare. Faptul c\u0103 distribuirea filmului s-a f\u0103cut pe internet m\u0103re\u0219te cu 50% pedeapsa cu \u00eenchisoarea pentru cei trei \u201dvinova\u021bi\u201d.<\/p>\n<p>\u00cen acest timp, o mul\u021bime de personalit\u0103\u021bi publice \u0219i politicieni salut\u0103 \u00een stil legionar \u201dde manual\u201d, f\u0103r\u0103 ca poli\u021bia sau procuratura s\u0103 se sesizeze.<\/p>\n<table>\n<tbody>\n<tr>\n<td width=\"170\"><img loading=\"lazy\" decoding=\"async\" class=\"alignnone wp-image-305 lazy entered loaded\" src=\"https:\/\/www.tociu.ro\/wp-content\/uploads\/2026\/06\/20260424_162458-1-216x300.jpg\" alt width=\"272\" height=\"378\" data-ll-status=\"loaded\"><\/td>\n<td width=\"431\"><strong>Politicianul democrat Crin Antonescu salut\u00e2nd de parc\u0103 se afla \u00een fa\u021ba lui Hitler.<\/strong>\u00a0<\/p>\n<p><strong>Presa \u0219i opinia public\u0103 s-au sesizat, poli\u021bia \u0219i procuratura nu.<\/strong><\/p>\n<\/td>\n<\/tr>\n<\/tbody>\n<\/table>\n<table>\n<tbody>\n<tr>\n<td width=\"301\"><img loading=\"lazy\" decoding=\"async\" class=\"alignnone wp-image-306 lazy entered loaded\" src=\"https:\/\/www.tociu.ro\/wp-content\/uploads\/2026\/06\/Lasconi-300x226.jpeg\" alt width=\"307\" height=\"231\" data-ll-status=\"loaded\"><\/td>\n<td width=\"301\"><strong>Elena Lasconi, fost\u0103 candidat\u0103 \u201dpro-occidental\u0103\u201d la pre\u0219edin\u021bie, dovede\u0219te c\u0103 salutul roman este o form\u0103 natural\u0103 de salut chiar \u0219i pentru femei\u2026 dar este permis numai nomenclaturii soro\u0219iste.<\/strong>\u00a0<\/p>\n<p><strong>Evident, Lasconi nu s-a ales cu dosar penal.<\/strong><\/p>\n<\/td>\n<\/tr>\n<\/tbody>\n<\/table>\n<p>\u00a0<\/p>\n<table>\n<tbody>\n<tr>\n<td width=\"267\"><img loading=\"lazy\" decoding=\"async\" class=\"alignnone wp-image-227 lazy entered loaded\" src=\"https:\/\/www.tociu.ro\/wp-content\/uploads\/2026\/06\/Nicusor-Dan-Iasi-300x293.jpg\" alt width=\"312\" height=\"304\" data-ll-status=\"loaded\"><\/td>\n<td width=\"334\"><strong>\u00cen vizit\u0103 la Ia\u0219i, pre\u0219edintele Nicu\u0219or Dan a executat un salut cu m\u00e2na dreapt\u0103 dus\u0103 la inim\u0103 \u0219i apoi \u00eentins\u0103 c\u0103tre cer, de parc\u0103 se afla \u00een fa\u021ba lui Corneliu Zelea Codreanu.<\/strong>\u00a0<\/p>\n<p><strong>A fost criticat de pres\u0103, dar poli\u021bia \u0219i procuratura nu au ini\u021biat niciun demers juridic.<\/strong><\/p>\n<\/td>\n<\/tr>\n<\/tbody>\n<\/table>\n<table>\n<tbody>\n<tr>\n<td width=\"245\"><img loading=\"lazy\" decoding=\"async\" class=\"alignnone wp-image-226 lazy entered loaded\" src=\"https:\/\/www.tociu.ro\/wp-content\/uploads\/2026\/06\/Nicusor-dan-2-300x241.jpg\" alt width=\"314\" height=\"252\" data-ll-status=\"loaded\"><\/td>\n<td width=\"356\"><strong>Un alt salut \u201dlegionar\u201d. Presa \u00eel exonereaz\u0103 de vin\u0103 pe Dan pentru c\u0103 nu a zis \u201dHeil Hitler\u201d sau \u201dTr\u0103iasc\u0103 Legiunea \u0219i C\u0103pitanul\u201d \u0219i deoarece mi\u0219carea bra\u021bului nu a fost ferm\u0103, de tip militar.<\/strong>\u00a0<\/p>\n<p><strong>\u00cen pres\u0103, salutul este evaluat \u00een func\u021bie de coregrafia mi\u0219c\u0103rii, dup\u0103 criterii emo\u021bionale.<\/strong><\/p>\n<p><strong>\u00cen justi\u021bie, \u00een lipsa criteriilor legale, impresia personal\u0103 a judec\u0103torului face diferen\u021ba dintre libertate \u0219i condamnare.<\/strong><\/p>\n<\/td>\n<\/tr>\n<\/tbody>\n<\/table>\n<p>Singurul lucru cert privind salutul legionar este c\u0103 nu exist\u0103 nicio descriere a coregrafiei lui \u00een vreun regulament sau doctrin\u0103 politic\u0103, astfel \u00eenc\u00e2t s\u0103 existe elemente clare de identificare a unui salut efectuat de cineva ca fiind, sau nu, legionar, nazist, fascist. De exemplu, degetele larg r\u0103sfirate calific\u0103 un salut ca fiind legionar, sau nu? C\u00e2t de ferm\u0103 trebuie s\u0103 fie m\u00e2na la ridicare pentru a fi salut legionar? Conteaz\u0103 activitatea anterioar\u0103 a executantului pentru a i se cataloga un salut ca fiind legionar? C\u00e2t de pu\u021bin legionar\u0103 trebuie s\u0103 fie o ridicare a m\u00e2inii drepte pentru a nu fi considerat\u0103 salut legionar?<\/p>\n<p>\u00cen lipsa criteriilor legale, magistra\u021bilor le-a mai r\u0103mas s\u0103 se uite pe youtube la filmele propagandistice de epoc\u0103 \u0219i la cele \u201distorice\u201d ale lui Sergiu Nicolaescu.<\/p>\n<p>\u00a0<\/p>\n<p><strong><u>15. Concluzii<\/u><\/strong><\/p>\n<p>Salutul roman a ap\u0103rut deoarece exista o dorin\u021b\u0103 latent\u0103 de apari\u021bie a unui simbol care s\u0103 exprime aderen\u021ba la mo\u0219tenirea istoric\u0103, cultural\u0103 \u0219i identitar\u0103 european\u0103.<\/p>\n<p>Acest simbol putea avea orice form\u0103, putea fi orice gest sau sunet, cu singura condi\u021bie s\u0103 fac\u0103 parte din cultura european\u0103.<\/p>\n<p>Au existat \u0219i alte culturi, mai numeroase, mai puternice \u0219i mai sofisticate dec\u00e2t cultura antic\u0103 european\u0103, care s-au afirmat deoarece au \u00eemp\u0103rt\u0103\u0219it acelea\u0219i valori: onoarea, datoria, sacrificiul suprem pentru binele societ\u0103\u021bii, familia, tradi\u021biile \u2013 pe care le putem considera valori ale Umanit\u0103\u021bii, dar europenii \u0219i-au dorit un simbol care s\u0103 provin\u0103 din istoria devenirii lor. Acesta e motivul pentru care au vibrat at\u00e2t de puternic la jur\u0103m\u00e2ntul Hora\u021bilor, \u0219i nu la vreun gest similar chinezesc, sau al egiptenilor, samurailor, persanilor, aztecilor sau al vreunui trib african.<\/p>\n<p>Odat\u0103 ap\u0103rut acest simbol, care a fost numit \u201dsalutul roman\u201d, \u00eentreaga civiliza\u021bie european\u0103 l-a adoptat, \u00eens\u0103 cei care s-au ag\u0103\u021bat de el ca \u00eenecatul de pai au fost europenii care erau supu\u0219i cel mai mult presiunii de diluare cu alte culturi: cei din SUA. P\u0103rin\u021bii fondatori ai SUA au l\u0103sat drept mo\u0219tenire dezideratul p\u0103str\u0103rii identit\u0103\u021bii europene, iar salutul roman a fost adoptat tocmai pentru c\u0103 era cel mai puternic simbol care exprima r\u0103d\u0103cina greco-latin\u0103-european\u0103 a statului.<\/p>\n<p>\u00cens\u0103, ceea ce a fost construit \u00een 60 de ani ca s\u0103 fie expresia identitar\u0103 a SUA \u2013 salutul Bellamy, a disp\u0103rut ca un fum \u00eentre 1940 \u2013 c\u00e2nd Charlie Chaplin a lansat filmul Dictatorul, \u0219i 1942, c\u00e2nd salutul Bellamy a fost scos \u00een afara legii\u2026 f\u0103r\u0103 a fi \u00eenlocuit cu ceva la fel de european.<\/p>\n<p>Peste c\u00e2\u021biva ani, \u0219i deviza patriotic\u0103 a SUA a fost abandonat\u0103, tot printr-o lege: dintr-o dat\u0103, SUA nu au mai fost \u021bara lui \u201dE pluribus unum \u2013 To\u021bi suntem unu\u201d. Sloganul era prea fascist.<\/p>\n<p>\u201dTo\u021bi pentru unu, unu pentru to\u021bi!\u201d, varianta rom\u00e2neasc\u0103 pentru \u201dE pluribus unum\u201d, a fost un slogan pe care \u00eel strigau dintotdeauna, \u00een cor, copiii din Rom\u00e2nia \u00eenaintea competi\u021biilor pe echipe\u2026 a disp\u0103rut dup\u0103 Decembrie 1989.<\/p>\n<p>\u00a0<\/p>\n<p>Simultan, un alt simbol proto-european a devenit non-grata: svastica.<\/p>\n<p>Regina Maria a Rom\u00e2niei a avut la \u00eencoronarea de la Alba Iulia o coroan\u0103 cu 7 svastici, 3 \u00een st\u00e2nga, 3 \u00een dreapta \u0219i una \u00een v\u00e2rful coroanei, cutia \u00een care \u00ee\u0219i \u021binea coresponden\u021ba poate fi v\u0103zut\u0103 la Muzeul Pele\u0219 \u2013 avea form\u0103 de svastic\u0103, armatele unor state europene aveau svastica pe steag.<\/p>\n<table>\n<tbody>\n<tr>\n<td width=\"301\"><img loading=\"lazy\" decoding=\"async\" class=\"alignnone wp-image-298 lazy entered loaded\" src=\"https:\/\/www.tociu.ro\/wp-content\/uploads\/2026\/06\/Coroana-Regina-Maria-300x209.jpeg\" alt width=\"342\" height=\"238\" data-ll-status=\"loaded\"><\/td>\n<td width=\"301\"><strong>Coroana Reginei Maria de la \u00eencoronarea de la Alba Iulia, anul 1922.<\/strong>\u00a0<\/p>\n<p><strong>Pe l\u00e2ng\u0103 svastica din v\u00e2rful coroanei, mai are alte 6 svastici.<\/strong><\/p>\n<\/td>\n<\/tr>\n<\/tbody>\n<\/table>\n<table>\n<tbody>\n<tr>\n<td width=\"301\"><img loading=\"lazy\" decoding=\"async\" class=\"alignnone wp-image-297 lazy entered loaded\" src=\"https:\/\/www.tociu.ro\/wp-content\/uploads\/2026\/06\/Svastica-Cucuteni-nasturi-300x237.jpeg\" alt width=\"398\" height=\"314\" data-ll-status=\"loaded\"><\/td>\n<td width=\"301\"><strong>Svastica \u2013 simbol european preluat de chinezi.<\/strong>\u00a0<\/p>\n<p><strong>A fost prezen\u021b\u0103 cotidian\u0103 \u00een Rom\u00e2nia \u00eencep\u00e2nd de la cultura Cucuteni, a continuat \u00een cultura geto-dac\u0103 \u0219i apoi \u00een cultura \u021b\u0103r\u0103neasc\u0103 p\u00e2n\u0103 \u00een secolul XX.<\/strong><\/p>\n<p><strong>Octavian Goga spunea c\u0103 svastica e a noastr\u0103, a rom\u00e2nilor, \u0219i ne-a fost luat\u0103 de germani.<\/strong><\/p>\n<\/td>\n<\/tr>\n<\/tbody>\n<\/table>\n<p>\u00cen Rom\u00e2nia s-au g\u0103sit tone de vase neolitice decorate cu svastici, casele erau decorate cu svastici, dacii aveau svastici pe bijuterii, rom\u00e2ncele \u00ee\u0219i brodau svastici pe ii, svastica era simbolul t\u0103cut al originii noastre indo-europene\u2026 \u0219i, dup\u0103 mii de ani de utilizare, dintr-o dat\u0103, hodoronc-tronc, svastica ne-a fost interzis\u0103.<\/p>\n<p>Bine c\u0103 Hitler nu a folosit ca simbol \u0219i Coloana Infinitului, pentru c\u0103 altfel cea din T\u00e2rgu Jiu ar fi fost d\u0103r\u00e2mat\u0103 \u00eenc\u0103 din 1944, presa \u0219i Ministerul \u00cenv\u0103\u021b\u0103m\u00e2ntului ar fi ascuns c\u0103 a existat vreodat\u0103 a\u0219a ceva \u00een Rom\u00e2nia, iar cine desena mai mult de dou\u0103 romburi unul peste altul era b\u0103gat la \u00eenchisoare pentru promovare de simboluri naziste.<\/p>\n<p>Crucea ro\u0219ie de pe ambulan\u021be: a ap\u0103rut odat\u0103 cu ideea de ambulan\u021b\u0103, \u00een urm\u0103 cu 150 de ani, \u0219i a fost acolo chiar \u0219i \u00een timpul comunismului. De c\u00e2\u021biva ani, pe ambulan\u021be a ap\u0103rut un simbol diferit: o stea albastr\u0103 stilizat\u0103 cu \u0219ase col\u021buri. Schimbarea s-a produs pe mu\u021be\u0219te, f\u0103r\u0103 ca presa s\u0103 scrie ce se \u00eent\u00e2mpl\u0103 \u0219i de ce. Ordinul a venit de la Organiza\u021bia Mondial\u0103 a S\u0103n\u0103t\u0103\u021bii, cu pretextul c\u0103 vrea ca numai ma\u0219inile Crucii Ro\u0219ii din zonele conflict s\u0103 mai poarte simbolul crucii, pentru ca peste c\u00e2\u021biva ani s\u0103 nu mai fie nici acolo pe motiv c\u0103 \u00eei ofenseaz\u0103 pe unii.<\/p>\n<table>\n<tbody>\n<tr>\n<td width=\"301\"><img loading=\"lazy\" decoding=\"async\" class=\"alignnone wp-image-307 lazy entered loaded\" src=\"https:\/\/www.tociu.ro\/wp-content\/uploads\/2026\/06\/Ambulanta-300x250.jpeg\" alt width=\"382\" height=\"318\" data-ll-status=\"loaded\"><\/td>\n<td width=\"301\"><strong>Serviciul de ambulan\u021b\u0103 au fost conceput de cre\u0219tinismul european.<\/strong>\u00a0<\/p>\n<p><strong>Din acest motiv, crucea ro\u0219ie a fost simbolul dintotdeauna al ambulan\u021bei.\u00a0<\/strong><strong>Acum se produce, \u00een mod subtil, \u00eenlocuirea crucii ro\u0219ii cu o stea albastr\u0103 stilizat\u0103 cu 6 col\u021buri.<\/strong><\/p>\n<\/td>\n<\/tr>\n<\/tbody>\n<\/table>\n<p>Fasciile, simbolul cel mai puternic al Imperiului roman, purtate pe umeri \u00een urma \u00cemp\u0103ratului la toate procesiunile oficiale: \u00een secolul 18, fasciile erau pe institu\u021biile noului stat SUA, au fost puse pe monumentele p\u0103rin\u021bilor fondatori ai SUA, erau \u00een simbolistica institu\u021biilor europene\u2026 au disp\u0103rut dup\u0103 WW2 f\u0103r\u0103 ca cineva s\u0103 bage de seam\u0103.<\/p>\n<p>\u00cen Rom\u00e2nia, Ministerul de Interne le are pe sigl\u0103 \u0219i au ap\u0103rut voci care acuz\u0103 c\u0103 sunt reminiscen\u021b\u0103 fascist\u0103\u2026 adic\u0103 zilele le sunt num\u0103rate.<\/p>\n<table>\n<tbody>\n<tr>\n<td width=\"272\"><img loading=\"lazy\" decoding=\"async\" class=\"alignnone wp-image-308 lazy entered loaded\" src=\"https:\/\/www.tociu.ro\/wp-content\/uploads\/2026\/06\/stema-politia-romana-1-300x300.webp\" alt width=\"296\" height=\"296\" data-ll-status=\"loaded\"><\/td>\n<td width=\"329\"><strong>Sigla Inspectoratului General al Poli\u021biei Rom\u00e2ne.<\/strong>\u00a0<\/p>\n<p><strong>Con\u021bine dou\u0103 fascii romane, simbolul care a inspirat doctrina politic\u0103 fascist\u0103 din secolul XX.<\/strong><\/p>\n<p><strong>Sigla se folose\u0219te intensiv \u0219i este imprimat\u0103 pe ecusoanele de pe pieptul sau de pe bra\u021bul drept al ofi\u021berilor de poli\u021bie.<\/strong><\/p>\n<\/td>\n<\/tr>\n<\/tbody>\n<\/table>\n<p>Dac\u0103 privim fenomenul \u00een ansamblu, constat\u0103m c\u0103 interzicerea utiliz\u0103rii salutului roman este doar o component\u0103 dintr-un proces mai larg de interzicere a tuturor simbolurilor identitare europene. O m\u00e2n\u0103 nev\u0103zut\u0103 le scoate unul c\u00e2te unul din circuitul public, unde au fost dintotdeauna, pentru motive c\u00e2t se poate de\u2026 discutabile \u0219i justificate prin\u2026 \u0219mecherii democratice.<\/p>\n<p>Se face o confuzie inten\u021bionat\u0103 \u00eentre simbolurile create de organiza\u021biile politice indezirabile, cum ar fi simbolul SS, sau \u201dgardul\u201d legionar, sau \u201dHH\u201d, \u0219i simbolurile identitare \u0219i culturale europene pe care aceste organiza\u021bii le-au folosit pentru un interval de timp infim, dac\u0103 judec\u0103m la scar\u0103 istoric\u0103.<\/p>\n<p>La nivel planetar, \u00een ultimii 50 de ani, popula\u021bia cu origini europene a cobor\u00e2t numeric abrupt, sub 8%, adic\u0103 este pe cale de dispari\u021bie, iar \u00een ceea ce prive\u0219te simbolurile ei identitare \u0219i culturale, cam toate au fost interzise, adic\u0103 asist\u0103m \u0219i la un proces de cancel culture european.<\/p>\n<p>O ultim\u0103 idee: \u00eencr\u00e2ncenarea celor de la care pleac\u0103 interzicerea salutului roman, cu pretextul c\u0103 a fost \u201dconfiscat\u201d de ideologiile totalitare din secolul XX, adic\u0103 aceste ideologii ne-ar fi captivat definitiv imagina\u021bia la vederea unui salut roman, poate fi justificat\u0103 numai prin faptul c\u0103 ei \u00een\u0219i\u0219i nu se consider\u0103 ca fiind europeni \u0219i apar\u021bin\u00e2nd rasei albe, caucaziene. Ei sunt altceva, deasupra tuturor.<\/p>\n<p>Mai au europenii un cuv\u00e2nt de spus \u00een privin\u021ba salutului roman? Totul depinde de c\u00e2t de mult ne mai sim\u021bim reprezenta\u021bi de imaginea celor trei Hora\u021bi, de la care a \u00eenceput povestea salutului roman: s-a terminat totul sau mergem \u00eenainte?<\/p>\n<p>Mihai Tociu<\/p>\n<\/div>\n<article class=\"post-80361 post type-post status-publish entry includes-feat-image\">\n<div class=\"featured-image alignleft\"><a class=\"featured_post_link\" href=\"https:\/\/www.incorectpolitic.com\/ultimul-fiu-al-daciei\/\" title=\"Ultimul Fiu al Daciei\"><img loading=\"lazy\" decoding=\"async\" width=\"100\" height=\"150\" src=\"https:\/\/www.incorectpolitic.com\/wp-content\/uploads\/2025\/10\/dac.jpeg\" class=\"attachment-thumbnail size-thumbnail wp-post-image lazyload\" alt><img loading=\"lazy\" decoding=\"async\" width=\"100\" height=\"150\" src=\"https:\/\/www.incorectpolitic.com\/wp-content\/uploads\/2025\/10\/dac.jpeg\" class=\"attachment-thumbnail size-thumbnail wp-post-image\" alt data-eio=\"l\"><\/a><\/div>\n<div class=\"entry-title\"><a class=\"featured_post_link\" href=\"https:\/\/www.incorectpolitic.com\/ultimul-fiu-al-daciei\/\" title=\"Ultimul Fiu al Daciei\">Ultimul Fiu al Daciei<\/a><\/div>\n<\/article>\n<article class=\"post-73927 post type-post status-publish entry includes-feat-image\">\n<div class=\"featured-image alignleft\"><a class=\"featured_post_link\" href=\"https:\/\/www.incorectpolitic.com\/cauzele-si-dinamica-antisemitismului\/\" title=\"Cauzele \u0219i Dinamica Antisemitismului\"><img loading=\"lazy\" decoding=\"async\" width=\"150\" height=\"150\" src=\"https:\/\/www.incorectpolitic.com\/wp-content\/uploads\/2018\/09\/bolshevik-jews-150x150.jpg\" class=\"attachment-thumbnail size-thumbnail wp-post-image lazyload\" alt><img loading=\"lazy\" decoding=\"async\" width=\"150\" height=\"150\" src=\"https:\/\/www.incorectpolitic.com\/wp-content\/uploads\/2018\/09\/bolshevik-jews-150x150.jpg\" class=\"attachment-thumbnail size-thumbnail wp-post-image\" alt data-eio=\"l\"><\/a><\/div>\n<div class=\"entry-title\"><a class=\"featured_post_link\" href=\"https:\/\/www.incorectpolitic.com\/cauzele-si-dinamica-antisemitismului\/\" title=\"Cauzele \u0219i Dinamica Antisemitismului\">Cauzele \u0219i Dinamica Antisemitismului<\/a><\/div>\n<\/article>\n<article class=\"post-72974 post type-post status-publish entry includes-feat-image\">\n<div class=\"featured-image alignleft\"><a class=\"featured_post_link\" href=\"https:\/\/www.incorectpolitic.com\/navalirea-jidanilor-de-vasile-alecsandri-piesa-interzisa\/\" title=\"N\u0103v\u0103lirea Jidanilor \u2013 de Vasile Alecsandri (Pies\u0103 interzis\u0103)\"><img loading=\"lazy\" decoding=\"async\" width=\"150\" height=\"150\" src=\"https:\/\/www.incorectpolitic.com\/wp-content\/uploads\/2024\/02\/jidani-navalire-2.png\" class=\"attachment-thumbnail size-thumbnail wp-post-image lazyload\" alt><img loading=\"lazy\" decoding=\"async\" width=\"150\" height=\"150\" src=\"https:\/\/www.incorectpolitic.com\/wp-content\/uploads\/2024\/02\/jidani-navalire-2.png\" class=\"attachment-thumbnail size-thumbnail wp-post-image\" alt data-eio=\"l\"><\/a><\/div>\n<div class=\"entry-title\"><a class=\"featured_post_link\" href=\"https:\/\/www.incorectpolitic.com\/navalirea-jidanilor-de-vasile-alecsandri-piesa-interzisa\/\" title=\"N\u0103v\u0103lirea Jidanilor \u2013 de Vasile Alecsandri (Pies\u0103 interzis\u0103)\">N\u0103v\u0103lirea Jidanilor \u2013 de Vasile Alecsandri (Pies\u0103 interzis\u0103)<\/a><\/div>\n<\/article>\n<article class=\"post-71879 post type-post status-publish entry includes-feat-image\">\n<div class=\"featured-image alignleft\"><a class=\"featured_post_link\" href=\"https:\/\/www.incorectpolitic.com\/europa-si-romania-in-anul-2050\/\" title=\"Europa \u0219i Rom\u00e2nia \u00een anul 2050\"><img loading=\"lazy\" decoding=\"async\" width=\"147\" height=\"150\" src=\"https:\/\/www.incorectpolitic.com\/wp-content\/uploads\/2024\/01\/Romania-2050-2.png\" class=\"attachment-thumbnail size-thumbnail wp-post-image lazyload\" alt><img loading=\"lazy\" decoding=\"async\" width=\"147\" height=\"150\" src=\"https:\/\/www.incorectpolitic.com\/wp-content\/uploads\/2024\/01\/Romania-2050-2.png\" class=\"attachment-thumbnail size-thumbnail wp-post-image\" alt data-eio=\"l\"><\/a><\/div>\n<div class=\"entry-title\"><a class=\"featured_post_link\" href=\"https:\/\/www.incorectpolitic.com\/europa-si-romania-in-anul-2050\/\" title=\"Europa \u0219i Rom\u00e2nia \u00een anul 2050\">Europa \u0219i Rom\u00e2nia \u00een anul 2050<\/a><\/div>\n<\/article>\n<article class=\"post-23854 post type-post status-publish entry includes-feat-image\">\n<div class=\"featured-image alignleft\"><a class=\"featured_post_link\" href=\"https:\/\/www.incorectpolitic.com\/vizita-papei-autonomie-alternativa\/\" title=\"Vizita Papei \u2013 Autonomie Alternativ\u0103\"><img loading=\"lazy\" decoding=\"async\" width=\"150\" height=\"150\" class=\"attachment-thumbnail size-thumbnail wp-post-image lazyload\" alt src=\"https:\/\/www.incorectpolitic.com\/wp-content\/uploads\/2019\/06\/uI2HFtR-150x150.jpg\"><img loading=\"lazy\" decoding=\"async\" width=\"150\" height=\"150\" src=\"https:\/\/www.incorectpolitic.com\/wp-content\/uploads\/2019\/06\/uI2HFtR-150x150.jpg\" class=\"attachment-thumbnail size-thumbnail wp-post-image\" alt data-eio=\"l\"><\/a><\/div>\n<div class=\"entry-title\"><a class=\"featured_post_link\" href=\"https:\/\/www.incorectpolitic.com\/vizita-papei-autonomie-alternativa\/\" title=\"Vizita Papei \u2013 Autonomie Alternativ\u0103\">Vizita Papei \u2013 Autonomie Alternativ\u0103<\/a><\/div>\n<\/article>\n<article class=\"post-72111 post type-post status-publish entry includes-feat-image\">\n<div class=\"featured-image alignleft\"><a class=\"featured_post_link\" href=\"https:\/\/www.incorectpolitic.com\/revelion-2023-2024-vine-anul-biruintei\/\" title=\"Revelion 2023 \u2013 2024 vine ANUL BIRUIN\u021aEI\"><img loading=\"lazy\" decoding=\"async\" width=\"150\" height=\"150\" src=\"https:\/\/www.incorectpolitic.com\/wp-content\/uploads\/2023\/12\/anul-biruintei.png\" class=\"attachment-thumbnail size-thumbnail wp-post-image lazyload\" alt><img loading=\"lazy\" decoding=\"async\" width=\"150\" height=\"150\" src=\"https:\/\/www.incorectpolitic.com\/wp-content\/uploads\/2023\/12\/anul-biruintei.png\" class=\"attachment-thumbnail size-thumbnail wp-post-image\" alt data-eio=\"l\"><\/a><\/div>\n<div class=\"entry-title\"><a class=\"featured_post_link\" href=\"https:\/\/www.incorectpolitic.com\/revelion-2023-2024-vine-anul-biruintei\/\" title=\"Revelion 2023 \u2013 2024 vine ANUL BIRUIN\u021aEI\">Revelion 2023 \u2013 2024 vine ANUL BIRUIN\u021aEI<\/a><\/div>\n<\/article>\n<article class=\"post-50139 post type-post status-publish entry includes-feat-image\">\n<div class=\"featured-image alignleft\"><a class=\"featured_post_link\" href=\"https:\/\/www.incorectpolitic.com\/analiza-strategiei-adoptata-de-guvern-pentru-combaterea-antisemitismului-xenofobiei-si-discursului-instigator-la-ura-2021-2023\/\" title=\"Analiza Strategiei Adoptat\u0103 de Guvern Pentru Combaterea \u201cantisemitismului, xenofobiei \u0219i discursului instigator la ur\u0103 2021-2023\u201d\"><img loading=\"lazy\" decoding=\"async\" width=\"150\" height=\"150\" src=\"https:\/\/www.incorectpolitic.com\/wp-content\/uploads\/2019\/08\/Jewish-censorship-e1421273251759-2-150x150.jpg\" class=\"attachment-thumbnail size-thumbnail wp-post-image lazyload\" alt><img loading=\"lazy\" decoding=\"async\" width=\"150\" height=\"150\" src=\"https:\/\/www.incorectpolitic.com\/wp-content\/uploads\/2019\/08\/Jewish-censorship-e1421273251759-2-150x150.jpg\" class=\"attachment-thumbnail size-thumbnail wp-post-image\" alt data-eio=\"l\"><\/a><\/div>\n<div class=\"entry-title\"><a class=\"featured_post_link\" href=\"https:\/\/www.incorectpolitic.com\/analiza-strategiei-adoptata-de-guvern-pentru-combaterea-antisemitismului-xenofobiei-si-discursului-instigator-la-ura-2021-2023\/\" title=\"Analiza Strategiei Adoptat\u0103 de Guvern Pentru Combaterea \u201cantisemitismului, xenofobiei \u0219i discursului instigator la ur\u0103 2021-2023\u201d\">Analiza Strategiei Adoptat\u0103 de Guvern Pentru Combaterea \u201cantisemitismului, xenofobiei \u0219i discursului instigator la ur\u0103 2021-2023\u201d<\/a><\/div>\n<\/article>\n<article class=\"post-70829 post type-post status-publish entry includes-feat-image\">\n<div class=\"featured-image alignleft\"><a class=\"featured_post_link\" href=\"https:\/\/www.incorectpolitic.com\/pozitia-unilaterala-a-pseudo-politicienilor-din-romania-si-a-bor-in-sustinerea-israelului-singurul-stat-terorist-din-lume-arata-ca-acestia-nu-au-o-fibra-cu-adevarat-nationala\/\" title=\"Pozi\u021bia unilateral\u0103 a pseudo politicienilor din Rom\u00e2nia \u0219i a BOR \u00een sus\u021binerea Israelului, singurul stat terorist din lume, arat\u0103 c\u0103 ace\u0219tia nu au o fibr\u0103 cu adev\u0103rat na\u021bional\u0103\"><img loading=\"lazy\" decoding=\"async\" width=\"150\" height=\"89\" src=\"https:\/\/www.incorectpolitic.com\/wp-content\/uploads\/2023\/08\/circumcision.png\" class=\"attachment-thumbnail size-thumbnail wp-post-image lazyload\" alt><img loading=\"lazy\" decoding=\"async\" width=\"150\" height=\"89\" src=\"https:\/\/www.incorectpolitic.com\/wp-content\/uploads\/2023\/08\/circumcision.png\" class=\"attachment-thumbnail size-thumbnail wp-post-image\" alt data-eio=\"l\"><\/a><\/div>\n<div class=\"entry-title\"><a class=\"featured_post_link\" href=\"https:\/\/www.incorectpolitic.com\/pozitia-unilaterala-a-pseudo-politicienilor-din-romania-si-a-bor-in-sustinerea-israelului-singurul-stat-terorist-din-lume-arata-ca-acestia-nu-au-o-fibra-cu-adevarat-nationala\/\" title=\"Pozi\u021bia unilateral\u0103 a pseudo politicienilor din Rom\u00e2nia \u0219i a BOR \u00een sus\u021binerea Israelului, singurul stat terorist din lume, arat\u0103 c\u0103 ace\u0219tia nu au o fibr\u0103 cu adev\u0103rat na\u021bional\u0103\">Pozi\u021bia unilateral\u0103 a pseudo politicienilor din Rom\u00e2nia \u0219i a BOR \u00een sus\u021binerea Israelului, singurul stat terorist din lume, arat\u0103 c\u0103 ace\u0219tia nu au o fibr\u0103 cu adev\u0103rat na\u021bional\u0103<\/a><\/div>\n<\/article>\n<article class=\"post-66937 post type-post status-publish entry includes-feat-image\">\n<div class=\"featured-image alignleft\"><a class=\"featured_post_link\" href=\"https:\/\/www.incorectpolitic.com\/agresiunea-impotriva-revizionistilor-istorici-si-efectele-linsajului-judiciar-de-la-nuremberg\/\" title=\"Agresiunea \u00eempotriva Revizioni\u0219tilor Istorici \u0219i efectele lin\u0219ajului judiciar de la Nurnberg\"><img loading=\"lazy\" decoding=\"async\" width=\"150\" height=\"100\" src=\"https:\/\/www.incorectpolitic.com\/wp-content\/uploads\/2023\/04\/image_2023-04-30_134634134.png\" class=\"attachment-thumbnail size-thumbnail wp-post-image lazyload\" alt><img loading=\"lazy\" decoding=\"async\" width=\"150\" height=\"100\" src=\"https:\/\/www.incorectpolitic.com\/wp-content\/uploads\/2023\/04\/image_2023-04-30_134634134.png\" class=\"attachment-thumbnail size-thumbnail wp-post-image\" alt data-eio=\"l\"><\/a><\/div>\n<div class=\"entry-title\"><a class=\"featured_post_link\" href=\"https:\/\/www.incorectpolitic.com\/agresiunea-impotriva-revizionistilor-istorici-si-efectele-linsajului-judiciar-de-la-nuremberg\/\" title=\"Agresiunea \u00eempotriva Revizioni\u0219tilor Istorici \u0219i efectele lin\u0219ajului judiciar de la Nurnberg\">Agresiunea \u00eempotriva Revizioni\u0219tilor Istorici \u0219i efectele lin\u0219ajului judiciar de la Nurnberg<\/a><\/div>\n<\/article>\n<article class=\"post-19111 post type-post status-publish entry includes-feat-image\">\n<div class=\"featured-image alignleft\"><a class=\"featured_post_link\" href=\"https:\/\/www.incorectpolitic.com\/despre-adevar\/\" title=\"Despre Adev\u0103r\"><img loading=\"lazy\" decoding=\"async\" width=\"150\" height=\"150\" src=\"https:\/\/www.incorectpolitic.com\/wp-content\/uploads\/2019\/02\/freedomfromchain-150x150.jpg\" class=\"attachment-thumbnail size-thumbnail wp-post-image lazyload\" alt><img loading=\"lazy\" decoding=\"async\" width=\"150\" height=\"150\" src=\"https:\/\/www.incorectpolitic.com\/wp-content\/uploads\/2019\/02\/freedomfromchain-150x150.jpg\" class=\"attachment-thumbnail size-thumbnail wp-post-image\" alt data-eio=\"l\"><\/a><\/div>\n<div class=\"entry-title\"><a class=\"featured_post_link\" href=\"https:\/\/www.incorectpolitic.com\/despre-adevar\/\" title=\"Despre Adev\u0103r\">Despre Adev\u0103r<\/a><\/div>\n<\/article>\n<article class=\"post-53767 post type-post status-publish entry includes-feat-image\">\n<div class=\"featured-image alignleft\"><a class=\"featured_post_link\" href=\"https:\/\/www.incorectpolitic.com\/dictionarul-coincidentelor-cine-sunt-iudeii-care-ne-au-influentat-tara-in-istoria-recenta\/\" title=\"DIC\u021aIONARUL COINCIDEN\u021aELOR  \u2013 Cine sunt iudeii care ne-au influen\u021bat \u021bara \u00een istoria recent\u0103\"><img loading=\"lazy\" decoding=\"async\" width=\"150\" height=\"150\" src=\"https:\/\/www.incorectpolitic.com\/wp-content\/uploads\/2021\/09\/coinc-150x150.png\" class=\"attachment-thumbnail size-thumbnail wp-post-image lazyload\" alt><img loading=\"lazy\" decoding=\"async\" width=\"150\" height=\"150\" src=\"https:\/\/www.incorectpolitic.com\/wp-content\/uploads\/2021\/09\/coinc-150x150.png\" class=\"attachment-thumbnail size-thumbnail wp-post-image\" alt data-eio=\"l\"><\/a><\/div>\n<div class=\"entry-title\"><a class=\"featured_post_link\" href=\"https:\/\/www.incorectpolitic.com\/dictionarul-coincidentelor-cine-sunt-iudeii-care-ne-au-influentat-tara-in-istoria-recenta\/\" title=\"DIC\u021aIONARUL COINCIDEN\u021aELOR  \u2013 Cine sunt iudeii care ne-au influen\u021bat \u021bara \u00een istoria recent\u0103\">DIC\u021aIONARUL COINCIDEN\u021aELOR  \u2013 Cine sunt iudeii care ne-au influen\u021bat \u021bara \u00een istoria recent\u0103<\/a><\/div>\n<\/article>\n<article class=\"post-51156 post type-post status-publish entry includes-feat-image\">\n<div class=\"featured-image alignleft\"><a class=\"featured_post_link\" href=\"https:\/\/www.incorectpolitic.com\/desertaciune-nu-aparare\/\" title=\"DE\u0218ERT\u0102CIUNE?! Nu, AP\u0102RARE!\"><img loading=\"lazy\" decoding=\"async\" width=\"150\" height=\"150\" class=\"attachment-thumbnail size-thumbnail wp-post-image lazyload\" alt src=\"https:\/\/www.incorectpolitic.com\/wp-content\/uploads\/2021\/06\/desertaciune-nu-aparare-150x150.jpg\"><img loading=\"lazy\" decoding=\"async\" width=\"150\" height=\"150\" src=\"https:\/\/www.incorectpolitic.com\/wp-content\/uploads\/2021\/06\/desertaciune-nu-aparare-150x150.jpg\" class=\"attachment-thumbnail size-thumbnail wp-post-image\" alt data-eio=\"l\"><\/a><\/div>\n<div class=\"entry-title\"><a class=\"featured_post_link\" href=\"https:\/\/www.incorectpolitic.com\/desertaciune-nu-aparare\/\" title=\"DE\u0218ERT\u0102CIUNE?! Nu, AP\u0102RARE!\">DE\u0218ERT\u0102CIUNE?! Nu, AP\u0102RARE!<\/a><\/div>\n<\/article>\n<article class=\"post-44728 post type-post status-publish entry includes-feat-image\">\n<div class=\"featured-image alignleft\"><a class=\"featured_post_link\" href=\"https:\/\/www.incorectpolitic.com\/resetarea-medicinei-sau-resetarea-omenirii-prin-nanotehnologie\/\" title=\"Resetarea Medicinei sau Resetarea Omenirii prin Nanotehnologie\"><img loading=\"lazy\" decoding=\"async\" width=\"150\" height=\"150\" src=\"https:\/\/www.incorectpolitic.com\/wp-content\/uploads\/2020\/12\/ed8a914d6d236c9d231903a8b2e79f63-150x150.gif\" class=\"attachment-thumbnail size-thumbnail wp-post-image lazyload\" alt><img loading=\"lazy\" decoding=\"async\" width=\"150\" height=\"150\" src=\"https:\/\/www.incorectpolitic.com\/wp-content\/uploads\/2020\/12\/ed8a914d6d236c9d231903a8b2e79f63-150x150.gif\" class=\"attachment-thumbnail size-thumbnail wp-post-image\" alt data-eio=\"l\"><\/a><\/div>\n<div class=\"entry-title\"><a class=\"featured_post_link\" href=\"https:\/\/www.incorectpolitic.com\/resetarea-medicinei-sau-resetarea-omenirii-prin-nanotehnologie\/\" title=\"Resetarea Medicinei sau Resetarea Omenirii prin Nanotehnologie\">Resetarea Medicinei sau Resetarea Omenirii prin Nanotehnologie<\/a><\/div>\n<\/article>\n<article class=\"post-43837 post type-post status-publish entry includes-feat-image\">\n<div class=\"featured-image alignleft\"><a class=\"featured_post_link\" href=\"https:\/\/www.incorectpolitic.com\/noul-legamant\/\" title=\"Noul Leg\u0103m\u00e2nt\"><img loading=\"lazy\" decoding=\"async\" width=\"150\" height=\"150\" src=\"https:\/\/www.incorectpolitic.com\/wp-content\/uploads\/2020\/12\/NL-150x150.jpg\" class=\"attachment-thumbnail size-thumbnail wp-post-image lazyload\" alt><img loading=\"lazy\" decoding=\"async\" width=\"150\" height=\"150\" src=\"https:\/\/www.incorectpolitic.com\/wp-content\/uploads\/2020\/12\/NL-150x150.jpg\" class=\"attachment-thumbnail size-thumbnail wp-post-image\" alt data-eio=\"l\"><\/a><\/div>\n<div class=\"entry-title\"><a class=\"featured_post_link\" href=\"https:\/\/www.incorectpolitic.com\/noul-legamant\/\" title=\"Noul Leg\u0103m\u00e2nt\">Noul Leg\u0103m\u00e2nt<\/a><\/div>\n<\/article>\n<article class=\"post-42525 post type-post status-publish entry includes-feat-image\">\n<div class=\"featured-image alignleft\"><a class=\"featured_post_link\" href=\"https:\/\/www.incorectpolitic.com\/vaccinarea-inseamna-crima-un-atentat-la-sanatatea-personala-la-integritatea-corporala-si-intimitatea-oricarui-om-liber-medicul-ce-vaccineaza-cu-forta-un-om-liber-merita-sa-fie-pedepsit-de-acesta\/\" title=\"Vaccinarea \u00eenseamn\u0103 crim\u0103, un atentat la s\u0103n\u0103tatea personal\u0103, la integritatea corporal\u0103 \u0219i intimitatea oric\u0103rui om liber. Medicul ce vaccineaz\u0103 cu for\u021ba un om liber merit\u0103 s\u0103 fie pedepsit de acesta\"><img loading=\"lazy\" decoding=\"async\" width=\"150\" height=\"150\" src=\"https:\/\/www.incorectpolitic.com\/wp-content\/uploads\/2020\/11\/syringe_0-150x150.jpg\" class=\"attachment-thumbnail size-thumbnail wp-post-image lazyload\" alt><img loading=\"lazy\" decoding=\"async\" width=\"150\" height=\"150\" src=\"https:\/\/www.incorectpolitic.com\/wp-content\/uploads\/2020\/11\/syringe_0-150x150.jpg\" class=\"attachment-thumbnail size-thumbnail wp-post-image\" alt data-eio=\"l\"><\/a><\/div>\n<div class=\"entry-title\"><a class=\"featured_post_link\" href=\"https:\/\/www.incorectpolitic.com\/vaccinarea-inseamna-crima-un-atentat-la-sanatatea-personala-la-integritatea-corporala-si-intimitatea-oricarui-om-liber-medicul-ce-vaccineaza-cu-forta-un-om-liber-merita-sa-fie-pedepsit-de-acesta\/\" title=\"Vaccinarea \u00eenseamn\u0103 crim\u0103, un atentat la s\u0103n\u0103tatea personal\u0103, la integritatea corporal\u0103 \u0219i intimitatea oric\u0103rui om liber. Medicul ce vaccineaz\u0103 cu for\u021ba un om liber merit\u0103 s\u0103 fie pedepsit de acesta\">Vaccinarea \u00eenseamn\u0103 crim\u0103, un atentat la s\u0103n\u0103tatea personal\u0103, la integritatea corporal\u0103 \u0219i intimitatea oric\u0103rui om liber. Medicul ce vaccineaz\u0103 cu for\u021ba un om liber merit\u0103 s\u0103 fie pedepsit de acesta<\/a><\/div>\n<\/article>\n<article class=\"post-38338 post type-post status-publish entry includes-feat-image\">\n<div class=\"featured-image alignleft\"><a class=\"featured_post_link\" href=\"https:\/\/www.incorectpolitic.com\/trebuie-sa-distrugem-suprematia-jidoveasca\/\" title=\"Trebuie s\u0103 distrugem superma\u021bia jidoveasc\u0103!\"><img loading=\"lazy\" decoding=\"async\" width=\"150\" height=\"150\" src=\"https:\/\/www.incorectpolitic.com\/wp-content\/uploads\/2018\/11\/GunoiOPS-150x150.png\" class=\"attachment-thumbnail size-thumbnail wp-post-image lazyload\" alt><img loading=\"lazy\" decoding=\"async\" width=\"150\" height=\"150\" src=\"https:\/\/www.incorectpolitic.com\/wp-content\/uploads\/2018\/11\/GunoiOPS-150x150.png\" class=\"attachment-thumbnail size-thumbnail wp-post-image\" alt data-eio=\"l\"><\/a><\/div>\n<div class=\"entry-title\"><a class=\"featured_post_link\" href=\"https:\/\/www.incorectpolitic.com\/trebuie-sa-distrugem-suprematia-jidoveasca\/\" title=\"Trebuie s\u0103 distrugem superma\u021bia jidoveasc\u0103!\">Trebuie s\u0103 distrugem superma\u021bia jidoveasc\u0103!<\/a><\/div>\n<\/article>\n<article class=\"post-30776 post type-post status-publish entry includes-feat-image\">\n<div class=\"featured-image alignleft\"><a class=\"featured_post_link\" href=\"https:\/\/www.incorectpolitic.com\/da-ti-doua-palme-si-ridica-te\/\" title=\"D\u0103-\u021bi Dou\u0103 Palme \u0219i Ridic\u0103-te\"><img loading=\"lazy\" decoding=\"async\" width=\"150\" height=\"150\" src=\"https:\/\/www.incorectpolitic.com\/wp-content\/uploads\/2019\/11\/1-mai-620x350-150x150.jpg\" class=\"attachment-thumbnail size-thumbnail wp-post-image lazyload\" alt><img loading=\"lazy\" decoding=\"async\" width=\"150\" height=\"150\" src=\"https:\/\/www.incorectpolitic.com\/wp-content\/uploads\/2019\/11\/1-mai-620x350-150x150.jpg\" class=\"attachment-thumbnail size-thumbnail wp-post-image\" alt data-eio=\"l\"><\/a><\/div>\n<div class=\"entry-title\"><a class=\"featured_post_link\" href=\"https:\/\/www.incorectpolitic.com\/da-ti-doua-palme-si-ridica-te\/\" title=\"D\u0103-\u021bi Dou\u0103 Palme \u0219i Ridic\u0103-te\">D\u0103-\u021bi Dou\u0103 Palme \u0219i Ridic\u0103-te<\/a><\/div>\n<\/article>\n<article class=\"post-27862 post type-post status-publish entry includes-feat-image\">\n<div class=\"featured-image alignleft\"><a class=\"featured_post_link\" href=\"https:\/\/www.incorectpolitic.com\/scrisoare-deschisa-catre-neamul-romanesc\/\" title=\"Scrisoare Deschis\u0103 C\u0103tre Neamul Rom\u00e2nesc\"><img loading=\"lazy\" decoding=\"async\" width=\"150\" height=\"150\" src=\"https:\/\/www.incorectpolitic.com\/wp-content\/uploads\/2019\/09\/videoblocks-male-hand-reload-a-revolver-magnum-gun-without-bullets-magnum-revolver-and-empty-bullet-magnum-lead-round-nose-45-auto-rim-revolver-rounds_ha1focujz_thumbnail-full01-150x150.jpg\" class=\"attachment-thumbnail size-thumbnail wp-post-image lazyload\" alt><img loading=\"lazy\" decoding=\"async\" width=\"150\" height=\"150\" src=\"https:\/\/www.incorectpolitic.com\/wp-content\/uploads\/2019\/09\/videoblocks-male-hand-reload-a-revolver-magnum-gun-without-bullets-magnum-revolver-and-empty-bullet-magnum-lead-round-nose-45-auto-rim-revolver-rounds_ha1focujz_thumbnail-full01-150x150.jpg\" class=\"attachment-thumbnail size-thumbnail wp-post-image\" alt data-eio=\"l\"><\/a><\/div>\n<div class=\"entry-title\"><a class=\"featured_post_link\" href=\"https:\/\/www.incorectpolitic.com\/scrisoare-deschisa-catre-neamul-romanesc\/\" title=\"Scrisoare Deschis\u0103 C\u0103tre Neamul Rom\u00e2nesc\">Scrisoare Deschis\u0103 C\u0103tre Neamul Rom\u00e2nesc<\/a><\/div>\n<\/article>\n<article class=\"post-26255 post type-post status-publish entry includes-feat-image\">\n<div class=\"featured-image alignleft\"><a class=\"featured_post_link\" href=\"https:\/\/www.incorectpolitic.com\/sociologia-eliberarii-si-curentele-laterale-de-sedimentare-revolutionara\/\" title=\"Sociologia Eliber\u0103rii \u0219i Curentele Laterale de Sedimentare Revolu\u021bionar\u0103\"><img loading=\"lazy\" decoding=\"async\" width=\"150\" height=\"150\" src=\"https:\/\/www.incorectpolitic.com\/wp-content\/uploads\/2020\/12\/nm3-150x150.png\" class=\"attachment-thumbnail size-thumbnail wp-post-image lazyload\" alt><img loading=\"lazy\" decoding=\"async\" width=\"150\" height=\"150\" src=\"https:\/\/www.incorectpolitic.com\/wp-content\/uploads\/2020\/12\/nm3-150x150.png\" class=\"attachment-thumbnail size-thumbnail wp-post-image\" alt data-eio=\"l\"><\/a><\/div>\n<div class=\"entry-title\"><a class=\"featured_post_link\" href=\"https:\/\/www.incorectpolitic.com\/sociologia-eliberarii-si-curentele-laterale-de-sedimentare-revolutionara\/\" title=\"Sociologia Eliber\u0103rii \u0219i Curentele Laterale de Sedimentare Revolu\u021bionar\u0103\">Sociologia Eliber\u0103rii \u0219i Curentele Laterale de Sedimentare Revolu\u021bionar\u0103<\/a><\/div>\n<\/article>\n<article class=\"post-21977 post type-post status-publish entry includes-feat-image\">\n<div class=\"featured-image alignleft\"><a class=\"featured_post_link\" href=\"https:\/\/www.incorectpolitic.com\/impotriva-fatalismului\/\" title=\"\u00cempotriva Fatalismului\"><img loading=\"lazy\" decoding=\"async\" width=\"150\" height=\"150\" src=\"https:\/\/www.incorectpolitic.com\/wp-content\/uploads\/2019\/04\/thumb-150x150.jpg\" class=\"attachment-thumbnail size-thumbnail wp-post-image lazyload\" alt><img loading=\"lazy\" decoding=\"async\" width=\"150\" height=\"150\" src=\"https:\/\/www.incorectpolitic.com\/wp-content\/uploads\/2019\/04\/thumb-150x150.jpg\" class=\"attachment-thumbnail size-thumbnail wp-post-image\" alt data-eio=\"l\"><\/a><\/div>\n<div class=\"entry-title\"><a class=\"featured_post_link\" href=\"https:\/\/www.incorectpolitic.com\/impotriva-fatalismului\/\" title=\"\u00cempotriva Fatalismului\">\u00cempotriva Fatalismului<\/a><\/div>\n<\/article>\n<article class=\"post-20844 post type-post status-publish entry includes-feat-image\">\n<div class=\"featured-image alignleft\"><a class=\"featured_post_link\" href=\"https:\/\/www.incorectpolitic.com\/inceputul-etapei-post-globaliste-mass-media-ultimul-obstacol\/\" title=\"\u00cenceputul Etapei Post-Globaliste \u2013  Mass Media Ultimul Obstacol\"><img loading=\"lazy\" decoding=\"async\" width=\"150\" height=\"150\" src=\"https:\/\/www.incorectpolitic.com\/wp-content\/uploads\/2019\/03\/https___cdn.cnn_.com_cnnnext_dam_assets_181202123002-yellow-vest-protest-150x150.jpg\" class=\"attachment-thumbnail size-thumbnail wp-post-image lazyload\" alt><img loading=\"lazy\" decoding=\"async\" width=\"150\" height=\"150\" src=\"https:\/\/www.incorectpolitic.com\/wp-content\/uploads\/2019\/03\/https___cdn.cnn_.com_cnnnext_dam_assets_181202123002-yellow-vest-protest-150x150.jpg\" class=\"attachment-thumbnail size-thumbnail wp-post-image\" alt data-eio=\"l\"><\/a><\/div>\n<div class=\"entry-title\"><a class=\"featured_post_link\" href=\"https:\/\/www.incorectpolitic.com\/inceputul-etapei-post-globaliste-mass-media-ultimul-obstacol\/\" title=\"\u00cenceputul Etapei Post-Globaliste \u2013  Mass Media Ultimul Obstacol\">\u00cenceputul Etapei Post-Globaliste \u2013  Mass Media Ultimul Obstacol<\/a><\/div>\n<\/article>\n<article class=\"post-19704 post type-post status-publish entry includes-feat-image\">\n<div class=\"featured-image alignleft\"><a class=\"featured_post_link\" href=\"https:\/\/www.incorectpolitic.com\/mlastina-mass-media-serial-complet\/\" title=\"Mla\u0219tina Mass Media  \u2013 Serial Complet\"><img loading=\"lazy\" decoding=\"async\" width=\"150\" height=\"150\" src=\"https:\/\/www.incorectpolitic.com\/wp-content\/uploads\/2018\/06\/colaj-modificat-1-768x278-150x150.jpg\" class=\"attachment-thumbnail size-thumbnail wp-post-image lazyload\" alt><img loading=\"lazy\" decoding=\"async\" width=\"150\" height=\"150\" src=\"https:\/\/www.incorectpolitic.com\/wp-content\/uploads\/2018\/06\/colaj-modificat-1-768x278-150x150.jpg\" class=\"attachment-thumbnail size-thumbnail wp-post-image\" alt data-eio=\"l\"><\/a><\/div>\n<div class=\"entry-title\"><a class=\"featured_post_link\" href=\"https:\/\/www.incorectpolitic.com\/mlastina-mass-media-serial-complet\/\" title=\"Mla\u0219tina Mass Media  \u2013 Serial Complet\">Mla\u0219tina Mass Media  \u2013 Serial Complet<\/a><\/div>\n<\/article>\n<article class=\"post-5104 post type-post status-publish entry includes-feat-image\">\n<div class=\"featured-image alignleft\"><a class=\"featured_post_link\" href=\"https:\/\/www.incorectpolitic.com\/momentul-1937\/\" title=\"Momentul 1937\"><img loading=\"lazy\" decoding=\"async\" width=\"150\" height=\"150\" src=\"https:\/\/www.incorectpolitic.com\/wp-content\/uploads\/2018\/03\/capitanul-codreanu2003a-150x150.jpg\" class=\"attachment-thumbnail size-thumbnail wp-post-image lazyload\" alt><img loading=\"lazy\" decoding=\"async\" width=\"150\" height=\"150\" src=\"https:\/\/www.incorectpolitic.com\/wp-content\/uploads\/2018\/03\/capitanul-codreanu2003a-150x150.jpg\" class=\"attachment-thumbnail size-thumbnail wp-post-image\" alt data-eio=\"l\"><\/a><\/div>\n<div class=\"entry-title\"><a class=\"featured_post_link\" href=\"https:\/\/www.incorectpolitic.com\/momentul-1937\/\" title=\"Momentul 1937\">Momentul 1937<\/a><\/div>\n<\/article>\n<article class=\"post-16914 post type-post status-publish entry includes-feat-image\">\n<div class=\"featured-image alignleft\"><a class=\"featured_post_link\" href=\"https:\/\/www.incorectpolitic.com\/portretul-romanului-iudeo-crestin\/\" title=\"Portretul Rom\u00e2nului Iudeo-Cre\u0219tin Iubitor de Infanticid\"><img loading=\"lazy\" decoding=\"async\" width=\"150\" height=\"150\" src=\"https:\/\/www.incorectpolitic.com\/wp-content\/uploads\/2019\/01\/venn-150x150.jpg\" class=\"attachment-thumbnail size-thumbnail wp-post-image lazyload\" alt><img loading=\"lazy\" decoding=\"async\" width=\"150\" height=\"150\" src=\"https:\/\/www.incorectpolitic.com\/wp-content\/uploads\/2019\/01\/venn-150x150.jpg\" class=\"attachment-thumbnail size-thumbnail wp-post-image\" alt data-eio=\"l\"><\/a><\/div>\n<div class=\"entry-title\"><a class=\"featured_post_link\" href=\"https:\/\/www.incorectpolitic.com\/portretul-romanului-iudeo-crestin\/\" title=\"Portretul Rom\u00e2nului Iudeo-Cre\u0219tin Iubitor de Infanticid\">Portretul Rom\u00e2nului Iudeo-Cre\u0219tin Iubitor de Infanticid<\/a><\/div>\n<\/article>\n<article class=\"post-13899 post type-post status-publish entry includes-feat-image\">\n<div class=\"featured-image alignleft\"><a class=\"featured_post_link\" href=\"https:\/\/www.incorectpolitic.com\/manifest-impotriva-national-sionismului\/\" title=\"Manifest \u00cempotriva Na\u021bional-Sionismului din Rom\u00e2nia\"><img loading=\"lazy\" decoding=\"async\" width=\"150\" height=\"150\" src=\"https:\/\/www.incorectpolitic.com\/wp-content\/uploads\/2018\/10\/z1-150x150.png\" class=\"attachment-thumbnail size-thumbnail wp-post-image lazyload\" alt><img loading=\"lazy\" decoding=\"async\" width=\"150\" height=\"150\" src=\"https:\/\/www.incorectpolitic.com\/wp-content\/uploads\/2018\/10\/z1-150x150.png\" class=\"attachment-thumbnail size-thumbnail wp-post-image\" alt data-eio=\"l\"><\/a><\/div>\n<div class=\"entry-title\"><a class=\"featured_post_link\" href=\"https:\/\/www.incorectpolitic.com\/manifest-impotriva-national-sionismului\/\" title=\"Manifest \u00cempotriva Na\u021bional-Sionismului din Rom\u00e2nia\">Manifest \u00cempotriva Na\u021bional-Sionismului din Rom\u00e2nia<\/a><\/div>\n<\/article>\n<article class=\"post-7498 post type-post status-publish entry includes-feat-image\">\n<div class=\"featured-image alignleft\"><a class=\"featured_post_link\" href=\"https:\/\/www.incorectpolitic.com\/istorie-zydokomuna-cea-mai-completa-lista-a-nomenclaturii-iudeo-bolsevice-din-romania\/\" title=\"Istorie: \u017bYDOKOMUNA, Cea Mai Complet\u0103 List\u0103 a Nomenclaturii Iudeo-Bol\u0219evice din Rom\u00e2nia\"><img loading=\"lazy\" decoding=\"async\" width=\"150\" height=\"150\" src=\"https:\/\/www.incorectpolitic.com\/wp-content\/uploads\/2018\/06\/holocaustul-rosu-150x150.jpg\" class=\"attachment-thumbnail size-thumbnail wp-post-image lazyload\" alt><img loading=\"lazy\" decoding=\"async\" width=\"150\" height=\"150\" src=\"https:\/\/www.incorectpolitic.com\/wp-content\/uploads\/2018\/06\/holocaustul-rosu-150x150.jpg\" class=\"attachment-thumbnail size-thumbnail wp-post-image\" alt data-eio=\"l\"><\/a><\/div>\n<div class=\"entry-title\"><a class=\"featured_post_link\" href=\"https:\/\/www.incorectpolitic.com\/istorie-zydokomuna-cea-mai-completa-lista-a-nomenclaturii-iudeo-bolsevice-din-romania\/\" title=\"Istorie: \u017bYDOKOMUNA, Cea Mai Complet\u0103 List\u0103 a Nomenclaturii Iudeo-Bol\u0219evice din Rom\u00e2nia\">Istorie: \u017bYDOKOMUNA, Cea Mai Complet\u0103 List\u0103 a Nomenclaturii Iudeo-Bol\u0219evice din Rom\u00e2nia<\/a><\/div>\n<\/article>\n<article class=\"post-6413 post type-post status-publish entry includes-feat-image\">\n<div class=\"featured-image alignleft\"><a class=\"featured_post_link\" href=\"https:\/\/www.incorectpolitic.com\/iudaismul-este-un-proiect-politic\/\" title=\"Iudaismul Este Un Proiect Politic\"><img loading=\"lazy\" decoding=\"async\" width=\"150\" height=\"150\" src=\"https:\/\/www.incorectpolitic.com\/wp-content\/uploads\/2018\/05\/israelzionismjudaism5-150x150.jpeg\" class=\"attachment-thumbnail size-thumbnail wp-post-image lazyload\" alt><img loading=\"lazy\" decoding=\"async\" width=\"150\" height=\"150\" src=\"https:\/\/www.incorectpolitic.com\/wp-content\/uploads\/2018\/05\/israelzionismjudaism5-150x150.jpeg\" class=\"attachment-thumbnail size-thumbnail wp-post-image\" alt data-eio=\"l\"><\/a><\/div>\n<div class=\"entry-title\"><a class=\"featured_post_link\" href=\"https:\/\/www.incorectpolitic.com\/iudaismul-este-un-proiect-politic\/\" title=\"Iudaismul Este Un Proiect Politic\">Iudaismul Este Un Proiect Politic<\/a><\/div>\n<\/article>\n<article class=\"post-5089 post type-post status-publish entry includes-feat-image\">\n<div class=\"featured-image alignleft\"><a class=\"featured_post_link\" href=\"https:\/\/www.incorectpolitic.com\/exploziv-si-excluziv-interviul-interzis-in-presa-romaneasca\/\" title=\"EXPLOZIV \u0218I EXCLUSIV: Interviul INTERZIS \u00een Presa Rom\u00e2neasc\u0103\"><img loading=\"lazy\" decoding=\"async\" width=\"150\" height=\"150\" src=\"https:\/\/www.incorectpolitic.com\/wp-content\/uploads\/2018\/03\/gscz6z-150x150.gif\" class=\"attachment-thumbnail size-thumbnail wp-post-image lazyload\" alt><img loading=\"lazy\" decoding=\"async\" width=\"150\" height=\"150\" src=\"https:\/\/www.incorectpolitic.com\/wp-content\/uploads\/2018\/03\/gscz6z-150x150.gif\" class=\"attachment-thumbnail size-thumbnail wp-post-image\" alt data-eio=\"l\"><\/a><\/div>\n<div class=\"entry-title\"><a class=\"featured_post_link\" href=\"https:\/\/www.incorectpolitic.com\/exploziv-si-excluziv-interviul-interzis-in-presa-romaneasca\/\" title=\"EXPLOZIV \u0218I EXCLUSIV: Interviul INTERZIS \u00een Presa Rom\u00e2neasc\u0103\">EXPLOZIV \u0218I EXCLUSIV: Interviul INTERZIS \u00een Presa Rom\u00e2neasc\u0103<\/a><\/div>\n<\/article>\n<article class=\"post-1109 post type-post status-publish entry includes-feat-image\">\n<div class=\"featured-image alignleft\"><a class=\"featured_post_link\" href=\"https:\/\/www.incorectpolitic.com\/ofensiva-spirituala-poloniei\/\" title=\"Ofensiva Spiritual\u0103 a Poloniei\"><img loading=\"lazy\" decoding=\"async\" width=\"150\" height=\"150\" src=\"https:\/\/www.incorectpolitic.com\/wp-content\/uploads\/2017\/10\/jesus-with-whip3-150x150.jpg\" class=\"attachment-thumbnail size-thumbnail wp-post-image lazyload\" alt><img loading=\"lazy\" decoding=\"async\" width=\"150\" height=\"150\" src=\"https:\/\/www.incorectpolitic.com\/wp-content\/uploads\/2017\/10\/jesus-with-whip3-150x150.jpg\" class=\"attachment-thumbnail size-thumbnail wp-post-image\" alt data-eio=\"l\"><\/a><\/div>\n<div class=\"entry-title\"><a class=\"featured_post_link\" href=\"https:\/\/www.incorectpolitic.com\/ofensiva-spirituala-poloniei\/\" title=\"Ofensiva Spiritual\u0103 a Poloniei\">Ofensiva Spiritual\u0103 a Poloniei<\/a><\/div>\n<\/article>\n<article class=\"post-5673 post type-post status-publish entry includes-feat-image\">\n<div class=\"featured-image alignleft\"><a class=\"featured_post_link\" href=\"https:\/\/www.incorectpolitic.com\/biciul-prigonirii-romanilor-este-in-mana-jidanilor\/\" title=\"Biciul Prigonirii Rom\u00e2nilor Este \u00een M\u00e2na Jidanilor!\"><img loading=\"lazy\" decoding=\"async\" width=\"150\" height=\"150\" src=\"https:\/\/www.incorectpolitic.com\/wp-content\/uploads\/2018\/04\/S.-Vexler-si-B.-Netanyahu-150x150.jpg\" class=\"attachment-thumbnail size-thumbnail wp-post-image lazyload\" alt><img loading=\"lazy\" decoding=\"async\" width=\"150\" height=\"150\" src=\"https:\/\/www.incorectpolitic.com\/wp-content\/uploads\/2018\/04\/S.-Vexler-si-B.-Netanyahu-150x150.jpg\" class=\"attachment-thumbnail size-thumbnail wp-post-image\" alt data-eio=\"l\"><\/a><\/div>\n<div class=\"entry-title\"><a class=\"featured_post_link\" href=\"https:\/\/www.incorectpolitic.com\/biciul-prigonirii-romanilor-este-in-mana-jidanilor\/\" title=\"Biciul Prigonirii Rom\u00e2nilor Este \u00een M\u00e2na Jidanilor!\">Biciul Prigonirii Rom\u00e2nilor Este \u00een M\u00e2na Jidanilor!<\/a><\/div>\n<\/article>\n<article class=\"post-80464 post type-post status-publish entry includes-feat-image\">\n<div class=\"featured-image alignleft\"><a class=\"featured_post_link\" href=\"https:\/\/www.incorectpolitic.com\/talmudismul-este-esenta-satanismului\/\" title=\"TALMUDISMUL ESTE ESEN\u021aA SATANISMULUI\"><img loading=\"lazy\" decoding=\"async\" width=\"150\" height=\"150\" src=\"https:\/\/www.incorectpolitic.com\/wp-content\/uploads\/2020\/02\/vasile-zarnescu-150x150.png\" class=\"attachment-thumbnail size-thumbnail wp-post-image lazyload\" alt><img loading=\"lazy\" decoding=\"async\" width=\"150\" height=\"150\" src=\"https:\/\/www.incorectpolitic.com\/wp-content\/uploads\/2020\/02\/vasile-zarnescu-150x150.png\" class=\"attachment-thumbnail size-thumbnail wp-post-image\" alt data-eio=\"l\"><\/a><\/div>\n<div class=\"entry-title\"><a class=\"featured_post_link\" href=\"https:\/\/www.incorectpolitic.com\/talmudismul-este-esenta-satanismului\/\" title=\"TALMUDISMUL ESTE ESEN\u021aA SATANISMULUI\">TALMUDISMUL ESTE ESEN\u021aA SATANISMULUI<\/a><\/div>\n<\/article>\n<article class=\"post-20005 post type-post status-publish entry includes-feat-image\">\n<div class=\"featured-image alignleft\"><a class=\"featured_post_link\" href=\"https:\/\/www.incorectpolitic.com\/viciul-matematic-elementar-v-m-e-2\/\" title=\"Viciul Matematic Elementar (V.M.E.)\"><img loading=\"lazy\" decoding=\"async\" width=\"150\" height=\"150\" src=\"https:\/\/www.incorectpolitic.com\/wp-content\/uploads\/2017\/12\/tell-lie-vision-150x150.jpg\" class=\"attachment-thumbnail size-thumbnail wp-post-image lazyload\" alt><img loading=\"lazy\" decoding=\"async\" width=\"150\" height=\"150\" src=\"https:\/\/www.incorectpolitic.com\/wp-content\/uploads\/2017\/12\/tell-lie-vision-150x150.jpg\" class=\"attachment-thumbnail size-thumbnail wp-post-image\" alt data-eio=\"l\"><\/a><\/div>\n<div class=\"entry-title\"><a class=\"featured_post_link\" href=\"https:\/\/www.incorectpolitic.com\/viciul-matematic-elementar-v-m-e-2\/\" title=\"Viciul Matematic Elementar (V.M.E.)\">Viciul Matematic Elementar (V.M.E.)<\/a><\/div>\n<\/article>\n<p>[analyse_source url=&#8221;https:\/\/www.incorectpolitic.com\/salutul-roman-fascist-national-socialist-legionar-istoric-si-tendinte\/&#8221;]<\/p>\n","protected":false},"excerpt":{"rendered":"<p>[analyse_image type=&#8221;featured&#8221; src=&#8221;https:\/\/www.incorectpolitic.com\/wp-content\/uploads\/2026\/06\/Salutul-Roman-Coperta-1-1-777&#215;437-1.jpeg&#8221;] Mihai TociuIncorect Politic Iunie 2, 2026 SALUTUL ROMAN, FASCIST, NA\u021aIONAL-SOCIALIST, LEGIONAR \u2013 ISTORIC \u0218I TENDIN\u021aE Rezumat:\u00a0Nu cunoa\u0219tem modul \u00een care se salutau oficial romanii. Ceea ce numim \u201dsalutul roman\u201d \u00a0este produsul unei auto-sugestion\u0103ri colective, care a luat na\u0219tere \u00eent\u00e2mpl\u0103tor \u0219i ulterior s-a extins la nivel planetar pentru motivul c\u0103 a devenit un [&hellip;]<\/p>\n","protected":false},"author":1,"featured_media":0,"comment_status":"open","ping_status":"","sticky":false,"template":"","format":"standard","meta":{"footnotes":""},"categories":[89],"tags":[226,95],"class_list":["post-1967949","post","type-post","status-publish","format-standard","hentry","category-romania","tag-crawlmanager","tag-incorectpolitic-com"],"_links":{"self":[{"href":"https:\/\/analyse.optim.biz\/index.php?rest_route=\/wp\/v2\/posts\/1967949","targetHints":{"allow":["GET"]}}],"collection":[{"href":"https:\/\/analyse.optim.biz\/index.php?rest_route=\/wp\/v2\/posts"}],"about":[{"href":"https:\/\/analyse.optim.biz\/index.php?rest_route=\/wp\/v2\/types\/post"}],"author":[{"embeddable":true,"href":"https:\/\/analyse.optim.biz\/index.php?rest_route=\/wp\/v2\/users\/1"}],"replies":[{"embeddable":true,"href":"https:\/\/analyse.optim.biz\/index.php?rest_route=%2Fwp%2Fv2%2Fcomments&post=1967949"}],"version-history":[{"count":0,"href":"https:\/\/analyse.optim.biz\/index.php?rest_route=\/wp\/v2\/posts\/1967949\/revisions"}],"wp:attachment":[{"href":"https:\/\/analyse.optim.biz\/index.php?rest_route=%2Fwp%2Fv2%2Fmedia&parent=1967949"}],"wp:term":[{"taxonomy":"category","embeddable":true,"href":"https:\/\/analyse.optim.biz\/index.php?rest_route=%2Fwp%2Fv2%2Fcategories&post=1967949"},{"taxonomy":"post_tag","embeddable":true,"href":"https:\/\/analyse.optim.biz\/index.php?rest_route=%2Fwp%2Fv2%2Ftags&post=1967949"}],"curies":[{"name":"wp","href":"https:\/\/api.w.org\/{rel}","templated":true}]}}