{"id":196690,"date":"2014-09-16T17:25:37","date_gmt":"2014-09-16T14:25:37","guid":{"rendered":"https:\/\/analyse.optim.biz\/?p=196690"},"modified":"2014-09-16T17:25:37","modified_gmt":"2014-09-16T14:25:37","slug":"mircea-dusa-nu-incerc-sa-i-conving-pe-bellu-si-bitang-sa-ramana-dar-fiind-la-armata-le-dam-ordine","status":"publish","type":"post","link":"https:\/\/analyse.optim.biz\/?p=196690","title":{"rendered":"Mircea Du\u015fa: Nu \u00eencerc s\u0103-i conving pe Bellu \u015fi Bitang s\u0103 r\u0103m\u00e2n\u0103, dar fiind la armat\u0103, le d\u0103m ordine"},"content":{"rendered":"<div class=\"entry data-app-meta data-app-meta-article\" data-embed-base-url-canonical=\"https:\/\/www.digi24.ro\/embed\/stiri\/actualitate\/politica\/mircea-dusa-nu-incerc-sa-i-conving-pe-bellu-si-bitang-sa-ramana-dar-fiind-la-armata-le-dam-ordine-294841\">\n<p data-index=\"1\">\u00a0<img decoding=\"async\" src=\"https:\/\/analyse.optim.biz\/wp-content\/uploads\/2024\/09\/ptgwmczoyxnopwi1ntblzgy4ytjhmzc4mjdlyzblnje2ntiwzdlkm2ri-thumb_.jpg\" data-skip-htmlfix=\"1\" title=\"ptgwmczoyxnopwi1ntblzgy4ytjhmzc4mjdlyzblnje2ntiwzdlkm2ri-thumb_\"><\/p>\n<p data-index=\"2\">\u201e<span>Doamna Bitang \u015fi domnul Bellu sunt al\u0103turi de noi \u015fi le doresc s\u0103 se ocupe \u00eenc\u0103 mult timp de gimnastica feminin\u0103 rom\u00e2neasc\u0103 \u015fi cred c\u0103 a\u015fa va fi. Dragostea pentru acest sport nu \u00eei va l\u0103sa s\u0103 stea deoparte. Nu \u00eencerc s\u0103-i conving, dar fiind la armat\u0103 \u00eencerc\u0103m s\u0103 le d\u0103m ordine\u201d, a glumit Mircea Du\u015fa.<\/span><\/p>\n<p data-index=\"3\">Mircea Du\u015fa\u00a0a afirmat c\u0103 banii necesari func\u0163ion\u0103rii centrului vor fi asigura\u0163i de c\u0103tre CSA Steaua, informeaz\u0103 Mediafax.<\/p>\n<p data-index=\"4\">\u201eAm acceptat ca unul dintre cele \u015fase centre regionale de preg\u0103tire a feti\u0163elor s\u0103-l organiz\u0103m la clubul Steaua. Este o colaborare deosebit\u0103 \u00eentre CSA Steaua, MTS, Ministerul Educa\u0163iei, Casa Campionilor, Petrom. \u00centr-un termen foarte scurt am aprobat efectuarea unor lucr\u0103ri la sala de sport a clubului, respectiv amenajarea dormitoarelor, a grupurilor sanitare, a s\u0103lii unde vor servi masa. Cheltuielile de preg\u0103tire vor fi suportate de clubul Steaua \u015fi cu o contribu\u0163ie a Petrom. \u00cen acela\u015fi timp, vom asigura \u015fi transportul \u00een \u015fcolile \u00een care fetele vor \u00eenv\u0103\u0163a. Sper ca dintre aceste feti\u0163e s\u0103 avem viitoarele campioane europene, mondiale \u015fi olimpice. \u00cemi cre\u015fte sufletul c\u00e2nd v\u0103d copii at\u00e2t de ferici\u0163i, care au \u00een subcon\u015ftient dorin\u0163a de victorie\u201d, a completat Du\u015fa.<\/p>\n<p data-index=\"5\">\u00cen cadrul acestui centru vor locui, se vor antrena \u015fi vor beneficia de mas\u0103 30 de sportive, care \u00een prezent au \u00eentre \u015fase \u015fi \u015fapte ani. Cele 30 de sportive au fost selec\u0163ionate din peste 1.300 de copii, iar \u00een centru vor locui 14 sportive, \u00een regim permanent, \u015fi 16 \u00een regim de semicantonament.<\/p>\n<p data-index=\"6\"><a href=\"https:\/\/www.digi24.ro\/Stiri\/Digi24\/Sport\/Stiri\/Marian+Bitang+Octavian+Bellu+renunta+antrenori+gimnastica+\" data-skip-linkfix=\"1\">Mariana Bitang \u015fi Octavian Bellu au anun\u0163at c\u0103 nu vor \u00eenso\u0163i delega\u0163ia tricolor\u0103 la Campionatele Mondiale din China<\/a>, care vor avea loc \u00eentre 3 \u015fi 12 octombrie. Echipa Rom\u00e2niei, format\u0103 din gimnastele Larisa Iordache, \u015etefania St\u0103nil\u0103, Andreea Munteanu, Ana Maria Ocoli\u015fan, Silvia Zarzu, Paula Tudorache \u015fi rezerva Ioana Nicoar\u0103, va participa la Campionatele Mondiale de la Nanning (China), \u00eentre 3 \u015fi 12 octombrie, potrivit \u00eenscrierilor nominale anun\u0163ate de forul interna\u0163ional de profil (FIG).<\/p>\n<\/div>\n<p> Source URL: https:\/\/www.digi24.ro\/stiri\/actualitate\/politica\/mircea-dusa-nu-incerc-sa-i-conving-pe-bellu-si-bitang-sa-ramana-dar-fiind-la-armata-le-dam-ordine-294841<\/p>\n","protected":false},"excerpt":{"rendered":"<p>\u00a0 \u201eDoamna Bitang \u015fi domnul Bellu sunt al\u0103turi de noi \u015fi le doresc s\u0103 se ocupe \u00eenc\u0103 mult timp de gimnastica feminin\u0103 rom\u00e2neasc\u0103 \u015fi cred c\u0103 a\u015fa va fi. Dragostea pentru acest sport nu \u00eei va l\u0103sa s\u0103 stea deoparte. Nu \u00eencerc s\u0103-i conving, dar fiind la armat\u0103 \u00eencerc\u0103m s\u0103 le d\u0103m ordine\u201d, a glumit [&hellip;]<\/p>\n","protected":false},"author":1,"featured_media":196691,"comment_status":"open","ping_status":"","sticky":false,"template":"","format":"standard","meta":{"footnotes":""},"categories":[2],"tags":[11],"class_list":["post-196690","post","type-post","status-publish","format-standard","has-post-thumbnail","hentry","category-politics","tag-digi24"],"_links":{"self":[{"href":"https:\/\/analyse.optim.biz\/index.php?rest_route=\/wp\/v2\/posts\/196690","targetHints":{"allow":["GET"]}}],"collection":[{"href":"https:\/\/analyse.optim.biz\/index.php?rest_route=\/wp\/v2\/posts"}],"about":[{"href":"https:\/\/analyse.optim.biz\/index.php?rest_route=\/wp\/v2\/types\/post"}],"author":[{"embeddable":true,"href":"https:\/\/analyse.optim.biz\/index.php?rest_route=\/wp\/v2\/users\/1"}],"replies":[{"embeddable":true,"href":"https:\/\/analyse.optim.biz\/index.php?rest_route=%2Fwp%2Fv2%2Fcomments&post=196690"}],"version-history":[{"count":0,"href":"https:\/\/analyse.optim.biz\/index.php?rest_route=\/wp\/v2\/posts\/196690\/revisions"}],"wp:featuredmedia":[{"embeddable":true,"href":"https:\/\/analyse.optim.biz\/index.php?rest_route=\/wp\/v2\/media\/196691"}],"wp:attachment":[{"href":"https:\/\/analyse.optim.biz\/index.php?rest_route=%2Fwp%2Fv2%2Fmedia&parent=196690"}],"wp:term":[{"taxonomy":"category","embeddable":true,"href":"https:\/\/analyse.optim.biz\/index.php?rest_route=%2Fwp%2Fv2%2Fcategories&post=196690"},{"taxonomy":"post_tag","embeddable":true,"href":"https:\/\/analyse.optim.biz\/index.php?rest_route=%2Fwp%2Fv2%2Ftags&post=196690"}],"curies":[{"name":"wp","href":"https:\/\/api.w.org\/{rel}","templated":true}]}}