{"id":1964890,"date":"2026-05-31T07:16:28","date_gmt":"2026-05-31T04:16:28","guid":{"rendered":"https:\/\/analyse.optim.biz\/?p=1964890"},"modified":"2026-05-31T07:16:28","modified_gmt":"2026-05-31T04:16:28","slug":"cu-dor-de-pe-valea-buzaului-pana-sus-la-siriu","status":"publish","type":"post","link":"https:\/\/analyse.optim.biz\/?p=1964890","title":{"rendered":"Cu dor, de pe Valea Buz\u0103ului, p\u00e2n\u0103 sus, la Siriu"},"content":{"rendered":"<p>[analyse_image type=&#8221;featured&#8221; src=&#8221;https:\/\/buzaulinreportaje.ro\/wp-content\/uploads\/2026\/05\/WhatsApp-Image-2026-05-31-at-09.52.09.jpeghttps:\/\/buzaulinreportaje.ro\/wp-content\/uploads\/2026\/05\/WhatsApp-Image-2026-05-31-at-09.52.09.jpeg&#8221;]<\/p>\n<div class=\"entry-content herald-entry-content\">\n<p class=\"has-large-font-size wp-block-paragraph\">Cum ar fi s\u0103 putem lua r\u0103m\u0103\u0219i\u021ba aceasta pl\u0103cut\u0103 de prim\u0103var\u0103, ba cu 18 grade C \u0219i nori, ba cu 23 de grade C \u0219i soare str\u0103lucitor drept tovar\u0103\u0219 de c\u0103l\u0103torie p\u00e2n\u0103 sus, la Siriu, unde muntenii au urcat deja oile la munte?<\/p>\n<div class=\"wp-block-image\">\n<figure class=\"aligncenter size-large\"><img loading=\"lazy\" decoding=\"async\" width=\"1024\" height=\"652\" src=\"https:\/\/buzaulinreportaje.ro\/wp-content\/uploads\/2026\/05\/Oi-Siriu-1024x652.jpeg\" alt class=\"wp-image-28265\"><\/figure>\n<\/div>\n<p class=\"has-large-font-size wp-block-paragraph\">Despic\u0103m zarea \u00een dou\u0103 \u0219i picur\u0103m pe suflet aripi \u00eenmuiate \u00een verdele mun\u021bilor ce at\u00e2rn\u0103 p\u00e2n\u0103 pe marginea drumului na\u021bional 10 Buz\u0103u-Bra\u0219ov. Nici c\u0103 s-ar compara alt\u0103 c\u0103l\u0103torie cu suita impresionant\u0103 de verde, via\u021b\u0103 \u0219i soare de azi, de pe Valea Buz\u0103ului. <\/p>\n<figure class=\"wp-block-gallery has-nested-images columns-default is-cropped wp-block-gallery-1 is-layout-flex wp-block-gallery-is-layout-flex\">\n<figure class=\"wp-block-image size-large\"><img decoding=\"async\" loading=\"lazy\" width=\"1024\" height=\"768\" src=\"https:\/\/buzaulinreportaje.ro\/wp-content\/uploads\/2026\/05\/WhatsApp-Image-2026-05-31-at-09.59.03-1024x768.jpeg\" alt class=\"wp-image-28271\"><\/figure>\n<figure class=\"wp-block-image size-large\"><img decoding=\"async\" loading=\"lazy\" width=\"1024\" height=\"768\" src=\"https:\/\/buzaulinreportaje.ro\/wp-content\/uploads\/2026\/05\/WhatsApp-Image-2026-05-31-at-09.58.36-1024x768.jpeg\" alt class=\"wp-image-28266\"><\/figure>\n<figure class=\"wp-block-image size-large\"><img decoding=\"async\" loading=\"lazy\" width=\"768\" height=\"1024\" src=\"https:\/\/buzaulinreportaje.ro\/wp-content\/uploads\/2026\/05\/WhatsApp-Image-2026-05-31-at-09.59.18-768x1024.jpeg\" alt class=\"wp-image-28268\"><\/figure>\n<figure class=\"wp-block-image size-large\"><img decoding=\"async\" loading=\"lazy\" width=\"768\" height=\"1024\" src=\"https:\/\/buzaulinreportaje.ro\/wp-content\/uploads\/2026\/05\/WhatsApp-Image-2026-05-31-at-09.59.32-768x1024.jpeg\" alt class=\"wp-image-28270\"><\/figure>\n<figure class=\"wp-block-image size-large\"><img decoding=\"async\" loading=\"lazy\" width=\"768\" height=\"1024\" src=\"https:\/\/buzaulinreportaje.ro\/wp-content\/uploads\/2026\/05\/WhatsApp-Image-2026-05-31-at-09.59.46-768x1024.jpeg\" alt class=\"wp-image-28269\"><\/figure>\n<\/figure>\n<p class=\"has-large-font-size wp-block-paragraph\">Am l\u0103sat, <a href=\"https:\/\/buzaulinreportaje.ro\/cu-dor-de-pe-valea-buzaului\/\">c\u00e2teva s\u0103pt\u0103m\u00e2ni \u00een urm\u0103 Nehoiul str\u00e2ns <\/a>de catedrala ce lumineaz\u0103 micu\u021bul ora\u0219 de munte \u0219i parc\u0103-l ast\u00e2mp\u0103r\u0103 c\u00e2nd d\u0103 s\u0103 fie n\u0103stru\u0219nic, fix ca apele ce \u0219iroiesc curajoase prin zidul de sus\u021binere din centru. <\/p>\n<figure class=\"wp-block-gallery has-nested-images columns-default is-cropped wp-block-gallery-2 is-layout-flex wp-block-gallery-is-layout-flex\">\n<figure class=\"wp-block-image size-large\"><img decoding=\"async\" loading=\"lazy\" width=\"1024\" height=\"768\" src=\"https:\/\/buzaulinreportaje.ro\/wp-content\/uploads\/2026\/05\/WhatsApp-Image-2026-05-31-at-09.50.28-1024x768.jpeg\" alt class=\"wp-image-28282\"><\/figure>\n<figure class=\"wp-block-image size-large\"><img decoding=\"async\" loading=\"lazy\" width=\"1024\" height=\"768\" src=\"https:\/\/buzaulinreportaje.ro\/wp-content\/uploads\/2026\/05\/WhatsApp-Image-2026-05-31-at-09.50.36-1024x768.jpeg\" alt class=\"wp-image-28283\"><\/figure>\n<\/figure>\n<p class=\"has-large-font-size wp-block-paragraph\">Intrarea \u00een Siriu e domoal\u0103 precum soarele ce se a\u0219eaz\u0103 peste lespezile din albia r\u00e2ului Buz\u0103u. Pare \u00eenvolburat. L-or fi sup\u0103rat ploile de ieri, de alalt\u0103ieri de prin mun\u021bii Covasnei cea mereu sor\u0103 cu oamenii de prin p\u0103r\u021bile acestea.<\/p>\n<figure class=\"wp-block-gallery has-nested-images columns-default is-cropped wp-block-gallery-3 is-layout-flex wp-block-gallery-is-layout-flex\">\n<figure class=\"wp-block-image size-large\"><img decoding=\"async\" loading=\"lazy\" width=\"1024\" height=\"768\" src=\"https:\/\/buzaulinreportaje.ro\/wp-content\/uploads\/2026\/05\/WhatsApp-Image-2026-05-30-at-16.55.55-4-1024x768.jpeg\" alt class=\"wp-image-28273\"><\/figure>\n<figure class=\"wp-block-image size-large\"><img decoding=\"async\" loading=\"lazy\" width=\"1024\" height=\"768\" src=\"https:\/\/buzaulinreportaje.ro\/wp-content\/uploads\/2026\/05\/WhatsApp-Image-2026-05-30-at-16.55.55-3-1024x768.jpeg\" alt class=\"wp-image-28272\"><\/figure>\n<figure class=\"wp-block-image size-large\"><img decoding=\"async\" loading=\"lazy\" width=\"1024\" height=\"768\" src=\"https:\/\/buzaulinreportaje.ro\/wp-content\/uploads\/2026\/05\/WhatsApp-Image-2026-05-30-at-16.55.55-2-1024x768.jpeg\" alt class=\"wp-image-28275\"><\/figure>\n<figure class=\"wp-block-image size-large\"><img decoding=\"async\" loading=\"lazy\" width=\"1024\" height=\"768\" src=\"https:\/\/buzaulinreportaje.ro\/wp-content\/uploads\/2026\/05\/WhatsApp-Image-2026-05-30-at-16.55.54-2-1024x768.jpeg\" alt class=\"wp-image-28274\"><\/figure>\n<\/figure>\n<p class=\"has-large-font-size wp-block-paragraph\">Coboar\u0103 muntenii Siriului s\u0103 cumpere p\u00e2inea de diminea\u021b\u0103 \u0219i apoi iau piepti\u0219 vreo gr\u0103din\u0103 cu cartofi ce s-a f\u0103cut de pr\u0103\u0219it. La munte oamenii nu \u0219i-au pierdut tr\u0103inicia \u0219i-\u0219i asigur\u0103 tihnit hrana bun\u0103 pe l\u00e2ng\u0103 cas\u0103. Au borcanul cu sm\u00e2nt\u00e2n\u0103 adunat\u0103 de diminea\u021b\u0103 de deasupra g\u0103le\u021bii cu lapte. Ceapa s-a f\u0103cut ca pe m\u00e2n\u0103 deja. P\u0103s\u0103ri sunt \u0219i pe drumurile s\u0103te\u0219ti, nu doar \u00eenchise \u00een cur\u021bi interioare. La Siriu c\u00e2nt\u0103 \u00eenc\u0103 viteazul coco\u0219 diminea\u021ba!<\/p>\n<figure class=\"wp-block-gallery has-nested-images columns-default is-cropped wp-block-gallery-4 is-layout-flex wp-block-gallery-is-layout-flex\">\n<figure class=\"wp-block-image size-large\"><img decoding=\"async\" loading=\"lazy\" width=\"1024\" height=\"768\" src=\"https:\/\/buzaulinreportaje.ro\/wp-content\/uploads\/2026\/05\/WhatsApp-Image-2026-05-30-at-16.56.00-1-1024x768.jpeg\" alt class=\"wp-image-28281\"><\/figure>\n<figure class=\"wp-block-image size-large\"><img decoding=\"async\" loading=\"lazy\" width=\"1024\" height=\"768\" src=\"https:\/\/buzaulinreportaje.ro\/wp-content\/uploads\/2026\/05\/WhatsApp-Image-2026-05-30-at-16.55.59-1024x768.jpeg\" alt class=\"wp-image-28280\"><\/figure>\n<figure class=\"wp-block-image size-large\"><img decoding=\"async\" loading=\"lazy\" width=\"1024\" height=\"768\" src=\"https:\/\/buzaulinreportaje.ro\/wp-content\/uploads\/2026\/05\/WhatsApp-Image-2026-05-30-at-16.55.54-1024x768.jpeg\" alt class=\"wp-image-28278\"><\/figure>\n<figure class=\"wp-block-image size-large\"><img decoding=\"async\" loading=\"lazy\" width=\"1024\" height=\"768\" src=\"https:\/\/buzaulinreportaje.ro\/wp-content\/uploads\/2026\/05\/WhatsApp-Image-2026-05-30-at-16.55.57-1-1024x768.jpeg\" alt class=\"wp-image-28276\"><\/figure>\n<figure class=\"wp-block-image size-large\"><img decoding=\"async\" loading=\"lazy\" width=\"1024\" height=\"768\" src=\"https:\/\/buzaulinreportaje.ro\/wp-content\/uploads\/2026\/05\/WhatsApp-Image-2026-05-30-at-16.55.57-2-1024x768.jpeg\" alt class=\"wp-image-28277\"><\/figure>\n<\/figure>\n<p class=\"has-large-font-size wp-block-paragraph\">Deja, de aici, din inima Siriului asem\u0103narea cu localit\u0103\u021bile de peste munte este nemaipomenit\u0103. Flori multe \u00eembrac\u0103 spa\u021biile publice, iar steagurile f\u00e2lf\u00e2ie \u00eentregi de st\u00e2lpii de curent. P\u00e2n\u0103 \u0219i p\u00e2inea e ca peste munte \u2013 mare, cu cartofi \u0219i b\u0103tut\u0103 ca-n Ardeal. Mul\u021bi tineri lucreaz\u0103 spre \u00centorsura Buz\u0103ului, Bra\u0219ov, Sf\u00e2ntu Gheorghe sau Vama Buz\u0103ului.<\/p>\n<figure class=\"wp-block-gallery has-nested-images columns-default is-cropped wp-block-gallery-5 is-layout-flex wp-block-gallery-is-layout-flex\">\n<figure class=\"wp-block-image size-large\"><img decoding=\"async\" loading=\"lazy\" width=\"768\" height=\"1024\" src=\"https:\/\/buzaulinreportaje.ro\/wp-content\/uploads\/2026\/05\/WhatsApp-Image-2026-05-31-at-09.52.56-768x1024.jpeg\" alt class=\"wp-image-28285\"><\/figure>\n<figure class=\"wp-block-image size-large\"><img decoding=\"async\" loading=\"lazy\" width=\"1024\" height=\"768\" src=\"https:\/\/buzaulinreportaje.ro\/wp-content\/uploads\/2026\/05\/WhatsApp-Image-2026-05-31-at-09.52.09-1024x768.jpeg\" alt class=\"wp-image-28284\"><\/figure>\n<figure class=\"wp-block-image size-large\"><img decoding=\"async\" loading=\"lazy\" width=\"1024\" height=\"768\" src=\"https:\/\/buzaulinreportaje.ro\/wp-content\/uploads\/2026\/05\/WhatsApp-Image-2026-05-31-at-09.58.16-1024x768.jpeg\" alt class=\"wp-image-28287\"><\/figure>\n<figure class=\"wp-block-image size-large\"><img decoding=\"async\" loading=\"lazy\" width=\"768\" height=\"1024\" src=\"https:\/\/buzaulinreportaje.ro\/wp-content\/uploads\/2026\/05\/WhatsApp-Image-2026-05-31-at-09.57.44-768x1024.jpeg\" alt class=\"wp-image-28288\"><\/figure>\n<figure class=\"wp-block-image size-large\"><img decoding=\"async\" loading=\"lazy\" width=\"1024\" height=\"768\" src=\"https:\/\/buzaulinreportaje.ro\/wp-content\/uploads\/2026\/05\/WhatsApp-Image-2026-05-31-at-09.58.36-1-1024x768.jpeg\" alt class=\"wp-image-28286\"><\/figure>\n<\/figure>\n<p class=\"has-large-font-size wp-block-paragraph\">De la Ca\u0219oca \u00een sus, ritmul vie\u021bii se schimb\u0103. E aer de vacan\u021b\u0103, de via\u021b\u0103 vie! Se v\u0103d pl\u0103cu\u021bele cu numele pensiunilor, apar ma\u0219ini cu numere de \u00eenmatriculare de Gala\u021bi, Bucure\u0219ti, Br\u0103ila \u0219i chiar Constan\u021ba, Prahova fiind o obi\u0219nuin\u021b\u0103 pare-se \u00een zon\u0103. <\/p>\n<figure class=\"wp-block-image size-large\"><img decoding=\"async\" loading=\"lazy\" width=\"1024\" height=\"768\" src=\"https:\/\/buzaulinreportaje.ro\/wp-content\/uploads\/2026\/05\/WhatsApp-Image-2026-05-31-at-09.57.54-1024x768.jpeg\" alt class=\"wp-image-28289\"><\/figure>\n<p class=\"has-large-font-size wp-block-paragraph\">Ca o not\u0103, Siriul apare azi ca un dezvoltator buzoian al sporturilor pe ap\u0103. Stive cu b\u0103rcu\u021be, caiace \u0219i alte accesorii din aceste categorii au pe ele anun\u021b <em>de \u00eenchiriat. <\/em>La fel e \u0219i cu ATV-urile, deh!, suntem la munte, iar potecile dinspre Siriu sunt \u0219i de luat la pas, dar \u0219i de \u00eenc\u0103lecat pe patru ro\u021bi. Iar num\u0103rul antreprenorilor din acest turism de ni\u0219\u0103, din drum, pare a fi mare. <\/p>\n<figure class=\"wp-block-gallery has-nested-images columns-default is-cropped wp-block-gallery-6 is-layout-flex wp-block-gallery-is-layout-flex\">\n<figure class=\"wp-block-image size-large\"><img decoding=\"async\" loading=\"lazy\" width=\"1024\" height=\"768\" src=\"https:\/\/buzaulinreportaje.ro\/wp-content\/uploads\/2026\/05\/WhatsApp-Image-2026-05-31-at-09.50.07-1024x768.jpeg\" alt class=\"wp-image-28292\"><\/figure>\n<\/figure>\n<p class=\"has-large-font-size wp-block-paragraph\">La fel de impresionant este \u0219i ritmul p\u0103strat de c\u00e2\u021biva ani, al construc\u021biilor noi cu destina\u021bie turistica! <\/p>\n<figure class=\"wp-block-gallery has-nested-images columns-default is-cropped wp-block-gallery-7 is-layout-flex wp-block-gallery-is-layout-flex\">\n<figure class=\"wp-block-image size-large\"><img decoding=\"async\" loading=\"lazy\" width=\"1024\" height=\"768\" src=\"https:\/\/buzaulinreportaje.ro\/wp-content\/uploads\/2026\/05\/WhatsApp-Image-2026-05-30-at-16.55.56-3-1024x768.jpeg\" alt class=\"wp-image-28293\"><\/figure>\n<figure class=\"wp-block-image size-large\"><img decoding=\"async\" loading=\"lazy\" width=\"768\" height=\"1024\" src=\"https:\/\/buzaulinreportaje.ro\/wp-content\/uploads\/2026\/05\/WhatsApp-Image-2026-05-31-at-09.57.44-768x1024.jpeg\" alt class=\"wp-image-28288\"><\/figure>\n<\/figure>\n<p class=\"has-large-font-size wp-block-paragraph\">Slalom printre turi\u0219tii de ocazie care admir\u0103 de pe margine Lacul Siriu, \u00ee\u0219i fac poza instagramabil\u0103 cu oglinda de la munte \u0219i mai apoi, fir \u00eentins spre minunata ie\u0219ire c\u0103tre Cheile Buz\u0103ului. <\/p>\n<figure class=\"wp-block-image size-large\"><img decoding=\"async\" loading=\"lazy\" width=\"1024\" height=\"768\" src=\"https:\/\/buzaulinreportaje.ro\/wp-content\/uploads\/2026\/05\/WhatsApp-Image-2026-05-31-at-09.50.16-1024x768.jpeg\" alt class=\"wp-image-28291\"><\/figure>\n<p class=\"has-large-font-size wp-block-paragraph\">Ei, da, de aici parc\u0103 se desface bucuria toat\u0103 \u00een mii de clipe care se urc\u0103 una peste cealalt\u0103 p\u00e2n\u0103 \u00een Cheile Buz\u0103ului! Este cel mai frumos tronson montan din jdue\u021bul Buz\u0103u, \u00een aceast\u0103 perioad\u0103! Verdele prinde tonuri de smarald \u00een umbra lacului Siriu, vreo 11 kilometri \u00een lungul drumului na\u021bional \u0219i, tocmai la Gura Siriului se mai potole\u0219te pu\u021bin \u00een note depline de galben. Pe margine, dinspre p\u0103dure, leurda-\u0219i etaleaz\u0103 florile mature, iar izvoarele seci p\u00e2n\u0103 nu demult, curg repezi spre a \u00eembia c\u0103l\u0103torul.<\/p>\n<figure class=\"wp-block-gallery has-nested-images columns-default is-cropped wp-block-gallery-8 is-layout-flex wp-block-gallery-is-layout-flex\">\n<figure class=\"wp-block-image size-large\"><img decoding=\"async\" loading=\"lazy\" width=\"1024\" height=\"768\" src=\"https:\/\/buzaulinreportaje.ro\/wp-content\/uploads\/2026\/05\/WhatsApp-Image-2026-05-30-at-16.56.00-3-1024x768.jpeg\" alt class=\"wp-image-28294\"><\/figure>\n<figure class=\"wp-block-image size-large\"><img decoding=\"async\" loading=\"lazy\" width=\"1024\" height=\"768\" src=\"https:\/\/buzaulinreportaje.ro\/wp-content\/uploads\/2026\/05\/WhatsApp-Image-2026-05-30-at-16.55.59-1-1024x768.jpeg\" alt class=\"wp-image-28295\"><\/figure>\n<\/figure>\n<p class=\"has-large-font-size wp-block-paragraph\">Se termin\u0103 luna mai, luna \u00een care pl\u00e2ng \u0219i florile dup\u0103 frumuse\u021bea naturii! S\u0103-i d\u0103m lui iunie \u00eencredere \u0219i s\u0103 c\u0103ut\u0103m atunci Valea Neagr\u0103 de la coada lacului Siriu ori cine \u0219tie ce curm\u0103tur\u0103 aduc\u0103toare de r\u0103coare!<\/p>\n<figure class=\"wp-block-gallery has-nested-images columns-default is-cropped wp-block-gallery-9 is-layout-flex wp-block-gallery-is-layout-flex\">\n<figure class=\"wp-block-image size-large\"><img decoding=\"async\" loading=\"lazy\" width=\"1024\" height=\"768\" src=\"https:\/\/buzaulinreportaje.ro\/wp-content\/uploads\/2026\/05\/WhatsApp-Image-2026-05-31-at-09.58.36-1-2-1024x768.jpeg\" alt class=\"wp-image-28299\"><\/figure>\n<figure class=\"wp-block-image size-large\"><img decoding=\"async\" loading=\"lazy\" width=\"1024\" height=\"768\" src=\"https:\/\/buzaulinreportaje.ro\/wp-content\/uploads\/2026\/05\/WhatsApp-Image-2026-05-30-at-16.55.59-1-1024x768.jpeg\" alt class=\"wp-image-28295\"><\/figure>\n<figure class=\"wp-block-image size-large\"><img decoding=\"async\" loading=\"lazy\" width=\"1024\" height=\"768\" src=\"https:\/\/buzaulinreportaje.ro\/wp-content\/uploads\/2026\/05\/WhatsApp-Image-2026-05-30-at-16.55.58-5-1024x768.jpeg\" alt class=\"wp-image-28296\"><\/figure>\n<figure class=\"wp-block-image size-large\"><img decoding=\"async\" loading=\"lazy\" width=\"1024\" height=\"768\" src=\"https:\/\/buzaulinreportaje.ro\/wp-content\/uploads\/2026\/05\/WhatsApp-Image-2026-05-30-at-16.55.58-4-1024x768.jpeg\" alt class=\"wp-image-28297\"><\/figure>\n<\/figure>\n<p class=\"wp-block-paragraph\">Cum? A\u021bi \u0219i pornit spre Siriu?<\/p>\n<p class=\"has-large-font-size wp-block-paragraph\">Siriu este o comun\u0103 medie a jude\u021bului Buz\u0103u, \u00eens\u0103 cu o dezvoltare pe propriile picioare c\u00e2nd vine vorba de turism. Face parte din 2025, din Asocia\u021bia de Dezvoltare Intercomunitar\u0103 \u021ainutul Buz\u0103ului, dar \u0219i din polul turistic Plaiul B\u00e2scilor. Are peste 20 de unit\u0103\u021bi de cazare clasificate \u00een pensiuni, hotel \u0219i chiar chalet, toate av\u00e2nd peste 250 de locuri de cazare. <\/p>\n<div class=\"herald-share-content\">\n<div class=\"meks_ess layout-5-1 transparent no-labels solid\"><a href=\"https:\/\/buzaulinreportaje.ro\/cu-dor-de-pe-valea-buzaului-pana-sus-la-siriu\/\" class=\"meks_ess-item socicon-facebook\" data-url=\"http:\/\/www.facebook.com\/sharer\/sharer.php?u=https%3A%2F%2Fbuzaulinreportaje.ro%2Fcu-dor-de-pe-valea-buzaului-pana-sus-la-siriu%2F&amp;t=Cu%20dor%2C%20de%20pe%20Valea%20Buz%C4%83ului%2C%20p%C3%A2n%C4%83%20sus%2C%20la%20Siriu\"><span>Facebook<\/span><\/a><a href=\"https:\/\/api.whatsapp.com\/send?text=Cu%20dor%2C%20de%20pe%20Valea%20Buz%C4%83ului%2C%20p%C3%A2n%C4%83%20sus%2C%20la%20Siriu%20https%3A%2F%2Fbuzaulinreportaje.ro%2Fcu-dor-de-pe-valea-buzaului-pana-sus-la-siriu%2F\" class=\"meks_ess-item socicon-whatsapp prevent-share-popup\"><span>WhatsApp<\/span><\/a><a href=\"https:\/\/buzaulinreportaje.ro\/cu-dor-de-pe-valea-buzaului-pana-sus-la-siriu\/\" class=\"meks_ess-item socicon-twitter\" data-url=\"http:\/\/twitter.com\/intent\/tweet?url=https%3A%2F%2Fbuzaulinreportaje.ro%2Fcu-dor-de-pe-valea-buzaului-pana-sus-la-siriu%2F&amp;text=Cu%20dor%2C%20de%20pe%20Valea%20Buz%C4%83ului%2C%20p%C3%A2n%C4%83%20sus%2C%20la%20Siriu\"><span>X<\/span><\/a><\/div>\n<\/div>\n<\/div>\n<p>[analyse_source url=&#8221;https:\/\/buzaulinreportaje.ro\/cu-dor-de-pe-valea-buzaului-pana-sus-la-siriu\/&#8221;]<\/p>\n","protected":false},"excerpt":{"rendered":"<p>[analyse_image type=&#8221;featured&#8221; src=&#8221;https:\/\/buzaulinreportaje.ro\/wp-content\/uploads\/2026\/05\/WhatsApp-Image-2026-05-31-at-09.52.09.jpeghttps:\/\/buzaulinreportaje.ro\/wp-content\/uploads\/2026\/05\/WhatsApp-Image-2026-05-31-at-09.52.09.jpeg&#8221;] Cum ar fi s\u0103 putem lua r\u0103m\u0103\u0219i\u021ba aceasta pl\u0103cut\u0103 de prim\u0103var\u0103, ba cu 18 grade C \u0219i nori, ba cu 23 de grade C \u0219i soare str\u0103lucitor drept tovar\u0103\u0219 de c\u0103l\u0103torie p\u00e2n\u0103 sus, la Siriu, unde muntenii au urcat deja oile la munte? Despic\u0103m zarea \u00een dou\u0103 \u0219i picur\u0103m pe suflet aripi [&hellip;]<\/p>\n","protected":false},"author":1,"featured_media":0,"comment_status":"open","ping_status":"","sticky":false,"template":"","format":"standard","meta":{"footnotes":""},"categories":[2],"tags":[59,226],"class_list":["post-1964890","post","type-post","status-publish","format-standard","hentry","category-politics","tag-buzaulinreportaje-ro","tag-crawlmanager"],"_links":{"self":[{"href":"https:\/\/analyse.optim.biz\/index.php?rest_route=\/wp\/v2\/posts\/1964890","targetHints":{"allow":["GET"]}}],"collection":[{"href":"https:\/\/analyse.optim.biz\/index.php?rest_route=\/wp\/v2\/posts"}],"about":[{"href":"https:\/\/analyse.optim.biz\/index.php?rest_route=\/wp\/v2\/types\/post"}],"author":[{"embeddable":true,"href":"https:\/\/analyse.optim.biz\/index.php?rest_route=\/wp\/v2\/users\/1"}],"replies":[{"embeddable":true,"href":"https:\/\/analyse.optim.biz\/index.php?rest_route=%2Fwp%2Fv2%2Fcomments&post=1964890"}],"version-history":[{"count":0,"href":"https:\/\/analyse.optim.biz\/index.php?rest_route=\/wp\/v2\/posts\/1964890\/revisions"}],"wp:attachment":[{"href":"https:\/\/analyse.optim.biz\/index.php?rest_route=%2Fwp%2Fv2%2Fmedia&parent=1964890"}],"wp:term":[{"taxonomy":"category","embeddable":true,"href":"https:\/\/analyse.optim.biz\/index.php?rest_route=%2Fwp%2Fv2%2Fcategories&post=1964890"},{"taxonomy":"post_tag","embeddable":true,"href":"https:\/\/analyse.optim.biz\/index.php?rest_route=%2Fwp%2Fv2%2Ftags&post=1964890"}],"curies":[{"name":"wp","href":"https:\/\/api.w.org\/{rel}","templated":true}]}}