{"id":1964757,"date":"2026-05-30T13:20:00","date_gmt":"2026-05-30T10:20:00","guid":{"rendered":"https:\/\/analyse.optim.biz\/?p=1964757"},"modified":"2026-05-30T13:20:00","modified_gmt":"2026-05-30T10:20:00","slug":"erezia-care-nu-a-existat-niciodata-o-analiza-istorica-asupra-etno-filetismului","status":"publish","type":"post","link":"https:\/\/analyse.optim.biz\/?p=1964757","title":{"rendered":"Erezia care nu a existat niciodat\u0103: o analiz\u0103 istoric\u0103 asupra \u201cetno-filetismului\u201d"},"content":{"rendered":"<p>[analyse_image type=&#8221;featured&#8221; src=&#8221;https:\/\/www.incorectpolitic.com\/wp-content\/uploads\/2026\/05\/image0.jpg&#8221;]<\/p>\n<div class=\"entry\">\n<p>Octavian Dimarescu<br \/><strong>Incorect Politic<\/strong><br \/>\nMai 30, 2026<\/p>\n<p><a href=\"https:\/\/www.incorectpolitic.com\/erezia-care-nu-a-existat-niciodata-o-analiza-istorica-asupra-etno-filetismului\/image0-9\/\" rel=\"attachment wp-att-81728\"><img loading=\"lazy\" decoding=\"async\" class=\"size-full wp-image-81728 aligncenter\" src=\"https:\/\/www.incorectpolitic.com\/wp-content\/uploads\/2026\/05\/image0.jpg\" alt width=\"1500\" height=\"1000\"><\/a><\/p>\n<h2><strong>Erezia care nu a existat niciodat\u0103: o analiz\u0103 istoric\u0103 asupra <\/strong><strong>\u201cetno-filetismului\u201d<\/strong><\/h2>\n<p><strong>\u00a0<\/strong><\/p>\n<p><strong>\u00a0<\/strong><\/p>\n<p>Tr\u0103im ast\u0103zi \u00eentr-o societate marcat\u0103 de tensiuni profunde \u0219i reevalu\u0103ri culturale constante, un spa\u021biu \u00een care discursul public din Rom\u00e2nia tinde adesea s\u0103 adopte o ostilitate f\u0103\u021bi\u0219\u0103 fa\u021b\u0103 de afirmarea identit\u0103\u021bii na\u021bionale. Un fenomen extrem de \u00eengrijor\u0103tor se manifest\u0103 chiar \u00een interiorul spa\u021biului eclezial rom\u00e2nesc. Observ\u0103m cum anumi\u021bi a\u0219a-zi\u0219i teologi \u0219i istorici asocia\u021bi Bisericii Ortodoxe Rom\u00e2ne se \u00eentrec \u00een a condamna orice form\u0103 de na\u021bionalism, arbor\u00e2nd un aer de superioritate intelectual\u0103 \u00een timp ce arunc\u0103 anatema sub eticheta de \u201eetnofiletism\u201d. Ace\u0219ti formatori de opinie ignor\u0103 \u00een mod voit datele istorice, aleg\u00e2nd s\u0103 se plieze pe a\u0219tept\u0103rile unei anti-culturi globalizante care prive\u0219te ata\u0219amentul etnic ca pe o boal\u0103 periculoas\u0103.<\/p>\n<p>Utilizarea pioas\u0103 \u0219i arogant\u0103 a termenului de \u201efiletist\u201d expune un nivel alarmant de analfabetism istoric \u00een r\u00e2ndul ortodoc\u0219ilor. Fiind complet ignoran\u021bi \u00een ceea ce prive\u0219te sensul real \u0219i originea acestui cuv\u00e2nt, ei \u00eel percep ca pe un termen exotic, perfect pentru a mima o erudi\u021bie de fa\u021bad\u0103. Simpla rostire a acestui termen le ofer\u0103 vorbitorilor impresia unei rafin\u0103ri sofisticate. Etichet\u00e2nd un semen drept \u201efiletist\u201d, ace\u0219ti actori publici tr\u0103iesc cu iluzia c\u0103 enun\u021b\u0103 un adev\u0103r teologic profund. \u00cen realitate, acest pseudo-intelectualism zgomotos, care marcheaz\u0103 din p\u0103cate multe cercuri din spa\u021biul ortodox, demonstreaz\u0103 exclusiv lipsa lor de educa\u021bie istoric\u0103 \u0219i o crunt\u0103 mitoc\u0103nie cultural\u0103.<\/p>\n<p>Aceast\u0103 manipulare terminologic\u0103 serve\u0219te unui scop ideologic precis. Termenul este instrumentalizat ca un instrument discursiv \u201ecre\u0219tin\u201d destinat respingerii na\u021bionalismului \u0219i a oric\u0103ror orient\u0103ri considerate de \u201eextrem\u0103 dreapt\u0103\u201d. Func\u021bia principal\u0103 a acestui narativ este satisfacerea a\u0219tept\u0103rilor regimului oficial \u0219i ale ordinii globale liberale, oferind garan\u021bii elitelor c\u0103 aceste organisme religioase sunt perfect inofensive \u0219i complet integrate \u00een \u201epeisajul divers\u201d al lumii contemporane. Situa\u021bia devine tragic\u0103 atunci c\u00e2nd analiz\u0103m stadiul terminal al culturii materialiste occidentale, o lume dominat\u0103 exclusiv de interesul propriu.<\/p>\n<p>Orice organism bisericesc care depune eforturi pentru a se conforma acestei maladii societale devine la r\u00e2ndul s\u0103u infectat \u0219i lipsit de orice utilitate duhovniceasc\u0103. Exemplele sunt multiple; putem observa grup\u0103ri religioase profund burgheze, precum Biserica Antiohian\u0103 din America, care au ajuns s\u0103 foloseasc\u0103 aceast\u0103 fals\u0103 \u201eerezie\u201d drept temei legal pentru excomunicare. Asemenea organisme sunt practic lipsite de har, eforturile lor slujind exclusiv materialismului \u0219i agendelor globaliste.<\/p>\n<p>Povestea oficial\u0103 promovat\u0103 de ace\u0219ti detractori ai identit\u0103\u021bii na\u021bionale sus\u021bine c\u0103 Sinodul Patriarhului Constantinopolului din anul 1872 ar fi emis o condamnare ferm\u0103 a na\u021bionalismului, catalog\u00e2ndu-l drept erezia \u201efiletismului\u201d. Ei folosesc aceast\u0103 inven\u021bie ca pe un argument absolut pentru a-\u0219i condamna inamicii f\u0103r\u0103 a mai depune efortul de a formula argumente logice. Conform acestei versiuni trunchiate a istoriei, na\u021bionali\u0219tii bulgari ar fi ac\u021bionat cu o barbarie ie\u0219it\u0103 din comun, \u00eenfiin\u021b\u00e2nd un \u201eExarhat\u201d rezervat exclusiv etnicilor bulgari \u0219i epur\u00e2nd to\u021bi episcopii de alte origini din scaunele balcanice. Cantitatea de erori \u0219i falsific\u0103ri istorice con\u021binute \u00een aceast\u0103 relatare este at\u00e2t de vast\u0103 \u00eenc\u00e2t ar necesita redactarea unor volume \u00eentregi de rectific\u0103ri.<\/p>\n<p>Pentru a p\u0103stra rigoarea, ne vom concentra aten\u021bia asupra unor elemente factuale esen\u021biale. Adev\u0103rul de necontestat este c\u0103 sinodul din 1872 nu a condamnat na\u021bionalismul sub nicio form\u0103 \u0219i, mult mai grav, nici m\u0103car nu a \u00eentrunit condi\u021biile de legitimitate canonic\u0103 ale unui sinod veritabil. Apartenen\u021ba etnic\u0103 a reprezentat o constant\u0103 a credin\u021bei ortodoxe \u00eenc\u0103 de la originile sale, profe\u021bii Vechiului Testament manifest\u00e2nd un ata\u0219ament na\u021bional profund pe care moderni\u0219tii refuz\u0103 s\u0103 \u00eel studieze.<\/p>\n<p>Analiza evenimentelor din 1872 necesit\u0103 o incursiune onest\u0103 \u00een dinamica puterii din perioada Turcocra\u021biei. Domnia imperiului turc asupra teritoriilor din sudul Europei a transformat \u201ePatriarhia\u201d \u00eentr-o institu\u021bie profund viciat\u0103 \u0219i compromis\u0103. Deciziile a\u0219a-zisului sinod au fost dictate de interesele elitelor grece\u0219ti \u0219i ale marilor c\u0103m\u0103tari ai vremii, aceia\u0219i actori care au pus bazele districtului din Istanbul cunoscut \u0219i ast\u0103zi sub numele de Fanar. Structura de putere a Fanarului a prins contur clar la sf\u00e2r\u0219itul secolului al XVI-lea.<\/p>\n<p>C\u00e2\u021biva greci extrem de pragmatici au descoperit c\u0103 activitatea de \u00eemprumut cu dob\u00e2nd\u0103 genera profituri uria\u0219e \u00een cadrul sistemului otoman, cu condi\u021bia ca sumele s\u0103 ajung\u0103 la deciden\u021bii potrivi\u021bi. Ace\u0219ti financiari s-au autoproclamat \u201earhon\u021bi ai poporului grec\u201d \u0219i au ridicat re\u0219edin\u021be somptuoase chiar \u00een imediata vecin\u0103tate a cl\u0103dirilor Patriarhiei. Simbioza a fost at\u00e2t de puternic\u0103 \u00eenc\u00e2t, o bun\u0103 perioad\u0103 de timp, patriarhia \u0219i aceast\u0103 re\u021bea de creditori func\u021bionau practic ca o singur\u0103 entitate. Func\u021biile ecleziastice superioare au fost confiscate una c\u00e2te una de reprezentan\u021bii acestor familii de afaceri\u0219ti, indivizi care rareori manifestau vreo chemare spiritual\u0103. Influen\u021ba lor se baza pe un control exclusiv asupra procesului de alegere a patriarhului, \u021bin\u00e2nd cont de faptul c\u0103 fiecare ierarh era obligat s\u0103 \u00ee\u0219i cumpere scaunul direct de la Sultanul otoman.<\/p>\n<p>Costurile pl\u0103tite de Biserica Ortodox\u0103 pentru aceast\u0103 subordonare fa\u021b\u0103 de fanario\u021bi au fost de-a dreptul catastrofale. Institu\u021bia eclezial\u0103 era administrat\u0103 \u00een primul r\u00e2nd pentru a maximiza beneficiile financiare ale \u201earhon\u021bilor\u201d, fiind tratat\u0103 ca o simpl\u0103 investi\u021bie comercial\u0103. Din aceast\u0103 mentalitate mercantil\u0103 a derivat o politic\u0103 agresiv\u0103 de elenizare impus\u0103 de fanario\u021bi \u00eempotriva tuturor comunit\u0103\u021bilor ortodoxe balcanice. Aici se afl\u0103 originile reale ale \u201eschismei\u201d bulgare din 1872. Nemul\u021bumirile au escaladat \u00eenc\u0103 din deceniul 1850, c\u00e2nd enoria\u0219ii bisericii bulgare Sf\u00e2ntul Arhidiacon \u0218tefan din Constantinopol \u00ee\u0219i manifestau deja revolta deschis\u0103 fa\u021b\u0103 de ac\u021biunile acestei elite.<a href=\"https:\/\/www.incorectpolitic.com\/erezia-care-nu-a-existat-o-analiza-istorica-asupra-etnofiletismului\/#_ftn1\" name=\"_ftnref1\">[1]<\/a> Bulgarii considerau prezen\u021ba grecilor ca pe un simplu instrument al opresiunii turce\u0219ti. Furia popula\u021biei atingea paroxismul din cauza \u201eepiscopilor\u201d numi\u021bi de la centru, care impuneau o fiscalitate zdrobitoare exclusiv pentru a-\u0219i putea achita datoriile \u0219i dob\u00e2nzile c\u0103tre \u201earhon\u021bii\u201d creditori.<\/p>\n<p>Detaliile acestui mecanism opresiv au fost descrise magistral de Sf\u00e2ntul Ioan Maximovici. El amintea c\u0103, anterior c\u0103derii Constantinopolului, Patriarhul Ecumenic primise din partea Sultanului Turc prerogative de conduc\u0103tor al \u00eentregii etnii grece\u0219ti, devenind capul oficial al \u00eentregii popula\u021bii ortodoxe a Imperiului. Guvernul otoman folosea aceast\u0103 structur\u0103 \u00een avantajul s\u0103u financiar, destituind patriarhii sub cele mai banale pretexte pentru a for\u021ba noi alegeri \u0219i a \u00eencasa o tax\u0103 uria\u0219\u0103 de la fiecare nou candidat desemnat. Mecanismul de rambursare a \u00eemprumuturilor genera o reac\u021bie \u00een lan\u021b; pentru a acoperi suma colosal\u0103 pl\u0103tit\u0103 la \u00eentronizare, patriarhul storcea bani de la mitropoli\u021bii subordona\u021bi, obliga\u021bi la r\u00e2ndul lor s\u0103 taxeze s\u00e2ngeros preo\u021bii din parohii. Aceast\u0103 politic\u0103 de recuperare a datoriilor a desfigurat complet via\u021ba Patriarhiei, gener\u00e2nd situa\u021bia aberant\u0103 \u00een care scaunele episcopale din regiunile balcanice, locuite majoritar de slavi, erau atribuite aproape exclusiv grecilor.<a href=\"https:\/\/www.incorectpolitic.com\/erezia-care-nu-a-existat-o-analiza-istorica-asupra-etnofiletismului\/#_ftn2\" name=\"_ftnref2\">[2]<\/a><\/p>\n<p>To\u021bi episcopii greci din subordinea Patriarhiei Ecumenice ob\u021bineau func\u021biile prin cump\u0103rare. Taxa pentru a ocupa tronul patriarhal se ridica la valoarea imens\u0103 de 15.000 de duca\u021bi, sum\u0103 la care se ad\u0103uga un tribut anual fix necesar pentru p\u0103strarea func\u021biei. Practica destituirii frecvente a Patriarhilor pentru re\u00eenc\u0103rcarea vistieriei otomane a scufundat administra\u021bia bisericeasc\u0103 \u00een haos, distrug\u00e2nd complet legitimitatea spiritual\u0103 a centrului din Fanar. Constr\u00e2ns de termenele impuse de creditori, Patriarhul \u00ee\u0219i vindea semn\u0103tura \u0219i aprob\u0103rile pentru numirile ecleziastice inferioare. El \u00eencredin\u021ba parohiile \u0219i episcopiile celor care dispuneau de fondurile necesare pentru a achita cea mai mare sum\u0103. Demnit\u0103\u021bile religioase au fost retrogradate la statutul de oportunit\u0103\u021bi investi\u021bionale, atr\u0103g\u00e2nd \u201eepiscopi\u201d lipsi\u021bi de orice minim\u0103 preg\u0103tire teologic\u0103, unii dintre ace\u0219tia nefiind m\u0103car hirotoni\u021bi. Acela\u0219i tratament comercial era aplicat \u0219i m\u0103n\u0103stirilor, \u00een timp ce nota de plat\u0103 final\u0103 era transferat\u0103 \u00een sarcina \u021b\u0103ranilor \u0219i or\u0103\u0219enilor prin taxe \u0219i dob\u00e2nzi. Lipsa de scrupule atinsese un nivel inimaginabil; ierarhii dispera\u021bi dup\u0103 lichidit\u0103\u021bi aplicau excomunicarea asupra unor sate \u00eentregi f\u0103r\u0103 nicio baz\u0103 canonic\u0103. Anatemizarea suspenda absolut toate drepturile civile ale comunit\u0103\u021bii, oferindu-le prela\u021bilor pretextul legal pentru a confisca propriet\u0103\u021bile mobile \u0219i a le valorifica \u00een vederea stingerii datoriilor personale.<a href=\"https:\/\/www.incorectpolitic.com\/erezia-care-nu-a-existat-o-analiza-istorica-asupra-etnofiletismului\/#_ftn3\" name=\"_ftnref3\">[3]<\/a> Era un sistem bazat exclusiv pe tiranie \u0219i abuz de putere. Sub aceast\u0103 povar\u0103, popoarele bulgar \u0219i s\u00e2rb erau stoarse de resurse mult peste limitele supravie\u021buirii.<\/p>\n<p>Analiza documentat\u0103 a istoricului John McGuckin reliefeaz\u0103 dec\u0103derea cumplit\u0103 a patriarhiei. Institu\u021bia, cufundat\u0103 \u00een simonie \u0219i m\u0103cinat\u0103 de intrigile propriilor membri, era perceput\u0103 de majoritatea ortodoc\u0219ilor ca un simplu instrument al oprim\u0103rii otomane. Concomitent, ortodoc\u0219ii ne-greci au \u00eenceput s\u0103 identifice patriarhia cu vectorul principal al na\u021bionalismului elen. Ostilitatea generat\u0103 de abuzurile clerului fanariot a condus inevitabil la izbucnirea acelor revolte pe care elita de la Constantinopol s-a gr\u0103bit s\u0103 le denumeasc\u0103 \u201efiletism\u201d, \u00eens\u0103 aceste mi\u0219c\u0103ri urm\u0103reau un singur obiectiv fundamental: dob\u00e2ndirea unui refugiu prin recunoa\u0219terea unor biserici na\u021bionale independente de tirania Fanarului. Totul a \u00eenceput \u00een perioada anilor 1466-1467, c\u00e2nd un grup de comercian\u021bi greci din Trapezunt a deschis \u201ecutia Pandorei\u201d oferindu-i sultanului o mit\u0103 de 1.000 de florini pentru debarcarea patriarhului Marcu al II-lea \u00een favoarea propriului candidat. Sultanul a sesizat imediat poten\u021bialul uria\u0219 de \u00eembog\u0103\u021bire, iar p\u00e2n\u0103 \u00een 1572 \u201etaxa de investitur\u0103\u201d ajunsese deja la un nivel standard de 2.000 de florini, acompaniat\u0103 de o redeven\u021b\u0103 anual\u0103 de 4.000 de florini extra\u0219i din impozitarea popula\u021biei cre\u0219tine.<\/p>\n<p>Numeroasele fac\u021biuni cre\u0219tine intrau \u00een competi\u021bie direct\u0103 pentru a oferi cea mai mare mit\u0103, scurt\u00e2nd drastic perioada de p\u0103storire a fiec\u0103rui ierarh. Repetarea ciclului de alegeri, destituiri \u0219i realegeri ale aceluia\u0219i candidat, acompaniate mereu de noile pl\u0103\u021bi aferente, devenise o norm\u0103 de func\u021bionare. Analiz\u00e2nd perioada dintre secolul al XVI-lea \u0219i \u00eenceputul secolului al XX-lea, dintr-un num\u0103r total de 159 de patriarhi, turcii au alungat for\u021bat 105, impun\u00e2nd nenum\u0103rate abdic\u0103ri \u0219i ordon\u00e2nd inclusiv \u0219ase asasinate judiciare.<a href=\"https:\/\/www.incorectpolitic.com\/erezia-care-nu-a-existat-o-analiza-istorica-asupra-etnofiletismului\/#_ftn4\" name=\"_ftnref4\">[4]<\/a> P\u0103tura aristocra\u021biei grece\u0219ti care domina acest sistem tulbure \u00ee\u0219i avea re\u0219edin\u021ba \u00een opulenta suburbie Fanar. Monopolul lor asupra numirilor ierarhice i-a transformat \u00eentr-o veritabil\u0103 for\u021b\u0103 colonial\u0103 care dicta soarta eparhiilor din \u021binuturile \u00eendep\u0103rtate sub scutul autorit\u0103\u021bii sultanului \u0219i al patriarhului. Func\u021biile erau ob\u021binute prin corup\u021bie, ocupan\u021bii lu\u00e2nd practic locul unor oameni nevinova\u021bi; mul\u021bi dintre ei erau cataloga\u021bi chiar de contemporanii vremii drept \u201em\u0103gari needuca\u021bi\u201d, ro\u0219i de ambi\u021bii \u0219i gelozie.<\/p>\n<p>Costurile de instalare \u0219i ceremoniile opulente ad\u00e2nceau datoriile acestor numi\u021bi. Finan\u021barea provenea din noi \u00eemprumuturi. Prin urmare, str\u00e2ngerea fondurilor necesare avans\u0103rii \u00een ierarhie reprezenta singura prioritate a acestor lideri spirituali. Recuperarea investi\u021biilor \u0219i achitarea pl\u0103\u021bilor c\u0103tre creditorii precum Kantakouzenos se f\u0103ceau printr-o presiune sufocant\u0103 aplicat\u0103 subordona\u021bilor \u00een primii ani de func\u021bie. Studiile am\u0103nun\u021bite ale lui Tom Papademetriou subliniaz\u0103 c\u0103 achitarea \u201epi\u015fke\u015f-ului\u201d \u0219i a cotiza\u021biilor anuale a devenit o obliga\u021bie absolut\u0103 pentru p\u0103strarea func\u021biei. Situa\u021bia for\u021ba absolut orice episcop ortodox numit \u00een Imperiul Otoman s\u0103 recurg\u0103 la simonie, aceasta reprezent\u00e2nd singura modalitate administrativ\u0103 de a intra \u00een func\u021bie.<a href=\"https:\/\/www.incorectpolitic.com\/erezia-care-nu-a-existat-o-analiza-istorica-asupra-etnofiletismului\/#_ftn5\" name=\"_ftnref5\">[5]<\/a> Aceast\u0103 realitate dezastruoas\u0103 a adus critici ini\u021biale Patriarhului Rafael \u0219i a condus la condamnarea tuturor succesorilor s\u0103i. Cump\u0103rarea func\u021biilor devenise metoda standard de avansare ierarhic\u0103. Prin urmare, \u00eengrijor\u0103rile morale legate de sistem \u00ee\u0219i pierduser\u0103 complet sensul.<\/p>\n<p>\u00cen acest climat de exploatare sistematic\u0103, revolta slavilor apare ca o reac\u021bie absolut legitim\u0103. Popula\u021biile au \u00eendurat zeci de ani tirania unor \u201eepiscopi\u201d abuzivi, trudind ca sclavii pentru a sus\u021bine aparatul birocratic al turcilor, interesele c\u0103m\u0103tarilor evrei \u0219i luxul unor prela\u021bi care nu c\u0103lcaser\u0103 niciodat\u0103 \u00een eparhiile lor \u0219i care erau lipsi\u021bi de orice no\u021biuni teologice. Tronul episcopal echivala cu o simpl\u0103 investi\u021bie. Exarhatul a ap\u0103rut ca o solu\u021bie disperat\u0103, dar complet justificat\u0103, \u00eempotriva acestui mecanism de jaf.<\/p>\n<p>Reac\u021bia virulent\u0103 a \u201epatriarhiei\u201d \u0219i etichetarea rapid\u0103 a ini\u021biativei drept \u201ena\u021bionalism\u201d a demascat panica acestora \u00een fa\u021ba unei amenin\u021b\u0103ri directe la adresa surselor lor de venit, a\u0219a cum a observat corect \u0219i Patriarhul Alexandriei. Acel sinod din 1872 a reprezentat o fraud\u0103 de propor\u021bii gigantice, invent\u00e2nd din neant \u201eerezia filetismului\u201d. O voce ra\u021bional\u0103 a vremii a fost Arhiepiscopul Macarie (Bulgakov) al Lituaniei, membru al Sf\u00e2ntului Sinod, care a publicat \u00een anul 1873 o analiz\u0103 juridic\u0103 aprofundat\u0103 a deciziilor luate. \u00cen urma explor\u0103rii istoricului de subordonare a Arhiepiscopiei Ohridului, Arhiepiscopul a demonstrat legitimitatea firmanului emis de Sultanul Abdul-Aziz \u0219i a subliniat dreptul inalienabil al Bulgariei la o independen\u021b\u0103 ecleziastic\u0103 deplin\u0103. Instituirea Exarhatului a reprezentat o evadare necesar\u0103 dintr-un regim eclezial simoniac \u0219i excesiv de fiscalizat. \u00cen contrast, sinodul de condamnare a reprezentat un efort coordonat al grup\u0103rilor fanariote pentru protejarea propriilor interese de afaceri \u0219i privilegii de impozitare, neav\u00e2nd fundament teologic \u0219i nicio leg\u0103tur\u0103 cu a\u0219a-zisele pericole ale \u201etribalismului\u201d.<\/p>\n<p>Transparen\u021ba motiva\u021biilor economice este clar\u0103, Exarhatul fiind judecat strict din perspectiva pierderilor generate c\u0103m\u0103tarilor. Mai mult, cercetarea extins\u0103 realizat\u0103 de Von Mach \u00een 1907 dovede\u0219te c\u0103 noul Exarhat r\u0103m\u00e2nea integrat sub egida patriarhiei generale \u0219i nu afecta \u00een niciun fel autoritatea canonic\u0103 a acesteia. Dinamica a dovedit existen\u021ba unor cu totul alte mize financiare. Procesul democratic a stat la baza deciziilor, statutul cer\u00e2nd votul a dou\u0103 treimi din membrii eparhiei pentru aderarea la Exarhat, transform\u00e2nd fenomenul \u00eentr-o mi\u0219care fundamentat\u0103 de jos \u00een sus.<a href=\"https:\/\/www.incorectpolitic.com\/erezia-care-nu-a-existat-o-analiza-istorica-asupra-etnofiletismului\/#_ftn6\" name=\"_ftnref6\">[6]<\/a> Votul favorabil a venit, cum era firesc, strict din zonele locuite de bulgari.<\/p>\n<p>Confruntarea cu pseudo-erezia lansat\u0103 \u00een 1872 atinge ridicolul c\u00e2nd lectur\u0103m documentele oficiale de condamnare. Grecii i-au acuzat pe bulgari de \u201efiletism\u201d, asociind termenul cu no\u021biunea de tribalism. Actul sinodal sus\u021binea sfid\u0103tor c\u0103 bulgarii ac\u021bionau \u00eempotriva canoanelor sacre \u00eencerc\u00e2nd s\u0103 \u00eenfiin\u021beze o biseric\u0103 na\u021bional\u0103 ancorat\u0103 \u00een via\u021ba temporal\u0103, av\u00e2nd ca principiu diferen\u021ba de rase. Invoc\u00e2nd o pretins\u0103 datorie spiritual\u0103, semnatarii afirmau c\u0103 s-au reunit \u00een numele M\u00e2ntuitorului exclusiv din zel pentru a salva poporul bulgar de la acest \u201er\u0103u\u201d. Textul afirm\u0103 mincinos c\u0103 ierarhii au analizat principiile diversit\u0103\u021bii na\u021bionale pe baza Evangheliei, decret\u00e2nd cu non\u0219alan\u021b\u0103 c\u0103 aceste idei sunt \u00eentr-o permanent\u0103 stare de vr\u0103jm\u0103\u0219ie cu \u00eenv\u0103\u021b\u0103tura cre\u0219tin\u0103. Articolul prim a cenzurat \u0219i declarat contrar\u0103 Evangheliei doctrina diferen\u021belor rasiale \u0219i a diversit\u0103\u021bii na\u021bionale \u00een Biseric\u0103.<\/p>\n<p>Absurditatea acestei hot\u0103r\u00e2ri transpare din faptul c\u0103 a fost asumat\u0103 de un for elen, integrat structural \u00een angrenajul financiar evreiesc \u0219i otoman al vremii. Decizia final\u0103 a urmat tiparul tranzac\u021biilor din Fanar, fiind facilitat\u0103 prin mit\u0103. Guvernul grec a sprijinit activ condamnarea, vir\u00e2nd trei mii de lire Patriarhului Antim special pentru a bloca ini\u021biativa bulgar\u0103. Lumea ortodox\u0103 a receptat cu circumspec\u021bie maxim\u0103 aceste abuzuri. Patriarhul Ierusalimului, Kirill al II-lea, a demonstrat o t\u0103rie de caracter remarcabil\u0103, resping\u00e2nd hot\u0103r\u00e2rile \u0219i rup\u00e2nd total leg\u0103turile cu structurile de la Fanar. De\u0219i a mimat acceptarea la nivel teoretic, Biserica Antiohiei a decis s\u0103 \u021bin\u0103 decretul ascuns, refuz\u00e2nd publicarea sa. Reac\u021bia Patriarhului Alexandriei a fost extrem de sonor\u0103, denun\u021b\u00e2nd falsitatea ereziei \u0219i demasc\u00e2nd public l\u0103comia financiar\u0103 a \u201ePatriarhiei Constantinopolului\u201d. Bisericile ortodoxe din Rom\u00e2nia \u0219i Serbia au manifestat aceea\u0219i respingere categoric\u0103. Cel mai puternic sprijin a venit \u00eens\u0103 din partea Rusiei. Delega\u021bia rus\u0103 prezent\u0103 la Istanbul a ales, av\u00e2nd mandatul clar al sinodului propriu, s\u0103 sus\u021bin\u0103 eforturile bulgare. Ru\u0219ii au ignorat deciziile abuzive ale Fanarului, continu\u00e2nd leg\u0103turile oficiale cu noua structur\u0103 \u0219i neg\u00e2nd ferm validitatea pretinsei erezii a filetismului.<\/p>\n<p>\u00cen\u021belegerea corect\u0103 a no\u021biunii de na\u021bionalism impune o abordare contextualizat\u0103, inserat\u0103 \u00eentr-o tradi\u021bie intelectual\u0103 solid\u0103, care s\u0103 exclud\u0103 condamn\u0103rile de natur\u0103 emo\u021bional\u0103 \u0219i lipsite de baz\u0103 faptic\u0103. A\u0219ezat pe fundamentele dreptului natural, na\u021bionalismul func\u021bioneaz\u0103 ca o prelungire organic\u0103 a unit\u0103\u021bii familiale, aplicat\u0103 unui ansamblu de oameni care \u00eempart o istorie multisecular\u0103 \u0219i comunic\u0103 printr-o limb\u0103 comun\u0103. Conceptul de limb\u0103 \u00eenglobeaz\u0103, \u00een sensul s\u0103u extins, totalitatea elementelor de comunicare care structureaz\u0103 identitatea unui popor ca entitate distinct\u0103. Reflec\u021bia Sf\u00e2ntului Filaret al Moscovei exprim\u0103 sublim aceast\u0103 realitate; pentru el, patria \u00eenlocuie\u0219te imaginea p\u0103rinteasc\u0103, organiz\u00e2nd na\u021biunea ca pe o mare familie spiritual\u0103 condus\u0103 de figura patern\u0103 a \u00cemp\u0103ratului.<\/p>\n<p>Existen\u021ba na\u021biunilor ca entit\u0103\u021bi istorice obiective dep\u0103\u0219e\u0219te grani\u021bele modernit\u0103\u021bii. Analiza perioadei medievale reveleaz\u0103 mi\u0219c\u0103ri de afirmare na\u021bional\u0103 cu rezonan\u021be uimitor de moderne. Popoare precum irlandezii, polonezii \u0219i ucrainenii au integrat principiul apartenen\u021bei etnice ca pilon central \u00een structurarea discursului lor politic. R\u0103spunsul ucrainenilor la tentativele de asimilare din partea imperialismului polonez al secolului al XVI-lea gravita \u00een jurul invoc\u0103rii permanente a apartenen\u021bei la \u201ecredin\u021ba rutean\u0103\u201d. Distinc\u021bia conceptual\u0103 dintre stat \u0219i na\u021biune clarific\u0103 dinamica social\u0103, statul av\u00e2nd menirea ideal\u0103 de a asigura protec\u021bia \u0219i confortul organizatoric al poporului. Manifestarea na\u021bionalismului reflect\u0103 iubirea pentru valorile autentice ale poporului, activ\u00e2nd acele \u201estructuri de supravie\u021buire\u201d necesare dep\u0103\u0219irii oprim\u0103rilor istorice.<\/p>\n<p>Polul opus na\u021bionalismului este ocupat de imperialism, definit prin strivirea identit\u0103\u021bilor na\u021bionale cu scopul impunerii unei domina\u021bii adesea str\u0103ine etnic. Exist\u0103 situa\u021bii paradoxale \u00een care imperiile permit o oarecare dezvoltare cultural\u0103, dar obiectivul lor recurent r\u0103m\u00e2ne anularea na\u021bionalit\u0103\u021bii supu\u0219ilor. P\u0103strarea \u0219i promovarea limbii na\u021bionale reprezint\u0103 cel mai puternic manifest anti-imperialist. Demontarea existen\u021bei na\u021biunilor atrage automat anularea conceptual\u0103 a imperialismului. Prejudiciul adus de imperialism const\u0103 tocmai \u00een distrugerea suveranit\u0103\u021bii na\u021bionale. F\u0103r\u0103 existen\u021ba unor entit\u0103\u021bi capabile de independen\u021b\u0103, actele imperialiste nu pot fi supuse niciunei judec\u0103\u021bi morale.<\/p>\n<p>Principiile organizatorice ale bisericii ortodoxe valideaz\u0103 constant specificul na\u021bional. Sfin\u021bii Chiril \u0219i Metodiu au generat un impact masiv \u00een momentul respingerii monopolului limbii latine, grece\u0219ti \u0219i ebraice asupra cultului divin, tras\u00e2nd calea pentru integrarea acultura\u021biei religioase. Utilizarea idiomurilor materne \u00een actul liturgic a transformat ortodoxia \u00eentr-o structur\u0103 comunitar\u0103 cu o aderen\u021b\u0103 fenomenal\u0103 la mase. Conexiunea lingvistic\u0103 faciliteaz\u0103 p\u0103trunderea mesajului evanghelic \u00een intimitatea popula\u021biei. Dimensiunea comunitar\u0103 \u0219i abordarea anti-individualist\u0103 a credin\u021bei ortodoxe cimenteaz\u0103 coeziunea poporului. Autocefalia trebuie privit\u0103 prin dou\u0103 prisme analitice.<\/p>\n<p>Men\u021binerea unei ordini canonice specifice asigurate de centrul ortodox \u00eempiedic\u0103 alterarea doctrinei de c\u0103tre mi\u0219c\u0103rile de autocefalie. Toate na\u021biunile au obliga\u021bia de a se racorda la acest fundament. Adev\u0103rurile de natur\u0103 universal\u0103 se impregneaz\u0103 \u00eens\u0103 \u00een manifest\u0103ri specifice, valid\u00e2nd plenar existen\u021ba na\u021bionalismului ca expresie a unit\u0103\u021bii \u00een diversitate. Interpretarea conceptelor de limb\u0103 \u0219i stat variaz\u0103 enorm \u00een func\u021bie de tradi\u021biile locale. Istoria Germaniei sau a Rusiei demonstreaz\u0103 o definire atipic\u0103 a statalit\u0103\u021bii. Filozofia hegelian\u0103 concepea statul dincolo de simplele mecanisme coercitive, definindu-l drept expresia suprem\u0103 a culturii unui popor. Evolu\u021bia lingvistic\u0103 func\u021bioneaz\u0103 \u00eentr-o simbioz\u0103 perfect\u0103 cu dezvoltarea \u0219i unificarea \u00eentregii comunit\u0103\u021bi.<\/p>\n<p>Istoriografia neo-marxist\u0103, reprezentat\u0103 cu prec\u0103dere de Eric Hobsbawm, a elaborat teza mincinoas\u0103 a na\u021bionalismului perceput ca o \u201etradi\u021bie inventat\u0103\u201d. Acest demers destructiv a urm\u0103rit exclusiv validarea marxismului cosmopolit prin diseminarea unei ne\u00eencrederi vizavi de culturile etnice. Lipsa de fundament a acestei teorii rezid\u0103 \u00een necinstea sa inerent\u0103, prefer\u00e2nd servirea unei ideologii \u00een detrimentul analizei faptelor. Conceptele de identitate cultural\u0103 prezint\u0103 acelea\u0219i dificult\u0103\u021bi de definire precump\u0103nitoare precum no\u021biunile moderne de statut social sau comportament al votantului, dar validitatea lor nu suport\u0103 contestare. Ucraina modern\u0103, de exemplu, \u00ee\u0219i fundamenteaz\u0103 identitatea prin asimilarea unor institu\u021bii str\u0103vechi. Esen\u021ba fiin\u021bei ucrainene asimileaz\u0103 adunarea democratic\u0103 tradi\u021bional\u0103, via\u021ba agrar\u0103, structura militar\u0103 a cazacilor, prezen\u021ba bisericii ortodoxe \u0219i deciziile Radei din secolul al XX-lea. Elementele men\u021bionate dovedesc o ancorare solid\u0103 \u00een realitatea cultural\u0103, infirm\u00e2nd specula\u021biile conform c\u0103rora acestea ar de\u021bine o natur\u0103 mitic\u0103.<\/p>\n<p>Efortul de r\u0103zboi sus\u021binut de cazaci pentru dob\u00e2ndirea independen\u021bei \u0219i modul lor de organizare \u00een comunit\u0103\u021bi democratice reprezint\u0103 fapte certe ale istoriei. Popula\u021bia a rezistat \u00eendelungatelor ocupa\u021bii str\u0103ine p\u0103str\u00e2ndu-\u0219i credin\u021ba ortodox\u0103. Contestarea acestor adev\u0103ruri deriv\u0103 dintr-un interes ideologic care refuz\u0103 validarea acestor modele politice. Teoriile care promoveaz\u0103 falsitatea ata\u0219amentului na\u021bional izvor\u0103sc dintr-o atitudine intelectual\u0103 profund nociv\u0103. Dezr\u0103d\u0103cinarea maselor \u0219i suprimarea mo\u0219tenirii lor culturale preg\u0103te\u0219te terenul pentru manipularea popula\u021biei de c\u0103tre interesele corporatiste. Corpora\u021biile \u0219i mass-media monopolizeaz\u0103 rolul de generatori ai identit\u0103\u021bii \u00een absen\u021ba unei mo\u0219teniri str\u0103vechi. Sistemele de putere fundamentate pe marxism etatist \u0219i pe corporatism necesit\u0103 un material uman deculturat pentru a-\u0219i perpetua domina\u021bia.<\/p>\n<p>Memoria etnic\u0103 a asigurat mereu trambulina ideal\u0103 pentru ridicarea popoarelor \u00eempotriva puterilor imperialiste. Sus\u021binerea falsit\u0103\u021bii existen\u021bei comunit\u0103\u021bii etnice anuleaz\u0103 \u00eens\u0103\u0219i posibilitatea definirii imperialismului. \u00cen scenariul neg\u0103rii realit\u0103\u021bii patriotismului ucrainean, ac\u021biunile militare din partea Rusiei devin imune oric\u0103rei condamn\u0103ri morale. C\u00e2nd cultura local\u0103 este perceput\u0103 ca iluzie, lupta de eliberare devine absurd\u0103, asigur\u00e2nd triumful imperialismului mediatic.<\/p>\n<p>Tradi\u021biile canonice \u00ee\u0219i asigur\u0103 primatul absolut \u00een contextul civiliza\u021biei ortodoxe, nefiind substituite de apartenen\u021ba etnic\u0103. Na\u021biunea se afl\u0103 \u00eentr-un proces de cre\u0219tere mutual\u0103 cu credin\u021ba \u0219i locuitorii ei. Existen\u021ba cetelor de cazaci a \u00eensemnat afirmarea unei entit\u0103\u021bi ortodoxe dispuse s\u0103 apere cu armele adev\u0103rurile morale. Sacrificiul miilor de lupt\u0103tori atest\u0103 realismul istoric al acestei implic\u0103ri. Ceea ce poart\u0103 cu adev\u0103rat pecetea mitologiei este imaginea fals\u0103 a persoanei \u201egenerice ortodoxe\u201d.<\/p>\n<p>Aceast\u0103 figur\u0103 artificial\u0103 promoveaz\u0103 conceptul unui individ \u00eenzestrat cu voin\u021b\u0103 absolut autonom\u0103 \u0219i o credin\u021b\u0103 care ar putea supravie\u021bui \u00eentr-un vid cultural total. America contemporan\u0103, suferind de o caren\u021b\u0103 cronic\u0103 de fundament cultural, percepe manifest\u0103rile identit\u0103\u021bii etnice drept ac\u021biuni lipsite de substan\u021b\u0103 cre\u0219tin\u0103, chiar periculoase. Individul contemporan, golit de sens \u0219i de leg\u0103turi, resimte manifestarea cultural\u0103 a semenilor s\u0103i ca fiind absolut nefireasc\u0103. Permanen\u021ba istoric\u0103 a na\u021bionalismului \u00eel salveaz\u0103 de sub acuza\u021bia unei tradi\u021bii inventate. Aceast\u0103 etichet\u0103 li se potrive\u0219te exclusiv crea\u021biilor teoretice ale economiei capitaliste, precum abstrac\u021biile \u201eindividului suveran\u201d. Modelele artificiale faciliteaz\u0103 studiul cantitativ din sfera \u0219tiin\u021belor sociale, justific\u00e2nd ordinea stabilit\u0103 de institu\u021biile de capital. Idealul \u201econsumatorului ra\u021bional\u201d dezbr\u0103cat de orice \u00eenzestrare cultural\u0103 reflect\u0103 un exerci\u021biu profund dezumanizant de subjugare a popula\u021biei.<\/p>\n<p>Na\u021bionalismul de factur\u0103 ortodox\u0103 ofer\u0103 o ierarhie a valorilor fundamentale care stimuleaz\u0103 echilibrul \u0219i complexitatea spiritului uman. Vitalitatea istoric\u0103 se alimenteaz\u0103 dintr-o tradi\u021bie a suferin\u021bei asimilate, a victoriilor \u0219i a memoriei eroilor fondatori. Valen\u021bele ortodoxiei \u0219i implicarea organiza\u021bional\u0103 agrar\u0103 sau cazac\u0103 reprezint\u0103 fundamente tangibile, nicidecum iluzii. Resentimentul lui Hobsbawm fa\u021b\u0103 de mo\u0219tenirea spiritual\u0103 se datoreaz\u0103 viziunii marxist-capitaliste care evalueaz\u0103 societatea exclusiv prin prisma apartenen\u021bei de clas\u0103. Tehnica deconstruc\u021biei cantitative urm\u0103re\u0219te eliminarea oric\u0103rui element neasimilabil luptei de clas\u0103. Nucleul vitalit\u0103\u021bii omului s\u0103n\u0103tos \u00ee\u0219i are originea \u00een cultura na\u021bional\u0103, care asimileaz\u0103 experien\u021ba limbilor na\u021bionale. Ancorarea \u00een universal a religiei ortodoxe cap\u0103t\u0103 consisten\u021b\u0103 \u00een dialog cu mediul etnic, nefiind st\u00e2njenit\u0103 de acesta. \u00cen spa\u021biul american majoritar protestant, eforturile asimila\u021bioniste se bazau pe iluzoriul vis american.<\/p>\n<p>Comunit\u0103\u021bile ortodoxe au contracarat tendin\u021bele uniformizatoare ale capitalismului men\u021bin\u00e2ndu-\u0219i o structur\u0103 organiza\u021bional\u0103 bazat\u0103 pe coeziunea etnic\u0103. Deteriorarea acestui sistem a coincis cu efortul bisericii antiohiene de a fabrica omul ortodox universal \u0219i lipsit de orice particularitate. Absen\u021ba unei identit\u0103\u021bi americane veritabile, redus\u0103 adesea la un bagaj anglo- sau celto-protestant neglijabil, a transformat Statele Unite \u00eentr-o adunare caracterizat\u0103 de materialism \u0219i iner\u021bie civic\u0103. \u00cen fa\u021ba unui astfel de mediu lipsit de posibilitatea unei transform\u0103ri spirituale pe cale cultural\u0103, apari\u021bia enclavei etnice a salvat leg\u0103tura indisolubil\u0103 dintre universalitatea credin\u021bei \u0219i forma ei de manifestare autohton\u0103.<\/p>\n<p>Arhitectura federalist\u0103 a permis existen\u021ba descentralizat\u0103 a structurilor religioase care \u00ee\u0219i asum\u0103 elementul na\u021bional. Proiectul mass-mediei capitaliste \u021binte\u0219te asimilarea tuturor particularit\u0103\u021bilor, folosind paradoxal retorica \u201ediversit\u0103\u021bii\u201d pentru a na\u0219te o mas\u0103 amorf\u0103, neancorat\u0103 \u00een faptele istoriei umane. Producerea unui individ exclusiv economic subrupe temeliile antice care au prosperat. Aplicarea acestui experiment abstract asupra naturii umane echivaleaz\u0103 cu o mutilare \u00eengrozitoare a fiin\u021bei umane. Efervescen\u021ba spiritului se dezvolt\u0103 diferit; o persoan\u0103 din spa\u021biul rus dob\u00e2nde\u0219te \u00een timp o alt\u0103 personalitate comparativ cu cineva educat \u00een rigorile federalismului americano-britanic. Specificul fiec\u0103rui popor constituie o valoare ce necesit\u0103 o ap\u0103rare \u00eend\u00e2rjit\u0103 \u00eempotriva tendin\u021belor distructive girate de mitul unui vis american universal.<\/p>\n<p>Propaganda privind valorizarea unei false diversit\u0103\u021bi tinde s\u0103 ob\u021bin\u0103 uniformizarea culturilor, realiz\u00e2nd un vid absolut care serve\u0219te perfect produc\u021biei industriale de indivizi. Acuza\u021biile aduse apartenen\u021bei identitare sub eticheta de na\u021biune imaginar\u0103 vizeaz\u0103 transformarea ideologiilor liberale \u0219i a consumatorului \u00eentr-o religie a prezentului. Sistematizarea cunoa\u0219terii teologice se fundamenteaz\u0103 pe un sistem limbic complex. Culturile cap\u0103t\u0103 identitate organic\u0103 datorit\u0103 func\u021bion\u0103rii institu\u021biilor \u00eendelung experimentate de un anumit popor. Mobilitatea acestor structuri dinamizeaz\u0103 transformarea constant\u0103 a grupului, dezv\u0103luind abstrac\u021bia \u0219tiin\u021bei sociale ca fiind suprema fic\u021biune a societ\u0103\u021bii.<\/p>\n<p>Combaterea principiilor de identitate pentru a impune \u201eomul economicus\u201d reprezint\u0103 o absurditate profund\u0103. Tradi\u021bia bisericii consider\u0103 apartenen\u021ba la etnie drept o coordonat\u0103 de baz\u0103. Realitatea politic\u0103 a structurii autohtone protejeaz\u0103 tradi\u021biile dogmatice, oferindu-le un ad\u0103post tangibil prin intermediul institu\u021biilor derivate din propria sa dram\u0103 existen\u021bial\u0103. Modernismul adoptat de aripile progresiste din r\u00e2ndul clerului vinde himera unui individ complet desprins de mediul social care asist\u0103 la ritualuri golite de substan\u021b\u0103 cultural\u0103. Institu\u021bia autocefaliei reu\u0219e\u0219te miracolul unific\u0103rii dintre dogma canonic\u0103 inerent valabil\u0103 \u0219i nevoile intime ale individului \u00eencarnat \u00eentr-o societate. Refularea constant\u0103 a frustr\u0103rilor transform\u0103 omul eliberat de identitate \u00eentr-un cenzor agresiv, \u00eensp\u0103im\u00e2ntat de bog\u0103\u021bia cultural\u0103 a celor care nu \u0219i-au tr\u0103dat str\u0103mo\u0219ii. Condamn\u0103rile emise de asemenea persoane sunt un atentat la bunul sim\u021b. Acestea ar trebui s\u0103 adopte aprofundarea mo\u0219tenirii proprii \u0219i s\u0103 abandoneze judec\u0103\u021bile la adresa comunit\u0103\u021bilor vii. Omul cu discern\u0103m\u00e2nt ra\u021bional realizeaz\u0103 c\u0103 adev\u0103ratul mit contemporan este chiar aceast\u0103 lips\u0103 funciar\u0103 de identitate.<\/p>\n<p>Viziunea Sf\u00e2ntului Ioan Maximovici sus\u021bine argumentul identit\u0103\u021bii etnice asumate de organismul bisericesc. Abilit\u0103\u021bile \u0219i darurile spirituale primite de poporul ortodox justific\u0103 activitatea ecleziastic\u0103 specific\u0103 fiec\u0103rui teritoriu. Structurarea unor biserici locale destinate diferitelor comunit\u0103\u021bi, precum slavii, optimizeaz\u0103 func\u021bia predic\u0103rii. Universalitatea Bisericii \u00eensumeaz\u0103 totalitatea tr\u0103s\u0103turilor distincte aduse ca ofrand\u0103 spiritual\u0103 divinit\u0103\u021bii, asemeni servitorilor cu talan\u021bii lor. Complexitatea manifest\u0103rilor religioase \u00eembog\u0103\u021be\u0219te frumuse\u021bea actului de sl\u0103vire a lui Dumnezeu, a c\u0103rui glorie adun\u0103 diversitatea popoarelor. Ortodoxia ruseasc\u0103 se distinge printr-o rigoare cromatic\u0103 deosebit\u0103 ilustrat\u0103 elocvent prin caracterele sfin\u021bilor proprii. Varietatea expresiilor lingvistice \u0219i identitare consolideaz\u0103 substan\u021ba mesajului divin, o unitate cl\u0103dit\u0103 pe diversitate prin voin\u021ba M\u00e2ntuitorului \u00censu\u0219i. Armonia rela\u021biilor spirituale produce bucurie credincio\u0219ilor capabili s\u0103 admire cooperarea sinergic\u0103 a eparhiilor ruse\u0219ti \u0219i s\u00e2rbe\u0219ti, o unitate care ofer\u0103 beneficii lumii \u00eentregi.<a href=\"https:\/\/www.incorectpolitic.com\/erezia-care-nu-a-existat-o-analiza-istorica-asupra-etnofiletismului\/#_ftn7\" name=\"_ftnref7\">[7]<\/a><\/p>\n<p>Proiectul unificator al bisericii nu promoveaz\u0103 o cosmopolitizare a indivizilor care le distruge con\u0219tiin\u021ba de neam. Cuvintele Sf\u00e2ntului Ioan de Kronstadt reamintesc fundamentarea refacerii poporului rus pe curajul demonstrat de zecile de martiri ai credin\u021bei. Fortificarea noii structuri va atrage puterea recunoa\u0219terii sfintei treimi, oferind credincio\u0219ilor oportunitatea pre\u021buirii originii ruse\u0219ti aflate sub directa or\u00e2nduire cereasc\u0103. Dogma revelat\u0103 ne expune prezen\u021ba naturilor asimilate de Iisus Hristos, implic\u00e2nd valorizarea complexului literar-politic pe care \u00eel constituie umanul. \u00cenl\u0103turarea acestui element central din istoria sacr\u0103 strict sub imperiul constr\u00e2ngerilor corectitudinii politice marcheaz\u0103 un act condamnabil. Afirma\u021biile teologilor care propag\u0103 astfel de interese denot\u0103 o ignoran\u021b\u0103 reprobabil\u0103. Arhiepiscopul Averchie de Jordanville taxa dur iluzia potrivit c\u0103reia implicarea spiritual\u0103 func\u021bioneaz\u0103 complet separat de spa\u021biul social, o dogm\u0103 modern\u0103 cu efecte nefaste. Ignorarea abera\u021biei promovate sub iluzia izol\u0103rii religiei sprijin\u0103 exclusiv ma\u0219ina\u021biunile inamice \u00eendreptate spre de-cre\u0219tinarea masei. O atitudine care repudiaz\u0103 ancorarea na\u021bional\u0103 devine automat incompatibil\u0103 cu acceptarea naturii p\u0103m\u00e2nte\u0219ti asimilate de divinitate.<\/p>\n<p>Publica\u021bia referitoare la Biseric\u0103 redactat\u0103 \u00een 1961 reliefeaz\u0103 obligativitatea deta\u0219\u0103rii aparatului religios de intrigile m\u0103runte, avertiz\u00e2nd totodat\u0103 asupra dezastrului \u00eenm\u00e2n\u0103rii deciziilor decizionale spre clasa unor corup\u021bi, capabili s\u0103 evite rigorile etice. Abordarea neimplic\u0103rii ascunde sub aparen\u021ba purismului spiritual interesul imoral de a controla mecanismele puterii. Slujirea Adev\u0103rului include, esen\u021bial, dragostea fa\u021b\u0103 de propria patrie. Interven\u021bia bisericeasc\u0103 are drept \u021bint\u0103 afirmarea binelui social, aspect care confirm\u0103 rolul fundamental al implic\u0103rii. Orice fa\u021bet\u0103 a spiritului implic\u0103 angajamentul spiritualit\u0103\u021bii care accept\u0103 firea material\u0103 asimilat\u0103 de m\u00e2ntuitor. Gre\u0219elile impuse Patriarhiei de influen\u021ba extern\u0103 turceasc\u0103 nu afecteaz\u0103 sfin\u021benia principiilor enun\u021bate, acei demnitari ecleziastici fiind sili\u021bi s\u0103 navigheze un context periculos \u0219i nelegitim.<\/p>\n<h3><strong>Bibliografie<\/strong><\/h3>\n<p>\u00a0<\/p>\n<p><strong>Killian, E.H.<\/strong> (1876). <em>The Bulgarians<\/em>. Frasier\u2019s Magazine, Noiembrie.<\/p>\n<p><strong>Maximovitch, John.<\/strong> (1994). <em>Sermons and Works of our holy father John, Archbishop of Shanghai and San Francisco the Wonderworker<\/em>. \u201cRussian Shepherd\u201d, San Francisco.<\/p>\n<p><strong>McGuckin, J.A.<\/strong> (2010). <em>The Orthodox Church: An Introduction to its History, Doctrine, and Spiritual Culture<\/em>. John Wiley &amp; Sons.<\/p>\n<p><strong>Papademetriou, T.<\/strong> (2015). <em>Render Unto the Sultan: Power, Authority, and the Greek Orthodox Church in the Early Ottoman Centuries<\/em>. Oxford University Press.<\/p>\n<p><strong>Titov, Fr. G.<\/strong> (2006). <em>On the Legality of Nationalism in the Life of the Church<\/em>. The Russian Idea.<\/p>\n<p><strong>Von Mach, Richard.<\/strong> (1907). <em>The Bulgarian Exarchate: History and the Extent of its Authority in Turkey<\/em>. T. Fisher Unwin.<\/p>\n<p>\u00a0<\/p>\n<p>\u00a0<\/p>\n<p><a href=\"https:\/\/www.incorectpolitic.com\/erezia-care-nu-a-existat-o-analiza-istorica-asupra-etnofiletismului\/#_ftnref1\" name=\"_ftn1\">[1]<\/a>\u00a0 Zhinzifov, K. (1869). The Current State of the Greek-Bulgarian Church Question.\u00a0 Martie, pp. 441-461.<\/p>\n<p><a href=\"https:\/\/www.incorectpolitic.com\/erezia-care-nu-a-existat-o-analiza-istorica-asupra-etnofiletismului\/#_ftnref2\" name=\"_ftn2\">[2]<\/a> Citat din: Titov, Fr. G. (2006). On the Legality of Nationalism in the Life of the Church. The Russian Idea.<\/p>\n<p><a href=\"https:\/\/www.incorectpolitic.com\/erezia-care-nu-a-existat-o-analiza-istorica-asupra-etnofiletismului\/#_ftnref3\" name=\"_ftn3\">[3]<\/a> Killian, E.H. (1876). The Bulgarians. Frasier\u2019s Magazine, Noiembrie.<\/p>\n<p><a href=\"https:\/\/www.incorectpolitic.com\/erezia-care-nu-a-existat-o-analiza-istorica-asupra-etnofiletismului\/#_ftnref4\" name=\"_ftn4\">[4]<\/a>\u00a0 McGuckin, J.A. (2010). The Orthodox Church: An Introduction to its History, Doctrine, and Spiritual Culture. John Wiley &amp; Sons, p. 33.<\/p>\n<p><a href=\"https:\/\/www.incorectpolitic.com\/erezia-care-nu-a-existat-o-analiza-istorica-asupra-etnofiletismului\/#_ftnref5\" name=\"_ftn5\">[5]<\/a> Papademetriou, T. (2015). Render Unto the Sultan: Power, Authority, and the Greek Orthodox Church in the Early Ottoman Centuries. Oxford University Press, p. 113.<\/p>\n<p><a href=\"https:\/\/www.incorectpolitic.com\/erezia-care-nu-a-existat-o-analiza-istorica-asupra-etnofiletismului\/#_ftnref6\" name=\"_ftn6\">[6]<\/a> Von Mach, Richard. (1907). The Bulgarian Exarchate: History and the Extent of its Authority in Turkey. T. Fisher Unwin, pp. 14-15, 18.<\/p>\n<p><a href=\"https:\/\/www.incorectpolitic.com\/erezia-care-nu-a-existat-o-analiza-istorica-asupra-etnofiletismului\/#_ftnref7\" name=\"_ftn7\">[7]<\/a> Maximovitch, John. (1994). Sermons and Works of our holy father John, Archbishop of Shanghai and San Francisco the Wonderworker. \u201cRussian Shepherd\u201d, San Francisco, pp. 246-247.<\/p>\n<\/div>\n<div class=\"entry\">\n<p>Octavian Dimarescu<br \/><strong>Incorect Politic<\/strong><br \/>\nMai 30, 2026<\/p>\n<p><a href=\"https:\/\/www.incorectpolitic.com\/erezia-care-nu-a-existat-niciodata-o-analiza-istorica-asupra-etno-filetismului\/image0-9\/\" rel=\"attachment wp-att-81728\"><img loading=\"lazy\" decoding=\"async\" class=\"size-full wp-image-81728 aligncenter\" src=\"https:\/\/www.incorectpolitic.com\/wp-content\/uploads\/2026\/05\/image0.jpg\" alt width=\"1500\" height=\"1000\"><\/a><\/p>\n<h2><strong>Erezia care nu a existat niciodat\u0103: o analiz\u0103 istoric\u0103 asupra <\/strong><strong>\u201cetno-filetismului\u201d<\/strong><\/h2>\n<p><strong>\u00a0<\/strong><\/p>\n<p><strong>\u00a0<\/strong><\/p>\n<p>Tr\u0103im ast\u0103zi \u00eentr-o societate marcat\u0103 de tensiuni profunde \u0219i reevalu\u0103ri culturale constante, un spa\u021biu \u00een care discursul public din Rom\u00e2nia tinde adesea s\u0103 adopte o ostilitate f\u0103\u021bi\u0219\u0103 fa\u021b\u0103 de afirmarea identit\u0103\u021bii na\u021bionale. Un fenomen extrem de \u00eengrijor\u0103tor se manifest\u0103 chiar \u00een interiorul spa\u021biului eclezial rom\u00e2nesc. Observ\u0103m cum anumi\u021bi a\u0219a-zi\u0219i teologi \u0219i istorici asocia\u021bi Bisericii Ortodoxe Rom\u00e2ne se \u00eentrec \u00een a condamna orice form\u0103 de na\u021bionalism, arbor\u00e2nd un aer de superioritate intelectual\u0103 \u00een timp ce arunc\u0103 anatema sub eticheta de \u201eetnofiletism\u201d. Ace\u0219ti formatori de opinie ignor\u0103 \u00een mod voit datele istorice, aleg\u00e2nd s\u0103 se plieze pe a\u0219tept\u0103rile unei anti-culturi globalizante care prive\u0219te ata\u0219amentul etnic ca pe o boal\u0103 periculoas\u0103.<\/p>\n<p>Utilizarea pioas\u0103 \u0219i arogant\u0103 a termenului de \u201efiletist\u201d expune un nivel alarmant de analfabetism istoric \u00een r\u00e2ndul ortodoc\u0219ilor. Fiind complet ignoran\u021bi \u00een ceea ce prive\u0219te sensul real \u0219i originea acestui cuv\u00e2nt, ei \u00eel percep ca pe un termen exotic, perfect pentru a mima o erudi\u021bie de fa\u021bad\u0103. Simpla rostire a acestui termen le ofer\u0103 vorbitorilor impresia unei rafin\u0103ri sofisticate. Etichet\u00e2nd un semen drept \u201efiletist\u201d, ace\u0219ti actori publici tr\u0103iesc cu iluzia c\u0103 enun\u021b\u0103 un adev\u0103r teologic profund. \u00cen realitate, acest pseudo-intelectualism zgomotos, care marcheaz\u0103 din p\u0103cate multe cercuri din spa\u021biul ortodox, demonstreaz\u0103 exclusiv lipsa lor de educa\u021bie istoric\u0103 \u0219i o crunt\u0103 mitoc\u0103nie cultural\u0103.<\/p>\n<p>Aceast\u0103 manipulare terminologic\u0103 serve\u0219te unui scop ideologic precis. Termenul este instrumentalizat ca un instrument discursiv \u201ecre\u0219tin\u201d destinat respingerii na\u021bionalismului \u0219i a oric\u0103ror orient\u0103ri considerate de \u201eextrem\u0103 dreapt\u0103\u201d. Func\u021bia principal\u0103 a acestui narativ este satisfacerea a\u0219tept\u0103rilor regimului oficial \u0219i ale ordinii globale liberale, oferind garan\u021bii elitelor c\u0103 aceste organisme religioase sunt perfect inofensive \u0219i complet integrate \u00een \u201epeisajul divers\u201d al lumii contemporane. Situa\u021bia devine tragic\u0103 atunci c\u00e2nd analiz\u0103m stadiul terminal al culturii materialiste occidentale, o lume dominat\u0103 exclusiv de interesul propriu.<\/p>\n<p>Orice organism bisericesc care depune eforturi pentru a se conforma acestei maladii societale devine la r\u00e2ndul s\u0103u infectat \u0219i lipsit de orice utilitate duhovniceasc\u0103. Exemplele sunt multiple; putem observa grup\u0103ri religioase profund burgheze, precum Biserica Antiohian\u0103 din America, care au ajuns s\u0103 foloseasc\u0103 aceast\u0103 fals\u0103 \u201eerezie\u201d drept temei legal pentru excomunicare. Asemenea organisme sunt practic lipsite de har, eforturile lor slujind exclusiv materialismului \u0219i agendelor globaliste.<\/p>\n<p>Povestea oficial\u0103 promovat\u0103 de ace\u0219ti detractori ai identit\u0103\u021bii na\u021bionale sus\u021bine c\u0103 Sinodul Patriarhului Constantinopolului din anul 1872 ar fi emis o condamnare ferm\u0103 a na\u021bionalismului, catalog\u00e2ndu-l drept erezia \u201efiletismului\u201d. Ei folosesc aceast\u0103 inven\u021bie ca pe un argument absolut pentru a-\u0219i condamna inamicii f\u0103r\u0103 a mai depune efortul de a formula argumente logice. Conform acestei versiuni trunchiate a istoriei, na\u021bionali\u0219tii bulgari ar fi ac\u021bionat cu o barbarie ie\u0219it\u0103 din comun, \u00eenfiin\u021b\u00e2nd un \u201eExarhat\u201d rezervat exclusiv etnicilor bulgari \u0219i epur\u00e2nd to\u021bi episcopii de alte origini din scaunele balcanice. Cantitatea de erori \u0219i falsific\u0103ri istorice con\u021binute \u00een aceast\u0103 relatare este at\u00e2t de vast\u0103 \u00eenc\u00e2t ar necesita redactarea unor volume \u00eentregi de rectific\u0103ri.<\/p>\n<p>Pentru a p\u0103stra rigoarea, ne vom concentra aten\u021bia asupra unor elemente factuale esen\u021biale. Adev\u0103rul de necontestat este c\u0103 sinodul din 1872 nu a condamnat na\u021bionalismul sub nicio form\u0103 \u0219i, mult mai grav, nici m\u0103car nu a \u00eentrunit condi\u021biile de legitimitate canonic\u0103 ale unui sinod veritabil. Apartenen\u021ba etnic\u0103 a reprezentat o constant\u0103 a credin\u021bei ortodoxe \u00eenc\u0103 de la originile sale, profe\u021bii Vechiului Testament manifest\u00e2nd un ata\u0219ament na\u021bional profund pe care moderni\u0219tii refuz\u0103 s\u0103 \u00eel studieze.<\/p>\n<p>Analiza evenimentelor din 1872 necesit\u0103 o incursiune onest\u0103 \u00een dinamica puterii din perioada Turcocra\u021biei. Domnia imperiului turc asupra teritoriilor din sudul Europei a transformat \u201ePatriarhia\u201d \u00eentr-o institu\u021bie profund viciat\u0103 \u0219i compromis\u0103. Deciziile a\u0219a-zisului sinod au fost dictate de interesele elitelor grece\u0219ti \u0219i ale marilor c\u0103m\u0103tari ai vremii, aceia\u0219i actori care au pus bazele districtului din Istanbul cunoscut \u0219i ast\u0103zi sub numele de Fanar. Structura de putere a Fanarului a prins contur clar la sf\u00e2r\u0219itul secolului al XVI-lea.<\/p>\n<p>C\u00e2\u021biva greci extrem de pragmatici au descoperit c\u0103 activitatea de \u00eemprumut cu dob\u00e2nd\u0103 genera profituri uria\u0219e \u00een cadrul sistemului otoman, cu condi\u021bia ca sumele s\u0103 ajung\u0103 la deciden\u021bii potrivi\u021bi. Ace\u0219ti financiari s-au autoproclamat \u201earhon\u021bi ai poporului grec\u201d \u0219i au ridicat re\u0219edin\u021be somptuoase chiar \u00een imediata vecin\u0103tate a cl\u0103dirilor Patriarhiei. Simbioza a fost at\u00e2t de puternic\u0103 \u00eenc\u00e2t, o bun\u0103 perioad\u0103 de timp, patriarhia \u0219i aceast\u0103 re\u021bea de creditori func\u021bionau practic ca o singur\u0103 entitate. Func\u021biile ecleziastice superioare au fost confiscate una c\u00e2te una de reprezentan\u021bii acestor familii de afaceri\u0219ti, indivizi care rareori manifestau vreo chemare spiritual\u0103. Influen\u021ba lor se baza pe un control exclusiv asupra procesului de alegere a patriarhului, \u021bin\u00e2nd cont de faptul c\u0103 fiecare ierarh era obligat s\u0103 \u00ee\u0219i cumpere scaunul direct de la Sultanul otoman.<\/p>\n<p>Costurile pl\u0103tite de Biserica Ortodox\u0103 pentru aceast\u0103 subordonare fa\u021b\u0103 de fanario\u021bi au fost de-a dreptul catastrofale. Institu\u021bia eclezial\u0103 era administrat\u0103 \u00een primul r\u00e2nd pentru a maximiza beneficiile financiare ale \u201earhon\u021bilor\u201d, fiind tratat\u0103 ca o simpl\u0103 investi\u021bie comercial\u0103. Din aceast\u0103 mentalitate mercantil\u0103 a derivat o politic\u0103 agresiv\u0103 de elenizare impus\u0103 de fanario\u021bi \u00eempotriva tuturor comunit\u0103\u021bilor ortodoxe balcanice. Aici se afl\u0103 originile reale ale \u201eschismei\u201d bulgare din 1872. Nemul\u021bumirile au escaladat \u00eenc\u0103 din deceniul 1850, c\u00e2nd enoria\u0219ii bisericii bulgare Sf\u00e2ntul Arhidiacon \u0218tefan din Constantinopol \u00ee\u0219i manifestau deja revolta deschis\u0103 fa\u021b\u0103 de ac\u021biunile acestei elite.<a href=\"https:\/\/www.incorectpolitic.com\/erezia-care-nu-a-existat-o-analiza-istorica-asupra-etnofiletismului\/#_ftn1\" name=\"_ftnref1\">[1]<\/a> Bulgarii considerau prezen\u021ba grecilor ca pe un simplu instrument al opresiunii turce\u0219ti. Furia popula\u021biei atingea paroxismul din cauza \u201eepiscopilor\u201d numi\u021bi de la centru, care impuneau o fiscalitate zdrobitoare exclusiv pentru a-\u0219i putea achita datoriile \u0219i dob\u00e2nzile c\u0103tre \u201earhon\u021bii\u201d creditori.<\/p>\n<p>Detaliile acestui mecanism opresiv au fost descrise magistral de Sf\u00e2ntul Ioan Maximovici. El amintea c\u0103, anterior c\u0103derii Constantinopolului, Patriarhul Ecumenic primise din partea Sultanului Turc prerogative de conduc\u0103tor al \u00eentregii etnii grece\u0219ti, devenind capul oficial al \u00eentregii popula\u021bii ortodoxe a Imperiului. Guvernul otoman folosea aceast\u0103 structur\u0103 \u00een avantajul s\u0103u financiar, destituind patriarhii sub cele mai banale pretexte pentru a for\u021ba noi alegeri \u0219i a \u00eencasa o tax\u0103 uria\u0219\u0103 de la fiecare nou candidat desemnat. Mecanismul de rambursare a \u00eemprumuturilor genera o reac\u021bie \u00een lan\u021b; pentru a acoperi suma colosal\u0103 pl\u0103tit\u0103 la \u00eentronizare, patriarhul storcea bani de la mitropoli\u021bii subordona\u021bi, obliga\u021bi la r\u00e2ndul lor s\u0103 taxeze s\u00e2ngeros preo\u021bii din parohii. Aceast\u0103 politic\u0103 de recuperare a datoriilor a desfigurat complet via\u021ba Patriarhiei, gener\u00e2nd situa\u021bia aberant\u0103 \u00een care scaunele episcopale din regiunile balcanice, locuite majoritar de slavi, erau atribuite aproape exclusiv grecilor.<a href=\"https:\/\/www.incorectpolitic.com\/erezia-care-nu-a-existat-o-analiza-istorica-asupra-etnofiletismului\/#_ftn2\" name=\"_ftnref2\">[2]<\/a><\/p>\n<p>To\u021bi episcopii greci din subordinea Patriarhiei Ecumenice ob\u021bineau func\u021biile prin cump\u0103rare. Taxa pentru a ocupa tronul patriarhal se ridica la valoarea imens\u0103 de 15.000 de duca\u021bi, sum\u0103 la care se ad\u0103uga un tribut anual fix necesar pentru p\u0103strarea func\u021biei. Practica destituirii frecvente a Patriarhilor pentru re\u00eenc\u0103rcarea vistieriei otomane a scufundat administra\u021bia bisericeasc\u0103 \u00een haos, distrug\u00e2nd complet legitimitatea spiritual\u0103 a centrului din Fanar. Constr\u00e2ns de termenele impuse de creditori, Patriarhul \u00ee\u0219i vindea semn\u0103tura \u0219i aprob\u0103rile pentru numirile ecleziastice inferioare. El \u00eencredin\u021ba parohiile \u0219i episcopiile celor care dispuneau de fondurile necesare pentru a achita cea mai mare sum\u0103. Demnit\u0103\u021bile religioase au fost retrogradate la statutul de oportunit\u0103\u021bi investi\u021bionale, atr\u0103g\u00e2nd \u201eepiscopi\u201d lipsi\u021bi de orice minim\u0103 preg\u0103tire teologic\u0103, unii dintre ace\u0219tia nefiind m\u0103car hirotoni\u021bi. Acela\u0219i tratament comercial era aplicat \u0219i m\u0103n\u0103stirilor, \u00een timp ce nota de plat\u0103 final\u0103 era transferat\u0103 \u00een sarcina \u021b\u0103ranilor \u0219i or\u0103\u0219enilor prin taxe \u0219i dob\u00e2nzi. Lipsa de scrupule atinsese un nivel inimaginabil; ierarhii dispera\u021bi dup\u0103 lichidit\u0103\u021bi aplicau excomunicarea asupra unor sate \u00eentregi f\u0103r\u0103 nicio baz\u0103 canonic\u0103. Anatemizarea suspenda absolut toate drepturile civile ale comunit\u0103\u021bii, oferindu-le prela\u021bilor pretextul legal pentru a confisca propriet\u0103\u021bile mobile \u0219i a le valorifica \u00een vederea stingerii datoriilor personale.<a href=\"https:\/\/www.incorectpolitic.com\/erezia-care-nu-a-existat-o-analiza-istorica-asupra-etnofiletismului\/#_ftn3\" name=\"_ftnref3\">[3]<\/a> Era un sistem bazat exclusiv pe tiranie \u0219i abuz de putere. Sub aceast\u0103 povar\u0103, popoarele bulgar \u0219i s\u00e2rb erau stoarse de resurse mult peste limitele supravie\u021buirii.<\/p>\n<p>Analiza documentat\u0103 a istoricului John McGuckin reliefeaz\u0103 dec\u0103derea cumplit\u0103 a patriarhiei. Institu\u021bia, cufundat\u0103 \u00een simonie \u0219i m\u0103cinat\u0103 de intrigile propriilor membri, era perceput\u0103 de majoritatea ortodoc\u0219ilor ca un simplu instrument al oprim\u0103rii otomane. Concomitent, ortodoc\u0219ii ne-greci au \u00eenceput s\u0103 identifice patriarhia cu vectorul principal al na\u021bionalismului elen. Ostilitatea generat\u0103 de abuzurile clerului fanariot a condus inevitabil la izbucnirea acelor revolte pe care elita de la Constantinopol s-a gr\u0103bit s\u0103 le denumeasc\u0103 \u201efiletism\u201d, \u00eens\u0103 aceste mi\u0219c\u0103ri urm\u0103reau un singur obiectiv fundamental: dob\u00e2ndirea unui refugiu prin recunoa\u0219terea unor biserici na\u021bionale independente de tirania Fanarului. Totul a \u00eenceput \u00een perioada anilor 1466-1467, c\u00e2nd un grup de comercian\u021bi greci din Trapezunt a deschis \u201ecutia Pandorei\u201d oferindu-i sultanului o mit\u0103 de 1.000 de florini pentru debarcarea patriarhului Marcu al II-lea \u00een favoarea propriului candidat. Sultanul a sesizat imediat poten\u021bialul uria\u0219 de \u00eembog\u0103\u021bire, iar p\u00e2n\u0103 \u00een 1572 \u201etaxa de investitur\u0103\u201d ajunsese deja la un nivel standard de 2.000 de florini, acompaniat\u0103 de o redeven\u021b\u0103 anual\u0103 de 4.000 de florini extra\u0219i din impozitarea popula\u021biei cre\u0219tine.<\/p>\n<p>Numeroasele fac\u021biuni cre\u0219tine intrau \u00een competi\u021bie direct\u0103 pentru a oferi cea mai mare mit\u0103, scurt\u00e2nd drastic perioada de p\u0103storire a fiec\u0103rui ierarh. Repetarea ciclului de alegeri, destituiri \u0219i realegeri ale aceluia\u0219i candidat, acompaniate mereu de noile pl\u0103\u021bi aferente, devenise o norm\u0103 de func\u021bionare. Analiz\u00e2nd perioada dintre secolul al XVI-lea \u0219i \u00eenceputul secolului al XX-lea, dintr-un num\u0103r total de 159 de patriarhi, turcii au alungat for\u021bat 105, impun\u00e2nd nenum\u0103rate abdic\u0103ri \u0219i ordon\u00e2nd inclusiv \u0219ase asasinate judiciare.<a href=\"https:\/\/www.incorectpolitic.com\/erezia-care-nu-a-existat-o-analiza-istorica-asupra-etnofiletismului\/#_ftn4\" name=\"_ftnref4\">[4]<\/a> P\u0103tura aristocra\u021biei grece\u0219ti care domina acest sistem tulbure \u00ee\u0219i avea re\u0219edin\u021ba \u00een opulenta suburbie Fanar. Monopolul lor asupra numirilor ierarhice i-a transformat \u00eentr-o veritabil\u0103 for\u021b\u0103 colonial\u0103 care dicta soarta eparhiilor din \u021binuturile \u00eendep\u0103rtate sub scutul autorit\u0103\u021bii sultanului \u0219i al patriarhului. Func\u021biile erau ob\u021binute prin corup\u021bie, ocupan\u021bii lu\u00e2nd practic locul unor oameni nevinova\u021bi; mul\u021bi dintre ei erau cataloga\u021bi chiar de contemporanii vremii drept \u201em\u0103gari needuca\u021bi\u201d, ro\u0219i de ambi\u021bii \u0219i gelozie.<\/p>\n<p>Costurile de instalare \u0219i ceremoniile opulente ad\u00e2nceau datoriile acestor numi\u021bi. Finan\u021barea provenea din noi \u00eemprumuturi. Prin urmare, str\u00e2ngerea fondurilor necesare avans\u0103rii \u00een ierarhie reprezenta singura prioritate a acestor lideri spirituali. Recuperarea investi\u021biilor \u0219i achitarea pl\u0103\u021bilor c\u0103tre creditorii precum Kantakouzenos se f\u0103ceau printr-o presiune sufocant\u0103 aplicat\u0103 subordona\u021bilor \u00een primii ani de func\u021bie. Studiile am\u0103nun\u021bite ale lui Tom Papademetriou subliniaz\u0103 c\u0103 achitarea \u201epi\u015fke\u015f-ului\u201d \u0219i a cotiza\u021biilor anuale a devenit o obliga\u021bie absolut\u0103 pentru p\u0103strarea func\u021biei. Situa\u021bia for\u021ba absolut orice episcop ortodox numit \u00een Imperiul Otoman s\u0103 recurg\u0103 la simonie, aceasta reprezent\u00e2nd singura modalitate administrativ\u0103 de a intra \u00een func\u021bie.<a href=\"https:\/\/www.incorectpolitic.com\/erezia-care-nu-a-existat-o-analiza-istorica-asupra-etnofiletismului\/#_ftn5\" name=\"_ftnref5\">[5]<\/a> Aceast\u0103 realitate dezastruoas\u0103 a adus critici ini\u021biale Patriarhului Rafael \u0219i a condus la condamnarea tuturor succesorilor s\u0103i. Cump\u0103rarea func\u021biilor devenise metoda standard de avansare ierarhic\u0103. Prin urmare, \u00eengrijor\u0103rile morale legate de sistem \u00ee\u0219i pierduser\u0103 complet sensul.<\/p>\n<p>\u00cen acest climat de exploatare sistematic\u0103, revolta slavilor apare ca o reac\u021bie absolut legitim\u0103. Popula\u021biile au \u00eendurat zeci de ani tirania unor \u201eepiscopi\u201d abuzivi, trudind ca sclavii pentru a sus\u021bine aparatul birocratic al turcilor, interesele c\u0103m\u0103tarilor evrei \u0219i luxul unor prela\u021bi care nu c\u0103lcaser\u0103 niciodat\u0103 \u00een eparhiile lor \u0219i care erau lipsi\u021bi de orice no\u021biuni teologice. Tronul episcopal echivala cu o simpl\u0103 investi\u021bie. Exarhatul a ap\u0103rut ca o solu\u021bie disperat\u0103, dar complet justificat\u0103, \u00eempotriva acestui mecanism de jaf.<\/p>\n<p>Reac\u021bia virulent\u0103 a \u201epatriarhiei\u201d \u0219i etichetarea rapid\u0103 a ini\u021biativei drept \u201ena\u021bionalism\u201d a demascat panica acestora \u00een fa\u021ba unei amenin\u021b\u0103ri directe la adresa surselor lor de venit, a\u0219a cum a observat corect \u0219i Patriarhul Alexandriei. Acel sinod din 1872 a reprezentat o fraud\u0103 de propor\u021bii gigantice, invent\u00e2nd din neant \u201eerezia filetismului\u201d. O voce ra\u021bional\u0103 a vremii a fost Arhiepiscopul Macarie (Bulgakov) al Lituaniei, membru al Sf\u00e2ntului Sinod, care a publicat \u00een anul 1873 o analiz\u0103 juridic\u0103 aprofundat\u0103 a deciziilor luate. \u00cen urma explor\u0103rii istoricului de subordonare a Arhiepiscopiei Ohridului, Arhiepiscopul a demonstrat legitimitatea firmanului emis de Sultanul Abdul-Aziz \u0219i a subliniat dreptul inalienabil al Bulgariei la o independen\u021b\u0103 ecleziastic\u0103 deplin\u0103. Instituirea Exarhatului a reprezentat o evadare necesar\u0103 dintr-un regim eclezial simoniac \u0219i excesiv de fiscalizat. \u00cen contrast, sinodul de condamnare a reprezentat un efort coordonat al grup\u0103rilor fanariote pentru protejarea propriilor interese de afaceri \u0219i privilegii de impozitare, neav\u00e2nd fundament teologic \u0219i nicio leg\u0103tur\u0103 cu a\u0219a-zisele pericole ale \u201etribalismului\u201d.<\/p>\n<p>Transparen\u021ba motiva\u021biilor economice este clar\u0103, Exarhatul fiind judecat strict din perspectiva pierderilor generate c\u0103m\u0103tarilor. Mai mult, cercetarea extins\u0103 realizat\u0103 de Von Mach \u00een 1907 dovede\u0219te c\u0103 noul Exarhat r\u0103m\u00e2nea integrat sub egida patriarhiei generale \u0219i nu afecta \u00een niciun fel autoritatea canonic\u0103 a acesteia. Dinamica a dovedit existen\u021ba unor cu totul alte mize financiare. Procesul democratic a stat la baza deciziilor, statutul cer\u00e2nd votul a dou\u0103 treimi din membrii eparhiei pentru aderarea la Exarhat, transform\u00e2nd fenomenul \u00eentr-o mi\u0219care fundamentat\u0103 de jos \u00een sus.<a href=\"https:\/\/www.incorectpolitic.com\/erezia-care-nu-a-existat-o-analiza-istorica-asupra-etnofiletismului\/#_ftn6\" name=\"_ftnref6\">[6]<\/a> Votul favorabil a venit, cum era firesc, strict din zonele locuite de bulgari.<\/p>\n<p>Confruntarea cu pseudo-erezia lansat\u0103 \u00een 1872 atinge ridicolul c\u00e2nd lectur\u0103m documentele oficiale de condamnare. Grecii i-au acuzat pe bulgari de \u201efiletism\u201d, asociind termenul cu no\u021biunea de tribalism. Actul sinodal sus\u021binea sfid\u0103tor c\u0103 bulgarii ac\u021bionau \u00eempotriva canoanelor sacre \u00eencerc\u00e2nd s\u0103 \u00eenfiin\u021beze o biseric\u0103 na\u021bional\u0103 ancorat\u0103 \u00een via\u021ba temporal\u0103, av\u00e2nd ca principiu diferen\u021ba de rase. Invoc\u00e2nd o pretins\u0103 datorie spiritual\u0103, semnatarii afirmau c\u0103 s-au reunit \u00een numele M\u00e2ntuitorului exclusiv din zel pentru a salva poporul bulgar de la acest \u201er\u0103u\u201d. Textul afirm\u0103 mincinos c\u0103 ierarhii au analizat principiile diversit\u0103\u021bii na\u021bionale pe baza Evangheliei, decret\u00e2nd cu non\u0219alan\u021b\u0103 c\u0103 aceste idei sunt \u00eentr-o permanent\u0103 stare de vr\u0103jm\u0103\u0219ie cu \u00eenv\u0103\u021b\u0103tura cre\u0219tin\u0103. Articolul prim a cenzurat \u0219i declarat contrar\u0103 Evangheliei doctrina diferen\u021belor rasiale \u0219i a diversit\u0103\u021bii na\u021bionale \u00een Biseric\u0103.<\/p>\n<p>Absurditatea acestei hot\u0103r\u00e2ri transpare din faptul c\u0103 a fost asumat\u0103 de un for elen, integrat structural \u00een angrenajul financiar evreiesc \u0219i otoman al vremii. Decizia final\u0103 a urmat tiparul tranzac\u021biilor din Fanar, fiind facilitat\u0103 prin mit\u0103. Guvernul grec a sprijinit activ condamnarea, vir\u00e2nd trei mii de lire Patriarhului Antim special pentru a bloca ini\u021biativa bulgar\u0103. Lumea ortodox\u0103 a receptat cu circumspec\u021bie maxim\u0103 aceste abuzuri. Patriarhul Ierusalimului, Kirill al II-lea, a demonstrat o t\u0103rie de caracter remarcabil\u0103, resping\u00e2nd hot\u0103r\u00e2rile \u0219i rup\u00e2nd total leg\u0103turile cu structurile de la Fanar. De\u0219i a mimat acceptarea la nivel teoretic, Biserica Antiohiei a decis s\u0103 \u021bin\u0103 decretul ascuns, refuz\u00e2nd publicarea sa. Reac\u021bia Patriarhului Alexandriei a fost extrem de sonor\u0103, denun\u021b\u00e2nd falsitatea ereziei \u0219i demasc\u00e2nd public l\u0103comia financiar\u0103 a \u201ePatriarhiei Constantinopolului\u201d. Bisericile ortodoxe din Rom\u00e2nia \u0219i Serbia au manifestat aceea\u0219i respingere categoric\u0103. Cel mai puternic sprijin a venit \u00eens\u0103 din partea Rusiei. Delega\u021bia rus\u0103 prezent\u0103 la Istanbul a ales, av\u00e2nd mandatul clar al sinodului propriu, s\u0103 sus\u021bin\u0103 eforturile bulgare. Ru\u0219ii au ignorat deciziile abuzive ale Fanarului, continu\u00e2nd leg\u0103turile oficiale cu noua structur\u0103 \u0219i neg\u00e2nd ferm validitatea pretinsei erezii a filetismului.<\/p>\n<p>\u00cen\u021belegerea corect\u0103 a no\u021biunii de na\u021bionalism impune o abordare contextualizat\u0103, inserat\u0103 \u00eentr-o tradi\u021bie intelectual\u0103 solid\u0103, care s\u0103 exclud\u0103 condamn\u0103rile de natur\u0103 emo\u021bional\u0103 \u0219i lipsite de baz\u0103 faptic\u0103. A\u0219ezat pe fundamentele dreptului natural, na\u021bionalismul func\u021bioneaz\u0103 ca o prelungire organic\u0103 a unit\u0103\u021bii familiale, aplicat\u0103 unui ansamblu de oameni care \u00eempart o istorie multisecular\u0103 \u0219i comunic\u0103 printr-o limb\u0103 comun\u0103. Conceptul de limb\u0103 \u00eenglobeaz\u0103, \u00een sensul s\u0103u extins, totalitatea elementelor de comunicare care structureaz\u0103 identitatea unui popor ca entitate distinct\u0103. Reflec\u021bia Sf\u00e2ntului Filaret al Moscovei exprim\u0103 sublim aceast\u0103 realitate; pentru el, patria \u00eenlocuie\u0219te imaginea p\u0103rinteasc\u0103, organiz\u00e2nd na\u021biunea ca pe o mare familie spiritual\u0103 condus\u0103 de figura patern\u0103 a \u00cemp\u0103ratului.<\/p>\n<p>Existen\u021ba na\u021biunilor ca entit\u0103\u021bi istorice obiective dep\u0103\u0219e\u0219te grani\u021bele modernit\u0103\u021bii. Analiza perioadei medievale reveleaz\u0103 mi\u0219c\u0103ri de afirmare na\u021bional\u0103 cu rezonan\u021be uimitor de moderne. Popoare precum irlandezii, polonezii \u0219i ucrainenii au integrat principiul apartenen\u021bei etnice ca pilon central \u00een structurarea discursului lor politic. R\u0103spunsul ucrainenilor la tentativele de asimilare din partea imperialismului polonez al secolului al XVI-lea gravita \u00een jurul invoc\u0103rii permanente a apartenen\u021bei la \u201ecredin\u021ba rutean\u0103\u201d. Distinc\u021bia conceptual\u0103 dintre stat \u0219i na\u021biune clarific\u0103 dinamica social\u0103, statul av\u00e2nd menirea ideal\u0103 de a asigura protec\u021bia \u0219i confortul organizatoric al poporului. Manifestarea na\u021bionalismului reflect\u0103 iubirea pentru valorile autentice ale poporului, activ\u00e2nd acele \u201estructuri de supravie\u021buire\u201d necesare dep\u0103\u0219irii oprim\u0103rilor istorice.<\/p>\n<p>Polul opus na\u021bionalismului este ocupat de imperialism, definit prin strivirea identit\u0103\u021bilor na\u021bionale cu scopul impunerii unei domina\u021bii adesea str\u0103ine etnic. Exist\u0103 situa\u021bii paradoxale \u00een care imperiile permit o oarecare dezvoltare cultural\u0103, dar obiectivul lor recurent r\u0103m\u00e2ne anularea na\u021bionalit\u0103\u021bii supu\u0219ilor. P\u0103strarea \u0219i promovarea limbii na\u021bionale reprezint\u0103 cel mai puternic manifest anti-imperialist. Demontarea existen\u021bei na\u021biunilor atrage automat anularea conceptual\u0103 a imperialismului. Prejudiciul adus de imperialism const\u0103 tocmai \u00een distrugerea suveranit\u0103\u021bii na\u021bionale. F\u0103r\u0103 existen\u021ba unor entit\u0103\u021bi capabile de independen\u021b\u0103, actele imperialiste nu pot fi supuse niciunei judec\u0103\u021bi morale.<\/p>\n<p>Principiile organizatorice ale bisericii ortodoxe valideaz\u0103 constant specificul na\u021bional. Sfin\u021bii Chiril \u0219i Metodiu au generat un impact masiv \u00een momentul respingerii monopolului limbii latine, grece\u0219ti \u0219i ebraice asupra cultului divin, tras\u00e2nd calea pentru integrarea acultura\u021biei religioase. Utilizarea idiomurilor materne \u00een actul liturgic a transformat ortodoxia \u00eentr-o structur\u0103 comunitar\u0103 cu o aderen\u021b\u0103 fenomenal\u0103 la mase. Conexiunea lingvistic\u0103 faciliteaz\u0103 p\u0103trunderea mesajului evanghelic \u00een intimitatea popula\u021biei. Dimensiunea comunitar\u0103 \u0219i abordarea anti-individualist\u0103 a credin\u021bei ortodoxe cimenteaz\u0103 coeziunea poporului. Autocefalia trebuie privit\u0103 prin dou\u0103 prisme analitice.<\/p>\n<p>Men\u021binerea unei ordini canonice specifice asigurate de centrul ortodox \u00eempiedic\u0103 alterarea doctrinei de c\u0103tre mi\u0219c\u0103rile de autocefalie. Toate na\u021biunile au obliga\u021bia de a se racorda la acest fundament. Adev\u0103rurile de natur\u0103 universal\u0103 se impregneaz\u0103 \u00eens\u0103 \u00een manifest\u0103ri specifice, valid\u00e2nd plenar existen\u021ba na\u021bionalismului ca expresie a unit\u0103\u021bii \u00een diversitate. Interpretarea conceptelor de limb\u0103 \u0219i stat variaz\u0103 enorm \u00een func\u021bie de tradi\u021biile locale. Istoria Germaniei sau a Rusiei demonstreaz\u0103 o definire atipic\u0103 a statalit\u0103\u021bii. Filozofia hegelian\u0103 concepea statul dincolo de simplele mecanisme coercitive, definindu-l drept expresia suprem\u0103 a culturii unui popor. Evolu\u021bia lingvistic\u0103 func\u021bioneaz\u0103 \u00eentr-o simbioz\u0103 perfect\u0103 cu dezvoltarea \u0219i unificarea \u00eentregii comunit\u0103\u021bi.<\/p>\n<p>Istoriografia neo-marxist\u0103, reprezentat\u0103 cu prec\u0103dere de Eric Hobsbawm, a elaborat teza mincinoas\u0103 a na\u021bionalismului perceput ca o \u201etradi\u021bie inventat\u0103\u201d. Acest demers destructiv a urm\u0103rit exclusiv validarea marxismului cosmopolit prin diseminarea unei ne\u00eencrederi vizavi de culturile etnice. Lipsa de fundament a acestei teorii rezid\u0103 \u00een necinstea sa inerent\u0103, prefer\u00e2nd servirea unei ideologii \u00een detrimentul analizei faptelor. Conceptele de identitate cultural\u0103 prezint\u0103 acelea\u0219i dificult\u0103\u021bi de definire precump\u0103nitoare precum no\u021biunile moderne de statut social sau comportament al votantului, dar validitatea lor nu suport\u0103 contestare. Ucraina modern\u0103, de exemplu, \u00ee\u0219i fundamenteaz\u0103 identitatea prin asimilarea unor institu\u021bii str\u0103vechi. Esen\u021ba fiin\u021bei ucrainene asimileaz\u0103 adunarea democratic\u0103 tradi\u021bional\u0103, via\u021ba agrar\u0103, structura militar\u0103 a cazacilor, prezen\u021ba bisericii ortodoxe \u0219i deciziile Radei din secolul al XX-lea. Elementele men\u021bionate dovedesc o ancorare solid\u0103 \u00een realitatea cultural\u0103, infirm\u00e2nd specula\u021biile conform c\u0103rora acestea ar de\u021bine o natur\u0103 mitic\u0103.<\/p>\n<p>Efortul de r\u0103zboi sus\u021binut de cazaci pentru dob\u00e2ndirea independen\u021bei \u0219i modul lor de organizare \u00een comunit\u0103\u021bi democratice reprezint\u0103 fapte certe ale istoriei. Popula\u021bia a rezistat \u00eendelungatelor ocupa\u021bii str\u0103ine p\u0103str\u00e2ndu-\u0219i credin\u021ba ortodox\u0103. Contestarea acestor adev\u0103ruri deriv\u0103 dintr-un interes ideologic care refuz\u0103 validarea acestor modele politice. Teoriile care promoveaz\u0103 falsitatea ata\u0219amentului na\u021bional izvor\u0103sc dintr-o atitudine intelectual\u0103 profund nociv\u0103. Dezr\u0103d\u0103cinarea maselor \u0219i suprimarea mo\u0219tenirii lor culturale preg\u0103te\u0219te terenul pentru manipularea popula\u021biei de c\u0103tre interesele corporatiste. Corpora\u021biile \u0219i mass-media monopolizeaz\u0103 rolul de generatori ai identit\u0103\u021bii \u00een absen\u021ba unei mo\u0219teniri str\u0103vechi. Sistemele de putere fundamentate pe marxism etatist \u0219i pe corporatism necesit\u0103 un material uman deculturat pentru a-\u0219i perpetua domina\u021bia.<\/p>\n<p>Memoria etnic\u0103 a asigurat mereu trambulina ideal\u0103 pentru ridicarea popoarelor \u00eempotriva puterilor imperialiste. Sus\u021binerea falsit\u0103\u021bii existen\u021bei comunit\u0103\u021bii etnice anuleaz\u0103 \u00eens\u0103\u0219i posibilitatea definirii imperialismului. \u00cen scenariul neg\u0103rii realit\u0103\u021bii patriotismului ucrainean, ac\u021biunile militare din partea Rusiei devin imune oric\u0103rei condamn\u0103ri morale. C\u00e2nd cultura local\u0103 este perceput\u0103 ca iluzie, lupta de eliberare devine absurd\u0103, asigur\u00e2nd triumful imperialismului mediatic.<\/p>\n<p>Tradi\u021biile canonice \u00ee\u0219i asigur\u0103 primatul absolut \u00een contextul civiliza\u021biei ortodoxe, nefiind substituite de apartenen\u021ba etnic\u0103. Na\u021biunea se afl\u0103 \u00eentr-un proces de cre\u0219tere mutual\u0103 cu credin\u021ba \u0219i locuitorii ei. Existen\u021ba cetelor de cazaci a \u00eensemnat afirmarea unei entit\u0103\u021bi ortodoxe dispuse s\u0103 apere cu armele adev\u0103rurile morale. Sacrificiul miilor de lupt\u0103tori atest\u0103 realismul istoric al acestei implic\u0103ri. Ceea ce poart\u0103 cu adev\u0103rat pecetea mitologiei este imaginea fals\u0103 a persoanei \u201egenerice ortodoxe\u201d.<\/p>\n<p>Aceast\u0103 figur\u0103 artificial\u0103 promoveaz\u0103 conceptul unui individ \u00eenzestrat cu voin\u021b\u0103 absolut autonom\u0103 \u0219i o credin\u021b\u0103 care ar putea supravie\u021bui \u00eentr-un vid cultural total. America contemporan\u0103, suferind de o caren\u021b\u0103 cronic\u0103 de fundament cultural, percepe manifest\u0103rile identit\u0103\u021bii etnice drept ac\u021biuni lipsite de substan\u021b\u0103 cre\u0219tin\u0103, chiar periculoase. Individul contemporan, golit de sens \u0219i de leg\u0103turi, resimte manifestarea cultural\u0103 a semenilor s\u0103i ca fiind absolut nefireasc\u0103. Permanen\u021ba istoric\u0103 a na\u021bionalismului \u00eel salveaz\u0103 de sub acuza\u021bia unei tradi\u021bii inventate. Aceast\u0103 etichet\u0103 li se potrive\u0219te exclusiv crea\u021biilor teoretice ale economiei capitaliste, precum abstrac\u021biile \u201eindividului suveran\u201d. Modelele artificiale faciliteaz\u0103 studiul cantitativ din sfera \u0219tiin\u021belor sociale, justific\u00e2nd ordinea stabilit\u0103 de institu\u021biile de capital. Idealul \u201econsumatorului ra\u021bional\u201d dezbr\u0103cat de orice \u00eenzestrare cultural\u0103 reflect\u0103 un exerci\u021biu profund dezumanizant de subjugare a popula\u021biei.<\/p>\n<p>Na\u021bionalismul de factur\u0103 ortodox\u0103 ofer\u0103 o ierarhie a valorilor fundamentale care stimuleaz\u0103 echilibrul \u0219i complexitatea spiritului uman. Vitalitatea istoric\u0103 se alimenteaz\u0103 dintr-o tradi\u021bie a suferin\u021bei asimilate, a victoriilor \u0219i a memoriei eroilor fondatori. Valen\u021bele ortodoxiei \u0219i implicarea organiza\u021bional\u0103 agrar\u0103 sau cazac\u0103 reprezint\u0103 fundamente tangibile, nicidecum iluzii. Resentimentul lui Hobsbawm fa\u021b\u0103 de mo\u0219tenirea spiritual\u0103 se datoreaz\u0103 viziunii marxist-capitaliste care evalueaz\u0103 societatea exclusiv prin prisma apartenen\u021bei de clas\u0103. Tehnica deconstruc\u021biei cantitative urm\u0103re\u0219te eliminarea oric\u0103rui element neasimilabil luptei de clas\u0103. Nucleul vitalit\u0103\u021bii omului s\u0103n\u0103tos \u00ee\u0219i are originea \u00een cultura na\u021bional\u0103, care asimileaz\u0103 experien\u021ba limbilor na\u021bionale. Ancorarea \u00een universal a religiei ortodoxe cap\u0103t\u0103 consisten\u021b\u0103 \u00een dialog cu mediul etnic, nefiind st\u00e2njenit\u0103 de acesta. \u00cen spa\u021biul american majoritar protestant, eforturile asimila\u021bioniste se bazau pe iluzoriul vis american.<\/p>\n<p>Comunit\u0103\u021bile ortodoxe au contracarat tendin\u021bele uniformizatoare ale capitalismului men\u021bin\u00e2ndu-\u0219i o structur\u0103 organiza\u021bional\u0103 bazat\u0103 pe coeziunea etnic\u0103. Deteriorarea acestui sistem a coincis cu efortul bisericii antiohiene de a fabrica omul ortodox universal \u0219i lipsit de orice particularitate. Absen\u021ba unei identit\u0103\u021bi americane veritabile, redus\u0103 adesea la un bagaj anglo- sau celto-protestant neglijabil, a transformat Statele Unite \u00eentr-o adunare caracterizat\u0103 de materialism \u0219i iner\u021bie civic\u0103. \u00cen fa\u021ba unui astfel de mediu lipsit de posibilitatea unei transform\u0103ri spirituale pe cale cultural\u0103, apari\u021bia enclavei etnice a salvat leg\u0103tura indisolubil\u0103 dintre universalitatea credin\u021bei \u0219i forma ei de manifestare autohton\u0103.<\/p>\n<p>Arhitectura federalist\u0103 a permis existen\u021ba descentralizat\u0103 a structurilor religioase care \u00ee\u0219i asum\u0103 elementul na\u021bional. Proiectul mass-mediei capitaliste \u021binte\u0219te asimilarea tuturor particularit\u0103\u021bilor, folosind paradoxal retorica \u201ediversit\u0103\u021bii\u201d pentru a na\u0219te o mas\u0103 amorf\u0103, neancorat\u0103 \u00een faptele istoriei umane. Producerea unui individ exclusiv economic subrupe temeliile antice care au prosperat. Aplicarea acestui experiment abstract asupra naturii umane echivaleaz\u0103 cu o mutilare \u00eengrozitoare a fiin\u021bei umane. Efervescen\u021ba spiritului se dezvolt\u0103 diferit; o persoan\u0103 din spa\u021biul rus dob\u00e2nde\u0219te \u00een timp o alt\u0103 personalitate comparativ cu cineva educat \u00een rigorile federalismului americano-britanic. Specificul fiec\u0103rui popor constituie o valoare ce necesit\u0103 o ap\u0103rare \u00eend\u00e2rjit\u0103 \u00eempotriva tendin\u021belor distructive girate de mitul unui vis american universal.<\/p>\n<p>Propaganda privind valorizarea unei false diversit\u0103\u021bi tinde s\u0103 ob\u021bin\u0103 uniformizarea culturilor, realiz\u00e2nd un vid absolut care serve\u0219te perfect produc\u021biei industriale de indivizi. Acuza\u021biile aduse apartenen\u021bei identitare sub eticheta de na\u021biune imaginar\u0103 vizeaz\u0103 transformarea ideologiilor liberale \u0219i a consumatorului \u00eentr-o religie a prezentului. Sistematizarea cunoa\u0219terii teologice se fundamenteaz\u0103 pe un sistem limbic complex. Culturile cap\u0103t\u0103 identitate organic\u0103 datorit\u0103 func\u021bion\u0103rii institu\u021biilor \u00eendelung experimentate de un anumit popor. Mobilitatea acestor structuri dinamizeaz\u0103 transformarea constant\u0103 a grupului, dezv\u0103luind abstrac\u021bia \u0219tiin\u021bei sociale ca fiind suprema fic\u021biune a societ\u0103\u021bii.<\/p>\n<p>Combaterea principiilor de identitate pentru a impune \u201eomul economicus\u201d reprezint\u0103 o absurditate profund\u0103. Tradi\u021bia bisericii consider\u0103 apartenen\u021ba la etnie drept o coordonat\u0103 de baz\u0103. Realitatea politic\u0103 a structurii autohtone protejeaz\u0103 tradi\u021biile dogmatice, oferindu-le un ad\u0103post tangibil prin intermediul institu\u021biilor derivate din propria sa dram\u0103 existen\u021bial\u0103. Modernismul adoptat de aripile progresiste din r\u00e2ndul clerului vinde himera unui individ complet desprins de mediul social care asist\u0103 la ritualuri golite de substan\u021b\u0103 cultural\u0103. Institu\u021bia autocefaliei reu\u0219e\u0219te miracolul unific\u0103rii dintre dogma canonic\u0103 inerent valabil\u0103 \u0219i nevoile intime ale individului \u00eencarnat \u00eentr-o societate. Refularea constant\u0103 a frustr\u0103rilor transform\u0103 omul eliberat de identitate \u00eentr-un cenzor agresiv, \u00eensp\u0103im\u00e2ntat de bog\u0103\u021bia cultural\u0103 a celor care nu \u0219i-au tr\u0103dat str\u0103mo\u0219ii. Condamn\u0103rile emise de asemenea persoane sunt un atentat la bunul sim\u021b. Acestea ar trebui s\u0103 adopte aprofundarea mo\u0219tenirii proprii \u0219i s\u0103 abandoneze judec\u0103\u021bile la adresa comunit\u0103\u021bilor vii. Omul cu discern\u0103m\u00e2nt ra\u021bional realizeaz\u0103 c\u0103 adev\u0103ratul mit contemporan este chiar aceast\u0103 lips\u0103 funciar\u0103 de identitate.<\/p>\n<p>Viziunea Sf\u00e2ntului Ioan Maximovici sus\u021bine argumentul identit\u0103\u021bii etnice asumate de organismul bisericesc. Abilit\u0103\u021bile \u0219i darurile spirituale primite de poporul ortodox justific\u0103 activitatea ecleziastic\u0103 specific\u0103 fiec\u0103rui teritoriu. Structurarea unor biserici locale destinate diferitelor comunit\u0103\u021bi, precum slavii, optimizeaz\u0103 func\u021bia predic\u0103rii. Universalitatea Bisericii \u00eensumeaz\u0103 totalitatea tr\u0103s\u0103turilor distincte aduse ca ofrand\u0103 spiritual\u0103 divinit\u0103\u021bii, asemeni servitorilor cu talan\u021bii lor. Complexitatea manifest\u0103rilor religioase \u00eembog\u0103\u021be\u0219te frumuse\u021bea actului de sl\u0103vire a lui Dumnezeu, a c\u0103rui glorie adun\u0103 diversitatea popoarelor. Ortodoxia ruseasc\u0103 se distinge printr-o rigoare cromatic\u0103 deosebit\u0103 ilustrat\u0103 elocvent prin caracterele sfin\u021bilor proprii. Varietatea expresiilor lingvistice \u0219i identitare consolideaz\u0103 substan\u021ba mesajului divin, o unitate cl\u0103dit\u0103 pe diversitate prin voin\u021ba M\u00e2ntuitorului \u00censu\u0219i. Armonia rela\u021biilor spirituale produce bucurie credincio\u0219ilor capabili s\u0103 admire cooperarea sinergic\u0103 a eparhiilor ruse\u0219ti \u0219i s\u00e2rbe\u0219ti, o unitate care ofer\u0103 beneficii lumii \u00eentregi.<a href=\"https:\/\/www.incorectpolitic.com\/erezia-care-nu-a-existat-o-analiza-istorica-asupra-etnofiletismului\/#_ftn7\" name=\"_ftnref7\">[7]<\/a><\/p>\n<p>Proiectul unificator al bisericii nu promoveaz\u0103 o cosmopolitizare a indivizilor care le distruge con\u0219tiin\u021ba de neam. Cuvintele Sf\u00e2ntului Ioan de Kronstadt reamintesc fundamentarea refacerii poporului rus pe curajul demonstrat de zecile de martiri ai credin\u021bei. Fortificarea noii structuri va atrage puterea recunoa\u0219terii sfintei treimi, oferind credincio\u0219ilor oportunitatea pre\u021buirii originii ruse\u0219ti aflate sub directa or\u00e2nduire cereasc\u0103. Dogma revelat\u0103 ne expune prezen\u021ba naturilor asimilate de Iisus Hristos, implic\u00e2nd valorizarea complexului literar-politic pe care \u00eel constituie umanul. \u00cenl\u0103turarea acestui element central din istoria sacr\u0103 strict sub imperiul constr\u00e2ngerilor corectitudinii politice marcheaz\u0103 un act condamnabil. Afirma\u021biile teologilor care propag\u0103 astfel de interese denot\u0103 o ignoran\u021b\u0103 reprobabil\u0103. Arhiepiscopul Averchie de Jordanville taxa dur iluzia potrivit c\u0103reia implicarea spiritual\u0103 func\u021bioneaz\u0103 complet separat de spa\u021biul social, o dogm\u0103 modern\u0103 cu efecte nefaste. Ignorarea abera\u021biei promovate sub iluzia izol\u0103rii religiei sprijin\u0103 exclusiv ma\u0219ina\u021biunile inamice \u00eendreptate spre de-cre\u0219tinarea masei. O atitudine care repudiaz\u0103 ancorarea na\u021bional\u0103 devine automat incompatibil\u0103 cu acceptarea naturii p\u0103m\u00e2nte\u0219ti asimilate de divinitate.<\/p>\n<p>Publica\u021bia referitoare la Biseric\u0103 redactat\u0103 \u00een 1961 reliefeaz\u0103 obligativitatea deta\u0219\u0103rii aparatului religios de intrigile m\u0103runte, avertiz\u00e2nd totodat\u0103 asupra dezastrului \u00eenm\u00e2n\u0103rii deciziilor decizionale spre clasa unor corup\u021bi, capabili s\u0103 evite rigorile etice. Abordarea neimplic\u0103rii ascunde sub aparen\u021ba purismului spiritual interesul imoral de a controla mecanismele puterii. Slujirea Adev\u0103rului include, esen\u021bial, dragostea fa\u021b\u0103 de propria patrie. Interven\u021bia bisericeasc\u0103 are drept \u021bint\u0103 afirmarea binelui social, aspect care confirm\u0103 rolul fundamental al implic\u0103rii. Orice fa\u021bet\u0103 a spiritului implic\u0103 angajamentul spiritualit\u0103\u021bii care accept\u0103 firea material\u0103 asimilat\u0103 de m\u00e2ntuitor. Gre\u0219elile impuse Patriarhiei de influen\u021ba extern\u0103 turceasc\u0103 nu afecteaz\u0103 sfin\u021benia principiilor enun\u021bate, acei demnitari ecleziastici fiind sili\u021bi s\u0103 navigheze un context periculos \u0219i nelegitim.<\/p>\n<h3><strong>Bibliografie<\/strong><\/h3>\n<p>\u00a0<\/p>\n<p><strong>Killian, E.H.<\/strong> (1876). <em>The Bulgarians<\/em>. Frasier\u2019s Magazine, Noiembrie.<\/p>\n<p><strong>Maximovitch, John.<\/strong> (1994). <em>Sermons and Works of our holy father John, Archbishop of Shanghai and San Francisco the Wonderworker<\/em>. \u201cRussian Shepherd\u201d, San Francisco.<\/p>\n<p><strong>McGuckin, J.A.<\/strong> (2010). <em>The Orthodox Church: An Introduction to its History, Doctrine, and Spiritual Culture<\/em>. John Wiley &amp; Sons.<\/p>\n<p><strong>Papademetriou, T.<\/strong> (2015). <em>Render Unto the Sultan: Power, Authority, and the Greek Orthodox Church in the Early Ottoman Centuries<\/em>. Oxford University Press.<\/p>\n<p><strong>Titov, Fr. G.<\/strong> (2006). <em>On the Legality of Nationalism in the Life of the Church<\/em>. The Russian Idea.<\/p>\n<p><strong>Von Mach, Richard.<\/strong> (1907). <em>The Bulgarian Exarchate: History and the Extent of its Authority in Turkey<\/em>. T. Fisher Unwin.<\/p>\n<p>\u00a0<\/p>\n<p>\u00a0<\/p>\n<p><a href=\"https:\/\/www.incorectpolitic.com\/erezia-care-nu-a-existat-o-analiza-istorica-asupra-etnofiletismului\/#_ftnref1\" name=\"_ftn1\">[1]<\/a>\u00a0 Zhinzifov, K. (1869). The Current State of the Greek-Bulgarian Church Question.\u00a0 Martie, pp. 441-461.<\/p>\n<p><a href=\"https:\/\/www.incorectpolitic.com\/erezia-care-nu-a-existat-o-analiza-istorica-asupra-etnofiletismului\/#_ftnref2\" name=\"_ftn2\">[2]<\/a> Citat din: Titov, Fr. G. (2006). On the Legality of Nationalism in the Life of the Church. The Russian Idea.<\/p>\n<p><a href=\"https:\/\/www.incorectpolitic.com\/erezia-care-nu-a-existat-o-analiza-istorica-asupra-etnofiletismului\/#_ftnref3\" name=\"_ftn3\">[3]<\/a> Killian, E.H. (1876). The Bulgarians. Frasier\u2019s Magazine, Noiembrie.<\/p>\n<p><a href=\"https:\/\/www.incorectpolitic.com\/erezia-care-nu-a-existat-o-analiza-istorica-asupra-etnofiletismului\/#_ftnref4\" name=\"_ftn4\">[4]<\/a>\u00a0 McGuckin, J.A. (2010). The Orthodox Church: An Introduction to its History, Doctrine, and Spiritual Culture. John Wiley &amp; Sons, p. 33.<\/p>\n<p><a href=\"https:\/\/www.incorectpolitic.com\/erezia-care-nu-a-existat-o-analiza-istorica-asupra-etnofiletismului\/#_ftnref5\" name=\"_ftn5\">[5]<\/a> Papademetriou, T. (2015). Render Unto the Sultan: Power, Authority, and the Greek Orthodox Church in the Early Ottoman Centuries. Oxford University Press, p. 113.<\/p>\n<p><a href=\"https:\/\/www.incorectpolitic.com\/erezia-care-nu-a-existat-o-analiza-istorica-asupra-etnofiletismului\/#_ftnref6\" name=\"_ftn6\">[6]<\/a> Von Mach, Richard. (1907). The Bulgarian Exarchate: History and the Extent of its Authority in Turkey. T. Fisher Unwin, pp. 14-15, 18.<\/p>\n<p><a href=\"https:\/\/www.incorectpolitic.com\/erezia-care-nu-a-existat-o-analiza-istorica-asupra-etnofiletismului\/#_ftnref7\" name=\"_ftn7\">[7]<\/a> Maximovitch, John. (1994). Sermons and Works of our holy father John, Archbishop of Shanghai and San Francisco the Wonderworker. \u201cRussian Shepherd\u201d, San Francisco, pp. 246-247.<\/p>\n<\/div>\n<article class=\"post-80361 post type-post status-publish entry includes-feat-image\">\n<div class=\"featured-image alignleft\"><a class=\"featured_post_link\" href=\"https:\/\/www.incorectpolitic.com\/ultimul-fiu-al-daciei\/\" title=\"Ultimul Fiu al Daciei\"><img loading=\"lazy\" decoding=\"async\" width=\"100\" height=\"150\" src=\"https:\/\/www.incorectpolitic.com\/wp-content\/uploads\/2025\/10\/dac.jpeg\" class=\"attachment-thumbnail size-thumbnail wp-post-image lazyload\" alt><img loading=\"lazy\" decoding=\"async\" width=\"100\" height=\"150\" src=\"https:\/\/www.incorectpolitic.com\/wp-content\/uploads\/2025\/10\/dac.jpeg\" class=\"attachment-thumbnail size-thumbnail wp-post-image\" alt data-eio=\"l\"><\/a><\/div>\n<div class=\"entry-title\"><a class=\"featured_post_link\" href=\"https:\/\/www.incorectpolitic.com\/ultimul-fiu-al-daciei\/\" title=\"Ultimul Fiu al Daciei\">Ultimul Fiu al Daciei<\/a><\/div>\n<\/article>\n<article class=\"post-73927 post type-post status-publish entry includes-feat-image\">\n<div class=\"featured-image alignleft\"><a class=\"featured_post_link\" href=\"https:\/\/www.incorectpolitic.com\/cauzele-si-dinamica-antisemitismului\/\" title=\"Cauzele \u0219i Dinamica Antisemitismului\"><img loading=\"lazy\" decoding=\"async\" width=\"150\" height=\"150\" src=\"https:\/\/www.incorectpolitic.com\/wp-content\/uploads\/2018\/09\/bolshevik-jews-150x150.jpg\" class=\"attachment-thumbnail size-thumbnail wp-post-image lazyload\" alt><img loading=\"lazy\" decoding=\"async\" width=\"150\" height=\"150\" src=\"https:\/\/www.incorectpolitic.com\/wp-content\/uploads\/2018\/09\/bolshevik-jews-150x150.jpg\" class=\"attachment-thumbnail size-thumbnail wp-post-image\" alt data-eio=\"l\"><\/a><\/div>\n<div class=\"entry-title\"><a class=\"featured_post_link\" href=\"https:\/\/www.incorectpolitic.com\/cauzele-si-dinamica-antisemitismului\/\" title=\"Cauzele \u0219i Dinamica Antisemitismului\">Cauzele \u0219i Dinamica Antisemitismului<\/a><\/div>\n<\/article>\n<article class=\"post-72974 post type-post status-publish entry includes-feat-image\">\n<div class=\"featured-image alignleft\"><a class=\"featured_post_link\" href=\"https:\/\/www.incorectpolitic.com\/navalirea-jidanilor-de-vasile-alecsandri-piesa-interzisa\/\" title=\"N\u0103v\u0103lirea Jidanilor \u2013 de Vasile Alecsandri (Pies\u0103 interzis\u0103)\"><img loading=\"lazy\" decoding=\"async\" width=\"150\" height=\"150\" src=\"https:\/\/www.incorectpolitic.com\/wp-content\/uploads\/2024\/02\/jidani-navalire-2.png\" class=\"attachment-thumbnail size-thumbnail wp-post-image lazyload\" alt><img loading=\"lazy\" decoding=\"async\" width=\"150\" height=\"150\" src=\"https:\/\/www.incorectpolitic.com\/wp-content\/uploads\/2024\/02\/jidani-navalire-2.png\" class=\"attachment-thumbnail size-thumbnail wp-post-image\" alt data-eio=\"l\"><\/a><\/div>\n<div class=\"entry-title\"><a class=\"featured_post_link\" href=\"https:\/\/www.incorectpolitic.com\/navalirea-jidanilor-de-vasile-alecsandri-piesa-interzisa\/\" title=\"N\u0103v\u0103lirea Jidanilor \u2013 de Vasile Alecsandri (Pies\u0103 interzis\u0103)\">N\u0103v\u0103lirea Jidanilor \u2013 de Vasile Alecsandri (Pies\u0103 interzis\u0103)<\/a><\/div>\n<\/article>\n<article class=\"post-71879 post type-post status-publish entry includes-feat-image\">\n<div class=\"featured-image alignleft\"><a class=\"featured_post_link\" href=\"https:\/\/www.incorectpolitic.com\/europa-si-romania-in-anul-2050\/\" title=\"Europa \u0219i Rom\u00e2nia \u00een anul 2050\"><img loading=\"lazy\" decoding=\"async\" width=\"147\" height=\"150\" src=\"https:\/\/www.incorectpolitic.com\/wp-content\/uploads\/2024\/01\/Romania-2050-2.png\" class=\"attachment-thumbnail size-thumbnail wp-post-image lazyload\" alt><img loading=\"lazy\" decoding=\"async\" width=\"147\" height=\"150\" src=\"https:\/\/www.incorectpolitic.com\/wp-content\/uploads\/2024\/01\/Romania-2050-2.png\" class=\"attachment-thumbnail size-thumbnail wp-post-image\" alt data-eio=\"l\"><\/a><\/div>\n<div class=\"entry-title\"><a class=\"featured_post_link\" href=\"https:\/\/www.incorectpolitic.com\/europa-si-romania-in-anul-2050\/\" title=\"Europa \u0219i Rom\u00e2nia \u00een anul 2050\">Europa \u0219i Rom\u00e2nia \u00een anul 2050<\/a><\/div>\n<\/article>\n<article class=\"post-23854 post type-post status-publish entry includes-feat-image\">\n<div class=\"featured-image alignleft\"><a class=\"featured_post_link\" href=\"https:\/\/www.incorectpolitic.com\/vizita-papei-autonomie-alternativa\/\" title=\"Vizita Papei \u2013 Autonomie Alternativ\u0103\"><img loading=\"lazy\" decoding=\"async\" width=\"150\" height=\"150\" class=\"attachment-thumbnail size-thumbnail wp-post-image lazyload\" alt src=\"https:\/\/www.incorectpolitic.com\/wp-content\/uploads\/2019\/06\/uI2HFtR-150x150.jpg\"><img loading=\"lazy\" decoding=\"async\" width=\"150\" height=\"150\" src=\"https:\/\/www.incorectpolitic.com\/wp-content\/uploads\/2019\/06\/uI2HFtR-150x150.jpg\" class=\"attachment-thumbnail size-thumbnail wp-post-image\" alt data-eio=\"l\"><\/a><\/div>\n<div class=\"entry-title\"><a class=\"featured_post_link\" href=\"https:\/\/www.incorectpolitic.com\/vizita-papei-autonomie-alternativa\/\" title=\"Vizita Papei \u2013 Autonomie Alternativ\u0103\">Vizita Papei \u2013 Autonomie Alternativ\u0103<\/a><\/div>\n<\/article>\n<article class=\"post-72111 post type-post status-publish entry includes-feat-image\">\n<div class=\"featured-image alignleft\"><a class=\"featured_post_link\" href=\"https:\/\/www.incorectpolitic.com\/revelion-2023-2024-vine-anul-biruintei\/\" title=\"Revelion 2023 \u2013 2024 vine ANUL BIRUIN\u021aEI\"><img loading=\"lazy\" decoding=\"async\" width=\"150\" height=\"150\" src=\"https:\/\/www.incorectpolitic.com\/wp-content\/uploads\/2023\/12\/anul-biruintei.png\" class=\"attachment-thumbnail size-thumbnail wp-post-image lazyload\" alt><img loading=\"lazy\" decoding=\"async\" width=\"150\" height=\"150\" src=\"https:\/\/www.incorectpolitic.com\/wp-content\/uploads\/2023\/12\/anul-biruintei.png\" class=\"attachment-thumbnail size-thumbnail wp-post-image\" alt data-eio=\"l\"><\/a><\/div>\n<div class=\"entry-title\"><a class=\"featured_post_link\" href=\"https:\/\/www.incorectpolitic.com\/revelion-2023-2024-vine-anul-biruintei\/\" title=\"Revelion 2023 \u2013 2024 vine ANUL BIRUIN\u021aEI\">Revelion 2023 \u2013 2024 vine ANUL BIRUIN\u021aEI<\/a><\/div>\n<\/article>\n<article class=\"post-50139 post type-post status-publish entry includes-feat-image\">\n<div class=\"featured-image alignleft\"><a class=\"featured_post_link\" href=\"https:\/\/www.incorectpolitic.com\/analiza-strategiei-adoptata-de-guvern-pentru-combaterea-antisemitismului-xenofobiei-si-discursului-instigator-la-ura-2021-2023\/\" title=\"Analiza Strategiei Adoptat\u0103 de Guvern Pentru Combaterea \u201cantisemitismului, xenofobiei \u0219i discursului instigator la ur\u0103 2021-2023\u201d\"><img loading=\"lazy\" decoding=\"async\" width=\"150\" height=\"150\" src=\"https:\/\/www.incorectpolitic.com\/wp-content\/uploads\/2019\/08\/Jewish-censorship-e1421273251759-2-150x150.jpg\" class=\"attachment-thumbnail size-thumbnail wp-post-image lazyload\" alt><img loading=\"lazy\" decoding=\"async\" width=\"150\" height=\"150\" src=\"https:\/\/www.incorectpolitic.com\/wp-content\/uploads\/2019\/08\/Jewish-censorship-e1421273251759-2-150x150.jpg\" class=\"attachment-thumbnail size-thumbnail wp-post-image\" alt data-eio=\"l\"><\/a><\/div>\n<div class=\"entry-title\"><a class=\"featured_post_link\" href=\"https:\/\/www.incorectpolitic.com\/analiza-strategiei-adoptata-de-guvern-pentru-combaterea-antisemitismului-xenofobiei-si-discursului-instigator-la-ura-2021-2023\/\" title=\"Analiza Strategiei Adoptat\u0103 de Guvern Pentru Combaterea \u201cantisemitismului, xenofobiei \u0219i discursului instigator la ur\u0103 2021-2023\u201d\">Analiza Strategiei Adoptat\u0103 de Guvern Pentru Combaterea \u201cantisemitismului, xenofobiei \u0219i discursului instigator la ur\u0103 2021-2023\u201d<\/a><\/div>\n<\/article>\n<article class=\"post-70829 post type-post status-publish entry includes-feat-image\">\n<div class=\"featured-image alignleft\"><a class=\"featured_post_link\" href=\"https:\/\/www.incorectpolitic.com\/pozitia-unilaterala-a-pseudo-politicienilor-din-romania-si-a-bor-in-sustinerea-israelului-singurul-stat-terorist-din-lume-arata-ca-acestia-nu-au-o-fibra-cu-adevarat-nationala\/\" title=\"Pozi\u021bia unilateral\u0103 a pseudo politicienilor din Rom\u00e2nia \u0219i a BOR \u00een sus\u021binerea Israelului, singurul stat terorist din lume, arat\u0103 c\u0103 ace\u0219tia nu au o fibr\u0103 cu adev\u0103rat na\u021bional\u0103\"><img loading=\"lazy\" decoding=\"async\" width=\"150\" height=\"89\" src=\"https:\/\/www.incorectpolitic.com\/wp-content\/uploads\/2023\/08\/circumcision.png\" class=\"attachment-thumbnail size-thumbnail wp-post-image lazyload\" alt><img loading=\"lazy\" decoding=\"async\" width=\"150\" height=\"89\" src=\"https:\/\/www.incorectpolitic.com\/wp-content\/uploads\/2023\/08\/circumcision.png\" class=\"attachment-thumbnail size-thumbnail wp-post-image\" alt data-eio=\"l\"><\/a><\/div>\n<div class=\"entry-title\"><a class=\"featured_post_link\" href=\"https:\/\/www.incorectpolitic.com\/pozitia-unilaterala-a-pseudo-politicienilor-din-romania-si-a-bor-in-sustinerea-israelului-singurul-stat-terorist-din-lume-arata-ca-acestia-nu-au-o-fibra-cu-adevarat-nationala\/\" title=\"Pozi\u021bia unilateral\u0103 a pseudo politicienilor din Rom\u00e2nia \u0219i a BOR \u00een sus\u021binerea Israelului, singurul stat terorist din lume, arat\u0103 c\u0103 ace\u0219tia nu au o fibr\u0103 cu adev\u0103rat na\u021bional\u0103\">Pozi\u021bia unilateral\u0103 a pseudo politicienilor din Rom\u00e2nia \u0219i a BOR \u00een sus\u021binerea Israelului, singurul stat terorist din lume, arat\u0103 c\u0103 ace\u0219tia nu au o fibr\u0103 cu adev\u0103rat na\u021bional\u0103<\/a><\/div>\n<\/article>\n<article class=\"post-66937 post type-post status-publish entry includes-feat-image\">\n<div class=\"featured-image alignleft\"><a class=\"featured_post_link\" href=\"https:\/\/www.incorectpolitic.com\/agresiunea-impotriva-revizionistilor-istorici-si-efectele-linsajului-judiciar-de-la-nuremberg\/\" title=\"Agresiunea \u00eempotriva Revizioni\u0219tilor Istorici \u0219i efectele lin\u0219ajului judiciar de la Nurnberg\"><img loading=\"lazy\" decoding=\"async\" width=\"150\" height=\"100\" src=\"https:\/\/www.incorectpolitic.com\/wp-content\/uploads\/2023\/04\/image_2023-04-30_134634134.png\" class=\"attachment-thumbnail size-thumbnail wp-post-image lazyload\" alt><img loading=\"lazy\" decoding=\"async\" width=\"150\" height=\"100\" src=\"https:\/\/www.incorectpolitic.com\/wp-content\/uploads\/2023\/04\/image_2023-04-30_134634134.png\" class=\"attachment-thumbnail size-thumbnail wp-post-image\" alt data-eio=\"l\"><\/a><\/div>\n<div class=\"entry-title\"><a class=\"featured_post_link\" href=\"https:\/\/www.incorectpolitic.com\/agresiunea-impotriva-revizionistilor-istorici-si-efectele-linsajului-judiciar-de-la-nuremberg\/\" title=\"Agresiunea \u00eempotriva Revizioni\u0219tilor Istorici \u0219i efectele lin\u0219ajului judiciar de la Nurnberg\">Agresiunea \u00eempotriva Revizioni\u0219tilor Istorici \u0219i efectele lin\u0219ajului judiciar de la Nurnberg<\/a><\/div>\n<\/article>\n<article class=\"post-19111 post type-post status-publish entry includes-feat-image\">\n<div class=\"featured-image alignleft\"><a class=\"featured_post_link\" href=\"https:\/\/www.incorectpolitic.com\/despre-adevar\/\" title=\"Despre Adev\u0103r\"><img loading=\"lazy\" decoding=\"async\" width=\"150\" height=\"150\" src=\"https:\/\/www.incorectpolitic.com\/wp-content\/uploads\/2019\/02\/freedomfromchain-150x150.jpg\" class=\"attachment-thumbnail size-thumbnail wp-post-image lazyload\" alt><img loading=\"lazy\" decoding=\"async\" width=\"150\" height=\"150\" src=\"https:\/\/www.incorectpolitic.com\/wp-content\/uploads\/2019\/02\/freedomfromchain-150x150.jpg\" class=\"attachment-thumbnail size-thumbnail wp-post-image\" alt data-eio=\"l\"><\/a><\/div>\n<div class=\"entry-title\"><a class=\"featured_post_link\" href=\"https:\/\/www.incorectpolitic.com\/despre-adevar\/\" title=\"Despre Adev\u0103r\">Despre Adev\u0103r<\/a><\/div>\n<\/article>\n<article class=\"post-53767 post type-post status-publish entry includes-feat-image\">\n<div class=\"featured-image alignleft\"><a class=\"featured_post_link\" href=\"https:\/\/www.incorectpolitic.com\/dictionarul-coincidentelor-cine-sunt-iudeii-care-ne-au-influentat-tara-in-istoria-recenta\/\" title=\"DIC\u021aIONARUL COINCIDEN\u021aELOR  \u2013 Cine sunt iudeii care ne-au influen\u021bat \u021bara \u00een istoria recent\u0103\"><img loading=\"lazy\" decoding=\"async\" width=\"150\" height=\"150\" src=\"https:\/\/www.incorectpolitic.com\/wp-content\/uploads\/2021\/09\/coinc-150x150.png\" class=\"attachment-thumbnail size-thumbnail wp-post-image lazyload\" alt><img loading=\"lazy\" decoding=\"async\" width=\"150\" height=\"150\" src=\"https:\/\/www.incorectpolitic.com\/wp-content\/uploads\/2021\/09\/coinc-150x150.png\" class=\"attachment-thumbnail size-thumbnail wp-post-image\" alt data-eio=\"l\"><\/a><\/div>\n<div class=\"entry-title\"><a class=\"featured_post_link\" href=\"https:\/\/www.incorectpolitic.com\/dictionarul-coincidentelor-cine-sunt-iudeii-care-ne-au-influentat-tara-in-istoria-recenta\/\" title=\"DIC\u021aIONARUL COINCIDEN\u021aELOR  \u2013 Cine sunt iudeii care ne-au influen\u021bat \u021bara \u00een istoria recent\u0103\">DIC\u021aIONARUL COINCIDEN\u021aELOR  \u2013 Cine sunt iudeii care ne-au influen\u021bat \u021bara \u00een istoria recent\u0103<\/a><\/div>\n<\/article>\n<article class=\"post-51156 post type-post status-publish entry includes-feat-image\">\n<div class=\"featured-image alignleft\"><a class=\"featured_post_link\" href=\"https:\/\/www.incorectpolitic.com\/desertaciune-nu-aparare\/\" title=\"DE\u0218ERT\u0102CIUNE?! Nu, AP\u0102RARE!\"><img loading=\"lazy\" decoding=\"async\" width=\"150\" height=\"150\" class=\"attachment-thumbnail size-thumbnail wp-post-image lazyload\" alt src=\"https:\/\/www.incorectpolitic.com\/wp-content\/uploads\/2021\/06\/desertaciune-nu-aparare-150x150.jpg\"><img loading=\"lazy\" decoding=\"async\" width=\"150\" height=\"150\" src=\"https:\/\/www.incorectpolitic.com\/wp-content\/uploads\/2021\/06\/desertaciune-nu-aparare-150x150.jpg\" class=\"attachment-thumbnail size-thumbnail wp-post-image\" alt data-eio=\"l\"><\/a><\/div>\n<div class=\"entry-title\"><a class=\"featured_post_link\" href=\"https:\/\/www.incorectpolitic.com\/desertaciune-nu-aparare\/\" title=\"DE\u0218ERT\u0102CIUNE?! Nu, AP\u0102RARE!\">DE\u0218ERT\u0102CIUNE?! Nu, AP\u0102RARE!<\/a><\/div>\n<\/article>\n<article class=\"post-44728 post type-post status-publish entry includes-feat-image\">\n<div class=\"featured-image alignleft\"><a class=\"featured_post_link\" href=\"https:\/\/www.incorectpolitic.com\/resetarea-medicinei-sau-resetarea-omenirii-prin-nanotehnologie\/\" title=\"Resetarea Medicinei sau Resetarea Omenirii prin Nanotehnologie\"><img loading=\"lazy\" decoding=\"async\" width=\"150\" height=\"150\" src=\"https:\/\/www.incorectpolitic.com\/wp-content\/uploads\/2020\/12\/ed8a914d6d236c9d231903a8b2e79f63-150x150.gif\" class=\"attachment-thumbnail size-thumbnail wp-post-image lazyload\" alt><img loading=\"lazy\" decoding=\"async\" width=\"150\" height=\"150\" src=\"https:\/\/www.incorectpolitic.com\/wp-content\/uploads\/2020\/12\/ed8a914d6d236c9d231903a8b2e79f63-150x150.gif\" class=\"attachment-thumbnail size-thumbnail wp-post-image\" alt data-eio=\"l\"><\/a><\/div>\n<div class=\"entry-title\"><a class=\"featured_post_link\" href=\"https:\/\/www.incorectpolitic.com\/resetarea-medicinei-sau-resetarea-omenirii-prin-nanotehnologie\/\" title=\"Resetarea Medicinei sau Resetarea Omenirii prin Nanotehnologie\">Resetarea Medicinei sau Resetarea Omenirii prin Nanotehnologie<\/a><\/div>\n<\/article>\n<article class=\"post-43837 post type-post status-publish entry includes-feat-image\">\n<div class=\"featured-image alignleft\"><a class=\"featured_post_link\" href=\"https:\/\/www.incorectpolitic.com\/noul-legamant\/\" title=\"Noul Leg\u0103m\u00e2nt\"><img loading=\"lazy\" decoding=\"async\" width=\"150\" height=\"150\" src=\"https:\/\/www.incorectpolitic.com\/wp-content\/uploads\/2020\/12\/NL-150x150.jpg\" class=\"attachment-thumbnail size-thumbnail wp-post-image lazyload\" alt><img loading=\"lazy\" decoding=\"async\" width=\"150\" height=\"150\" src=\"https:\/\/www.incorectpolitic.com\/wp-content\/uploads\/2020\/12\/NL-150x150.jpg\" class=\"attachment-thumbnail size-thumbnail wp-post-image\" alt data-eio=\"l\"><\/a><\/div>\n<div class=\"entry-title\"><a class=\"featured_post_link\" href=\"https:\/\/www.incorectpolitic.com\/noul-legamant\/\" title=\"Noul Leg\u0103m\u00e2nt\">Noul Leg\u0103m\u00e2nt<\/a><\/div>\n<\/article>\n<article class=\"post-42525 post type-post status-publish entry includes-feat-image\">\n<div class=\"featured-image alignleft\"><a class=\"featured_post_link\" href=\"https:\/\/www.incorectpolitic.com\/vaccinarea-inseamna-crima-un-atentat-la-sanatatea-personala-la-integritatea-corporala-si-intimitatea-oricarui-om-liber-medicul-ce-vaccineaza-cu-forta-un-om-liber-merita-sa-fie-pedepsit-de-acesta\/\" title=\"Vaccinarea \u00eenseamn\u0103 crim\u0103, un atentat la s\u0103n\u0103tatea personal\u0103, la integritatea corporal\u0103 \u0219i intimitatea oric\u0103rui om liber. Medicul ce vaccineaz\u0103 cu for\u021ba un om liber merit\u0103 s\u0103 fie pedepsit de acesta\"><img loading=\"lazy\" decoding=\"async\" width=\"150\" height=\"150\" src=\"https:\/\/www.incorectpolitic.com\/wp-content\/uploads\/2020\/11\/syringe_0-150x150.jpg\" class=\"attachment-thumbnail size-thumbnail wp-post-image lazyload\" alt><img loading=\"lazy\" decoding=\"async\" width=\"150\" height=\"150\" src=\"https:\/\/www.incorectpolitic.com\/wp-content\/uploads\/2020\/11\/syringe_0-150x150.jpg\" class=\"attachment-thumbnail size-thumbnail wp-post-image\" alt data-eio=\"l\"><\/a><\/div>\n<div class=\"entry-title\"><a class=\"featured_post_link\" href=\"https:\/\/www.incorectpolitic.com\/vaccinarea-inseamna-crima-un-atentat-la-sanatatea-personala-la-integritatea-corporala-si-intimitatea-oricarui-om-liber-medicul-ce-vaccineaza-cu-forta-un-om-liber-merita-sa-fie-pedepsit-de-acesta\/\" title=\"Vaccinarea \u00eenseamn\u0103 crim\u0103, un atentat la s\u0103n\u0103tatea personal\u0103, la integritatea corporal\u0103 \u0219i intimitatea oric\u0103rui om liber. Medicul ce vaccineaz\u0103 cu for\u021ba un om liber merit\u0103 s\u0103 fie pedepsit de acesta\">Vaccinarea \u00eenseamn\u0103 crim\u0103, un atentat la s\u0103n\u0103tatea personal\u0103, la integritatea corporal\u0103 \u0219i intimitatea oric\u0103rui om liber. Medicul ce vaccineaz\u0103 cu for\u021ba un om liber merit\u0103 s\u0103 fie pedepsit de acesta<\/a><\/div>\n<\/article>\n<article class=\"post-38338 post type-post status-publish entry includes-feat-image\">\n<div class=\"featured-image alignleft\"><a class=\"featured_post_link\" href=\"https:\/\/www.incorectpolitic.com\/trebuie-sa-distrugem-suprematia-jidoveasca\/\" title=\"Trebuie s\u0103 distrugem superma\u021bia jidoveasc\u0103!\"><img loading=\"lazy\" decoding=\"async\" width=\"150\" height=\"150\" src=\"https:\/\/www.incorectpolitic.com\/wp-content\/uploads\/2018\/11\/GunoiOPS-150x150.png\" class=\"attachment-thumbnail size-thumbnail wp-post-image lazyload\" alt><img loading=\"lazy\" decoding=\"async\" width=\"150\" height=\"150\" src=\"https:\/\/www.incorectpolitic.com\/wp-content\/uploads\/2018\/11\/GunoiOPS-150x150.png\" class=\"attachment-thumbnail size-thumbnail wp-post-image\" alt data-eio=\"l\"><\/a><\/div>\n<div class=\"entry-title\"><a class=\"featured_post_link\" href=\"https:\/\/www.incorectpolitic.com\/trebuie-sa-distrugem-suprematia-jidoveasca\/\" title=\"Trebuie s\u0103 distrugem superma\u021bia jidoveasc\u0103!\">Trebuie s\u0103 distrugem superma\u021bia jidoveasc\u0103!<\/a><\/div>\n<\/article>\n<article class=\"post-30776 post type-post status-publish entry includes-feat-image\">\n<div class=\"featured-image alignleft\"><a class=\"featured_post_link\" href=\"https:\/\/www.incorectpolitic.com\/da-ti-doua-palme-si-ridica-te\/\" title=\"D\u0103-\u021bi Dou\u0103 Palme \u0219i Ridic\u0103-te\"><img loading=\"lazy\" decoding=\"async\" width=\"150\" height=\"150\" src=\"https:\/\/www.incorectpolitic.com\/wp-content\/uploads\/2019\/11\/1-mai-620x350-150x150.jpg\" class=\"attachment-thumbnail size-thumbnail wp-post-image lazyload\" alt><img loading=\"lazy\" decoding=\"async\" width=\"150\" height=\"150\" src=\"https:\/\/www.incorectpolitic.com\/wp-content\/uploads\/2019\/11\/1-mai-620x350-150x150.jpg\" class=\"attachment-thumbnail size-thumbnail wp-post-image\" alt data-eio=\"l\"><\/a><\/div>\n<div class=\"entry-title\"><a class=\"featured_post_link\" href=\"https:\/\/www.incorectpolitic.com\/da-ti-doua-palme-si-ridica-te\/\" title=\"D\u0103-\u021bi Dou\u0103 Palme \u0219i Ridic\u0103-te\">D\u0103-\u021bi Dou\u0103 Palme \u0219i Ridic\u0103-te<\/a><\/div>\n<\/article>\n<article class=\"post-27862 post type-post status-publish entry includes-feat-image\">\n<div class=\"featured-image alignleft\"><a class=\"featured_post_link\" href=\"https:\/\/www.incorectpolitic.com\/scrisoare-deschisa-catre-neamul-romanesc\/\" title=\"Scrisoare Deschis\u0103 C\u0103tre Neamul Rom\u00e2nesc\"><img loading=\"lazy\" decoding=\"async\" width=\"150\" height=\"150\" src=\"https:\/\/www.incorectpolitic.com\/wp-content\/uploads\/2019\/09\/videoblocks-male-hand-reload-a-revolver-magnum-gun-without-bullets-magnum-revolver-and-empty-bullet-magnum-lead-round-nose-45-auto-rim-revolver-rounds_ha1focujz_thumbnail-full01-150x150.jpg\" class=\"attachment-thumbnail size-thumbnail wp-post-image lazyload\" alt><img loading=\"lazy\" decoding=\"async\" width=\"150\" height=\"150\" src=\"https:\/\/www.incorectpolitic.com\/wp-content\/uploads\/2019\/09\/videoblocks-male-hand-reload-a-revolver-magnum-gun-without-bullets-magnum-revolver-and-empty-bullet-magnum-lead-round-nose-45-auto-rim-revolver-rounds_ha1focujz_thumbnail-full01-150x150.jpg\" class=\"attachment-thumbnail size-thumbnail wp-post-image\" alt data-eio=\"l\"><\/a><\/div>\n<div class=\"entry-title\"><a class=\"featured_post_link\" href=\"https:\/\/www.incorectpolitic.com\/scrisoare-deschisa-catre-neamul-romanesc\/\" title=\"Scrisoare Deschis\u0103 C\u0103tre Neamul Rom\u00e2nesc\">Scrisoare Deschis\u0103 C\u0103tre Neamul Rom\u00e2nesc<\/a><\/div>\n<\/article>\n<article class=\"post-26255 post type-post status-publish entry includes-feat-image\">\n<div class=\"featured-image alignleft\"><a class=\"featured_post_link\" href=\"https:\/\/www.incorectpolitic.com\/sociologia-eliberarii-si-curentele-laterale-de-sedimentare-revolutionara\/\" title=\"Sociologia Eliber\u0103rii \u0219i Curentele Laterale de Sedimentare Revolu\u021bionar\u0103\"><img loading=\"lazy\" decoding=\"async\" width=\"150\" height=\"150\" src=\"https:\/\/www.incorectpolitic.com\/wp-content\/uploads\/2020\/12\/nm3-150x150.png\" class=\"attachment-thumbnail size-thumbnail wp-post-image lazyload\" alt><img loading=\"lazy\" decoding=\"async\" width=\"150\" height=\"150\" src=\"https:\/\/www.incorectpolitic.com\/wp-content\/uploads\/2020\/12\/nm3-150x150.png\" class=\"attachment-thumbnail size-thumbnail wp-post-image\" alt data-eio=\"l\"><\/a><\/div>\n<div class=\"entry-title\"><a class=\"featured_post_link\" href=\"https:\/\/www.incorectpolitic.com\/sociologia-eliberarii-si-curentele-laterale-de-sedimentare-revolutionara\/\" title=\"Sociologia Eliber\u0103rii \u0219i Curentele Laterale de Sedimentare Revolu\u021bionar\u0103\">Sociologia Eliber\u0103rii \u0219i Curentele Laterale de Sedimentare Revolu\u021bionar\u0103<\/a><\/div>\n<\/article>\n<article class=\"post-21977 post type-post status-publish entry includes-feat-image\">\n<div class=\"featured-image alignleft\"><a class=\"featured_post_link\" href=\"https:\/\/www.incorectpolitic.com\/impotriva-fatalismului\/\" title=\"\u00cempotriva Fatalismului\"><img loading=\"lazy\" decoding=\"async\" width=\"150\" height=\"150\" src=\"https:\/\/www.incorectpolitic.com\/wp-content\/uploads\/2019\/04\/thumb-150x150.jpg\" class=\"attachment-thumbnail size-thumbnail wp-post-image lazyload\" alt><img loading=\"lazy\" decoding=\"async\" width=\"150\" height=\"150\" src=\"https:\/\/www.incorectpolitic.com\/wp-content\/uploads\/2019\/04\/thumb-150x150.jpg\" class=\"attachment-thumbnail size-thumbnail wp-post-image\" alt data-eio=\"l\"><\/a><\/div>\n<div class=\"entry-title\"><a class=\"featured_post_link\" href=\"https:\/\/www.incorectpolitic.com\/impotriva-fatalismului\/\" title=\"\u00cempotriva Fatalismului\">\u00cempotriva Fatalismului<\/a><\/div>\n<\/article>\n<article class=\"post-20844 post type-post status-publish entry includes-feat-image\">\n<div class=\"featured-image alignleft\"><a class=\"featured_post_link\" href=\"https:\/\/www.incorectpolitic.com\/inceputul-etapei-post-globaliste-mass-media-ultimul-obstacol\/\" title=\"\u00cenceputul Etapei Post-Globaliste \u2013  Mass Media Ultimul Obstacol\"><img loading=\"lazy\" decoding=\"async\" width=\"150\" height=\"150\" src=\"https:\/\/www.incorectpolitic.com\/wp-content\/uploads\/2019\/03\/https___cdn.cnn_.com_cnnnext_dam_assets_181202123002-yellow-vest-protest-150x150.jpg\" class=\"attachment-thumbnail size-thumbnail wp-post-image lazyload\" alt><img loading=\"lazy\" decoding=\"async\" width=\"150\" height=\"150\" src=\"https:\/\/www.incorectpolitic.com\/wp-content\/uploads\/2019\/03\/https___cdn.cnn_.com_cnnnext_dam_assets_181202123002-yellow-vest-protest-150x150.jpg\" class=\"attachment-thumbnail size-thumbnail wp-post-image\" alt data-eio=\"l\"><\/a><\/div>\n<div class=\"entry-title\"><a class=\"featured_post_link\" href=\"https:\/\/www.incorectpolitic.com\/inceputul-etapei-post-globaliste-mass-media-ultimul-obstacol\/\" title=\"\u00cenceputul Etapei Post-Globaliste \u2013  Mass Media Ultimul Obstacol\">\u00cenceputul Etapei Post-Globaliste \u2013  Mass Media Ultimul Obstacol<\/a><\/div>\n<\/article>\n<article class=\"post-19704 post type-post status-publish entry includes-feat-image\">\n<div class=\"featured-image alignleft\"><a class=\"featured_post_link\" href=\"https:\/\/www.incorectpolitic.com\/mlastina-mass-media-serial-complet\/\" title=\"Mla\u0219tina Mass Media  \u2013 Serial Complet\"><img loading=\"lazy\" decoding=\"async\" width=\"150\" height=\"150\" src=\"https:\/\/www.incorectpolitic.com\/wp-content\/uploads\/2018\/06\/colaj-modificat-1-768x278-150x150.jpg\" class=\"attachment-thumbnail size-thumbnail wp-post-image lazyload\" alt><img loading=\"lazy\" decoding=\"async\" width=\"150\" height=\"150\" src=\"https:\/\/www.incorectpolitic.com\/wp-content\/uploads\/2018\/06\/colaj-modificat-1-768x278-150x150.jpg\" class=\"attachment-thumbnail size-thumbnail wp-post-image\" alt data-eio=\"l\"><\/a><\/div>\n<div class=\"entry-title\"><a class=\"featured_post_link\" href=\"https:\/\/www.incorectpolitic.com\/mlastina-mass-media-serial-complet\/\" title=\"Mla\u0219tina Mass Media  \u2013 Serial Complet\">Mla\u0219tina Mass Media  \u2013 Serial Complet<\/a><\/div>\n<\/article>\n<article class=\"post-5104 post type-post status-publish entry includes-feat-image\">\n<div class=\"featured-image alignleft\"><a class=\"featured_post_link\" href=\"https:\/\/www.incorectpolitic.com\/momentul-1937\/\" title=\"Momentul 1937\"><img loading=\"lazy\" decoding=\"async\" width=\"150\" height=\"150\" src=\"https:\/\/www.incorectpolitic.com\/wp-content\/uploads\/2018\/03\/capitanul-codreanu2003a-150x150.jpg\" class=\"attachment-thumbnail size-thumbnail wp-post-image lazyload\" alt><img loading=\"lazy\" decoding=\"async\" width=\"150\" height=\"150\" src=\"https:\/\/www.incorectpolitic.com\/wp-content\/uploads\/2018\/03\/capitanul-codreanu2003a-150x150.jpg\" class=\"attachment-thumbnail size-thumbnail wp-post-image\" alt data-eio=\"l\"><\/a><\/div>\n<div class=\"entry-title\"><a class=\"featured_post_link\" href=\"https:\/\/www.incorectpolitic.com\/momentul-1937\/\" title=\"Momentul 1937\">Momentul 1937<\/a><\/div>\n<\/article>\n<article class=\"post-16914 post type-post status-publish entry includes-feat-image\">\n<div class=\"featured-image alignleft\"><a class=\"featured_post_link\" href=\"https:\/\/www.incorectpolitic.com\/portretul-romanului-iudeo-crestin\/\" title=\"Portretul Rom\u00e2nului Iudeo-Cre\u0219tin Iubitor de Infanticid\"><img loading=\"lazy\" decoding=\"async\" width=\"150\" height=\"150\" src=\"https:\/\/www.incorectpolitic.com\/wp-content\/uploads\/2019\/01\/venn-150x150.jpg\" class=\"attachment-thumbnail size-thumbnail wp-post-image lazyload\" alt><img loading=\"lazy\" decoding=\"async\" width=\"150\" height=\"150\" src=\"https:\/\/www.incorectpolitic.com\/wp-content\/uploads\/2019\/01\/venn-150x150.jpg\" class=\"attachment-thumbnail size-thumbnail wp-post-image\" alt data-eio=\"l\"><\/a><\/div>\n<div class=\"entry-title\"><a class=\"featured_post_link\" href=\"https:\/\/www.incorectpolitic.com\/portretul-romanului-iudeo-crestin\/\" title=\"Portretul Rom\u00e2nului Iudeo-Cre\u0219tin Iubitor de Infanticid\">Portretul Rom\u00e2nului Iudeo-Cre\u0219tin Iubitor de Infanticid<\/a><\/div>\n<\/article>\n<article class=\"post-13899 post type-post status-publish entry includes-feat-image\">\n<div class=\"featured-image alignleft\"><a class=\"featured_post_link\" href=\"https:\/\/www.incorectpolitic.com\/manifest-impotriva-national-sionismului\/\" title=\"Manifest \u00cempotriva Na\u021bional-Sionismului din Rom\u00e2nia\"><img loading=\"lazy\" decoding=\"async\" width=\"150\" height=\"150\" src=\"https:\/\/www.incorectpolitic.com\/wp-content\/uploads\/2018\/10\/z1-150x150.png\" class=\"attachment-thumbnail size-thumbnail wp-post-image lazyload\" alt><img loading=\"lazy\" decoding=\"async\" width=\"150\" height=\"150\" src=\"https:\/\/www.incorectpolitic.com\/wp-content\/uploads\/2018\/10\/z1-150x150.png\" class=\"attachment-thumbnail size-thumbnail wp-post-image\" alt data-eio=\"l\"><\/a><\/div>\n<div class=\"entry-title\"><a class=\"featured_post_link\" href=\"https:\/\/www.incorectpolitic.com\/manifest-impotriva-national-sionismului\/\" title=\"Manifest \u00cempotriva Na\u021bional-Sionismului din Rom\u00e2nia\">Manifest \u00cempotriva Na\u021bional-Sionismului din Rom\u00e2nia<\/a><\/div>\n<\/article>\n<article class=\"post-7498 post type-post status-publish entry includes-feat-image\">\n<div class=\"featured-image alignleft\"><a class=\"featured_post_link\" href=\"https:\/\/www.incorectpolitic.com\/istorie-zydokomuna-cea-mai-completa-lista-a-nomenclaturii-iudeo-bolsevice-din-romania\/\" title=\"Istorie: \u017bYDOKOMUNA, Cea Mai Complet\u0103 List\u0103 a Nomenclaturii Iudeo-Bol\u0219evice din Rom\u00e2nia\"><img loading=\"lazy\" decoding=\"async\" width=\"150\" height=\"150\" src=\"https:\/\/www.incorectpolitic.com\/wp-content\/uploads\/2018\/06\/holocaustul-rosu-150x150.jpg\" class=\"attachment-thumbnail size-thumbnail wp-post-image lazyload\" alt><img loading=\"lazy\" decoding=\"async\" width=\"150\" height=\"150\" src=\"https:\/\/www.incorectpolitic.com\/wp-content\/uploads\/2018\/06\/holocaustul-rosu-150x150.jpg\" class=\"attachment-thumbnail size-thumbnail wp-post-image\" alt data-eio=\"l\"><\/a><\/div>\n<div class=\"entry-title\"><a class=\"featured_post_link\" href=\"https:\/\/www.incorectpolitic.com\/istorie-zydokomuna-cea-mai-completa-lista-a-nomenclaturii-iudeo-bolsevice-din-romania\/\" title=\"Istorie: \u017bYDOKOMUNA, Cea Mai Complet\u0103 List\u0103 a Nomenclaturii Iudeo-Bol\u0219evice din Rom\u00e2nia\">Istorie: \u017bYDOKOMUNA, Cea Mai Complet\u0103 List\u0103 a Nomenclaturii Iudeo-Bol\u0219evice din Rom\u00e2nia<\/a><\/div>\n<\/article>\n<article class=\"post-6413 post type-post status-publish entry includes-feat-image\">\n<div class=\"featured-image alignleft\"><a class=\"featured_post_link\" href=\"https:\/\/www.incorectpolitic.com\/iudaismul-este-un-proiect-politic\/\" title=\"Iudaismul Este Un Proiect Politic\"><img loading=\"lazy\" decoding=\"async\" width=\"150\" height=\"150\" src=\"https:\/\/www.incorectpolitic.com\/wp-content\/uploads\/2018\/05\/israelzionismjudaism5-150x150.jpeg\" class=\"attachment-thumbnail size-thumbnail wp-post-image lazyload\" alt><img loading=\"lazy\" decoding=\"async\" width=\"150\" height=\"150\" src=\"https:\/\/www.incorectpolitic.com\/wp-content\/uploads\/2018\/05\/israelzionismjudaism5-150x150.jpeg\" class=\"attachment-thumbnail size-thumbnail wp-post-image\" alt data-eio=\"l\"><\/a><\/div>\n<div class=\"entry-title\"><a class=\"featured_post_link\" href=\"https:\/\/www.incorectpolitic.com\/iudaismul-este-un-proiect-politic\/\" title=\"Iudaismul Este Un Proiect Politic\">Iudaismul Este Un Proiect Politic<\/a><\/div>\n<\/article>\n<article class=\"post-5089 post type-post status-publish entry includes-feat-image\">\n<div class=\"featured-image alignleft\"><a class=\"featured_post_link\" href=\"https:\/\/www.incorectpolitic.com\/exploziv-si-excluziv-interviul-interzis-in-presa-romaneasca\/\" title=\"EXPLOZIV \u0218I EXCLUSIV: Interviul INTERZIS \u00een Presa Rom\u00e2neasc\u0103\"><img loading=\"lazy\" decoding=\"async\" width=\"150\" height=\"150\" src=\"https:\/\/www.incorectpolitic.com\/wp-content\/uploads\/2018\/03\/gscz6z-150x150.gif\" class=\"attachment-thumbnail size-thumbnail wp-post-image lazyload\" alt><img loading=\"lazy\" decoding=\"async\" width=\"150\" height=\"150\" src=\"https:\/\/www.incorectpolitic.com\/wp-content\/uploads\/2018\/03\/gscz6z-150x150.gif\" class=\"attachment-thumbnail size-thumbnail wp-post-image\" alt data-eio=\"l\"><\/a><\/div>\n<div class=\"entry-title\"><a class=\"featured_post_link\" href=\"https:\/\/www.incorectpolitic.com\/exploziv-si-excluziv-interviul-interzis-in-presa-romaneasca\/\" title=\"EXPLOZIV \u0218I EXCLUSIV: Interviul INTERZIS \u00een Presa Rom\u00e2neasc\u0103\">EXPLOZIV \u0218I EXCLUSIV: Interviul INTERZIS \u00een Presa Rom\u00e2neasc\u0103<\/a><\/div>\n<\/article>\n<article class=\"post-1109 post type-post status-publish entry includes-feat-image\">\n<div class=\"featured-image alignleft\"><a class=\"featured_post_link\" href=\"https:\/\/www.incorectpolitic.com\/ofensiva-spirituala-poloniei\/\" title=\"Ofensiva Spiritual\u0103 a Poloniei\"><img loading=\"lazy\" decoding=\"async\" width=\"150\" height=\"150\" src=\"https:\/\/www.incorectpolitic.com\/wp-content\/uploads\/2017\/10\/jesus-with-whip3-150x150.jpg\" class=\"attachment-thumbnail size-thumbnail wp-post-image lazyload\" alt><img loading=\"lazy\" decoding=\"async\" width=\"150\" height=\"150\" src=\"https:\/\/www.incorectpolitic.com\/wp-content\/uploads\/2017\/10\/jesus-with-whip3-150x150.jpg\" class=\"attachment-thumbnail size-thumbnail wp-post-image\" alt data-eio=\"l\"><\/a><\/div>\n<div class=\"entry-title\"><a class=\"featured_post_link\" href=\"https:\/\/www.incorectpolitic.com\/ofensiva-spirituala-poloniei\/\" title=\"Ofensiva Spiritual\u0103 a Poloniei\">Ofensiva Spiritual\u0103 a Poloniei<\/a><\/div>\n<\/article>\n<article class=\"post-5673 post type-post status-publish entry includes-feat-image\">\n<div class=\"featured-image alignleft\"><a class=\"featured_post_link\" href=\"https:\/\/www.incorectpolitic.com\/biciul-prigonirii-romanilor-este-in-mana-jidanilor\/\" title=\"Biciul Prigonirii Rom\u00e2nilor Este \u00een M\u00e2na Jidanilor!\"><img loading=\"lazy\" decoding=\"async\" width=\"150\" height=\"150\" src=\"https:\/\/www.incorectpolitic.com\/wp-content\/uploads\/2018\/04\/S.-Vexler-si-B.-Netanyahu-150x150.jpg\" class=\"attachment-thumbnail size-thumbnail wp-post-image lazyload\" alt><img loading=\"lazy\" decoding=\"async\" width=\"150\" height=\"150\" src=\"https:\/\/www.incorectpolitic.com\/wp-content\/uploads\/2018\/04\/S.-Vexler-si-B.-Netanyahu-150x150.jpg\" class=\"attachment-thumbnail size-thumbnail wp-post-image\" alt data-eio=\"l\"><\/a><\/div>\n<div class=\"entry-title\"><a class=\"featured_post_link\" href=\"https:\/\/www.incorectpolitic.com\/biciul-prigonirii-romanilor-este-in-mana-jidanilor\/\" title=\"Biciul Prigonirii Rom\u00e2nilor Este \u00een M\u00e2na Jidanilor!\">Biciul Prigonirii Rom\u00e2nilor Este \u00een M\u00e2na Jidanilor!<\/a><\/div>\n<\/article>\n<article class=\"post-80464 post type-post status-publish entry includes-feat-image\">\n<div class=\"featured-image alignleft\"><a class=\"featured_post_link\" href=\"https:\/\/www.incorectpolitic.com\/talmudismul-este-esenta-satanismului\/\" title=\"TALMUDISMUL ESTE ESEN\u021aA SATANISMULUI\"><img loading=\"lazy\" decoding=\"async\" width=\"150\" height=\"150\" src=\"https:\/\/www.incorectpolitic.com\/wp-content\/uploads\/2020\/02\/vasile-zarnescu-150x150.png\" class=\"attachment-thumbnail size-thumbnail wp-post-image lazyload\" alt><img loading=\"lazy\" decoding=\"async\" width=\"150\" height=\"150\" src=\"https:\/\/www.incorectpolitic.com\/wp-content\/uploads\/2020\/02\/vasile-zarnescu-150x150.png\" class=\"attachment-thumbnail size-thumbnail wp-post-image\" alt data-eio=\"l\"><\/a><\/div>\n<div class=\"entry-title\"><a class=\"featured_post_link\" href=\"https:\/\/www.incorectpolitic.com\/talmudismul-este-esenta-satanismului\/\" title=\"TALMUDISMUL ESTE ESEN\u021aA SATANISMULUI\">TALMUDISMUL ESTE ESEN\u021aA SATANISMULUI<\/a><\/div>\n<\/article>\n<article class=\"post-20005 post type-post status-publish entry includes-feat-image\">\n<div class=\"featured-image alignleft\"><a class=\"featured_post_link\" href=\"https:\/\/www.incorectpolitic.com\/viciul-matematic-elementar-v-m-e-2\/\" title=\"Viciul Matematic Elementar (V.M.E.)\"><img loading=\"lazy\" decoding=\"async\" width=\"150\" height=\"150\" src=\"https:\/\/www.incorectpolitic.com\/wp-content\/uploads\/2017\/12\/tell-lie-vision-150x150.jpg\" class=\"attachment-thumbnail size-thumbnail wp-post-image lazyload\" alt><img loading=\"lazy\" decoding=\"async\" width=\"150\" height=\"150\" src=\"https:\/\/www.incorectpolitic.com\/wp-content\/uploads\/2017\/12\/tell-lie-vision-150x150.jpg\" class=\"attachment-thumbnail size-thumbnail wp-post-image\" alt data-eio=\"l\"><\/a><\/div>\n<div class=\"entry-title\"><a class=\"featured_post_link\" href=\"https:\/\/www.incorectpolitic.com\/viciul-matematic-elementar-v-m-e-2\/\" title=\"Viciul Matematic Elementar (V.M.E.)\">Viciul Matematic Elementar (V.M.E.)<\/a><\/div>\n<\/article>\n<p>[analyse_source url=&#8221;https:\/\/www.incorectpolitic.com\/erezia-care-nu-a-existat-o-analiza-istorica-asupra-etnofiletismului\/&#8221;]<\/p>\n","protected":false},"excerpt":{"rendered":"<p>[analyse_image type=&#8221;featured&#8221; src=&#8221;https:\/\/www.incorectpolitic.com\/wp-content\/uploads\/2026\/05\/image0.jpg&#8221;] Octavian DimarescuIncorect Politic Mai 30, 2026 Erezia care nu a existat niciodat\u0103: o analiz\u0103 istoric\u0103 asupra \u201cetno-filetismului\u201d \u00a0 \u00a0 Tr\u0103im ast\u0103zi \u00eentr-o societate marcat\u0103 de tensiuni profunde \u0219i reevalu\u0103ri culturale constante, un spa\u021biu \u00een care discursul public din Rom\u00e2nia tinde adesea s\u0103 adopte o ostilitate f\u0103\u021bi\u0219\u0103 fa\u021b\u0103 de afirmarea identit\u0103\u021bii na\u021bionale. Un [&hellip;]<\/p>\n","protected":false},"author":1,"featured_media":0,"comment_status":"open","ping_status":"","sticky":false,"template":"","format":"standard","meta":{"footnotes":""},"categories":[89],"tags":[226,95],"class_list":["post-1964757","post","type-post","status-publish","format-standard","hentry","category-romania","tag-crawlmanager","tag-incorectpolitic-com"],"_links":{"self":[{"href":"https:\/\/analyse.optim.biz\/index.php?rest_route=\/wp\/v2\/posts\/1964757","targetHints":{"allow":["GET"]}}],"collection":[{"href":"https:\/\/analyse.optim.biz\/index.php?rest_route=\/wp\/v2\/posts"}],"about":[{"href":"https:\/\/analyse.optim.biz\/index.php?rest_route=\/wp\/v2\/types\/post"}],"author":[{"embeddable":true,"href":"https:\/\/analyse.optim.biz\/index.php?rest_route=\/wp\/v2\/users\/1"}],"replies":[{"embeddable":true,"href":"https:\/\/analyse.optim.biz\/index.php?rest_route=%2Fwp%2Fv2%2Fcomments&post=1964757"}],"version-history":[{"count":0,"href":"https:\/\/analyse.optim.biz\/index.php?rest_route=\/wp\/v2\/posts\/1964757\/revisions"}],"wp:attachment":[{"href":"https:\/\/analyse.optim.biz\/index.php?rest_route=%2Fwp%2Fv2%2Fmedia&parent=1964757"}],"wp:term":[{"taxonomy":"category","embeddable":true,"href":"https:\/\/analyse.optim.biz\/index.php?rest_route=%2Fwp%2Fv2%2Fcategories&post=1964757"},{"taxonomy":"post_tag","embeddable":true,"href":"https:\/\/analyse.optim.biz\/index.php?rest_route=%2Fwp%2Fv2%2Ftags&post=1964757"}],"curies":[{"name":"wp","href":"https:\/\/api.w.org\/{rel}","templated":true}]}}