{"id":196382,"date":"2014-09-19T21:28:50","date_gmt":"2014-09-19T18:28:50","guid":{"rendered":"https:\/\/analyse.optim.biz\/?p=196382"},"modified":"2014-09-19T21:28:50","modified_gmt":"2014-09-19T18:28:50","slug":"premierul-victor-ponta-nu-sustine-autonomia-tinutului-secuiesc","status":"publish","type":"post","link":"https:\/\/analyse.optim.biz\/?p=196382","title":{"rendered":"Premierul Victor Ponta nu sus\u021bine autonomia \u021ainutului Secuiesc"},"content":{"rendered":"<div class=\"entry data-app-meta data-app-meta-article\" data-embed-base-url-canonical=\"https:\/\/www.digi24.ro\/embed\/stiri\/actualitate\/politica\/premierul-victor-ponta-nu-sustine-autonomia-tinutului-secuiesc-296421\">\n<p data-index=\"1\">\u00centrebat de jurnali\u0219tii de la Adev\u0103rul dac\u0103 sus\u021bine autonomia \u021ainutul Secuiesc, premierul a r\u0103spuns: \u201eNu. \u0218i cred c\u0103 \u0219i ini\u021biatorii \u0219tiu foarte bine c\u0103 PSD \u0219i celelalte partide&#8230;am v\u0103zut pozi\u021bia domnului Iohannis, care face parte dintr-o minoritate, a spus clar c\u0103 nu o sus\u021bine (autonomia, n.r.). Cred c\u0103 este un moment electoral, lansarea \u00een timpul campaniei electorale a domnului Hunor Kelemen\u201d, a spus premierul.<\/p>\n<p data-index=\"2\">\u201eCred c\u0103 datoria statului rom\u00e2n, un stat modern \u0219i care respect\u0103 minorit\u0103\u021bile, este de a lucra \u00eempreun\u0103 cu reprezentan\u021bii minorit\u0103\u021bilor \u0219i UDMR este reprezentatntul legitim, la mai mult\u0103 descentralizare, la mai mult\u0103 competen\u021b\u0103 \u00een ceea ce prive\u0219te via\u021ba comunit\u0103\u021bii. Dar nu putem merge spre o pant\u0103 care nu ne poate aduce, \u00een final, dec\u00e2t dezbinarea\u201d, a ad\u0103ugat Victor Ponta. \u00a0<\/p>\n<p data-index=\"3\">Potrivit proiectului UDMR de autonomie a \u0162inutului Secuiesc<a href=\"https:\/\/www.digi24.ro\/Stiri\/Digi24\/Actualitate\/Politica\/UDMR+prezinta+proiectul+de+autonomie+Comunitatea+maghiara+va+ram\" target=\"_blank\" data-skip-linkfix=\"1\" rel=\"noopener\"><strong> prezentat de Kelemen Hunor joi,<\/strong><\/a>\u00eentr-o conferin\u0163\u0103 de pres\u0103 la Cluj, regiunea format\u0103 din jude\u0163ele Harghita, Covasna \u015fi Mure\u015f ar trebui s\u0103 se constituie\u00a0\u201eca o regiune autonom\u0103 av\u00e2nd personalitate juridic\u0103 \u00een cadrul statului unitar \u015fi indivizibil Rom\u00e2nia, pe baza principiilor autonomiei locale garantate de Constitu\u0163ie \u015fi prezentului statut\u201d, transmite Mediafax.<\/p>\n<p data-index=\"4\">\u201e\u00cen cadrul Regiunii egalitatea \u00een fa\u0163a legii a tuturor cet\u0103\u0163enilor, indiferent de apartenen\u0163a lor lingvistic\u0103 sau etnic\u0103, precum \u015fi respectarea particularit\u0103\u0163ilor etnice \u015fi culturale este garantat\u0103. F\u0103r\u0103 a prejudicia dispozi\u0163iile privind drapelul Rom\u00e2niei \u015fi stema \u0163\u0103rii, regiunea, precum \u015fi jude\u0163ele componente au steagurile \u015fi stemele proprii aprobate de consiliul regional, respectiv consiliile jude\u0163ene\u201d, se arat\u0103 \u00een document.<\/p>\n<p data-index=\"5\">\u00cen proiect se men\u0163ioneaz\u0103 c\u0103 avizul jude\u0163ului \u201eeste obligatoriu pentru concesionarea comunica\u0163iilor \u015fi a transportului prin liniile care traverseaz\u0103 teritoriul jude\u0163ului respectiv\u201d, fiind obligatoriu \u015fi pentru &#8220;lucr\u0103rile de amenajare a apelor curg\u0103toare \u015fi necurg\u0103toare&#8221;.<\/p>\n<p data-index=\"6\">\u201eOrganele regiunii sunt: consiliul regional \u015fi executivul regional. Consiliul regional este compus din 77 de membri ale\u015fi prin vot universal \u015fi direct pe teritoriul \u0162inutului Secuiesc. Alegerile se vor desf\u0103\u015fura separat pentru reprezentan\u0163ii fiec\u0103rei comunit\u0103\u0163i na\u0163ionale, componen\u0163a consiliului trebuind s\u0103 corespund\u0103 propor\u0163iei acestora pe baza ultimului recens\u0103m\u00e2nt. Consiliul regional exercit\u0103 competen\u0163ele normative atribuite regiunii, precum \u015fi alte atribu\u0163ii care \u00eei sunt conferite prin Constitu\u0163ie, prezentul statut \u015fi lege\u201d, se mai arat\u0103 \u00een proiect.<\/p>\n<\/div>\n<p> Source URL: https:\/\/www.digi24.ro\/stiri\/actualitate\/politica\/premierul-victor-ponta-nu-sustine-autonomia-tinutului-secuiesc-296421<\/p>\n","protected":false},"excerpt":{"rendered":"<p>\u00centrebat de jurnali\u0219tii de la Adev\u0103rul dac\u0103 sus\u021bine autonomia \u021ainutul Secuiesc, premierul a r\u0103spuns: \u201eNu. \u0218i cred c\u0103 \u0219i ini\u021biatorii \u0219tiu foarte bine c\u0103 PSD \u0219i celelalte partide&#8230;am v\u0103zut pozi\u021bia domnului Iohannis, care face parte dintr-o minoritate, a spus clar c\u0103 nu o sus\u021bine (autonomia, n.r.). Cred c\u0103 este un moment electoral, lansarea \u00een timpul [&hellip;]<\/p>\n","protected":false},"author":1,"featured_media":196383,"comment_status":"open","ping_status":"","sticky":false,"template":"","format":"standard","meta":{"footnotes":""},"categories":[2],"tags":[11],"class_list":["post-196382","post","type-post","status-publish","format-standard","has-post-thumbnail","hentry","category-politics","tag-digi24"],"_links":{"self":[{"href":"https:\/\/analyse.optim.biz\/index.php?rest_route=\/wp\/v2\/posts\/196382","targetHints":{"allow":["GET"]}}],"collection":[{"href":"https:\/\/analyse.optim.biz\/index.php?rest_route=\/wp\/v2\/posts"}],"about":[{"href":"https:\/\/analyse.optim.biz\/index.php?rest_route=\/wp\/v2\/types\/post"}],"author":[{"embeddable":true,"href":"https:\/\/analyse.optim.biz\/index.php?rest_route=\/wp\/v2\/users\/1"}],"replies":[{"embeddable":true,"href":"https:\/\/analyse.optim.biz\/index.php?rest_route=%2Fwp%2Fv2%2Fcomments&post=196382"}],"version-history":[{"count":0,"href":"https:\/\/analyse.optim.biz\/index.php?rest_route=\/wp\/v2\/posts\/196382\/revisions"}],"wp:featuredmedia":[{"embeddable":true,"href":"https:\/\/analyse.optim.biz\/index.php?rest_route=\/wp\/v2\/media\/196383"}],"wp:attachment":[{"href":"https:\/\/analyse.optim.biz\/index.php?rest_route=%2Fwp%2Fv2%2Fmedia&parent=196382"}],"wp:term":[{"taxonomy":"category","embeddable":true,"href":"https:\/\/analyse.optim.biz\/index.php?rest_route=%2Fwp%2Fv2%2Fcategories&post=196382"},{"taxonomy":"post_tag","embeddable":true,"href":"https:\/\/analyse.optim.biz\/index.php?rest_route=%2Fwp%2Fv2%2Ftags&post=196382"}],"curies":[{"name":"wp","href":"https:\/\/api.w.org\/{rel}","templated":true}]}}