{"id":196368,"date":"2014-09-20T00:18:57","date_gmt":"2014-09-19T21:18:57","guid":{"rendered":"https:\/\/analyse.optim.biz\/?p=196368"},"modified":"2014-09-20T00:18:57","modified_gmt":"2014-09-19T21:18:57","slug":"a-treia-lansare-a-prezidentiabilului-victor-ponta-are-loc-astazi-pe-arena-nationala","status":"publish","type":"post","link":"https:\/\/analyse.optim.biz\/?p=196368","title":{"rendered":"A treia lansare a preziden\u0163iabilului Victor Ponta are loc ast\u0103zi, pe Arena Na\u021bional\u0103"},"content":{"rendered":"<div class=\"entry data-app-meta data-app-meta-article\" data-embed-base-url-canonical=\"https:\/\/www.digi24.ro\/embed\/stiri\/actualitate\/politica\/a-treia-lansare-a-prezidentiabilului-victor-ponta-are-loc-astazi-pe-arena-nationala-296443\">\n<p data-index=\"1\"><strong>Octombrie 2012. Arena Na\u0163ional\u0103.<\/strong> Victor Ponta \u015fi Crin Antonescu, \u00eenconjura\u0163i de peste 70.000 de membri de partid \u015fi simpatizan\u0163i, fac turul stadionului. Dau m\u00e2na cu oamenii, z\u00e2mbesc larg \u015fi se \u00eembr\u0103\u021bi\u0219eaz\u0103.<\/p>\n<p data-index=\"2\">Atunci Victor Ponta era premierul, iar Crin Antonescu, preziden\u0163iabilul. Dup\u0103 doi ani, lucrurile s-au schimbat radical. Victor Ponta revine pe Arena Na\u0163ional\u0103 f\u0103r\u0103 Crin Antonescu. <\/p>\n<p data-index=\"3\">Acum \u015feful PSD este preziden\u0163iabilul. Dup\u0103 ruperea USL a ezitat mult timp s\u0103-\u015fi anun\u0163e candidatura. P\u00e2n\u0103 la urm\u0103 a intrat \u00een competi\u0163ie, chiar dac\u0103 seniorii PSD cred c\u0103 este cam prea devreme ca premierul de 42 de ani s\u0103 \u00eenceap\u0103 o astfel de aventur\u0103.<\/p>\n<p data-index=\"4\">\u201ePentru el nu e prea favorabil acest lucru, pentru el ar fi fost convenabil s\u0103 continue m\u0103car un mandat, s\u0103-\u015fi consolideze experien\u0163a de prim-ministru\u201d, aprecia, \u00een var\u0103, Ion Iliescu.<\/p>\n<p data-index=\"5\">Odat\u0103 ce s-a hot\u0103r\u00e2t s\u0103 candideze, Victor Ponta s-a folosit de calitatea de prim-ministru ca s\u0103 fac\u0103 turul \u0163\u0103rii \u015fi al lumii. <\/p>\n<p data-index=\"6\">A t\u0103iat panglici, a dat personal cheile microbuzelor \u015fcolare primarilor, a vizitat fabrici, a mers \u00een China, \u00een Turcia \u015fi urmeaz\u0103 America. A f\u0103cut p\u00e2n\u0103 acum, \u00een doar c\u00e2teva luni, peste 15 mii de kilometri. A avut \u015fi mai multe lans\u0103ri. <\/p>\n<p data-index=\"7\">Prima dat\u0103 \u015fi-a anun\u0163at candidatura la Craiova, apoi a fost validat de Congresul PSD la Alba Iulia. Un Congres ca un Eurovision. <\/p>\n<p data-index=\"8\">\u201e<span>D\u0103m leg\u0103tura la Mure\u015f, parc\u0103 sunt la Eurovision\u201d, spunea vicepremierul Liviu Dragnea. <\/span><\/p>\n<p data-index=\"9\">35.000 de mii de social-democra\u0163i din toat\u0103 \u0163ara au votat pentru Victor Ponta, iar rezultatul a fost transmis live la Alba Iulia. <\/p>\n<p data-index=\"10\">Miercuri, premierul \u015fi-a depus candidatura la Biroul Electoral Central. <\/p>\n<p data-index=\"11\">Urmeaz\u0103 o nou\u0103 lansare. La Arena Na\u0163ional\u0103 vor fi \u015fi mai mul\u0163i simpatizan\u0163i care s\u0103 aplaude, cel pu\u0163in 50 de mii se anun\u0163\u0103 a fi prezen\u0163i, cu discursuri, baloane \u015fi muzic\u0103. \u00a0<\/p>\n<\/div>\n<p> Source URL: https:\/\/www.digi24.ro\/stiri\/actualitate\/politica\/a-treia-lansare-a-prezidentiabilului-victor-ponta-are-loc-astazi-pe-arena-nationala-296443<\/p>\n","protected":false},"excerpt":{"rendered":"<p>Octombrie 2012. Arena Na\u0163ional\u0103. Victor Ponta \u015fi Crin Antonescu, \u00eenconjura\u0163i de peste 70.000 de membri de partid \u015fi simpatizan\u0163i, fac turul stadionului. Dau m\u00e2na cu oamenii, z\u00e2mbesc larg \u015fi se \u00eembr\u0103\u021bi\u0219eaz\u0103. Atunci Victor Ponta era premierul, iar Crin Antonescu, preziden\u0163iabilul. Dup\u0103 doi ani, lucrurile s-au schimbat radical. Victor Ponta revine pe Arena Na\u0163ional\u0103 f\u0103r\u0103 Crin [&hellip;]<\/p>\n","protected":false},"author":1,"featured_media":196369,"comment_status":"open","ping_status":"","sticky":false,"template":"","format":"standard","meta":{"footnotes":""},"categories":[2],"tags":[11],"class_list":["post-196368","post","type-post","status-publish","format-standard","has-post-thumbnail","hentry","category-politics","tag-digi24"],"_links":{"self":[{"href":"https:\/\/analyse.optim.biz\/index.php?rest_route=\/wp\/v2\/posts\/196368","targetHints":{"allow":["GET"]}}],"collection":[{"href":"https:\/\/analyse.optim.biz\/index.php?rest_route=\/wp\/v2\/posts"}],"about":[{"href":"https:\/\/analyse.optim.biz\/index.php?rest_route=\/wp\/v2\/types\/post"}],"author":[{"embeddable":true,"href":"https:\/\/analyse.optim.biz\/index.php?rest_route=\/wp\/v2\/users\/1"}],"replies":[{"embeddable":true,"href":"https:\/\/analyse.optim.biz\/index.php?rest_route=%2Fwp%2Fv2%2Fcomments&post=196368"}],"version-history":[{"count":0,"href":"https:\/\/analyse.optim.biz\/index.php?rest_route=\/wp\/v2\/posts\/196368\/revisions"}],"wp:featuredmedia":[{"embeddable":true,"href":"https:\/\/analyse.optim.biz\/index.php?rest_route=\/wp\/v2\/media\/196369"}],"wp:attachment":[{"href":"https:\/\/analyse.optim.biz\/index.php?rest_route=%2Fwp%2Fv2%2Fmedia&parent=196368"}],"wp:term":[{"taxonomy":"category","embeddable":true,"href":"https:\/\/analyse.optim.biz\/index.php?rest_route=%2Fwp%2Fv2%2Fcategories&post=196368"},{"taxonomy":"post_tag","embeddable":true,"href":"https:\/\/analyse.optim.biz\/index.php?rest_route=%2Fwp%2Fv2%2Ftags&post=196368"}],"curies":[{"name":"wp","href":"https:\/\/api.w.org\/{rel}","templated":true}]}}