{"id":1963339,"date":"2026-04-01T02:25:00","date_gmt":"2026-03-31T23:25:00","guid":{"rendered":"https:\/\/analyse.optim.biz\/?p=1963339"},"modified":"2026-04-01T02:25:00","modified_gmt":"2026-03-31T23:25:00","slug":"helicoptere-feu-dartifices-on-etait-au-concert-grandiose-daya-nakamura-au-stade-de-france","status":"publish","type":"post","link":"https:\/\/analyse.optim.biz\/?p=1963339","title":{"rendered":"H\u00e9licopt\u00e8re, feu d\u2019artifices\u2026 On \u00e9tait au concert grandiose d\u2019Aya Nakamura au Stade de France"},"content":{"rendered":"<div class=\"entry-content\">\n<section class=\"single-header padding-top-s\">\n<div class=\"container\">\n<div class=\"row justify-content-between\">\n<div class=\"col-lg-9 col-xl-8\">\n<div class=\"video-container\">\n\t\t\t\t\t\t\t\t\t\t\t\t\t<\/div>\n<div class=\"container-img desktop\">\n                                <img loading=\"lazy\" decoding=\"async\" width=\"1864\" height=\"1190\" src=\"\/\/www.w3.org\/2000\/svg&apos;%20viewBox=&apos;0%200%201864%201190&apos;%3E%3C\/svg%3E\" class=\"img-fluid\" alt=\"La chanteuse Aya Nakamura.\" data-lazy-src=\"https:\/\/numero.com\/wp-content\/uploads\/2025\/06\/aya-nakamura1.jpg\"><img decoding=\"async\" width=\"1864\" height=\"1190\" src=\"https:\/\/numero.com\/wp-content\/uploads\/2025\/06\/aya-nakamura1.jpg\" class=\"img-fluid\" alt=\"La chanteuse Aya Nakamura.\" loading=\"lazy\">\t\t\t\t\t\t\t\t<\/p>\n<p class=\"number big\">30<\/p>\n<\/p><\/div>\n<div class=\"container-img mobile\">\n                                <img loading=\"lazy\" decoding=\"async\" width=\"1300\" height=\"1634\" src=\"\/\/www.w3.org\/2000\/svg&apos;%20viewBox=&apos;0%200%201300%201634&apos;%3E%3C\/svg%3E\" class=\"img-fluid\" alt=\"La chanteuse Aya Nakamura.\" data-lazy-src=\"https:\/\/numero.com\/wp-content\/uploads\/2025\/11\/aya-nakamura.jpg\"><img decoding=\"async\" width=\"1300\" height=\"1634\" src=\"https:\/\/numero.com\/wp-content\/uploads\/2025\/11\/aya-nakamura.jpg\" class=\"img-fluid\" alt=\"La chanteuse Aya Nakamura.\" loading=\"lazy\">\t\t\t\t\t\t\t\t<\/p>\n<p class=\"number big\">30<\/p>\n<\/p><\/div>\n<\/p><\/div>\n<div class=\"col col-lg-3 col-xl-4 desktop\">\n<div class=\"ad grand-angle desktop\">\n    <!-- \/21730003857\/numero-ad-unit\/numero-grand-angle --><\/p>\n<div class=\"ad-responsive\">\n<div id=\"div-gpt-ad-1773673590069-0\" class=\"ads-pub px-0\">\n<p>                googletag.cmd.push(function () {<br \/>\n                    googletag.display(&#8216;div-gpt-ad-1773673590069-0&#8217;);<br \/>\n                });<\/p><\/div>\n<\/p><\/div>\n<\/div><\/div>\n<\/p><\/div>\n<\/p><\/div>\n<\/section>\n<section class=\"post-content\">\n<div class=\"container\">\n<div class=\"row g-0 justify-content-between\">\n<div class=\"col-lg-9 col-xl-8 padding-top-s\">\n<p class=\"share-widget\" id=\"share-widget\"><img decoding=\"async\" src=\"\/\/www.w3.org\/2000\/svg&apos;%20viewBox=&apos;0%200%200%200&apos;%3E%3C\/svg%3E\" alt=\"share-widget\" data-lazy-src=\"https:\/\/numero.com\/wp-content\/themes\/understrap-child-main\/src\/public\/images\/share.svg\"><\/p>\n<p><img decoding=\"async\" src=\"https:\/\/numero.com\/wp-content\/themes\/understrap-child-main\/src\/public\/images\/share.svg\" alt=\"share-widget\"><\/p>\n<div class=\"share-icons\" id=\"share-icons\">\n<p class=\"copy-link\"><img decoding=\"async\" src=\"\/\/www.w3.org\/2000\/svg&apos;%20viewBox=&apos;0%200%200%200&apos;%3E%3C\/svg%3E\" alt=\"copy-link\" data-lazy-src=\"https:\/\/numero.com\/wp-content\/themes\/understrap-child-main\/src\/public\/images\/copy-link.svg\"><\/p>\n<p><img decoding=\"async\" src=\"https:\/\/numero.com\/wp-content\/themes\/understrap-child-main\/src\/public\/images\/copy-link.svg\" alt=\"copy-link\"><br \/>\n\t\t\t\t\t\t\t<a href=\"https:\/\/www.facebook.com\/sharer\/sharer.php?u=https:\/\/numero.com\/culture\/musique\/aya-nakamura-concerts-stade-de-france\/\" class=\"facebook\" target=\"_blank\" rel=\"noopener\"><img decoding=\"async\" src=\"\/\/www.w3.org\/2000\/svg&apos;%20viewBox=&apos;0%200%200%200&apos;%3E%3C\/svg%3E\" alt=\"facebook\" data-lazy-src=\"https:\/\/numero.com\/wp-content\/themes\/understrap-child-main\/src\/public\/images\/facebook.svg\"><img decoding=\"async\" src=\"https:\/\/numero.com\/wp-content\/themes\/understrap-child-main\/src\/public\/images\/facebook.svg\" alt=\"facebook\"><\/a><br \/>\n\t\t\t\t\t\t\t<a href=\"https:\/\/twitter.com\/share?url=https:\/\/numero.com\/culture\/musique\/aya-nakamura-concerts-stade-de-france\/\" class=\"twitter\" target=\"_blank\" rel=\"noopener\"><img decoding=\"async\" src=\"\/\/www.w3.org\/2000\/svg&apos;%20viewBox=&apos;0%200%200%200&apos;%3E%3C\/svg%3E\" alt=\"twitter\" data-lazy-src=\"https:\/\/numero.com\/wp-content\/themes\/understrap-child-main\/src\/public\/images\/twitter.svg\"><img decoding=\"async\" src=\"https:\/\/numero.com\/wp-content\/themes\/understrap-child-main\/src\/public\/images\/twitter.svg\" alt=\"twitter\"><\/a>\n\t\t\t\t\t\t<\/div>\n<p>\t\t\t\t\t\t<span class id=\"custom-tooltip\" style=\"display:none\">Lien copi\u00e9<\/span><\/p>\n<div class=\"col-lg-10\">\n<div class=\"meta d-flex justify-content-between align-items-center\">\n<div class=\"cat\">\n\t\t\t\t\t\t\t\t\t<a class=\"cat-title\" href=\"https:\/\/numero.com\/category\/culture\/musique\/\">Musique<\/a>\t\t\t\t\t\t\t\t<\/div>\n<p class=\"date\">\n\t\t\t\t\t\t\t\t\t30 mai 2026\t\t\t\t\t\t\t\t<\/p>\n<\/p><\/div>\n<h1>H\u00e9licopt\u00e8re, feu d\u2019artifices\u2026 On \u00e9tait au concert grandiose d\u2019Aya Nakamura au Stade de France<\/h1>\n<div class=\"introduction\">\n<p>C\u2019est un exploit ! La star de la musique venue d\u2019Aulnay-sous-Bois Aya Nakamura se produit trois soirs d\u2019affil\u00e9e au Stade de France, \u00e0 Saint-Denis, du 29 au 31 mai 2026. On \u00e9tait \u00e0 la premi\u00e8re date de concert, grandiose, de la charismatique chanteuse. <\/p>\n<\/div>\n<li class=\"credits d-flex\">\n<p>\n\t\t\t\t\t\t\t\t\t\t\tpar\t\t\t\t\t\t\t\t\t\t\t\t\t\t\t\t\t\t\t\t\t\t\t<a href=\"https:\/\/numero.com\/contributor\/violaine-schutz\/\">Violaine Sch\u00fctz<\/a>.\t\t\t\t\t\t\t\t\t\t\t\t\t\t\t\t\t\t\t\t\t<\/p>\n<\/li>\n<div id=\"ads03\" class=\"mobile padding-bottom-s\">\n<div class=\"ad-wrapper\">\n\t\t\t\t\t\t\t\t\t<!-- \/21730003857\/numero-ad-unit\/numero-interscroller --><\/p>\n<div class=\"ad ad-responsive interscroller-slot\">\n<div id=\"div-gpt-ad-1773673675628-0\" class=\"ads-pub\">\n<p>            googletag.cmd.push(function () {<br \/>\n                googletag.display(&#8216;div-gpt-ad-1773673675628-0&#8217;);<br \/>\n            });<\/p><\/div>\n<\/div><\/div>\n<\/p><\/div>\n<p>\t\t\t\t\t\t\t&lt;!&#8211; <\/p>\n<div class=\"padding-bottom-s\">\n\t\t\t\t\t\t\t\t\t\t\t\t\t\t\t<\/div>\n<p> &#8211;&gt;<\/p>\n<blockquote class=\"instagram-media\" data-instgrm-permalink=\"https:\/\/www.instagram.com\/p\/DQegAMMiE88\/?utm_source=ig_embed&amp;utm_campaign=loading\" data-instgrm-version=\"14\" style=\"background:#FFF;border:0;border-radius:3px;margin: 1px;max-width:540px;min-width:326px;padding:0;width:99.375%;width:-webkit-calc(100% - 2px);width:calc(100% - 2px)\">\n<div style=\"padding:16px\"> <a href=\"https:\/\/www.instagram.com\/p\/DQegAMMiE88\/?utm_source=ig_embed&amp;utm_campaign=loading\" style=\"background:#FFFFFF;line-height:0;padding:0 0;text-align:center;text-decoration:none;width:100%\" target=\"_blank\"> <\/p>\n<div style=\"display: flex;flex-direction: row;align-items: center\">\n<div style=\"background-color: #F4F4F4;border-radius: 50%;flex-grow: 0;height: 40px;margin-right: 14px;width: 40px\"><\/div>\n<div style=\"display: flex;flex-direction: column;flex-grow: 1;justify-content: center\">\n<div style=\"background-color: #F4F4F4;border-radius: 4px;flex-grow: 0;height: 14px;margin-bottom: 6px;width: 100px\"><\/div>\n<div style=\"background-color: #F4F4F4;border-radius: 4px;flex-grow: 0;height: 14px;width: 60px\"><\/div>\n<\/div>\n<\/div>\n<div style=\"padding: 19% 0\"><\/div>\n<div style=\"display:block;height:50px;margin:0 auto 12px;width:50px\"><\/div>\n<div style=\"padding-top: 8px\">\n<div style=\"color:#3897f0;font-family:Arial,sans-serif;font-size:14px;font-style:normal;font-weight:550;line-height:18px\">Voir cette publication sur Instagram<\/div>\n<\/div>\n<div style=\"padding: 12.5% 0\"><\/div>\n<div style=\"display: flex;flex-direction: row;margin-bottom: 14px;align-items: center\">\n<div>\n<div style=\"background-color: #F4F4F4;border-radius: 50%;height: 12.5px;width: 12.5px\"><\/div>\n<div style=\"background-color: #F4F4F4;height: 12.5px;width: 12.5px;flex-grow: 0;margin-right: 14px;margin-left: 2px\"><\/div>\n<div style=\"background-color: #F4F4F4;border-radius: 50%;height: 12.5px;width: 12.5px\"><\/div>\n<\/div>\n<div style=\"margin-left: 8px\">\n<div style=\"background-color: #F4F4F4;border-radius: 50%;flex-grow: 0;height: 20px;width: 20px\"><\/div>\n<div style=\"width: 0;height: 0;border-top: 2px solid transparent;border-left: 6px solid #f4f4f4;border-bottom: 2px solid transparent\"><\/div>\n<\/div>\n<div style=\"margin-left: auto\">\n<div style=\"width: 0px;border-top: 8px solid #F4F4F4;border-right: 8px solid transparent\"><\/div>\n<div style=\"background-color: #F4F4F4;flex-grow: 0;height: 12px;width: 16px\"><\/div>\n<div style=\"width: 0;height: 0;border-top: 8px solid #F4F4F4;border-left: 8px solid transparent\"><\/div>\n<\/div>\n<\/div>\n<div style=\"display: flex;flex-direction: column;flex-grow: 1;justify-content: center;margin-bottom: 24px\">\n<div style=\"background-color: #F4F4F4;border-radius: 4px;flex-grow: 0;height: 14px;margin-bottom: 6px;width: 224px\"><\/div>\n<div style=\"background-color: #F4F4F4;border-radius: 4px;flex-grow: 0;height: 14px;width: 144px\"><\/div>\n<\/div>\n<p><\/a><\/p>\n<p style=\"color:#c9c8cd;font-family:Arial,sans-serif;font-size:14px;line-height:17px;margin-bottom:0;margin-top:8px;overflow:hidden;padding:8px 0 7px;text-align:center;white-space:nowrap\"><a href=\"https:\/\/www.instagram.com\/p\/DQegAMMiE88\/?utm_source=ig_embed&amp;utm_campaign=loading\" style=\"color:#c9c8cd;font-family:Arial,sans-serif;font-size:14px;font-style:normal;font-weight:normal;line-height:17px;text-decoration:none\" target=\"_blank\">Une publication partag\u00e9e par LA NAKAMURANCE (@ayanakamura_officiel)<\/a><\/p>\n<\/div>\n<\/blockquote>\n<div class=\"cookieconsent-optout-statistics cookieconsent-optout-marketing\"><\/div>\n<p>C\u2019est un exploit gr\u00e2ce auquel elle entre encore un peu plus dans l\u2019histoire de la musique et de la pop culture. <strong>Aya Nakamura<\/strong> se produit en concert trois soirs d\u2019affil\u00e9e au <strong>Stade de France<\/strong>, \u00e0 Saint-Denis, le 29, 30 et 31 mai 2026, ce qui repr\u00e9sente pr\u00e8s de 240 000 billets \u00e9coul\u00e9s. Elle est aussi la plus jeune artiste fran\u00e7aise et la premi\u00e8re femme noire fran\u00e7aise \u00e0 s\u2019y produire. Mais aussi, la deuxi\u00e8me chanteuse francophone \u00e0 s\u2019y produire, apr\u00e8s<strong> Myl\u00e8ne Farmer<\/strong>, et la premi\u00e8re \u00e0 encha\u00eener trois dates.\u00a0\u201c<em>Franchement, je suis fi\u00e8re<\/em>\u201d, confiait-elle, l\u2019an dernier, dans les colonnes de <em>Num\u00e9ro<\/em>.<\/p>\n<h2 class=\"wp-block-heading\">3 concerts au Stade de France, un exploit sign\u00e9 Aya Nakamura<\/h2>\n<p>\u201c<em>Je suis tellement heureuse de revenir avec un nouvel album qui me ressemble et de pouvoir enfin le partager avec mon public. <\/em><strong>Destin\u00e9e<\/strong><em>, c\u2019est une partie de moi, et annoncer le <strong>Stade de France<\/strong>, c\u2019est comme boucler une boucle. J\u2019ai h\u00e2te de vivre tout \u00e7a avec vous<\/em>\u201d disait-elle \u00e9galement dans un communiqu\u00e9 de presse.<\/p>\n<p>Pour annoncer ces dates en live, la star avait opt\u00e9 pour un teaser futuriste dans lequel elle portait une perruque de manga bleue-grise, des talons vertigineux, des ongles argent\u00e9s et une tenue blanche sexy dignes d\u2019une star de R\u2019n\u2019B am\u00e9ricaine. C\u2019est dans cette cat\u00e9gorie qu\u2019elle boxe aujourd\u2019hui en termes de charisme, d\u2019aura et de tubes (<em>Djadja<\/em>,<strong>\u00a0<\/strong><em>Pookie<\/em>, <em>Copines<\/em>, <em>Baddies<\/em>). Et c\u2019est ce qu\u2019elle va nous confirmer ce vendredi 29 mai 2026\u2026<\/p>\n<figure data-wp-context=\"{&quot;imageId&quot;:&quot;6a1aa45873567&quot;}\" data-wp-interactive=\"core\/image\" data-wp-key=\"6a1aa45873567\" class=\"wp-block-image size-large wp-lightbox-container\"><img loading=\"lazy\" decoding=\"async\" width=\"819\" height=\"1024\" data-wp-class--hide=\"state.isContentHidden\" data-wp-class--show=\"state.isContentVisible\" data-wp-init=\"callbacks.setButtonStyles\" data-wp-on--click=\"actions.showLightbox\" data-wp-on--load=\"callbacks.setButtonStyles\" data-wp-on-window--resize=\"callbacks.setButtonStyles\" src=\"\/\/www.w3.org\/2000\/svg&apos;%20viewBox=&apos;0%200%20819%201024&apos;%3E%3C\/svg%3E\" alt=\"La chanteuse Aya Nakamura \u00a9 Compte Instagram d&apos;Aya Nakamura.\" class=\"wp-image-546869\" data-lazy-src=\"https:\/\/numero.com\/wp-content\/uploads\/2024\/06\/aya-nakamura-jeux-olympiques-2024-819x1024.jpg\"><img loading=\"lazy\" decoding=\"async\" width=\"819\" height=\"1024\" data-wp-class--hide=\"state.isContentHidden\" data-wp-class--show=\"state.isContentVisible\" data-wp-init=\"callbacks.setButtonStyles\" data-wp-on--click=\"actions.showLightbox\" data-wp-on--load=\"callbacks.setButtonStyles\" data-wp-on-window--resize=\"callbacks.setButtonStyles\" src=\"https:\/\/numero.com\/wp-content\/uploads\/2024\/06\/aya-nakamura-jeux-olympiques-2024-819x1024.jpg\" alt=\"La chanteuse Aya Nakamura \u00a9 Compte Instagram d&apos;Aya Nakamura.\" class=\"wp-image-546869\"><button class=\"lightbox-trigger\" type=\"button\" aria-haspopup=\"dialog\" aria-label=\"Agrandir\" data-wp-init=\"callbacks.initTriggerButton\" data-wp-on--click=\"actions.showLightbox\" data-wp-style--right=\"state.imageButtonRight\" data-wp-style--top=\"state.imageButtonTop\"><\/p>\n<p>\t\t<\/button><figcaption class=\"wp-element-caption\">La chanteuse Aya Nakamura \u00a9 Compte Instagram d\u2019Aya Nakamura.<\/figcaption><\/figure>\n<h2 class=\"wp-block-heading\">Un beau message de sororit\u00e9<\/h2>\n<p>Le spectacle commence d\u00e8s l\u2019arriv\u00e9e devant le <strong>Stade de France<\/strong>. Le public d\u2019<strong><a href=\"https:\/\/numero.com\/portrait\/aya-nakamura\/\" id=\"698065\">Aya Nakamura<\/a><\/strong>, compos\u00e9 \u00e0 80% de femmes, est sur son 31 pour l\u2019\u00e9v\u00e9nement. Beaucoup de jeunes filles arborent des perruques avec des couleurs similaires \u00e0 celles port\u00e9es r\u00e9cemment par la chanteuse et des tenues sexy qui rappellent celles des clips de leur idole. Les femmes d\u2019abord, c\u2019est aussi le mantra de la <strong>premi\u00e8re partie<\/strong> du concert. La star n\u2019a choisi que des artistes f\u00e9minines (en d\u00e9veloppement) pour leur donner de la visibilit\u00e9. Ce vendredi, cinq artistes sont pr\u00e9sentes d\u00e8s 19h20. Il s\u2019agit de <strong>Feejoke<\/strong>, <strong>Shannon<\/strong>, <strong>Angie<\/strong>, <strong>Emma\u2019a<\/strong> et <strong>Kany<\/strong> qui sont accompagn\u00e9es des DJ Alak et Shiiva.<\/p>\n<p>D\u2019ailleurs, celle que l\u2019on surnomme (\u00e0 raison) la <strong>reine de France <\/strong>a d\u00e9cid\u00e9 de partager ce grand moment de sa carri\u00e8re avec seulement des chanteuses et rappeuses. Sur trois soirs, elles seront une quinzaine d\u2019\u00e9toiles montantes du <strong>rap<\/strong>, du <strong>shatta<\/strong>, de l\u2019<strong>afropop <\/strong>et du <strong>R\u2019n\u2019B<\/strong> \u00e0 assurer ses premi\u00e8res parties. On pourra d\u00e9couvrir la pop urbaine sur sc\u00e8ne, <strong>Leys<\/strong>, Fallon, Miimiie KDS, Denden, <strong>Merveille<\/strong>, Dioo ou encore Juste Shani.<\/p>\n<blockquote class=\"instagram-media\" data-instgrm-permalink=\"https:\/\/www.instagram.com\/reel\/DY7zV2ytEo_\/?utm_source=ig_embed&amp;utm_campaign=loading\" data-instgrm-version=\"14\" style=\"background:#FFF;border:0;border-radius:3px;margin: 1px;max-width:540px;min-width:326px;padding:0;width:99.375%;width:-webkit-calc(100% - 2px);width:calc(100% - 2px)\">\n<div style=\"padding:16px\"> <a href=\"https:\/\/www.instagram.com\/reel\/DY7zV2ytEo_\/?utm_source=ig_embed&amp;utm_campaign=loading\" style=\"background:#FFFFFF;line-height:0;padding:0 0;text-align:center;text-decoration:none;width:100%\" target=\"_blank\"> <\/p>\n<div style=\"display: flex;flex-direction: row;align-items: center\">\n<div style=\"background-color: #F4F4F4;border-radius: 50%;flex-grow: 0;height: 40px;margin-right: 14px;width: 40px\"><\/div>\n<div style=\"display: flex;flex-direction: column;flex-grow: 1;justify-content: center\">\n<div style=\"background-color: #F4F4F4;border-radius: 4px;flex-grow: 0;height: 14px;margin-bottom: 6px;width: 100px\"><\/div>\n<div style=\"background-color: #F4F4F4;border-radius: 4px;flex-grow: 0;height: 14px;width: 60px\"><\/div>\n<\/div>\n<\/div>\n<div style=\"padding: 19% 0\"><\/div>\n<div style=\"display:block;height:50px;margin:0 auto 12px;width:50px\"><\/div>\n<div style=\"padding-top: 8px\">\n<div style=\"color:#3897f0;font-family:Arial,sans-serif;font-size:14px;font-style:normal;font-weight:550;line-height:18px\">Voir cette publication sur Instagram<\/div>\n<\/div>\n<div style=\"padding: 12.5% 0\"><\/div>\n<div style=\"display: flex;flex-direction: row;margin-bottom: 14px;align-items: center\">\n<div>\n<div style=\"background-color: #F4F4F4;border-radius: 50%;height: 12.5px;width: 12.5px\"><\/div>\n<div style=\"background-color: #F4F4F4;height: 12.5px;width: 12.5px;flex-grow: 0;margin-right: 14px;margin-left: 2px\"><\/div>\n<div style=\"background-color: #F4F4F4;border-radius: 50%;height: 12.5px;width: 12.5px\"><\/div>\n<\/div>\n<div style=\"margin-left: 8px\">\n<div style=\"background-color: #F4F4F4;border-radius: 50%;flex-grow: 0;height: 20px;width: 20px\"><\/div>\n<div style=\"width: 0;height: 0;border-top: 2px solid transparent;border-left: 6px solid #f4f4f4;border-bottom: 2px solid transparent\"><\/div>\n<\/div>\n<div style=\"margin-left: auto\">\n<div style=\"width: 0px;border-top: 8px solid #F4F4F4;border-right: 8px solid transparent\"><\/div>\n<div style=\"background-color: #F4F4F4;flex-grow: 0;height: 12px;width: 16px\"><\/div>\n<div style=\"width: 0;height: 0;border-top: 8px solid #F4F4F4;border-left: 8px solid transparent\"><\/div>\n<\/div>\n<\/div>\n<div style=\"display: flex;flex-direction: column;flex-grow: 1;justify-content: center;margin-bottom: 24px\">\n<div style=\"background-color: #F4F4F4;border-radius: 4px;flex-grow: 0;height: 14px;margin-bottom: 6px;width: 224px\"><\/div>\n<div style=\"background-color: #F4F4F4;border-radius: 4px;flex-grow: 0;height: 14px;width: 144px\"><\/div>\n<\/div>\n<p><\/a><\/p>\n<p style=\"color:#c9c8cd;font-family:Arial,sans-serif;font-size:14px;line-height:17px;margin-bottom:0;margin-top:8px;overflow:hidden;padding:8px 0 7px;text-align:center;white-space:nowrap\"><a href=\"https:\/\/www.instagram.com\/reel\/DY7zV2ytEo_\/?utm_source=ig_embed&amp;utm_campaign=loading\" style=\"color:#c9c8cd;font-family:Arial,sans-serif;font-size:14px;font-style:normal;font-weight:normal;line-height:17px;text-decoration:none\" target=\"_blank\">Une publication partag\u00e9e par Live Nation France (@livenationfr)<\/a><\/p>\n<\/div>\n<\/blockquote>\n<div class=\"cookieconsent-optout-statistics cookieconsent-optout-marketing\"><\/div>\n<h2 class=\"wp-block-heading\">Une arriv\u00e9e spectaculaire en h\u00e9licopt\u00e8re<\/h2>\n<p>Ce 29 mai, la chaleur monte dans l\u2019ar\u00e8ne (d\u2019autant plus qu\u2019il fait plus de 30 degr\u00e9s \u00e0 <strong>Paris<\/strong>) et vers 20h30, les 70 000 personnes pr\u00e9sentes commencent \u00e0 hurler. En effet, apr\u00e8s un pr\u00e9-show durant lequel un tableau de bord d\u2019avion nous laisse entrevoir les mots \u201cf<em>rom Aulnay sous Bois<\/em>\u201d, un <strong>h\u00e9licopt\u00e8re<\/strong> survole le stade.<\/p>\n<p>Apr\u00e8s quelques minutes, ce dernier se pose sur une base (situ\u00e9e sur le toit du stade) sur laquelle est \u00e9crit le nom d\u2019Aya. La diva sort (dans une vid\u00e9o projet\u00e9e sur l\u2019\u00e9cran), v\u00eatue d\u2019un manteau en cuir et accompagn\u00e9e d\u2019une sorte d\u2019arm\u00e9e (rappelant la Garde r\u00e9publicaine des JO). L\u2019entr\u00e9e en sc\u00e8ne est digne des shows de <strong>Johnny Hallyday<\/strong> et de <strong>Jul<\/strong>. Mais c\u2019est imm\u00e9diatement \u00e0 <strong><a href=\"https:\/\/numero.com\/culture\/musique\/les-meilleures-reprises-de-beyonce-de-dolly-parton-a-prince\/\" id=\"34077\" target=\"_blank\" rel=\"noreferrer noopener\">Beyonc\u00e9<\/a><\/strong> qu\u2019elle nous fait penser, en perruque blonde-grise et mini ensemble \u00e9chancr\u00e9 blanc pour entonner <em><strong>40%<\/strong><\/em>. La chanteuse est alors entour\u00e9e de danseurs et danseuses (portant une \u00e9charpe sur laquelle on peut lire son nom) mais c\u2019est bien le charisme XXL de l\u2019artiste qui subjugue d\u00e8s les premi\u00e8res secondes.<\/p>\n<blockquote class=\"instagram-media\" data-instgrm-permalink=\"https:\/\/www.instagram.com\/p\/DYFUp6yiGcU\/?utm_source=ig_embed&amp;utm_campaign=loading\" data-instgrm-version=\"14\" style=\"background:#FFF;border:0;border-radius:3px;margin: 1px;max-width:540px;min-width:326px;padding:0;width:99.375%;width:-webkit-calc(100% - 2px);width:calc(100% - 2px)\">\n<div style=\"padding:16px\"> <a href=\"https:\/\/www.instagram.com\/p\/DYFUp6yiGcU\/?utm_source=ig_embed&amp;utm_campaign=loading\" style=\"background:#FFFFFF;line-height:0;padding:0 0;text-align:center;text-decoration:none;width:100%\" target=\"_blank\"> <\/p>\n<div style=\"display: flex;flex-direction: row;align-items: center\">\n<div style=\"background-color: #F4F4F4;border-radius: 50%;flex-grow: 0;height: 40px;margin-right: 14px;width: 40px\"><\/div>\n<div style=\"display: flex;flex-direction: column;flex-grow: 1;justify-content: center\">\n<div style=\"background-color: #F4F4F4;border-radius: 4px;flex-grow: 0;height: 14px;margin-bottom: 6px;width: 100px\"><\/div>\n<div style=\"background-color: #F4F4F4;border-radius: 4px;flex-grow: 0;height: 14px;width: 60px\"><\/div>\n<\/div>\n<\/div>\n<div style=\"padding: 19% 0\"><\/div>\n<div style=\"display:block;height:50px;margin:0 auto 12px;width:50px\"><\/div>\n<div style=\"padding-top: 8px\">\n<div style=\"color:#3897f0;font-family:Arial,sans-serif;font-size:14px;font-style:normal;font-weight:550;line-height:18px\">Voir cette publication sur Instagram<\/div>\n<\/div>\n<div style=\"padding: 12.5% 0\"><\/div>\n<div style=\"display: flex;flex-direction: row;margin-bottom: 14px;align-items: center\">\n<div>\n<div style=\"background-color: #F4F4F4;border-radius: 50%;height: 12.5px;width: 12.5px\"><\/div>\n<div style=\"background-color: #F4F4F4;height: 12.5px;width: 12.5px;flex-grow: 0;margin-right: 14px;margin-left: 2px\"><\/div>\n<div style=\"background-color: #F4F4F4;border-radius: 50%;height: 12.5px;width: 12.5px\"><\/div>\n<\/div>\n<div style=\"margin-left: 8px\">\n<div style=\"background-color: #F4F4F4;border-radius: 50%;flex-grow: 0;height: 20px;width: 20px\"><\/div>\n<div style=\"width: 0;height: 0;border-top: 2px solid transparent;border-left: 6px solid #f4f4f4;border-bottom: 2px solid transparent\"><\/div>\n<\/div>\n<div style=\"margin-left: auto\">\n<div style=\"width: 0px;border-top: 8px solid #F4F4F4;border-right: 8px solid transparent\"><\/div>\n<div style=\"background-color: #F4F4F4;flex-grow: 0;height: 12px;width: 16px\"><\/div>\n<div style=\"width: 0;height: 0;border-top: 8px solid #F4F4F4;border-left: 8px solid transparent\"><\/div>\n<\/div>\n<\/div>\n<div style=\"display: flex;flex-direction: column;flex-grow: 1;justify-content: center;margin-bottom: 24px\">\n<div style=\"background-color: #F4F4F4;border-radius: 4px;flex-grow: 0;height: 14px;margin-bottom: 6px;width: 224px\"><\/div>\n<div style=\"background-color: #F4F4F4;border-radius: 4px;flex-grow: 0;height: 14px;width: 144px\"><\/div>\n<\/div>\n<p><\/a><\/p>\n<p style=\"color:#c9c8cd;font-family:Arial,sans-serif;font-size:14px;line-height:17px;margin-bottom:0;margin-top:8px;overflow:hidden;padding:8px 0 7px;text-align:center;white-space:nowrap\"><a href=\"https:\/\/www.instagram.com\/p\/DYFUp6yiGcU\/?utm_source=ig_embed&amp;utm_campaign=loading\" style=\"color:#c9c8cd;font-family:Arial,sans-serif;font-size:14px;font-style:normal;font-weight:normal;line-height:17px;text-decoration:none\" target=\"_blank\">Une publication partag\u00e9e par LA NAKAMURANCE (@ayanakamura_officiel)<\/a><\/p>\n<\/div>\n<\/blockquote>\n<div class=\"cookieconsent-optout-statistics cookieconsent-optout-marketing\"><\/div>\n<h2 class=\"wp-block-heading\">La r\u00e9ponse incendiaire d\u2019Aya Nakamura aux identitaires <\/h2>\n<p>Elle encha\u00eene quelques titres jusqu\u2019\u00e0 ce que le<strong> premier<\/strong> <strong>grand moment du show<\/strong> survienne. La star, qui est l\u2019une des artistes francophones les plus \u00e9cout\u00e9es au monde, chante <strong><em>Sucette<\/em> <\/strong>devant les Unes de journaux qui ont \u00e9t\u00e9 cruelles \u00e0 son \u00e9gard affich\u00e9es sur l\u2019\u00e9cran g\u00e9ant derri\u00e8re elle. \u00c0 la fin du titre, la terrifiante banni\u00e8re des identitaires qui avait \u00e9t\u00e9 brandie contre elle en mars 2024 appara\u00eet : \u201c<em>Y a pas moyen Aya ici c\u2019est <strong>Paris <\/strong>pas le march\u00e9 de <strong>Bamako<\/strong><\/em>\u201d. Elle est alors br\u00fbl\u00e9e avec des lances flammes en direct. Y a-t-il une meilleure r\u00e9ponse au monde aux <strong>injures racistes<\/strong>\u00a0?<\/p>\n<p>Le spectacle continue apr\u00e8s que des frissons ont parcouru tout notre corps durant ce geste fort. La jeune <strong><a href=\"https:\/\/numero.com\/culture\/musique\/qui-est-ronisia-letoile-montante-du-rnb-francais\/\" id=\"137390\" target=\"_blank\" rel=\"noreferrer noopener\">Ronisia<\/a><\/strong>, souvent compar\u00e9e \u00e0 <strong><a href=\"https:\/\/numero.com\/culture\/musique\/aya-nakamura-destinee-stade-de-france\/\" id=\"621545\" target=\"_blank\" rel=\"noreferrer noopener\">Aya Nakamura<\/a><\/strong>, est la premi\u00e8re des invit\u00e9s de l\u2019artiste (sur le titre Haut niveau). Une jolie mani\u00e8re de dire que l\u2019ic\u00f4ne de la musique ne se sent pas menac\u00e9e par la rel\u00e8ve\u00a0: elle l\u2019adoube.<\/p>\n<blockquote class=\"instagram-media\" data-instgrm-permalink=\"https:\/\/www.instagram.com\/p\/DY8W0HUjERY\/?utm_source=ig_embed&amp;utm_campaign=loading\" data-instgrm-version=\"14\" style=\"background:#FFF;border:0;border-radius:3px;margin: 1px;max-width:540px;min-width:326px;padding:0;width:99.375%;width:-webkit-calc(100% - 2px);width:calc(100% - 2px)\">\n<div style=\"padding:16px\"> <a href=\"https:\/\/www.instagram.com\/p\/DY8W0HUjERY\/?utm_source=ig_embed&amp;utm_campaign=loading\" style=\"background:#FFFFFF;line-height:0;padding:0 0;text-align:center;text-decoration:none;width:100%\" target=\"_blank\"> <\/p>\n<div style=\"display: flex;flex-direction: row;align-items: center\">\n<div style=\"background-color: #F4F4F4;border-radius: 50%;flex-grow: 0;height: 40px;margin-right: 14px;width: 40px\"><\/div>\n<div style=\"display: flex;flex-direction: column;flex-grow: 1;justify-content: center\">\n<div style=\"background-color: #F4F4F4;border-radius: 4px;flex-grow: 0;height: 14px;margin-bottom: 6px;width: 100px\"><\/div>\n<div style=\"background-color: #F4F4F4;border-radius: 4px;flex-grow: 0;height: 14px;width: 60px\"><\/div>\n<\/div>\n<\/div>\n<div style=\"padding: 19% 0\"><\/div>\n<div style=\"display:block;height:50px;margin:0 auto 12px;width:50px\"><\/div>\n<div style=\"padding-top: 8px\">\n<div style=\"color:#3897f0;font-family:Arial,sans-serif;font-size:14px;font-style:normal;font-weight:550;line-height:18px\">Voir cette publication sur Instagram<\/div>\n<\/div>\n<div style=\"padding: 12.5% 0\"><\/div>\n<div style=\"display: flex;flex-direction: row;margin-bottom: 14px;align-items: center\">\n<div>\n<div style=\"background-color: #F4F4F4;border-radius: 50%;height: 12.5px;width: 12.5px\"><\/div>\n<div style=\"background-color: #F4F4F4;height: 12.5px;width: 12.5px;flex-grow: 0;margin-right: 14px;margin-left: 2px\"><\/div>\n<div style=\"background-color: #F4F4F4;border-radius: 50%;height: 12.5px;width: 12.5px\"><\/div>\n<\/div>\n<div style=\"margin-left: 8px\">\n<div style=\"background-color: #F4F4F4;border-radius: 50%;flex-grow: 0;height: 20px;width: 20px\"><\/div>\n<div style=\"width: 0;height: 0;border-top: 2px solid transparent;border-left: 6px solid #f4f4f4;border-bottom: 2px solid transparent\"><\/div>\n<\/div>\n<div style=\"margin-left: auto\">\n<div style=\"width: 0px;border-top: 8px solid #F4F4F4;border-right: 8px solid transparent\"><\/div>\n<div style=\"background-color: #F4F4F4;flex-grow: 0;height: 12px;width: 16px\"><\/div>\n<div style=\"width: 0;height: 0;border-top: 8px solid #F4F4F4;border-left: 8px solid transparent\"><\/div>\n<\/div>\n<\/div>\n<div style=\"display: flex;flex-direction: column;flex-grow: 1;justify-content: center;margin-bottom: 24px\">\n<div style=\"background-color: #F4F4F4;border-radius: 4px;flex-grow: 0;height: 14px;margin-bottom: 6px;width: 224px\"><\/div>\n<div style=\"background-color: #F4F4F4;border-radius: 4px;flex-grow: 0;height: 14px;width: 144px\"><\/div>\n<\/div>\n<p><\/a><\/p>\n<p style=\"color:#c9c8cd;font-family:Arial,sans-serif;font-size:14px;line-height:17px;margin-bottom:0;margin-top:8px;overflow:hidden;padding:8px 0 7px;text-align:center;white-space:nowrap\"><a href=\"https:\/\/www.instagram.com\/p\/DY8W0HUjERY\/?utm_source=ig_embed&amp;utm_campaign=loading\" style=\"color:#c9c8cd;font-family:Arial,sans-serif;font-size:14px;font-style:normal;font-weight:normal;line-height:17px;text-decoration:none\" target=\"_blank\">Une publication partag\u00e9e par Stade de France (@stadefrance)<\/a><\/p>\n<\/div>\n<\/blockquote>\n<div class=\"cookieconsent-optout-statistics cookieconsent-optout-marketing\"><\/div>\n<h2 class=\"wp-block-heading\">Une apparition \u00e9mouvante d\u2019Oumou Sangar\u00e9<\/h2>\n<p>Apr\u00e8s \u00e7a, <strong><a href=\"https:\/\/numero.com\/culture\/musique\/aya-nakamura-interview-destinee\/\" target=\"_blank\" rel=\"noreferrer noopener\">Aya Nakamura<\/a><\/strong> chante d\u2019autres tubes en se d\u00e9hanchant, seule ou avec des danseurs et le rappeur <strong>Jango Jack <\/strong>d\u00e9barque sur la chanson <em>Pom Pom<\/em>. Mais c\u2019est l\u2019apparition de l\u2019immense chanteuse malienne <strong>Oumou Sangar\u00e9<\/strong>, qui chante depuis les gradins, devant un rideau de velours bleu qui va nous \u00e9mouvoir. Juste apr\u00e8s, <strong>Aya Danioko<\/strong> (de son vrai nom) entame son titre <em>Oumou Sangar\u00e9<\/em>, afin de boucler la boucle. Fille d\u2019une m\u00e8re <strong>griotte<\/strong>, l\u2019ic\u00f4ne rend ainsi hommage aux anciens ainsi qu\u2019\u00e0 ses racines (elle est n\u00e9e \u00e0 <strong>Bamako,<\/strong> au <strong>Mali).<\/strong><\/p>\n<p>Apr\u00e8s une longue s\u00e9ance de karaok\u00e9 o\u00f9 les paroles des hits de la chanteuse sont projet\u00e9s sur grand \u00e9cran (durant laquelle la star est absente), elle revient en short et soutien-gorge en cuir et bottes noires. Le show devient alors encore plus festif avec des morceaux comme <em><strong>D\u00e9gaine<\/strong><\/em> (sans <strong><a href=\"https:\/\/numero.com\/culture\/musique\/rencontre-avec-damso-la-superstar-du-rap-francophone\/\" target=\"_blank\" rel=\"noreferrer noopener\">Damso<\/a><\/strong>). Et des lasers, des lumi\u00e8res n\u00e9on et des feux d\u2019artifice compl\u00e8tent le stade qui a souvent des airs de club \u00e0 ciel ouvert. Autre moment d\u00e9j\u00e0 iconique\u00a0? Aya Nakamura interpr\u00e8te le tube <strong><em>Copines<\/em><\/strong> sur sc\u00e8ne \u00e0 l\u2019int\u00e9rieur d\u2019une voiture. Deux v\u00e9hicules tr\u00f4nent alors sur sc\u00e8ne\u00a0: une <strong>BMW noire<\/strong> et une<strong>Ferrari rouge.<\/strong><\/p>\n<blockquote class=\"instagram-media\" data-instgrm-permalink=\"https:\/\/www.instagram.com\/p\/DW_muANiMc9\/?utm_source=ig_embed&amp;utm_campaign=loading\" data-instgrm-version=\"14\" style=\"background:#FFF;border:0;border-radius:3px;margin: 1px;max-width:540px;min-width:326px;padding:0;width:99.375%;width:-webkit-calc(100% - 2px);width:calc(100% - 2px)\">\n<div style=\"padding:16px\"> <a href=\"https:\/\/www.instagram.com\/p\/DW_muANiMc9\/?utm_source=ig_embed&amp;utm_campaign=loading\" style=\"background:#FFFFFF;line-height:0;padding:0 0;text-align:center;text-decoration:none;width:100%\" target=\"_blank\"> <\/p>\n<div style=\"display: flex;flex-direction: row;align-items: center\">\n<div style=\"background-color: #F4F4F4;border-radius: 50%;flex-grow: 0;height: 40px;margin-right: 14px;width: 40px\"><\/div>\n<div style=\"display: flex;flex-direction: column;flex-grow: 1;justify-content: center\">\n<div style=\"background-color: #F4F4F4;border-radius: 4px;flex-grow: 0;height: 14px;margin-bottom: 6px;width: 100px\"><\/div>\n<div style=\"background-color: #F4F4F4;border-radius: 4px;flex-grow: 0;height: 14px;width: 60px\"><\/div>\n<\/div>\n<\/div>\n<div style=\"padding: 19% 0\"><\/div>\n<div style=\"display:block;height:50px;margin:0 auto 12px;width:50px\"><\/div>\n<div style=\"padding-top: 8px\">\n<div style=\"color:#3897f0;font-family:Arial,sans-serif;font-size:14px;font-style:normal;font-weight:550;line-height:18px\">Voir cette publication sur Instagram<\/div>\n<\/div>\n<div style=\"padding: 12.5% 0\"><\/div>\n<div style=\"display: flex;flex-direction: row;margin-bottom: 14px;align-items: center\">\n<div>\n<div style=\"background-color: #F4F4F4;border-radius: 50%;height: 12.5px;width: 12.5px\"><\/div>\n<div style=\"background-color: #F4F4F4;height: 12.5px;width: 12.5px;flex-grow: 0;margin-right: 14px;margin-left: 2px\"><\/div>\n<div style=\"background-color: #F4F4F4;border-radius: 50%;height: 12.5px;width: 12.5px\"><\/div>\n<\/div>\n<div style=\"margin-left: 8px\">\n<div style=\"background-color: #F4F4F4;border-radius: 50%;flex-grow: 0;height: 20px;width: 20px\"><\/div>\n<div style=\"width: 0;height: 0;border-top: 2px solid transparent;border-left: 6px solid #f4f4f4;border-bottom: 2px solid transparent\"><\/div>\n<\/div>\n<div style=\"margin-left: auto\">\n<div style=\"width: 0px;border-top: 8px solid #F4F4F4;border-right: 8px solid transparent\"><\/div>\n<div style=\"background-color: #F4F4F4;flex-grow: 0;height: 12px;width: 16px\"><\/div>\n<div style=\"width: 0;height: 0;border-top: 8px solid #F4F4F4;border-left: 8px solid transparent\"><\/div>\n<\/div>\n<\/div>\n<div style=\"display: flex;flex-direction: column;flex-grow: 1;justify-content: center;margin-bottom: 24px\">\n<div style=\"background-color: #F4F4F4;border-radius: 4px;flex-grow: 0;height: 14px;margin-bottom: 6px;width: 224px\"><\/div>\n<div style=\"background-color: #F4F4F4;border-radius: 4px;flex-grow: 0;height: 14px;width: 144px\"><\/div>\n<\/div>\n<p><\/a><\/p>\n<p style=\"color:#c9c8cd;font-family:Arial,sans-serif;font-size:14px;line-height:17px;margin-bottom:0;margin-top:8px;overflow:hidden;padding:8px 0 7px;text-align:center;white-space:nowrap\"><a href=\"https:\/\/www.instagram.com\/p\/DW_muANiMc9\/?utm_source=ig_embed&amp;utm_campaign=loading\" style=\"color:#c9c8cd;font-family:Arial,sans-serif;font-size:14px;font-style:normal;font-weight:normal;line-height:17px;text-decoration:none\" target=\"_blank\">Une publication partag\u00e9e par LA NAKAMURANCE (@ayanakamura_officiel)<\/a><\/p>\n<\/div>\n<\/blockquote>\n<div class=\"cookieconsent-optout-statistics cookieconsent-optout-marketing\"><\/div>\n<h2 class=\"wp-block-heading\">Triangle des Bermudes et Hamza en invit\u00e9s<\/h2>\n<p>On continue avec d\u2019autres instants musicaux intenses, notamment avec le duo<em><strong>Dale x Love Therapy<\/strong><\/em> chant\u00e9 avec <strong><a href=\"https:\/\/numero.com\/culture\/musique\/rencontre-avec-hamza-star-du-rap-francophone-a-la-noirceur-desesperee\/\">Hamza<\/a><\/strong> dont l\u2019apparition affole le public. Puis viendront le fameux <em><strong>Djadja<\/strong><\/em>, dont on ne se lasse pas, une version \u00e9lectronique incroyable de <em><strong>Pookie<\/strong><\/em>, un duo avec <strong>SDM<\/strong>, un mini-concert de <strong>RnBoi<\/strong>, le prot\u00e9g\u00e9 d\u2019<strong>Aya Nakamura<\/strong> qu\u2019elle compare \u00e0<strong> Justin Bieber<\/strong> pour le pr\u00e9senter. Puis, c\u2019est l\u2019arriv\u00e9e du trio rap <strong>Triangle des Bermudes<\/strong> qui va enflammer de plus belle le stade. Leur <em>Charger <\/em>provoque une combustion imm\u00e9diate.<\/p>\n<p>Le final sera beaucoup calme et po\u00e9tique. <strong><a href=\"https:\/\/numero.com\/mode\/meilleurs-looks-aya-nakamura\/\" target=\"_blank\" rel=\"noreferrer noopener\">Aya Nakumara<\/a> <\/strong>revient apr\u00e8s une petite pause dans une mini robe blanche de mari\u00e9e pour chanter (\u00e0 la perfection) <em>Soldat<\/em>, entour\u00e9e d\u2019une arm\u00e9e d\u2019hommes \u00e0 son service. Puis c\u2019est la l\u00e9vitation. La chanteuse monte sur une nacelle qui s\u2019\u00e9lance au-dessus de la foule pour la chanson <strong><em>Fly<\/em><\/strong> tandis qu\u2019un feu d\u2019artifice embrase le toit du stade. <\/p>\n<p>\u00c9mue et fi\u00e8re, la star remercie alors son\u00a0public : \u201c<em>Tout \u00e7a, c\u2019est gr\u00e2ce \u00e0 vous. Je vous aime.<\/em>\u201d Un sentiment d\u2019amour plus que partag\u00e9. Ce soir-l\u00e0, l\u2019auteure-compositrice-interpr\u00e8te franco-malienne \u00e2g\u00e9e de 31 ans a fait taire tous ses d\u00e9tracteurs en offrant un <strong>show de pr\u00e8s de trois heures <\/strong>\u00e0 la fois \u00e9mouvant, engag\u00e9 et dansant o\u00f9 les g\u00e9n\u00e9rations et les id\u00e9es cr\u00e9atives se croisaient. Dans l\u2019Hexagone, personne ne peut aujourd\u2019hui proposer un <strong>concert aussi f\u00e9d\u00e9rateur, g\u00e9n\u00e9reux, sinc\u00e8re et puissant<\/strong>.<\/p>\n<p><em>Aya Nakamura est en concert au Stade de France (Saint-Denis), jusqu\u2019au 31 mai 2026. Amazon Prime Video diffusera en direct sur leur plateforme (ainsi que sur Twitch) le show du 30 mai 2026.<\/em><\/p>\n<\/p><\/div>\n<\/p><\/div>\n<div class=\"col-lg-3\">\n<div class=\"suggested-posts padding-top-s\">\n<div class=\"title\">Recommand\u00e9<\/div>\n<div class=\"post-card\">\n\t\t\t\t\t\t\t\t\t\t<a class=\"post-link d-flex\" href=\"https:\/\/numero.com\/culture\/musique\/lenny-kravitz-paris-defense-arena-concert\/\"><\/p>\n<div class=\"container-img \">\n\t\t\t\t\t\t\t\t\t\t\t\t<img loading=\"lazy\" decoding=\"async\" width=\"640\" height=\"804\" src=\"\/\/www.w3.org\/2000\/svg&apos;%20viewBox=&apos;0%200%20640%20804&apos;%3E%3C\/svg%3E\" class=\"img-fluid\" alt=\"Lenny Kravitz concert Paris La D\u00e9fense Arena\" data-lazy-src=\"https:\/\/numero.com\/wp-content\/uploads\/2025\/03\/thumb-lenny-kravitz-concert-interview-numero-magazine-2-768x965.jpg\"><img decoding=\"async\" width=\"640\" height=\"804\" src=\"https:\/\/numero.com\/wp-content\/uploads\/2025\/03\/thumb-lenny-kravitz-concert-interview-numero-magazine-2-768x965.jpg\" class=\"img-fluid\" alt=\"Lenny Kravitz concert Paris La D\u00e9fense Arena\" loading=\"lazy\">\t\t\t\t\t\t\t\t\t\t\t\t<\/p>\n<p class=\"number\">31<\/p>\n<\/p><\/div>\n<div class=\"card-info d-flex\">\n<div>\n<p class=\"cat-title\">Musique<\/p>\n<h3 class=\"post-title\">On \u00e9tait au concert ph\u00e9nom\u00e9nal de Lenny Kravitz \u00e0 Paris<\/h3>\n<\/p><\/div>\n<p class=\"date\">\n\t\t\t\t\t\t\t\t\t\t\t\t\t31 mars 2025\t\t\t\t\t\t\t\t\t\t\t\t<\/p>\n<\/p><\/div>\n<p>\t\t\t\t\t\t\t\t\t\t<\/a>\n\t\t\t\t\t\t\t\t\t<\/div>\n<div class=\"post-card\">\n\t\t\t\t\t\t\t\t\t\t<a class=\"post-link d-flex\" href=\"https:\/\/numero.com\/culture\/cinema\/jim-jarmusch-father-mother-sister-brother-projets\/\"><\/p>\n<div class=\"container-img \">\n\t\t\t\t\t\t\t\t\t\t\t\t<img loading=\"lazy\" decoding=\"async\" width=\"640\" height=\"804\" src=\"\/\/www.w3.org\/2000\/svg&apos;%20viewBox=&apos;0%200%20640%20804&apos;%3E%3C\/svg%3E\" class=\"img-fluid\" alt=\"Photo des actrices Vicky Krieps, Cate Blanchett et Charlotte Rampling dans le film Father, Mother, Sister, Brother (2026) de Jim Jarmusch.\" data-lazy-src=\"https:\/\/numero.com\/wp-content\/uploads\/2025\/07\/thumb-jim-jarmusch-father-mother-sister-brother-cate-blanchett-film-numero-magazine-copie-768x965.jpg\"><img decoding=\"async\" width=\"640\" height=\"804\" src=\"https:\/\/numero.com\/wp-content\/uploads\/2025\/07\/thumb-jim-jarmusch-father-mother-sister-brother-cate-blanchett-film-numero-magazine-copie-768x965.jpg\" class=\"img-fluid\" alt=\"Photo des actrices Vicky Krieps, Cate Blanchett et Charlotte Rampling dans le film Father, Mother, Sister, Brother (2026) de Jim Jarmusch.\" loading=\"lazy\">\t\t\t\t\t\t\t\t\t\t\t\t<\/p>\n<p class=\"number\">5<\/p>\n<\/p><\/div>\n<div class=\"card-info d-flex\">\n<div>\n<p class=\"cat-title\">Cin\u00e9ma<\/p>\n<h3 class=\"post-title\">Le nouveau road movie de Jim Jarmusch sera tourn\u00e9 en France<\/h3>\n<\/p><\/div>\n<p class=\"date\">\n\t\t\t\t\t\t\t\t\t\t\t\t\t5 nov 2025\t\t\t\t\t\t\t\t\t\t\t\t<\/p>\n<\/p><\/div>\n<p>\t\t\t\t\t\t\t\t\t\t<\/a>\n\t\t\t\t\t\t\t\t\t<\/div>\n<div class=\"post-card\">\n\t\t\t\t\t\t\t\t\t\t<a class=\"post-link d-flex\" href=\"https:\/\/numero.com\/culture\/musique\/leon-bridges-nouvel-album-soul-interview\/\"><\/p>\n<div class=\"container-img \">\n\t\t\t\t\t\t\t\t\t\t\t\t<img loading=\"lazy\" decoding=\"async\" width=\"640\" height=\"316\" src=\"\/\/www.w3.org\/2000\/svg&apos;%20viewBox=&apos;0%200%20640%20316&apos;%3E%3C\/svg%3E\" class=\"img-fluid\" alt=\"Leon Bridges nouvel album interview\" data-lazy-src=\"https:\/\/numero.com\/wp-content\/uploads\/2024\/10\/leon-bridges-interview-numero-magazine-1-768x379.jpg\"><img decoding=\"async\" width=\"640\" height=\"316\" src=\"https:\/\/numero.com\/wp-content\/uploads\/2024\/10\/leon-bridges-interview-numero-magazine-1-768x379.jpg\" class=\"img-fluid\" alt=\"Leon Bridges nouvel album interview\" loading=\"lazy\">\t\t\t\t\t\t\t\t\t\t\t\t<\/p>\n<p class=\"number\">24<\/p>\n<\/p><\/div>\n<div class=\"card-info d-flex\">\n<div>\n<p class=\"cat-title\">Musique<\/p>\n<h3 class=\"post-title\">Leon Bridges : les M\u00e9moires pr\u00e9matur\u00e9s d\u2019un prodige de la soul en concert \u00e0 Paris<\/h3>\n<\/p><\/div>\n<p class=\"date\">\n\t\t\t\t\t\t\t\t\t\t\t\t\t24 mars 2025\t\t\t\t\t\t\t\t\t\t\t\t<\/p>\n<\/p><\/div>\n<p>\t\t\t\t\t\t\t\t\t\t<\/a>\n\t\t\t\t\t\t\t\t\t<\/div>\n<div class=\"post-card\">\n\t\t\t\t\t\t\t\t\t\t<a class=\"post-link d-flex\" href=\"https:\/\/numero.com\/culture\/musique\/tate-mcrae-concert-paris-tournee\/\"><\/p>\n<div class=\"container-img \">\n\t\t\t\t\t\t\t\t\t\t\t\t<img loading=\"lazy\" decoding=\"async\" width=\"640\" height=\"804\" src=\"\/\/www.w3.org\/2000\/svg&apos;%20viewBox=&apos;0%200%20640%20804&apos;%3E%3C\/svg%3E\" class=\"img-fluid\" alt data-lazy-src=\"https:\/\/numero.com\/wp-content\/uploads\/2025\/05\/thumb-thumb-concert-tate-mcrae-paris-accor-arena-768x965.jpg\"><img decoding=\"async\" width=\"640\" height=\"804\" src=\"https:\/\/numero.com\/wp-content\/uploads\/2025\/05\/thumb-thumb-concert-tate-mcrae-paris-accor-arena-768x965.jpg\" class=\"img-fluid\" alt loading=\"lazy\">\t\t\t\t\t\t\t\t\t\t\t\t<\/p>\n<p class=\"number\">28<\/p>\n<\/p><\/div>\n<div class=\"card-info d-flex\">\n<div>\n<p class=\"cat-title\">Musique<\/p>\n<h3 class=\"post-title\">Tate McRae : 3 choses \u00e0 retenir de son concert \u00e0 Paris<\/h3>\n<\/p><\/div>\n<p class=\"date\">\n\t\t\t\t\t\t\t\t\t\t\t\t\t28 mai 2025\t\t\t\t\t\t\t\t\t\t\t\t<\/p>\n<\/p><\/div>\n<p>\t\t\t\t\t\t\t\t\t\t<\/a>\n\t\t\t\t\t\t\t\t\t<\/div>\n<\/p><\/div>\n<\/p><\/div>\n<\/p><\/div>\n<div class=\"padding-top-s\">\n<div class=\"ad banner desktop\">\n<div class=\"container\">\n<div class=\"row\">\n            <!-- \/21730003857\/numero-ad-unit\/numero-banner-1 --><\/p>\n<div class=\"ad-responsive\">\n<div id=\"div-gpt-ad-1773673267712-0\" class=\"ads-pub\">\n<p>                        googletag.cmd.push(function () {<br \/>\n                            googletag.display(&#8216;div-gpt-ad-1773673267712-0&#8217;);<br \/>\n                        });<\/p><\/div>\n<\/p><\/div>\n<\/p><\/div>\n<\/p><\/div>\n<\/div><\/div>\n<\/p><\/div>\n<\/section>\n<p>        <button class=\"btn-newsletter btn-outline-white my-5\" id=\"open-modal-newsletter\">Inscrivez-vous \u00e0 la newsletter<\/button>\t\t<\/p>\n<section class=\"related-posts post-list padding-top-m padding-bottom-s\">\n<div class=\"container\">\n<h2 class=\"title mx-auto\">\u00c0 lire aussi<\/h2>\n<div class=\"row\">\n<div class=\"col-lg-3\">\n<div class=\"post-card desktop\">\n\t\t\t\t\t\t\t\t\t\t<a class=\"post-link\" href=\"https:\/\/numero.com\/culture\/musique\/les-clips-les-plus-sexy-de-2026\/\"><\/p>\n<div class=\"container-img\">\n<p>                                                <img decoding=\"async\" src=\"\/\/www.w3.org\/2000\/svg&apos;%20viewBox=&apos;0%200%200%200&apos;%3E%3C\/svg%3E\" alt=\"La chanteuse Slayyyter.\" data-lazy-src=\"https:\/\/numero.com\/wp-content\/uploads\/2026\/05\/slayyyter.jpg\"><img decoding=\"async\" src=\"https:\/\/numero.com\/wp-content\/uploads\/2026\/05\/slayyyter.jpg\" alt=\"La chanteuse Slayyyter.\"><\/p>\n<div class=\"number\">29<\/div>\n<\/p><\/div>\n<div class=\"card-info\">\n<div class=\"meta d-flex justify-content-between\">\n<p class=\"cat-title\">Musique<\/p>\n<p class=\"date\">\n\t\t\t\t\t\t\t\t\t\t\t\t\t\t29 mai 2026\t\t\t\t\t\t\t\t\t\t\t\t\t<\/p>\n<\/p><\/div>\n<div class=\"post-title\">Les clips les plus sexy de 2026, de Charli xcx \u00e0 Slayyyter<\/div>\n<\/p><\/div>\n<p>\t\t\t\t\t\t\t\t\t\t<\/a>\n\t\t\t\t\t\t\t\t\t<\/div>\n<div class=\"post-card mobile\">\n\t\t\t\t\t\t\t\t\t\t<a class=\"post-link d-flex\" href=\"https:\/\/numero.com\/culture\/musique\/les-clips-les-plus-sexy-de-2026\/\"><\/p>\n<div class=\"container-img\">\n\t\t\t\t\t\t\t\t\t\t\t\t<img loading=\"lazy\" decoding=\"async\" width=\"640\" height=\"804\" src=\"\/\/www.w3.org\/2000\/svg&apos;%20viewBox=&apos;0%200%20640%20804&apos;%3E%3C\/svg%3E\" class=\"img-fluid\" alt=\"La chanteuse Slayyyter.\" data-lazy-src=\"https:\/\/numero.com\/wp-content\/uploads\/2026\/05\/slayyyter-768x965.jpg\"><img decoding=\"async\" width=\"640\" height=\"804\" src=\"https:\/\/numero.com\/wp-content\/uploads\/2026\/05\/slayyyter-768x965.jpg\" class=\"img-fluid\" alt=\"La chanteuse Slayyyter.\" loading=\"lazy\">\t\t\t\t\t\t\t\t\t\t\t\t<\/p>\n<div class=\"number\">29<\/div>\n<\/p><\/div>\n<div class=\"card-info d-flex\">\n<div>\n<p class=\"cat-title\">Musique<\/p>\n<h3 class=\"post-title\">Les clips les plus sexy de 2026, de Charli xcx \u00e0 Slayyyter<\/h3>\n<\/p><\/div>\n<p class=\"date\">\n\t\t\t\t\t\t\t\t\t\t\t\t\t29 mai 2026\t\t\t\t\t\t\t\t\t\t\t\t<\/p>\n<\/p><\/div>\n<p>\t\t\t\t\t\t\t\t\t\t<\/a>\n\t\t\t\t\t\t\t\t\t<\/div>\n<\/p><\/div>\n<div class=\"col-lg-3\">\n<div class=\"post-card desktop\">\n\t\t\t\t\t\t\t\t\t\t<a class=\"post-link\" href=\"https:\/\/numero.com\/culture\/musique\/la-playlist-du-printemps-2026\/\"><\/p>\n<div class=\"container-img\">\n<p>                                                <img decoding=\"async\" src=\"\/\/www.w3.org\/2000\/svg&apos;%20viewBox=&apos;0%200%200%200&apos;%3E%3C\/svg%3E\" alt=\"La chanteuse Ariana Grande.\" data-lazy-src=\"https:\/\/numero.com\/wp-content\/uploads\/2026\/05\/ariana-grande1.jpg\"><img decoding=\"async\" src=\"https:\/\/numero.com\/wp-content\/uploads\/2026\/05\/ariana-grande1.jpg\" alt=\"La chanteuse Ariana Grande.\"><\/p>\n<div class=\"number\">29<\/div>\n<\/p><\/div>\n<div class=\"card-info\">\n<div class=\"meta d-flex justify-content-between\">\n<p class=\"cat-title\">Musique<\/p>\n<p class=\"date\">\n\t\t\t\t\t\t\t\t\t\t\t\t\t\t29 mai 2026\t\t\t\t\t\t\t\t\t\t\t\t\t<\/p>\n<\/p><\/div>\n<div class=\"post-title\">La playlist de mai 2026 avec Ariana Grande, Blood Orange et Charli xcx<\/div>\n<\/p><\/div>\n<p>\t\t\t\t\t\t\t\t\t\t<\/a>\n\t\t\t\t\t\t\t\t\t<\/div>\n<div class=\"post-card mobile\">\n\t\t\t\t\t\t\t\t\t\t<a class=\"post-link d-flex\" href=\"https:\/\/numero.com\/culture\/musique\/la-playlist-du-printemps-2026\/\"><\/p>\n<div class=\"container-img\">\n\t\t\t\t\t\t\t\t\t\t\t\t<img loading=\"lazy\" decoding=\"async\" width=\"640\" height=\"804\" src=\"\/\/www.w3.org\/2000\/svg&apos;%20viewBox=&apos;0%200%20640%20804&apos;%3E%3C\/svg%3E\" class=\"img-fluid\" alt=\"La chanteuse Ariana Grande.\" data-lazy-src=\"https:\/\/numero.com\/wp-content\/uploads\/2026\/05\/ariana-grande1-768x965.jpg\"><img decoding=\"async\" width=\"640\" height=\"804\" src=\"https:\/\/numero.com\/wp-content\/uploads\/2026\/05\/ariana-grande1-768x965.jpg\" class=\"img-fluid\" alt=\"La chanteuse Ariana Grande.\" loading=\"lazy\">\t\t\t\t\t\t\t\t\t\t\t\t<\/p>\n<div class=\"number\">29<\/div>\n<\/p><\/div>\n<div class=\"card-info d-flex\">\n<div>\n<p class=\"cat-title\">Musique<\/p>\n<h3 class=\"post-title\">La playlist de mai 2026 avec Ariana Grande, Blood Orange et Charli xcx<\/h3>\n<\/p><\/div>\n<p class=\"date\">\n\t\t\t\t\t\t\t\t\t\t\t\t\t29 mai 2026\t\t\t\t\t\t\t\t\t\t\t\t<\/p>\n<\/p><\/div>\n<p>\t\t\t\t\t\t\t\t\t\t<\/a>\n\t\t\t\t\t\t\t\t\t<\/div>\n<\/p><\/div>\n<div class=\"col-lg-3\">\n<div class=\"post-card desktop\">\n\t\t\t\t\t\t\t\t\t\t<a class=\"post-link\" href=\"https:\/\/numero.com\/culture\/musique\/cara-delevingne-musique-concerts\/\"><\/p>\n<div class=\"container-img\">\n<p>                                                <img decoding=\"async\" src=\"\/\/www.w3.org\/2000\/svg&apos;%20viewBox=&apos;0%200%200%200&apos;%3E%3C\/svg%3E\" alt=\"Cara Delevingne au Billboard Women In Music 2026, le 29 avril 2026 \u00e0 Los Angeles. \u00a9 Amy Sussman\/WireImage.\" data-lazy-src=\"https:\/\/numero.com\/wp-content\/uploads\/2026\/05\/Cara-Delevingne-2.jpg\"><img decoding=\"async\" src=\"https:\/\/numero.com\/wp-content\/uploads\/2026\/05\/Cara-Delevingne-2.jpg\" alt=\"Cara Delevingne au Billboard Women In Music 2026, le 29 avril 2026 \u00e0 Los Angeles. \u00a9 Amy Sussman\/WireImage.\"><\/p>\n<div class=\"number\">29<\/div>\n<\/p><\/div>\n<div class=\"card-info\">\n<div class=\"meta d-flex justify-content-between\">\n<p class=\"cat-title\">Musique<\/p>\n<p class=\"date\">\n\t\t\t\t\t\t\t\t\t\t\t\t\t\t29 mai 2026\t\t\t\t\t\t\t\t\t\t\t\t\t<\/p>\n<\/p><\/div>\n<div class=\"post-title\">Que nous r\u00e9serve Cara Delevingne pour son retour \u00e0 la musique ?<\/div>\n<\/p><\/div>\n<p>\t\t\t\t\t\t\t\t\t\t<\/a>\n\t\t\t\t\t\t\t\t\t<\/div>\n<div class=\"post-card mobile\">\n\t\t\t\t\t\t\t\t\t\t<a class=\"post-link d-flex\" href=\"https:\/\/numero.com\/culture\/musique\/cara-delevingne-musique-concerts\/\"><\/p>\n<div class=\"container-img\">\n\t\t\t\t\t\t\t\t\t\t\t\t<img loading=\"lazy\" decoding=\"async\" width=\"640\" height=\"804\" src=\"\/\/www.w3.org\/2000\/svg&apos;%20viewBox=&apos;0%200%20640%20804&apos;%3E%3C\/svg%3E\" class=\"img-fluid\" alt=\"Cara Delevingne au Billboard Women In Music 2026, le 29 avril 2026 \u00e0 Los Angeles. \u00a9 Amy Sussman\/WireImage.\" data-lazy-src=\"https:\/\/numero.com\/wp-content\/uploads\/2026\/05\/Cara-Delevingne-2-768x965.jpg\"><img decoding=\"async\" width=\"640\" height=\"804\" src=\"https:\/\/numero.com\/wp-content\/uploads\/2026\/05\/Cara-Delevingne-2-768x965.jpg\" class=\"img-fluid\" alt=\"Cara Delevingne au Billboard Women In Music 2026, le 29 avril 2026 \u00e0 Los Angeles. \u00a9 Amy Sussman\/WireImage.\" loading=\"lazy\">\t\t\t\t\t\t\t\t\t\t\t\t<\/p>\n<div class=\"number\">29<\/div>\n<\/p><\/div>\n<div class=\"card-info d-flex\">\n<div>\n<p class=\"cat-title\">Musique<\/p>\n<h3 class=\"post-title\">Que nous r\u00e9serve Cara Delevingne pour son retour \u00e0 la musique ?<\/h3>\n<\/p><\/div>\n<p class=\"date\">\n\t\t\t\t\t\t\t\t\t\t\t\t\t29 mai 2026\t\t\t\t\t\t\t\t\t\t\t\t<\/p>\n<\/p><\/div>\n<p>\t\t\t\t\t\t\t\t\t\t<\/a>\n\t\t\t\t\t\t\t\t\t<\/div>\n<\/p><\/div>\n<div class=\"col-lg-3\">\n<div class=\"post-card desktop\">\n\t\t\t\t\t\t\t\t\t\t<a class=\"post-link\" href=\"https:\/\/numero.com\/culture\/musique\/mylene-farmer-julia-ducourneau-clip\/\"><\/p>\n<div class=\"container-img\">\n<p>                                                <img decoding=\"async\" src=\"\/\/www.w3.org\/2000\/svg&apos;%20viewBox=&apos;0%200%200%200&apos;%3E%3C\/svg%3E\" alt=\"Mylene Farmer.\" data-lazy-src=\"https:\/\/numero.com\/wp-content\/uploads\/2026\/05\/thumb-mylene-farmer.jpg\"><img decoding=\"async\" src=\"https:\/\/numero.com\/wp-content\/uploads\/2026\/05\/thumb-mylene-farmer.jpg\" alt=\"Mylene Farmer.\"><\/p>\n<div class=\"number\">29<\/div>\n<\/p><\/div>\n<div class=\"card-info\">\n<div class=\"meta d-flex justify-content-between\">\n<p class=\"cat-title\">Musique<\/p>\n<p class=\"date\">\n\t\t\t\t\t\t\t\t\t\t\t\t\t\t29 mai 2026\t\t\t\t\t\t\t\t\t\t\t\t\t<\/p>\n<\/p><\/div>\n<div class=\"post-title\">Quelle cin\u00e9aste pourrait r\u00e9aliser le prochain clip de Myl\u00e8ne Farmer ?<\/div>\n<\/p><\/div>\n<p>\t\t\t\t\t\t\t\t\t\t<\/a>\n\t\t\t\t\t\t\t\t\t<\/div>\n<div class=\"post-card mobile\">\n\t\t\t\t\t\t\t\t\t\t<a class=\"post-link d-flex\" href=\"https:\/\/numero.com\/culture\/musique\/mylene-farmer-julia-ducourneau-clip\/\"><\/p>\n<div class=\"container-img\">\n\t\t\t\t\t\t\t\t\t\t\t\t<img loading=\"lazy\" decoding=\"async\" width=\"640\" height=\"804\" src=\"\/\/www.w3.org\/2000\/svg&apos;%20viewBox=&apos;0%200%20640%20804&apos;%3E%3C\/svg%3E\" class=\"img-fluid\" alt=\"Mylene Farmer.\" data-lazy-src=\"https:\/\/numero.com\/wp-content\/uploads\/2026\/05\/thumb-mylene-farmer-768x965.jpg\"><img decoding=\"async\" width=\"640\" height=\"804\" src=\"https:\/\/numero.com\/wp-content\/uploads\/2026\/05\/thumb-mylene-farmer-768x965.jpg\" class=\"img-fluid\" alt=\"Mylene Farmer.\" loading=\"lazy\">\t\t\t\t\t\t\t\t\t\t\t\t<\/p>\n<div class=\"number\">29<\/div>\n<\/p><\/div>\n<div class=\"card-info d-flex\">\n<div>\n<p class=\"cat-title\">Musique<\/p>\n<h3 class=\"post-title\">Quelle cin\u00e9aste pourrait r\u00e9aliser le prochain clip de Myl\u00e8ne Farmer ?<\/h3>\n<\/p><\/div>\n<p class=\"date\">\n\t\t\t\t\t\t\t\t\t\t\t\t\t29 mai 2026\t\t\t\t\t\t\t\t\t\t\t\t<\/p>\n<\/p><\/div>\n<p>\t\t\t\t\t\t\t\t\t\t<\/a>\n\t\t\t\t\t\t\t\t\t<\/div>\n<\/p><\/div>\n<\/p><\/div>\n<\/p><\/div>\n<\/section>\n<div class=\"padding-bottom-s\">\n<div class=\"ad banner desktop\">\n<div class=\"container\">\n<div class=\"row\">\n            <!-- \/21730003857\/numero-ad-unit\/numero-banner-1 --><\/p>\n<div class=\"ad-responsive\">\n<div id=\"div-gpt-ad-1773673267712-0\" class=\"ads-pub\">\n<p>                        googletag.cmd.push(function () {<br \/>\n                            googletag.display(&#8216;div-gpt-ad-1773673267712-0&#8217;);<br \/>\n                        });<\/p><\/div>\n<\/p><\/div>\n<\/p><\/div>\n<\/p><\/div>\n<\/div><\/div>\n<\/p><\/div>\n","protected":false},"excerpt":{"rendered":"<p>30 30 googletag.cmd.push(function () { googletag.display(&#8216;div-gpt-ad-1773673590069-0&#8217;); }); Lien copi\u00e9 Musique 30 mai 2026 H\u00e9licopt\u00e8re, feu d\u2019artifices\u2026 On \u00e9tait au concert grandiose d\u2019Aya Nakamura au Stade de France C\u2019est un exploit ! La star de la musique venue d\u2019Aulnay-sous-Bois Aya Nakamura se produit trois soirs d\u2019affil\u00e9e au Stade de France, \u00e0 Saint-Denis, du 29 au 31 [&hellip;]<\/p>\n","protected":false},"author":1,"featured_media":0,"comment_status":"open","ping_status":"","sticky":false,"template":"","format":"standard","meta":{"footnotes":""},"categories":[1],"tags":[226,258],"class_list":["post-1963339","post","type-post","status-publish","format-standard","hentry","category-uncategorized","tag-crawlmanager","tag-numero-com"],"_links":{"self":[{"href":"https:\/\/analyse.optim.biz\/index.php?rest_route=\/wp\/v2\/posts\/1963339","targetHints":{"allow":["GET"]}}],"collection":[{"href":"https:\/\/analyse.optim.biz\/index.php?rest_route=\/wp\/v2\/posts"}],"about":[{"href":"https:\/\/analyse.optim.biz\/index.php?rest_route=\/wp\/v2\/types\/post"}],"author":[{"embeddable":true,"href":"https:\/\/analyse.optim.biz\/index.php?rest_route=\/wp\/v2\/users\/1"}],"replies":[{"embeddable":true,"href":"https:\/\/analyse.optim.biz\/index.php?rest_route=%2Fwp%2Fv2%2Fcomments&post=1963339"}],"version-history":[{"count":0,"href":"https:\/\/analyse.optim.biz\/index.php?rest_route=\/wp\/v2\/posts\/1963339\/revisions"}],"wp:attachment":[{"href":"https:\/\/analyse.optim.biz\/index.php?rest_route=%2Fwp%2Fv2%2Fmedia&parent=1963339"}],"wp:term":[{"taxonomy":"category","embeddable":true,"href":"https:\/\/analyse.optim.biz\/index.php?rest_route=%2Fwp%2Fv2%2Fcategories&post=1963339"},{"taxonomy":"post_tag","embeddable":true,"href":"https:\/\/analyse.optim.biz\/index.php?rest_route=%2Fwp%2Fv2%2Ftags&post=1963339"}],"curies":[{"name":"wp","href":"https:\/\/api.w.org\/{rel}","templated":true}]}}