{"id":196321,"date":"2014-09-20T16:25:37","date_gmt":"2014-09-20T13:25:37","guid":{"rendered":"https:\/\/analyse.optim.biz\/?p=196321"},"modified":"2014-09-20T16:25:37","modified_gmt":"2014-09-20T13:25:37","slug":"guvernul-pregateste-noi-masuri-electorale","status":"publish","type":"post","link":"https:\/\/analyse.optim.biz\/?p=196321","title":{"rendered":"Guvernul preg\u0103te\u0219te noi m\u0103suri electorale"},"content":{"rendered":"<div class=\"entry data-app-meta data-app-meta-article\" data-embed-base-url-canonical=\"https:\/\/www.digi24.ro\/embed\/stiri\/actualitate\/politica\/guvernul-pregateste-noi-masuri-electorale-296510\">\n<p data-index=\"1\">Liderul PSD a explicat c\u0103 aceste m\u0103suri nu au fost luate p\u00e2n\u0103 acum pentru c\u0103 nu a existat o sus\u021binere financiar\u0103. \u201eDar acum exist\u0103 aceast\u0103 sus\u021binere, deoarece anul 2013 s-a \u00eencheiat cu o cre\u0219tere nea\u0219teptat\u0103\u201d, a argumentat <strong>Florin Iordache.<\/strong> La observa\u021bia c\u0103 Rom\u00e2nia a intrat \u00een recesiune, deputatul PSD a spus c\u0103 recesiune este \u0219i \u00een alte state importante ale Uniunii Europene, precum Fran\u021ba. El sus\u021bine c\u0103 guvernul poate acoperi prin veniturile bugetare m\u0103surile luate \u00een ultimul timp, inclusiv sc\u0103derea CAS.<\/p>\n<p data-index=\"2\">La r\u00e2ndul s\u0103u, ministrul delegat pentru Buget, <strong>Darius V\u00e2lcov,<\/strong> s-a ar\u0103tat optimist \u00een aceast\u0103 privin\u021b\u0103. Ministrul V\u00e2lcov a declarat pentru Digi24 c\u0103 Guvernul preg\u0103te\u0219te suplimentarea fondului pentru programul Prima Cas\u0103. M\u0103sura ar putea fi discutat\u0103 chiar de luni \u00een Guvern, iar p\u00e2n\u0103 la sf\u00e2r\u0219itul s\u0103pt\u0103m\u00e2nii viitoare ar putea fi publicat\u0103 \u00een Monitorul Oficial.<\/p>\n<\/div>\n<p> Source URL: https:\/\/www.digi24.ro\/stiri\/actualitate\/politica\/guvernul-pregateste-noi-masuri-electorale-296510<\/p>\n","protected":false},"excerpt":{"rendered":"<p>Liderul PSD a explicat c\u0103 aceste m\u0103suri nu au fost luate p\u00e2n\u0103 acum pentru c\u0103 nu a existat o sus\u021binere financiar\u0103. \u201eDar acum exist\u0103 aceast\u0103 sus\u021binere, deoarece anul 2013 s-a \u00eencheiat cu o cre\u0219tere nea\u0219teptat\u0103\u201d, a argumentat Florin Iordache. La observa\u021bia c\u0103 Rom\u00e2nia a intrat \u00een recesiune, deputatul PSD a spus c\u0103 recesiune este \u0219i [&hellip;]<\/p>\n","protected":false},"author":1,"featured_media":196322,"comment_status":"open","ping_status":"","sticky":false,"template":"","format":"standard","meta":{"footnotes":""},"categories":[2],"tags":[11],"class_list":["post-196321","post","type-post","status-publish","format-standard","has-post-thumbnail","hentry","category-politics","tag-digi24"],"_links":{"self":[{"href":"https:\/\/analyse.optim.biz\/index.php?rest_route=\/wp\/v2\/posts\/196321","targetHints":{"allow":["GET"]}}],"collection":[{"href":"https:\/\/analyse.optim.biz\/index.php?rest_route=\/wp\/v2\/posts"}],"about":[{"href":"https:\/\/analyse.optim.biz\/index.php?rest_route=\/wp\/v2\/types\/post"}],"author":[{"embeddable":true,"href":"https:\/\/analyse.optim.biz\/index.php?rest_route=\/wp\/v2\/users\/1"}],"replies":[{"embeddable":true,"href":"https:\/\/analyse.optim.biz\/index.php?rest_route=%2Fwp%2Fv2%2Fcomments&post=196321"}],"version-history":[{"count":0,"href":"https:\/\/analyse.optim.biz\/index.php?rest_route=\/wp\/v2\/posts\/196321\/revisions"}],"wp:featuredmedia":[{"embeddable":true,"href":"https:\/\/analyse.optim.biz\/index.php?rest_route=\/wp\/v2\/media\/196322"}],"wp:attachment":[{"href":"https:\/\/analyse.optim.biz\/index.php?rest_route=%2Fwp%2Fv2%2Fmedia&parent=196321"}],"wp:term":[{"taxonomy":"category","embeddable":true,"href":"https:\/\/analyse.optim.biz\/index.php?rest_route=%2Fwp%2Fv2%2Fcategories&post=196321"},{"taxonomy":"post_tag","embeddable":true,"href":"https:\/\/analyse.optim.biz\/index.php?rest_route=%2Fwp%2Fv2%2Ftags&post=196321"}],"curies":[{"name":"wp","href":"https:\/\/api.w.org\/{rel}","templated":true}]}}