{"id":196234,"date":"2014-09-20T22:41:03","date_gmt":"2014-09-20T19:41:03","guid":{"rendered":"https:\/\/analyse.optim.biz\/?p=196234"},"modified":"2014-09-20T22:41:03","modified_gmt":"2014-09-20T19:41:03","slug":"victor-ponta-ii-raspunde-elenei-udrea-ceausescu-isi-facea-congresele-la-sala-palatului-nu-pe-stadion","status":"publish","type":"post","link":"https:\/\/analyse.optim.biz\/?p=196234","title":{"rendered":"Victor Ponta \u00eei r\u0103spunde Elenei Udrea: Ceau\u015fescu \u00ee\u015fi f\u0103cea congresele la Sala Palatului, nu pe stadion"},"content":{"rendered":"<div class=\"entry data-app-meta data-app-meta-article\" data-embed-base-url-canonical=\"https:\/\/www.digi24.ro\/embed\/stiri\/actualitate\/politica\/victor-ponta-ii-raspunde-elenei-udrea-ceausescu-isi-facea-congresele-la-sala-palatului-nu-pe-stadion-296581\">\n<p data-index=\"1\"><img decoding=\"async\" src=\"https:\/\/analyse.optim.biz\/wp-content\/uploads\/2024\/09\/anbnjnc9odawjmhhc2g9ntm2zmyxyzmymwqwzwvhyzm1owq1zjdizguyngvmzjk-thumb_.jpg\" data-skip-htmlfix=\"1\" title=\"anbnjnc9odawjmhhc2g9ntm2zmyxyzmymwqwzwvhyzm1owq1zjdizguyngvmzjk-thumb_\"><\/p>\n<p data-index=\"2\"><strong>Foto: Facebook Victor Ponta<\/strong><\/p>\n<p data-index=\"3\">\u201e<span>P\u00e2n\u0103 la urm\u0103, (Arena Na\u0163ional\u0103 &#8211; n.r.) este un loc potrivit pentru evenimente de acest gen. Am v\u0103zut c\u0103 un contracandidat zicea de Ceau\u015fescu care \u00ee\u015fi lansa&#8230; din c\u00e2te \u0163in eu minte, \u015fi m\u0103 pricep la istorie mai bine dec\u00e2t doamna care zicea lucrul \u0103sta, Ceau\u015fescu la Sala Palatului \u00ee\u015fi f\u0103cea congresele. Deci, s\u0103 vedem cine \u00ee\u015fi face la Sala Palatului ca s\u0103 vedem cine se ia dup\u0103 Ceau\u015fescu\u201d, a spus Victor Ponta, la un post de televiziune, potrivit Mediafax.<\/span><\/p>\n<p data-index=\"4\">El a ar\u0103tat c\u0103 Arena Na\u0163ional\u0103 nu a fost construit\u0103 de Ceau\u015fescu \u015fi reprezint\u0103 un spa\u0163iu care ofer\u0103 condi\u0163ii civilizate pentru ca un num\u0103r mare de oameni s\u0103 participe la un eveniment sportiv, artistic sau politic.<\/p>\n<p data-index=\"5\">Pre\u015fedintele PMP,\u00a0Elena Udrea, a declarat, s\u00e2mb\u0103t\u0103, la Bistri\u0163a, c\u0103 lansarea candidaturii lui\u00a0Victor Ponta\u00a0la Pre\u015fedin\u0163ie aminte\u015fte de manifest\u0103rile de pe vremea lui Ceau\u015fescu, c\u00e2nd to\u0163i se adunau la Bucure\u015fti s\u0103 scrie numele liderului suprem, ad\u0103ug\u00e2nd: \u201eSe lanseaz\u0103 precum liderul nord-coreean\u201d.<\/p>\n<p data-index=\"6\">\u00centrebat\u0103 cum \u00ee\u015fi va lansa candidatura proprie, Elena Udrea a r\u0103spuns c\u0103 evenimentul va avea loc \u00een Sala Palatului \u015fi va fi \u201eo lansare rezonabil\u0103, decent\u0103\u201d.<\/p>\n<p data-index=\"7\">Victor Ponta \u015fi-a lansat, s\u00e2mb\u0103t\u0103, pe Arena Na\u0163ional\u0103, candidatura la Pre\u015fedin\u0163ie. Circula\u0163ia rutier\u0103 a fost restric\u0163ionat\u0103 \u00een zona Arenei Na\u0163ionale din Bucure\u015fti, traficul fiind \u00eenchis pe trei str\u0103zi \u015fi un bulevard p\u00e2n\u0103 \u00een jurul orei 20.00.<\/p>\n<h5><a href=\"https:\/\/www.digi24.ro\/Stiri\/Digi24\/Actualitate\/Politica\/CAMERA+ASCUNSA+Victor+Ponta+lansare+pe+Arena+Nationala+Ne-a+dat+\" data-skip-linkfix=\"1\"><span>CAMERA ASCUNS\u0102. Victor Ponta, lansare pe Arena Na\u021bional\u0103. \u201eNe-a dat bani. 100 de lei\u201d<\/span><\/a><\/h5>\n<h5><a href=\"https:\/\/www.digi24.ro\/Stiri\/Digi24\/Actualitate\/Politica\/Sfatul+lui+Mircea+Geoana+pentru+Victor+Ponta\" data-skip-linkfix=\"1\"><span>Sfatul lui Mircea Geoan\u0103 pentru Victor Ponta<\/span><\/a><\/h5>\n<h5><span><a href=\"https:\/\/www.digi24.ro\/Stiri\/Digi24\/Actualitate\/Politica\/Liviu+Dragnea+PSD+indragostit+de+Romania\" data-skip-linkfix=\"1\">Liviu Dragnea: \u201eCel mai mare, mai vizionar, mai puternic partid din Rom\u00e2nia e \u00eendr\u0103gostit de \u021bara lui\u201d<\/a><\/span><\/h5>\n<p data-index=\"8\">Pre\u015fedintele PMP, Elena Udrea, <a href=\"https:\/\/www.digi24.ro\/Stiri\/Digi24\/Actualitate\/Politica\/Lansarea+Candidaturii+lui+Victor+Ponta+comparata+de+Opozitie+cu+\" data-skip-linkfix=\"1\">spune c\u0103 lansarea grandioas\u0103<\/a> arat\u0103 de fapt dispre\u0163ul fa\u0163\u0103 de oamenii de r\u00e2nd, care a\u015fteapt\u0103 locuri de munc\u0103, nu spectacole pe stadioane. Ea a mai spus c\u0103 acest gen de evenimente \u00eei aminte\u015fte de liderul nord-coreean.<\/p>\n<p data-index=\"9\">\u201eS\u0103 ai o a\u015fa lansare arat\u0103 dispre\u0163ul pe care \u00eel ai fa\u0163\u0103 de oamenii care a\u015fteapt\u0103 locuri de munc\u0103 \u015fi s\u0103 guvernezi bine \u0163ara, nu s\u0103 te lansezi pe un stadion. (&#8230;) Domnul Victor Ponta se lanseaz\u0103 precum liderul nord-coreean\u201d, a spus Elena Udrea, pre\u015fedinte PMP.<\/p>\n<\/div>\n<p> Source URL: https:\/\/www.digi24.ro\/stiri\/actualitate\/politica\/victor-ponta-ii-raspunde-elenei-udrea-ceausescu-isi-facea-congresele-la-sala-palatului-nu-pe-stadion-296581<\/p>\n","protected":false},"excerpt":{"rendered":"<p>Foto: Facebook Victor Ponta \u201eP\u00e2n\u0103 la urm\u0103, (Arena Na\u0163ional\u0103 &#8211; n.r.) este un loc potrivit pentru evenimente de acest gen. Am v\u0103zut c\u0103 un contracandidat zicea de Ceau\u015fescu care \u00ee\u015fi lansa&#8230; din c\u00e2te \u0163in eu minte, \u015fi m\u0103 pricep la istorie mai bine dec\u00e2t doamna care zicea lucrul \u0103sta, Ceau\u015fescu la Sala Palatului \u00ee\u015fi f\u0103cea [&hellip;]<\/p>\n","protected":false},"author":1,"featured_media":196235,"comment_status":"open","ping_status":"","sticky":false,"template":"","format":"standard","meta":{"footnotes":""},"categories":[2],"tags":[11],"class_list":["post-196234","post","type-post","status-publish","format-standard","has-post-thumbnail","hentry","category-politics","tag-digi24"],"_links":{"self":[{"href":"https:\/\/analyse.optim.biz\/index.php?rest_route=\/wp\/v2\/posts\/196234","targetHints":{"allow":["GET"]}}],"collection":[{"href":"https:\/\/analyse.optim.biz\/index.php?rest_route=\/wp\/v2\/posts"}],"about":[{"href":"https:\/\/analyse.optim.biz\/index.php?rest_route=\/wp\/v2\/types\/post"}],"author":[{"embeddable":true,"href":"https:\/\/analyse.optim.biz\/index.php?rest_route=\/wp\/v2\/users\/1"}],"replies":[{"embeddable":true,"href":"https:\/\/analyse.optim.biz\/index.php?rest_route=%2Fwp%2Fv2%2Fcomments&post=196234"}],"version-history":[{"count":0,"href":"https:\/\/analyse.optim.biz\/index.php?rest_route=\/wp\/v2\/posts\/196234\/revisions"}],"wp:featuredmedia":[{"embeddable":true,"href":"https:\/\/analyse.optim.biz\/index.php?rest_route=\/wp\/v2\/media\/196235"}],"wp:attachment":[{"href":"https:\/\/analyse.optim.biz\/index.php?rest_route=%2Fwp%2Fv2%2Fmedia&parent=196234"}],"wp:term":[{"taxonomy":"category","embeddable":true,"href":"https:\/\/analyse.optim.biz\/index.php?rest_route=%2Fwp%2Fv2%2Fcategories&post=196234"},{"taxonomy":"post_tag","embeddable":true,"href":"https:\/\/analyse.optim.biz\/index.php?rest_route=%2Fwp%2Fv2%2Ftags&post=196234"}],"curies":[{"name":"wp","href":"https:\/\/api.w.org\/{rel}","templated":true}]}}