{"id":196209,"date":"2014-09-21T14:10:51","date_gmt":"2014-09-21T11:10:51","guid":{"rendered":"https:\/\/analyse.optim.biz\/?p=196209"},"modified":"2014-09-21T14:10:51","modified_gmt":"2014-09-21T11:10:51","slug":"candidatura-lui-victor-ponta-la-cotroceni-contestata","status":"publish","type":"post","link":"https:\/\/analyse.optim.biz\/?p=196209","title":{"rendered":"Candidatura lui Victor Ponta la Cotroceni, contestat\u0103"},"content":{"rendered":"<div class=\"entry data-app-meta data-app-meta-article\" data-embed-base-url-canonical=\"https:\/\/www.digi24.ro\/embed\/stiri\/actualitate\/politica\/candidatura-lui-victor-ponta-la-cotroceni-contestata-296651\">\n<p data-index=\"1\"><img decoding=\"async\" src=\"https:\/\/analyse.optim.biz\/wp-content\/uploads\/2024\/09\/c2g9zgjmmdvkyjy0ntc1zmezyty1oddkmznkymniotflmty-thumb_.jpg\" data-skip-htmlfix=\"1\" title=\"c2g9zgjmmdvkyjy0ntc1zmezyty1oddkmznkymniotflmty-thumb_\"><\/p>\n<p data-index=\"2\">Deocamdat\u0103 nu se \u015ftie cine a depus contesta\u0163iile \u015fi \u00een ce temei. Contesta\u0163iile au fost depuse, s\u00e2mb\u0103t\u0103 sear\u0103, de \u201edou\u0103 persoane fizice, \u00een nume propriu&#8221;, men\u021bioneaz\u0103 Mediafax.<\/p>\n<p data-index=\"3\">Conform Legii nr. 370\/2004 pentru alegerea pre\u015fedintelui Rom\u00e2niei, CCR solu\u0163ioneaz\u0103 astfel de contesta\u0163ii <strong>\u00een termen de cel mult dou\u0103 zile<\/strong> de la \u00eenregistrarea lor. Hot\u0103r\u00e2rile Cur\u0163ii sunt <strong>definitive,<\/strong> se comunic\u0103 de \u00eendat\u0103 Biroului Electoral Central \u015fi se public\u0103 \u00een Monitorul Oficial al Rom\u00e2niei, Partea I.<\/p>\n<p data-index=\"4\"><strong>VICTOR PONTA<\/strong>\u00a0a fost\u00a0<a href=\"https:\/\/www.digi24.ro\/Stiri\/Digi24\/Actualitate\/Politica\/Victor+Ponta+primul+candidat+care+se+inscrie+oficial+in+cursa+pe\" target=\"_blank\" data-skip-linkfix=\"1\" rel=\"noopener\"><strong>primul candidat la preziden\u021biale care \u0219i-a depus oficial candidatura la Biroul Electoral Central<\/strong><\/a>, iar s\u00e2mb\u0103t\u0103, chiar de ziua sa, PSD a organizat pe Arena Na\u021bional\u0103 o lansare grandioas\u0103 a cursei sale pentru Cotroceni.<\/p>\n<p data-index=\"5\">Citi\u021bi \u0219i: <a href=\"https:\/\/www.digi24.ro\/Stiri\/Digi24\/Actualitate\/Politica\/VICTOR+PONTA+LANSARE+CANDIDATURA+PREZIDENTIALE+ARENA+NATIONALA\" target=\"_blank\" data-skip-linkfix=\"1\" rel=\"noopener\"><strong>Filmul zilei. Victor Ponta \u0219i-a lansat candidatura pe Arena Na\u021bional\u0103, chiar de ziua lui. Simpatizan\u021bii PSD, nemul\u021bumi\u021bi de organizare<\/strong><\/a><\/p>\n<p data-index=\"6\"><strong><a href=\"https:\/\/www.digi24.ro\/Stiri\/Digi24\/Actualitate\/Politica\/Victor+Ponta+replica+Elena+Udrea+Ceausescu+lansare+candidatura\" target=\"_blank\" data-skip-linkfix=\"1\" rel=\"noopener\"><span>Victor Ponta \u00eei r\u0103spunde Elenei Udrea: Ceau\u015fescu \u00ee\u015fi f\u0103cea congresele la Sala Palatului, nu pe stadion<\/span><\/a><\/strong><\/p>\n<p data-index=\"7\"><a href=\"https:\/\/www.digi24.ro\/Stiri\/Digi24\/Actualitate\/Politica\/CINE+ESTE+VICTOR+PONTA\" target=\"_blank\" data-skip-linkfix=\"1\" rel=\"noopener\"><strong>Traseul politic al lui Victor Ponta<\/strong><\/a><\/p>\n<\/div>\n<p> Source URL: https:\/\/www.digi24.ro\/stiri\/actualitate\/politica\/candidatura-lui-victor-ponta-la-cotroceni-contestata-296651<\/p>\n","protected":false},"excerpt":{"rendered":"<p>Deocamdat\u0103 nu se \u015ftie cine a depus contesta\u0163iile \u015fi \u00een ce temei. Contesta\u0163iile au fost depuse, s\u00e2mb\u0103t\u0103 sear\u0103, de \u201edou\u0103 persoane fizice, \u00een nume propriu&#8221;, men\u021bioneaz\u0103 Mediafax. Conform Legii nr. 370\/2004 pentru alegerea pre\u015fedintelui Rom\u00e2niei, CCR solu\u0163ioneaz\u0103 astfel de contesta\u0163ii \u00een termen de cel mult dou\u0103 zile de la \u00eenregistrarea lor. Hot\u0103r\u00e2rile Cur\u0163ii sunt definitive, [&hellip;]<\/p>\n","protected":false},"author":1,"featured_media":196210,"comment_status":"open","ping_status":"","sticky":false,"template":"","format":"standard","meta":{"footnotes":""},"categories":[2],"tags":[11],"class_list":["post-196209","post","type-post","status-publish","format-standard","has-post-thumbnail","hentry","category-politics","tag-digi24"],"_links":{"self":[{"href":"https:\/\/analyse.optim.biz\/index.php?rest_route=\/wp\/v2\/posts\/196209","targetHints":{"allow":["GET"]}}],"collection":[{"href":"https:\/\/analyse.optim.biz\/index.php?rest_route=\/wp\/v2\/posts"}],"about":[{"href":"https:\/\/analyse.optim.biz\/index.php?rest_route=\/wp\/v2\/types\/post"}],"author":[{"embeddable":true,"href":"https:\/\/analyse.optim.biz\/index.php?rest_route=\/wp\/v2\/users\/1"}],"replies":[{"embeddable":true,"href":"https:\/\/analyse.optim.biz\/index.php?rest_route=%2Fwp%2Fv2%2Fcomments&post=196209"}],"version-history":[{"count":0,"href":"https:\/\/analyse.optim.biz\/index.php?rest_route=\/wp\/v2\/posts\/196209\/revisions"}],"wp:featuredmedia":[{"embeddable":true,"href":"https:\/\/analyse.optim.biz\/index.php?rest_route=\/wp\/v2\/media\/196210"}],"wp:attachment":[{"href":"https:\/\/analyse.optim.biz\/index.php?rest_route=%2Fwp%2Fv2%2Fmedia&parent=196209"}],"wp:term":[{"taxonomy":"category","embeddable":true,"href":"https:\/\/analyse.optim.biz\/index.php?rest_route=%2Fwp%2Fv2%2Fcategories&post=196209"},{"taxonomy":"post_tag","embeddable":true,"href":"https:\/\/analyse.optim.biz\/index.php?rest_route=%2Fwp%2Fv2%2Ftags&post=196209"}],"curies":[{"name":"wp","href":"https:\/\/api.w.org\/{rel}","templated":true}]}}