{"id":1962085,"date":"2026-05-29T04:44:01","date_gmt":"2026-05-29T01:44:01","guid":{"rendered":"https:\/\/analyse.optim.biz\/?p=1962085"},"modified":"2026-05-29T04:44:01","modified_gmt":"2026-05-29T01:44:01","slug":"corpul-de-control-al-presedintelui-o-noua-structura-in-cadrul-consiliului-judetean-buzau-pe-modelul-celor-din-ministere","status":"publish","type":"post","link":"https:\/\/analyse.optim.biz\/?p=1962085","title":{"rendered":"Corpul de control al pre\u0219edintelui \u2013 o nou\u0103 structur\u0103 \u00een cadrul Consiliului Jude\u021bean Buz\u0103u, pe modelul celor din ministere"},"content":{"rendered":"<p>[analyse_image type=&#8221;featured&#8221; src=&#8221;https:\/\/buzaulinreportaje.ro\/wp-content\/uploads\/default-cover.jpghttps:\/\/buzaulinreportaje.ro\/wp-content\/uploads\/2026\/04\/CJBuzau-1.png&#8221;]<\/p>\n<div class=\"entry-content herald-entry-content\">\n<p class=\"has-large-font-size wp-block-paragraph\">Nu sunt multe consilii jude\u021bene \u00een \u021bar\u0103 care s\u0103 aib\u0103 \u00een structura lor un corp de control al pre\u0219edintelui. Exemplele relevante sunt Timi\u0219, Ia\u0219i, Cluj \u0219i Suceava, unde pre\u0219edin\u021bii au sesizat, \u00een timp acest corp de control \u00een cazul activit\u0103\u021bii unor institu\u021bii de cultur\u0103, spre exemplu, spitale, direc\u021bii de asisten\u021b\u0103 social\u0103 sau teatre aflate \u00een subordinea CJ. <\/p>\n<div class=\"wp-block-image\">\n<figure class=\"aligncenter size-full\"><img loading=\"lazy\" decoding=\"async\" width=\"1024\" height=\"576\" src=\"https:\/\/buzaulinreportaje.ro\/wp-content\/uploads\/2026\/04\/CJBuzau-1.png\" alt class=\"wp-image-28087\"><\/figure>\n<\/div>\n<p class=\"has-large-font-size wp-block-paragraph\">\u00cen \u0219edin\u021ba lunar\u0103 din 28 mai 2026 a CJ Buz\u0103u, consilierii jude\u021beni au aprobat noua organigram\u0103 a acestei institu\u021bii buzoiene despre care a vorbit ulterior vicepre\u0219edintele Adrian Robert Petre.<\/p>\n<p class=\"wp-block-paragraph\">A\u0219adar, ce \u00eenseamn\u0103 corp de control al pre\u0219edintelui? Fiind o structur\u0103 nou\u0103 pentru care se vor face \u0219i angaj\u0103ri, vicepre\u0219edintele Petre nu a putut oferi detalii ample.<\/p>\n<p class=\"wp-block-paragraph\">Potrivit informa\u021biilor administrative existente la alte consilii jude\u021bene, acest corp de control la dispozi\u021bia pre\u0219edintelui verific\u0103 modul \u00een care institu\u021biile din subordine fac achizi\u021bii publice, calitatea serviciilor oferite, managementul resurselor umane \u0219i chiar deficien\u021be administrative. Modelul acestei structuri este luat \u00een mod evident de la ministerele din Guvernul Rom\u00e2niei care au un corp de control coordonat direct de c\u0103tre ministru \u0219i la care se apeleaz\u0103 atunci c\u00e2nd o situa\u021bie degenereaz\u0103.<\/p>\n<div class=\"wp-block-image\">\n<figure class=\"aligncenter size-full\"><img loading=\"lazy\" decoding=\"async\" width=\"860\" height=\"512\" src=\"https:\/\/buzaulinreportaje.ro\/wp-content\/uploads\/2026\/05\/CJ-Petre-si-Stanciu.webp\" alt class=\"wp-image-28261\"><\/figure>\n<\/div>\n<div class=\"herald-share-content\">\n<div class=\"meks_ess layout-5-1 transparent no-labels solid\"><a href=\"https:\/\/buzaulinreportaje.ro\/corpul-de-control-al-presedintelui-o-noua-structura-in-cadrul-consiliului-judetean-buzau-pe-modelul-celor-din-ministere\/\" class=\"meks_ess-item socicon-facebook\" data-url=\"http:\/\/www.facebook.com\/sharer\/sharer.php?u=https%3A%2F%2Fbuzaulinreportaje.ro%2Fcorpul-de-control-al-presedintelui-o-noua-structura-in-cadrul-consiliului-judetean-buzau-pe-modelul-celor-din-ministere%2F&amp;t=Corpul%20de%20control%20al%20pre%C8%99edintelui%20%E2%80%93%20o%20nou%C4%83%20structur%C4%83%20%C3%AEn%20cadrul%20Consiliului%20Jude%C8%9Bean%20Buz%C4%83u%2C%20pe%20modelul%20celor%20din%20ministere\"><span>Facebook<\/span><\/a><a href=\"https:\/\/api.whatsapp.com\/send?text=Corpul%20de%20control%20al%20pre%C8%99edintelui%20%E2%80%93%20o%20nou%C4%83%20structur%C4%83%20%C3%AEn%20cadrul%20Consiliului%20Jude%C8%9Bean%20Buz%C4%83u%2C%20pe%20modelul%20celor%20din%20ministere%20https%3A%2F%2Fbuzaulinreportaje.ro%2Fcorpul-de-control-al-presedintelui-o-noua-structura-in-cadrul-consiliului-judetean-buzau-pe-modelul-celor-din-ministere%2F\" class=\"meks_ess-item socicon-whatsapp prevent-share-popup\"><span>WhatsApp<\/span><\/a><a href=\"https:\/\/buzaulinreportaje.ro\/corpul-de-control-al-presedintelui-o-noua-structura-in-cadrul-consiliului-judetean-buzau-pe-modelul-celor-din-ministere\/\" class=\"meks_ess-item socicon-twitter\" data-url=\"http:\/\/twitter.com\/intent\/tweet?url=https%3A%2F%2Fbuzaulinreportaje.ro%2Fcorpul-de-control-al-presedintelui-o-noua-structura-in-cadrul-consiliului-judetean-buzau-pe-modelul-celor-din-ministere%2F&amp;text=Corpul%20de%20control%20al%20pre%C8%99edintelui%20%E2%80%93%20o%20nou%C4%83%20structur%C4%83%20%C3%AEn%20cadrul%20Consiliului%20Jude%C8%9Bean%20Buz%C4%83u%2C%20pe%20modelul%20celor%20din%20ministere\"><span>X<\/span><\/a><\/div>\n<\/div>\n<\/div>\n<p>[analyse_source url=&#8221;https:\/\/buzaulinreportaje.ro\/corpul-de-control-al-presedintelui-o-noua-structura-in-cadrul-consiliului-judetean-buzau-pe-modelul-celor-din-ministere\/&#8221;]<\/p>\n","protected":false},"excerpt":{"rendered":"<p>[analyse_image type=&#8221;featured&#8221; src=&#8221;https:\/\/buzaulinreportaje.ro\/wp-content\/uploads\/default-cover.jpghttps:\/\/buzaulinreportaje.ro\/wp-content\/uploads\/2026\/04\/CJBuzau-1.png&#8221;] Nu sunt multe consilii jude\u021bene \u00een \u021bar\u0103 care s\u0103 aib\u0103 \u00een structura lor un corp de control al pre\u0219edintelui. Exemplele relevante sunt Timi\u0219, Ia\u0219i, Cluj \u0219i Suceava, unde pre\u0219edin\u021bii au sesizat, \u00een timp acest corp de control \u00een cazul activit\u0103\u021bii unor institu\u021bii de cultur\u0103, spre exemplu, spitale, direc\u021bii de asisten\u021b\u0103 social\u0103 sau [&hellip;]<\/p>\n","protected":false},"author":1,"featured_media":0,"comment_status":"open","ping_status":"","sticky":false,"template":"","format":"standard","meta":{"footnotes":""},"categories":[2],"tags":[59,226],"class_list":["post-1962085","post","type-post","status-publish","format-standard","hentry","category-politics","tag-buzaulinreportaje-ro","tag-crawlmanager"],"_links":{"self":[{"href":"https:\/\/analyse.optim.biz\/index.php?rest_route=\/wp\/v2\/posts\/1962085","targetHints":{"allow":["GET"]}}],"collection":[{"href":"https:\/\/analyse.optim.biz\/index.php?rest_route=\/wp\/v2\/posts"}],"about":[{"href":"https:\/\/analyse.optim.biz\/index.php?rest_route=\/wp\/v2\/types\/post"}],"author":[{"embeddable":true,"href":"https:\/\/analyse.optim.biz\/index.php?rest_route=\/wp\/v2\/users\/1"}],"replies":[{"embeddable":true,"href":"https:\/\/analyse.optim.biz\/index.php?rest_route=%2Fwp%2Fv2%2Fcomments&post=1962085"}],"version-history":[{"count":0,"href":"https:\/\/analyse.optim.biz\/index.php?rest_route=\/wp\/v2\/posts\/1962085\/revisions"}],"wp:attachment":[{"href":"https:\/\/analyse.optim.biz\/index.php?rest_route=%2Fwp%2Fv2%2Fmedia&parent=1962085"}],"wp:term":[{"taxonomy":"category","embeddable":true,"href":"https:\/\/analyse.optim.biz\/index.php?rest_route=%2Fwp%2Fv2%2Fcategories&post=1962085"},{"taxonomy":"post_tag","embeddable":true,"href":"https:\/\/analyse.optim.biz\/index.php?rest_route=%2Fwp%2Fv2%2Ftags&post=1962085"}],"curies":[{"name":"wp","href":"https:\/\/api.w.org\/{rel}","templated":true}]}}