{"id":196196,"date":"2014-09-21T15:34:42","date_gmt":"2014-09-21T12:34:42","guid":{"rendered":"https:\/\/analyse.optim.biz\/?p=196196"},"modified":"2014-09-21T15:34:42","modified_gmt":"2014-09-21T12:34:42","slug":"traian-basescu-va-fi-vai-de-noi-cu-un-presedinte-ca-ponta-kim-jong-un","status":"publish","type":"post","link":"https:\/\/analyse.optim.biz\/?p=196196","title":{"rendered":"Traian B\u0103sescu:\u00a0Va fi vai de noi cu un pre\u0219edinte ca Ponta-Kim-Jong-un!"},"content":{"rendered":"<div class=\"entry data-app-meta data-app-meta-article\" data-embed-base-url-canonical=\"https:\/\/www.digi24.ro\/embed\/stiri\/actualitate\/politica\/traian-basescu-va-fi-vai-de-noi-cu-un-presedinte-ca-ponta-kim-jong-un-296666\">\n<p data-index=\"1\">\u201e<span>Am v\u0103zut-o, la jurnalele voastre, pentru c\u0103 \u00eemi era greu s\u0103 urm\u0103resc un asemenea eveniment \u00een condi\u021biile \u00een care semn\u0103na leit cu ce-am v\u0103zut pe la Kim Jong-un \u0103sta \u0219i care se pare c\u0103 e extrem de atractiv pentru Ponta. S\u0103 faci de ziua ta o asemenea manifestare arat\u0103 c\u0103 omul \u0103sta \u0219i-a pierdut cump\u0103tul \u0219i controlul. Va fi vai de noi cu un pre\u0219edinte ca Ponta-Kim-Jong-un!\u201d, a declarat Traian B\u0103sescu \u00eentrebat de Digi24 dac\u0103 a urm\u0103rit s\u00e2mb\u0103t\u0103 lansarea candidaturii lui Victor Ponta pe Arena Na\u021bional\u0103.<\/span><\/p>\n<p data-index=\"2\">\u201eOmul \u0103sta este un kitsch, un fals. Total. C\u00e2nd \u00eel cau\u021bi e masterand la Catania, pe urm\u0103 constat\u0103 cu nu mai e, \u00eel cau\u021bi doctor \u00eel g\u0103se\u0219ti cu un plagiat, tot CV-ul lui este un fals\u201d, a mai spus \u0219eful statului.<\/p>\n<p data-index=\"3\">Citi\u021bi \u0219i:\u00a0<a href=\"https:\/\/www.digi24.ro\/Stiri\/Digi24\/Actualitate\/Politica\/VICTOR+PONTA+LANSARE+CANDIDATURA+PREZIDENTIALE+ARENA+NATIONALA\" target=\"_blank\" data-skip-linkfix=\"1\" rel=\"noopener\"><strong>Filmul zilei. Victor Ponta \u0219i-a lansat candidatura pe Arena Na\u021bional\u0103, chiar de ziua lui. Simpatizan\u021bii PSD, nemul\u021bumi\u021bi de organizare<\/strong><\/a><\/p>\n<p data-index=\"4\"><strong><a href=\"https:\/\/www.digi24.ro\/Stiri\/Digi24\/Actualitate\/Politica\/Victor+Ponta+replica+Elena+Udrea+Ceausescu+lansare+candidatura\" target=\"_blank\" data-skip-linkfix=\"1\" rel=\"noopener\"><span>Victor Ponta \u00eei r\u0103spunde Elenei Udrea: Ceau\u015fescu \u00ee\u015fi f\u0103cea congresele la Sala Palatului, nu pe stadion<\/span><\/a><\/strong><\/p>\n<p data-index=\"5\"><a href=\"https:\/\/www.digi24.ro\/Stiri\/Digi24\/Actualitate\/Politica\/CINE+ESTE+VICTOR+PONTA\" target=\"_blank\" data-skip-linkfix=\"1\" rel=\"noopener\"><strong>Traseul politic al lui Victor Ponta<\/strong><\/a><\/p>\n<p data-index=\"6\">Pre\u0219edintele, care <a href=\"https:\/\/www.digi24.ro\/Stiri\/Digi24\/Actualitate\/Politica\/TRAIAN+BASESCU+UDREA+CANDIDATURA+SEMNARE\" target=\"_blank\" data-skip-linkfix=\"1\" rel=\"noopener\">\u0219i-a dat semn\u0103tura \u00een favoarea candidaturii Elenei Udrea la Pre\u0219edin\u021bie<\/a>, a explicat \u0219i de ce nu \u00eel sprijin\u0103 pe candidatul PNL: \u201eIohannis, p\u00e2n\u0103 acum c\u00e2teva luni, era sus\u021bin\u0103tor al loviturii de stat din vara lui 2012, ast\u0103zi e mare democrat!\u201d<\/p>\n<p data-index=\"7\">\u201eMi-e greu s\u0103 privesc la solu\u021biile lor \u0219i s\u0103 am \u00eencredere \u00een ei\u201d, a ad\u0103ugat Traian B\u0103sescu.\u00a0Elena Udrea, a mai spus pre\u0219edintele, e mult mai inteligent\u0103 dec\u00e2t Ponta \u0219i e mult mai cinstit\u0103 dec\u00e2t Ponta.<\/p>\n<\/div>\n<p> Source URL: https:\/\/www.digi24.ro\/stiri\/actualitate\/politica\/traian-basescu-va-fi-vai-de-noi-cu-un-presedinte-ca-ponta-kim-jong-un-296666<\/p>\n","protected":false},"excerpt":{"rendered":"<p>\u201eAm v\u0103zut-o, la jurnalele voastre, pentru c\u0103 \u00eemi era greu s\u0103 urm\u0103resc un asemenea eveniment \u00een condi\u021biile \u00een care semn\u0103na leit cu ce-am v\u0103zut pe la Kim Jong-un \u0103sta \u0219i care se pare c\u0103 e extrem de atractiv pentru Ponta. S\u0103 faci de ziua ta o asemenea manifestare arat\u0103 c\u0103 omul \u0103sta \u0219i-a pierdut cump\u0103tul [&hellip;]<\/p>\n","protected":false},"author":1,"featured_media":196197,"comment_status":"open","ping_status":"","sticky":false,"template":"","format":"standard","meta":{"footnotes":""},"categories":[2],"tags":[11],"class_list":["post-196196","post","type-post","status-publish","format-standard","has-post-thumbnail","hentry","category-politics","tag-digi24"],"_links":{"self":[{"href":"https:\/\/analyse.optim.biz\/index.php?rest_route=\/wp\/v2\/posts\/196196","targetHints":{"allow":["GET"]}}],"collection":[{"href":"https:\/\/analyse.optim.biz\/index.php?rest_route=\/wp\/v2\/posts"}],"about":[{"href":"https:\/\/analyse.optim.biz\/index.php?rest_route=\/wp\/v2\/types\/post"}],"author":[{"embeddable":true,"href":"https:\/\/analyse.optim.biz\/index.php?rest_route=\/wp\/v2\/users\/1"}],"replies":[{"embeddable":true,"href":"https:\/\/analyse.optim.biz\/index.php?rest_route=%2Fwp%2Fv2%2Fcomments&post=196196"}],"version-history":[{"count":0,"href":"https:\/\/analyse.optim.biz\/index.php?rest_route=\/wp\/v2\/posts\/196196\/revisions"}],"wp:featuredmedia":[{"embeddable":true,"href":"https:\/\/analyse.optim.biz\/index.php?rest_route=\/wp\/v2\/media\/196197"}],"wp:attachment":[{"href":"https:\/\/analyse.optim.biz\/index.php?rest_route=%2Fwp%2Fv2%2Fmedia&parent=196196"}],"wp:term":[{"taxonomy":"category","embeddable":true,"href":"https:\/\/analyse.optim.biz\/index.php?rest_route=%2Fwp%2Fv2%2Fcategories&post=196196"},{"taxonomy":"post_tag","embeddable":true,"href":"https:\/\/analyse.optim.biz\/index.php?rest_route=%2Fwp%2Fv2%2Ftags&post=196196"}],"curies":[{"name":"wp","href":"https:\/\/api.w.org\/{rel}","templated":true}]}}