{"id":196162,"date":"2014-09-21T17:30:19","date_gmt":"2014-09-21T14:30:19","guid":{"rendered":"https:\/\/analyse.optim.biz\/?p=196162"},"modified":"2014-09-21T17:30:19","modified_gmt":"2014-09-21T14:30:19","slug":"traian-basescu-atac-la-iurie-leanca-pana-in-octombrie-1989-a-fost-in-ambasada-urss-la-bucuresti","status":"publish","type":"post","link":"https:\/\/analyse.optim.biz\/?p=196162","title":{"rendered":"Traian B\u0103sescu, atac la Iurie Leanc\u0103: P\u00e2n\u0103 \u00een octombrie 1989 a fost \u00een Ambasada URSS la Bucure\u0219ti"},"content":{"rendered":"<div class=\"entry data-app-meta data-app-meta-article\" data-embed-base-url-canonical=\"https:\/\/www.digi24.ro\/embed\/stiri\/actualitate\/politica\/traian-basescu-atac-la-iurie-leanca-pana-in-octombrie-1989-a-fost-in-ambasada-urss-la-bucuresti-296681\">\n<p data-index=\"1\">Premierul Republicii Moldova a participat, s\u00e2mb\u0103t\u0103, pe Arena Na\u021bional\u0103, la <a href=\"https:\/\/www.digi24.ro\/Stiri\/Digi24\/Actualitate\/Politica\/VIDEO+Victor+Ponta+intra+in+Arena\" target=\"_blank\" data-skip-linkfix=\"1\" rel=\"noopener\">evenimentul de lansare a candidaturii lui Victor Ponta la preziden\u021biale \u0219i a rostit un discurs.<\/a> El a stat \u00een tribun\u0103 chiar l\u00e2ng\u0103 premierul rom\u00e2n.<\/p>\n<p data-index=\"2\"><img decoding=\"async\" src=\"https:\/\/analyse.optim.biz\/wp-content\/uploads\/2024\/09\/yxnopwviy2jjngiwyzyyzgq3nwnkngi1zdvhzjflzgzkotk3-thumb_.jpg\" data-skip-htmlfix=\"1\" title=\"yxnopwviy2jjngiwyzyyzgq3nwnkngi1zdvhzjflzgzkotk3-thumb_\"><\/p>\n<p data-index=\"3\">\u201eLeanc\u0103, cel care a fost p\u00e2n\u0103 \u00een octombrie 1989, \u00een Ambasada Uniunii Sovietice la Bucure\u015fti. Poate n-a\u0163i \u015ftiut&#8221;, a spus Traian B\u0103sescu, despre prezen\u0163a la lansarea candidaturii lui Victor Ponta a premierului Republicii Moldova, Iurie Leanc\u0103 \u015fi despre anun\u0163ul privind sus\u0163inerea de c\u0103tre acesta a candidaturii lui Ponta.<\/p>\n<p data-index=\"4\">Pre\u0219edintele, care <a href=\"https:\/\/www.digi24.ro\/\" target=\"_blank\" data-skip-linkfix=\"1\" rel=\"noopener\">\u0219i-a dat semn\u0103tura pentru sus\u021binerea candidaturii Elenei Udrea,<\/a> a fost \u00eentrebat de <strong>Digi24<\/strong> cum comenteaz\u0103 faptul c\u0103 principalul mesaj transmis, s\u00e2mb\u0103t\u0103, de Victor Ponta a fost legat de \u201emarea unire\u201d. \u201eSunt convins c\u0103 nu-i o p\u0103rere sincer\u0103\u201d, a comentat pre\u0219edintele. \u201eI s-a p\u0103rut c\u0103-i de bon ton \u0219i c\u0103 \u00eei p\u0103c\u0103le\u0219te pe cet\u0103\u021benii Republicii Moldova, mai ales pe cei cu cet\u0103\u021benie rom\u00e2n\u0103\u201d, a ad\u0103ugat \u0219eful statului.<\/p>\n<p data-index=\"5\">Pre\u015fedintele a mai spus c\u0103 ace\u0219tia au v\u0103zut \u00een \u015fansa de a studia \u00een Rom\u00e2nia sau \u015fansa de a primi cet\u0103\u0163enie rom\u00e2n\u0103 \u015fi \u015fansa de a fi \u00een Europa, nu numai al\u0103turi de Rom\u00e2nia. Traian B\u0103sescu a amintit, \u00een context, c\u0103 &#8220;\u00een urm\u0103 cu c\u00e2teva luni, Iurie Leanc\u0103 \u015fi premierul cereau reducerea num\u0103rului de burse pentru tinerii din Republica Moldova&#8221; \u0219i de aceea consider\u0103 c\u0103 este \u201eo p\u0103c\u0103leal\u0103\u201d mesajul de unificare transmis de Victor Ponta.<\/p>\n<p data-index=\"6\">\u201eC\u00e2nd am venit eu \u00een mandat, se acordau 150 de burse, acum se acord\u0103 5.500 de burse pentru cet\u0103\u0163enii din Republica Moldova \u015fi cred c\u0103 asta e solu\u0163ia ca tinerii s\u0103 \u00eenve\u0163e \u00een Rom\u00e2nia. E foarte bun\u0103 \u015fi o \u0163eav\u0103 de gaze pe care o facem pentru c\u0103 asta ajut\u0103 la independen\u0163a energetic a Republicii Moldova, cum sunt \u0219i acordorile de interconectare, dar nu sunt o inven\u0163ie a lui Ponta. <strong>Aceste acorduri au fost semnate din timpul Guvernului Boc<\/strong>, c\u00e2nd s-a semnat \u015fi Acordul de ajutor nerambursabil de 100 de milioane de euro, din partea Rom\u00e2niei, pentru Republica Moldova&#8221;, a ar\u0103tat Traian B\u0103sescu.<\/p>\n<p data-index=\"7\">\u015eeful statului a continuat: &#8220;Ei sunt doar ni\u015fte profitori de imagine, \u015fi Ponta, \u015fi Leanc\u0103, pentru c\u0103 cel care a cerut insistent s\u0103 facem un acord de finan\u0163are, pentru proiecte energetice, cel care a cerut insistent s\u0103 m\u0103rim num\u0103rul de burse, este fostul premier Vlad Filat. El dac\u0103 ar fi putut s\u0103 ob\u021bin\u0103 de la noi 10.000 de burse pentru tinerii din Republica Moldova ar fi vrut 10.000 de burse, pentru c\u0103 asta ajut\u0103 la schimbarea mentalit\u0103\u021bilor\u201d, a punctat \u0219eful statului.<\/p>\n<\/div>\n<p> Source URL: https:\/\/www.digi24.ro\/stiri\/actualitate\/politica\/traian-basescu-atac-la-iurie-leanca-pana-in-octombrie-1989-a-fost-in-ambasada-urss-la-bucuresti-296681<\/p>\n","protected":false},"excerpt":{"rendered":"<p>Premierul Republicii Moldova a participat, s\u00e2mb\u0103t\u0103, pe Arena Na\u021bional\u0103, la evenimentul de lansare a candidaturii lui Victor Ponta la preziden\u021biale \u0219i a rostit un discurs. El a stat \u00een tribun\u0103 chiar l\u00e2ng\u0103 premierul rom\u00e2n. \u201eLeanc\u0103, cel care a fost p\u00e2n\u0103 \u00een octombrie 1989, \u00een Ambasada Uniunii Sovietice la Bucure\u015fti. Poate n-a\u0163i \u015ftiut&#8221;, a spus Traian [&hellip;]<\/p>\n","protected":false},"author":1,"featured_media":196163,"comment_status":"open","ping_status":"","sticky":false,"template":"","format":"standard","meta":{"footnotes":""},"categories":[2],"tags":[11],"class_list":["post-196162","post","type-post","status-publish","format-standard","has-post-thumbnail","hentry","category-politics","tag-digi24"],"_links":{"self":[{"href":"https:\/\/analyse.optim.biz\/index.php?rest_route=\/wp\/v2\/posts\/196162","targetHints":{"allow":["GET"]}}],"collection":[{"href":"https:\/\/analyse.optim.biz\/index.php?rest_route=\/wp\/v2\/posts"}],"about":[{"href":"https:\/\/analyse.optim.biz\/index.php?rest_route=\/wp\/v2\/types\/post"}],"author":[{"embeddable":true,"href":"https:\/\/analyse.optim.biz\/index.php?rest_route=\/wp\/v2\/users\/1"}],"replies":[{"embeddable":true,"href":"https:\/\/analyse.optim.biz\/index.php?rest_route=%2Fwp%2Fv2%2Fcomments&post=196162"}],"version-history":[{"count":0,"href":"https:\/\/analyse.optim.biz\/index.php?rest_route=\/wp\/v2\/posts\/196162\/revisions"}],"wp:featuredmedia":[{"embeddable":true,"href":"https:\/\/analyse.optim.biz\/index.php?rest_route=\/wp\/v2\/media\/196163"}],"wp:attachment":[{"href":"https:\/\/analyse.optim.biz\/index.php?rest_route=%2Fwp%2Fv2%2Fmedia&parent=196162"}],"wp:term":[{"taxonomy":"category","embeddable":true,"href":"https:\/\/analyse.optim.biz\/index.php?rest_route=%2Fwp%2Fv2%2Fcategories&post=196162"},{"taxonomy":"post_tag","embeddable":true,"href":"https:\/\/analyse.optim.biz\/index.php?rest_route=%2Fwp%2Fv2%2Ftags&post=196162"}],"curies":[{"name":"wp","href":"https:\/\/api.w.org\/{rel}","templated":true}]}}