{"id":195898,"date":"2014-09-23T14:19:15","date_gmt":"2014-09-23T11:19:15","guid":{"rendered":"https:\/\/analyse.optim.biz\/?p=195898"},"modified":"2014-09-23T14:19:15","modified_gmt":"2014-09-23T11:19:15","slug":"ordonanta-traseistilor-primarul-care-cere-sfatul-alegatorilor-pe-facebook-unde-credeti-ca-ar-fi-bine-sa-ma-trec","status":"publish","type":"post","link":"https:\/\/analyse.optim.biz\/?p=195898","title":{"rendered":"ORDONAN\u021aA TRASEI\u0218TILOR. Primarul care cere sfatul aleg\u0103torilor pe Facebook: \u201eUnde crede\u0163i c\u0103 ar fi bine s\u0103 m\u0103 trec?\u201d"},"content":{"rendered":"<div class=\"entry data-app-meta data-app-meta-article\" data-embed-base-url-canonical=\"https:\/\/www.digi24.ro\/embed\/stiri\/actualitate\/politica\/ordonanta-traseistilor-primarul-care-cere-sfatul-alegatorilor-pe-facebook-unde-credeti-ca-ar-fi-bine-sa-ma-trec-297550\">\n<p data-index=\"1\">&#8220;Primarii \u00een 45 de zile trebuie s\u0103 opteze pentru un partid. Unde crede\u0163i c\u0103 ar fi bine s\u0103 m\u0103 trec?&#8221; A\u015fa \u00ee\u015fi \u00eencepe edilul comunei Valea Salciei sondajul sui-generis. Edilul le d\u0103 aleg\u0103torilor chiar \u015fi variante ajut\u0103toare: 1.INDEPENDENT, 2.PNL, 3.PSD \u015fi 4. ALTUL\u201d.<\/p>\n<p data-index=\"2\">&#8220;<strong>Este un lucru normal ca sa consulti cetatenii atat din punct de vedere economic cat si din vedere politic. Aceasta intrebare am pus-o in primul rand ca mi-este foarte greu ca sa-mi aleg un anumit partid. Mult mai usor mi-ar fi sa raman la partidul la care sunt sau independent<\/strong>\u201d, a spus Marian Mu\u015fat, primarul comunei Valea Salciei.\u00a0<\/p>\n<h2 id=\"highlight-297550-1\"><a href=\"https:\/\/www.digi24.ro\/Stiri\/Digi24\/Actualitate\/Justitie\/MIGRATIA+urmarita+penal+de+DNA\" target=\"_blank\" data-skip-linkfix=\"1\" rel=\"noopener\"><span>ORDONAN\u021aA TRASEI\u0218TILOR. MIGRA\u021aIA ale\u0219ilor locali, urm\u0103rit\u0103 penal de DNA, \u00een urma pl\u00e2ngerii lui K. Iohannis\u00a0<\/span><\/a><\/h2>\n<p data-index=\"3\">R\u0103spunsul aleg\u0103torilor n-a \u00eent\u00e2rziat s\u0103 apar\u0103. &#8220;\u00cen mod normal, orice ales local, primar sau consilier, ar trebui s\u0103 r\u0103m\u00e2n\u0103 la partidul de unde a fost ales pentru patru ani \u015fi nu s\u0103 cedeze unor promisiuni&#8221;, \u00eel \u00eendeamn\u0103 un aleg\u0103tor. Altul \u00eei scrie: &#8220;Independent, clar!&#8221;. Sunt \u015fi aleg\u0103tori care l-au sf\u0103tuit s\u0103 r\u0103m\u00e2n\u0103 \u00een partidul \u00een care este: &#8220;PNL, domnule primar, nu mai exist\u0103 onoare?&#8221;.<\/p>\n<p data-index=\"4\">\u015ei aleg\u0103torii din spa\u0163iul real au p\u0103reri \u00eemp\u0103r\u0163ite despre primarul lor. &#8220;Acum depinde si de finantarile care vin de la partidele care sunt, care pot sa-l finanteze. Daca stai la PNL si nu ai nicio sansa, mai degraba te duci la alt partid, care are, cum e PSD-ul acum&#8221;.<\/p>\n<p data-index=\"5\"><strong>Edilul din Valea Salciei spune c\u0103 p\u0103rerile oamenilor l-au ajutat, dar \u00eenc\u0103 mai c\u00e2nt\u0103re\u015fte toate variantele.\u00a0<\/strong>&#8220;Cand esti in opozitie nu poti sa-\u0163i mai faci sa-\u0163i derulezi investitiile cum le derulai cand erai intr-un partid care era la putere. Sper sa nu se intample acest lucru. As vrea sa fiu independent ca sa vad daca politica in Romania s-a modificat&#8221;, a declarat Marian Mu\u015fat, primarul comunei Valea Salciei. \u00a0<\/p>\n<p data-index=\"6\">Primarul spune c\u0103 va lua decizia \u00een ultima zi \u00een care legea \u00eei permite s\u0103 fac\u0103 schimbarea de partid. Marian Mu\u015fat este edil al comunei Valea Salciei de 14 ani \u015fi a ajuns la al patrulea mandat. Ini\u0163ial a fost membru PSD, \u00eens\u0103 de \u015fapte ani este liberal. \u00a0<\/p>\n<\/div>\n<p> Source URL: https:\/\/www.digi24.ro\/stiri\/actualitate\/politica\/ordonanta-traseistilor-primarul-care-cere-sfatul-alegatorilor-pe-facebook-unde-credeti-ca-ar-fi-bine-sa-ma-trec-297550<\/p>\n","protected":false},"excerpt":{"rendered":"<p>&#8220;Primarii \u00een 45 de zile trebuie s\u0103 opteze pentru un partid. Unde crede\u0163i c\u0103 ar fi bine s\u0103 m\u0103 trec?&#8221; A\u015fa \u00ee\u015fi \u00eencepe edilul comunei Valea Salciei sondajul sui-generis. Edilul le d\u0103 aleg\u0103torilor chiar \u015fi variante ajut\u0103toare: 1.INDEPENDENT, 2.PNL, 3.PSD \u015fi 4. ALTUL\u201d. &#8220;Este un lucru normal ca sa consulti cetatenii atat din punct de [&hellip;]<\/p>\n","protected":false},"author":1,"featured_media":195899,"comment_status":"open","ping_status":"","sticky":false,"template":"","format":"standard","meta":{"footnotes":""},"categories":[2],"tags":[11],"class_list":["post-195898","post","type-post","status-publish","format-standard","has-post-thumbnail","hentry","category-politics","tag-digi24"],"_links":{"self":[{"href":"https:\/\/analyse.optim.biz\/index.php?rest_route=\/wp\/v2\/posts\/195898","targetHints":{"allow":["GET"]}}],"collection":[{"href":"https:\/\/analyse.optim.biz\/index.php?rest_route=\/wp\/v2\/posts"}],"about":[{"href":"https:\/\/analyse.optim.biz\/index.php?rest_route=\/wp\/v2\/types\/post"}],"author":[{"embeddable":true,"href":"https:\/\/analyse.optim.biz\/index.php?rest_route=\/wp\/v2\/users\/1"}],"replies":[{"embeddable":true,"href":"https:\/\/analyse.optim.biz\/index.php?rest_route=%2Fwp%2Fv2%2Fcomments&post=195898"}],"version-history":[{"count":0,"href":"https:\/\/analyse.optim.biz\/index.php?rest_route=\/wp\/v2\/posts\/195898\/revisions"}],"wp:featuredmedia":[{"embeddable":true,"href":"https:\/\/analyse.optim.biz\/index.php?rest_route=\/wp\/v2\/media\/195899"}],"wp:attachment":[{"href":"https:\/\/analyse.optim.biz\/index.php?rest_route=%2Fwp%2Fv2%2Fmedia&parent=195898"}],"wp:term":[{"taxonomy":"category","embeddable":true,"href":"https:\/\/analyse.optim.biz\/index.php?rest_route=%2Fwp%2Fv2%2Fcategories&post=195898"},{"taxonomy":"post_tag","embeddable":true,"href":"https:\/\/analyse.optim.biz\/index.php?rest_route=%2Fwp%2Fv2%2Ftags&post=195898"}],"curies":[{"name":"wp","href":"https:\/\/api.w.org\/{rel}","templated":true}]}}