{"id":1958581,"date":"2026-05-27T05:01:57","date_gmt":"2026-05-27T02:01:57","guid":{"rendered":"https:\/\/analyse.optim.biz\/?p=1958581"},"modified":"2026-05-27T05:01:57","modified_gmt":"2026-05-27T02:01:57","slug":"buzaul-nu-va-mai-avea-teatru-de-sine-statator-dar-inoveaza-cu-un-centru-judetean-pentru-artele-spectacolului-si-cultura-george-ciprian","status":"publish","type":"post","link":"https:\/\/analyse.optim.biz\/?p=1958581","title":{"rendered":"Buz\u0103ul nu va mai avea teatru de sine st\u0103t\u0103tor, dar inoveaz\u0103 cu un Centru Jude\u021bean pentru Artele Spectacolului \u0219i Cultur\u0103 George Ciprian"},"content":{"rendered":"<p>[analyse_image type=&#8221;featured&#8221; src=&#8221;https:\/\/buzaulinreportaje.ro\/wp-content\/uploads\/2026\/05\/BIBLIO.webphttps:\/\/buzaulinreportaje.ro\/wp-content\/uploads\/2026\/05\/BIBLIO.webp&#8221;]<\/p>\n<div class=\"entry-content herald-entry-content\">\n<p class=\"has-large-font-size wp-block-paragraph\">Un proiect de <a href=\"https:\/\/cjbuzau.ro\/sedinta-28-05-2026\/\">Consiliu Jude\u021bean Buz\u0103u,<\/a> introdus pe ordinea de zi a \u0219edin\u021bei din 28 mai 2026, la capitolul<a href=\"https:\/\/chrome-extension\/\/efaidnbmnnnibpcajpcglclefindmkaj\/https:\/\/cjbuzau.ro\/wp-content\/uploads\/2026\/05\/Proiect-nr.115-din-2026.pdf\"><em>suplimentar <\/em><\/a>a dat deja frisoane unei p\u0103r\u021bi a mediului cultural buzoian, iar alteia \u00eei d\u0103 o satisfac\u021bie dorit\u0103 de ani de zile \u2013 aceea ca anumite institu\u021bii s\u0103 fie mai vizibile publicului buzoian. <\/p>\n<figure class=\"wp-block-gallery has-nested-images columns-default is-cropped wp-block-gallery-1 is-layout-flex wp-block-gallery-is-layout-flex\">\n<figure class=\"wp-block-image size-large\"><img loading=\"lazy\" decoding=\"async\" width=\"660\" height=\"438\" src=\"https:\/\/buzaulinreportaje.ro\/wp-content\/uploads\/2026\/05\/Plaiurile-Mioritei.webp\" alt class=\"wp-image-28254\"><\/figure>\n<figure class=\"wp-block-image size-large\"><img decoding=\"async\" loading=\"lazy\" width=\"1024\" height=\"682\" src=\"https:\/\/buzaulinreportaje.ro\/wp-content\/uploads\/2026\/05\/teatru-BUzau-1024x682.jpg\" alt class=\"wp-image-28253\"><\/figure>\n<\/figure>\n<p class=\"has-large-font-size wp-block-paragraph\">Potrivit proiectului de hot\u0103r\u00e2re ce va fi adus \u00een aten\u021bia consilierilor jude\u021beni pentru a fi votat pe 28 mai 2026, de la ora12.00, se refer\u0103 al contopirea Teatrului de proiecte George Ciprian cu Centrul de Cultur\u0103 \u0219i Art\u0103 al jude\u021bului Buz\u0103u, plus oferirea unui sediu nou \u2013 recent modernizata cl\u0103dire de pe bulevardul Unirii, \u00een care a func\u021bionat Biblioteca Jude\u021bean\u0103 Vasile Voiculescu.<\/p>\n<p class=\"has-large-font-size wp-block-paragraph\">Noua institu\u021bie se va numi <strong>Centrului Jude\u021bean pentru Artele Spectacolului \u0219i Cultur\u0103 \u201eGeorge Ciprian\u201d Buz\u0103u<\/strong>.<\/p>\n<p class=\"has-large-font-size wp-block-paragraph\">Textul proiectului de hot\u0103r\u00e2re CJ poate fi consultat <strong><a href=\"https:\/\/chrome-extension\/\/efaidnbmnnnibpcajpcglclefindmkaj\/https:\/\/cjbuzau.ro\/wp-content\/uploads\/2026\/05\/Proiect-nr.115-din-2026.pdf\">AICI<\/a><\/strong>.<\/p>\n<div class=\"herald-share-content\">\n<div class=\"meks_ess layout-5-1 transparent no-labels solid\"><a href=\"https:\/\/buzaulinreportaje.ro\/buzaul-nu-va-mai-avea-teatru-de-sine-statator-dar-inoveaza-cu-un-centru-judetean-pentru-artele-spectacolului-si-cultura-george-ciprian\/\" class=\"meks_ess-item socicon-facebook\" data-url=\"http:\/\/www.facebook.com\/sharer\/sharer.php?u=https%3A%2F%2Fbuzaulinreportaje.ro%2Fbuzaul-nu-va-mai-avea-teatru-de-sine-statator-dar-inoveaza-cu-un-centru-judetean-pentru-artele-spectacolului-si-cultura-george-ciprian%2F&amp;t=Buz%C4%83ul%20nu%20va%20mai%20avea%20teatru%20de%20sine%20st%C4%83t%C4%83tor%2C%20dar%20inoveaz%C4%83%20cu%20un%20Centru%20Jude%C8%9Bean%20pentru%20Artele%20Spectacolului%20%C8%99i%20Cultur%C4%83%20George%20Ciprian\"><span>Facebook<\/span><\/a><a href=\"https:\/\/api.whatsapp.com\/send?text=Buz%C4%83ul%20nu%20va%20mai%20avea%20teatru%20de%20sine%20st%C4%83t%C4%83tor%2C%20dar%20inoveaz%C4%83%20cu%20un%20Centru%20Jude%C8%9Bean%20pentru%20Artele%20Spectacolului%20%C8%99i%20Cultur%C4%83%20George%20Ciprian%20https%3A%2F%2Fbuzaulinreportaje.ro%2Fbuzaul-nu-va-mai-avea-teatru-de-sine-statator-dar-inoveaza-cu-un-centru-judetean-pentru-artele-spectacolului-si-cultura-george-ciprian%2F\" class=\"meks_ess-item socicon-whatsapp prevent-share-popup\"><span>WhatsApp<\/span><\/a><a href=\"https:\/\/buzaulinreportaje.ro\/buzaul-nu-va-mai-avea-teatru-de-sine-statator-dar-inoveaza-cu-un-centru-judetean-pentru-artele-spectacolului-si-cultura-george-ciprian\/\" class=\"meks_ess-item socicon-twitter\" data-url=\"http:\/\/twitter.com\/intent\/tweet?url=https%3A%2F%2Fbuzaulinreportaje.ro%2Fbuzaul-nu-va-mai-avea-teatru-de-sine-statator-dar-inoveaza-cu-un-centru-judetean-pentru-artele-spectacolului-si-cultura-george-ciprian%2F&amp;text=Buz%C4%83ul%20nu%20va%20mai%20avea%20teatru%20de%20sine%20st%C4%83t%C4%83tor%2C%20dar%20inoveaz%C4%83%20cu%20un%20Centru%20Jude%C8%9Bean%20pentru%20Artele%20Spectacolului%20%C8%99i%20Cultur%C4%83%20George%20Ciprian\"><span>X<\/span><\/a><\/div>\n<\/div>\n<\/div>\n<p>[analyse_source url=&#8221;https:\/\/buzaulinreportaje.ro\/buzaul-nu-va-mai-avea-teatru-de-sine-statator-dar-inoveaza-cu-un-centru-judetean-pentru-artele-spectacolului-si-cultura-george-ciprian\/&#8221;]<\/p>\n","protected":false},"excerpt":{"rendered":"<p>[analyse_image type=&#8221;featured&#8221; src=&#8221;https:\/\/buzaulinreportaje.ro\/wp-content\/uploads\/2026\/05\/BIBLIO.webphttps:\/\/buzaulinreportaje.ro\/wp-content\/uploads\/2026\/05\/BIBLIO.webp&#8221;] Un proiect de Consiliu Jude\u021bean Buz\u0103u, introdus pe ordinea de zi a \u0219edin\u021bei din 28 mai 2026, la capitolulsuplimentar a dat deja frisoane unei p\u0103r\u021bi a mediului cultural buzoian, iar alteia \u00eei d\u0103 o satisfac\u021bie dorit\u0103 de ani de zile \u2013 aceea ca anumite institu\u021bii s\u0103 fie mai vizibile publicului buzoian. Potrivit [&hellip;]<\/p>\n","protected":false},"author":1,"featured_media":0,"comment_status":"open","ping_status":"","sticky":false,"template":"","format":"standard","meta":{"footnotes":""},"categories":[2],"tags":[59,226],"class_list":["post-1958581","post","type-post","status-publish","format-standard","hentry","category-politics","tag-buzaulinreportaje-ro","tag-crawlmanager"],"_links":{"self":[{"href":"https:\/\/analyse.optim.biz\/index.php?rest_route=\/wp\/v2\/posts\/1958581","targetHints":{"allow":["GET"]}}],"collection":[{"href":"https:\/\/analyse.optim.biz\/index.php?rest_route=\/wp\/v2\/posts"}],"about":[{"href":"https:\/\/analyse.optim.biz\/index.php?rest_route=\/wp\/v2\/types\/post"}],"author":[{"embeddable":true,"href":"https:\/\/analyse.optim.biz\/index.php?rest_route=\/wp\/v2\/users\/1"}],"replies":[{"embeddable":true,"href":"https:\/\/analyse.optim.biz\/index.php?rest_route=%2Fwp%2Fv2%2Fcomments&post=1958581"}],"version-history":[{"count":0,"href":"https:\/\/analyse.optim.biz\/index.php?rest_route=\/wp\/v2\/posts\/1958581\/revisions"}],"wp:attachment":[{"href":"https:\/\/analyse.optim.biz\/index.php?rest_route=%2Fwp%2Fv2%2Fmedia&parent=1958581"}],"wp:term":[{"taxonomy":"category","embeddable":true,"href":"https:\/\/analyse.optim.biz\/index.php?rest_route=%2Fwp%2Fv2%2Fcategories&post=1958581"},{"taxonomy":"post_tag","embeddable":true,"href":"https:\/\/analyse.optim.biz\/index.php?rest_route=%2Fwp%2Fv2%2Ftags&post=1958581"}],"curies":[{"name":"wp","href":"https:\/\/api.w.org\/{rel}","templated":true}]}}