{"id":195828,"date":"2014-09-24T12:23:38","date_gmt":"2014-09-24T09:23:38","guid":{"rendered":"https:\/\/analyse.optim.biz\/?p=195828"},"modified":"2014-09-24T12:23:38","modified_gmt":"2014-09-24T09:23:38","slug":"alegeri-prezidentiale-2014-teodor-melescanu-ramane-fara-sprijinul-pds","status":"publish","type":"post","link":"https:\/\/analyse.optim.biz\/?p=195828","title":{"rendered":"ALEGERI PREZIDEN\u021aIALE 2014. Teodor Mele\u0219canu r\u0103m\u00e2ne f\u0103r\u0103 sprijinul PDS"},"content":{"rendered":"<div class=\"entry data-app-meta data-app-meta-article\" data-embed-base-url-canonical=\"https:\/\/www.digi24.ro\/embed\/stiri\/actualitate\/politica\/alegeri-prezidentiale-2014-teodor-melescanu-ramane-fara-sprijinul-pds-298100\">\n<p data-index=\"1\">\u201e<span>A spus c\u0103 mai putem avea rela\u021bii, dar noaptea, &#8216;s\u0103 nu v\u0103 vad\u0103 mult\u0103 lume c\u0103 veni\u021bi aici&#8217;. Asear\u0103 mi-a spus: &#8216;domnule, am primit ordin s\u0103 nu v\u0103 mai recunosc&#8217;. De la cine? P\u0103i nu mi-a spus de la cine, serviciile. Ce poate s\u0103 fie dec\u00e2t tradare, dezic\u00e2ndu-te de mine \u0219i acest partid. Dac\u0103 noi suntem partid extremist de st\u00e2nga, dovedi\u021bi. Noi \u00eel d\u0103m \u00een judecat\u0103 pentru calomnie\u201d, a spus Traian Rece.<\/span><\/p>\n<p data-index=\"2\">Mai mul\u021bi reprezentan\u021bi din BEC au spus c\u0103 nu este pus\u0103 \u00een pericol candidatura lui Teodor Mele\u0219canu deoarece acesta nu candidaeaz\u0103 din partea PDS \u0219i c\u0103 oricum semn\u0103turile nu mai pot fi retrase.<\/p>\n<hr>\n<p data-index=\"3\"><strong>Actualizare 15:00:<\/strong> Partidul Drept\u0103\u021bii Sociale ofer\u0103 informa\u021bii suplimentare cu privire la acest subiect. Potrivit unui comunicat de pres\u0103, Traian Rece \u00ee\u0219i arog\u0103 func\u021bia de pre\u0219edinte interimar al PDS \u0219i nu este \u00eendrept\u0103\u021bit s\u0103 fac\u0103 aceste declara\u021bii \u00een numele partidului, pentru c\u0103 \u201ea\u0219a cum atest\u0103 documentele depuse la Tribunalul Municipiului Bucure\u0219ti, nu are nici o calitate oficial\u0103 \u00een PDS\u201d.<\/p>\n<p data-index=\"4\"><img decoding=\"async\" src=\"https:\/\/analyse.optim.biz\/wp-content\/uploads\/2024\/09\/ytizmtrmyzlhmwuymtq0mjc0mjnknmninwq2odk4yg-thumb_.jpg\" data-skip-htmlfix=\"1\" title=\"ytizmtrmyzlhmwuymtq0mjc0mjnknmninwq2odk4yg-thumb_\"><\/p>\n<p data-index=\"5\">Sursa citat\u0103 men\u021bioneaz\u0103 c\u0103 declara\u021biile lui Traian Rece \u201enu au nicio relevan\u021b\u0103 \u0219i niciun impact asupra candidaturii dlui Teodor Mele\u0219canu sau a sprijinului partidului \u00een perioada urm\u0103toare\u201d.<\/p>\n<p data-index=\"6\">PDS precizeaz\u0103 c\u0103 Teodor Mele\u0219canu este candidat independent \u0219i c\u0103 semn\u0103turile str\u00e2nse de la cet\u0103\u021beni \u00eei apar\u021bin acestuia.<\/p>\n<hr>\n<p data-index=\"7\">Biroul Electoral Central va analiza scrisoarea \u00een \u0219edinta din aceast\u0103 dup\u0103-amiaz\u0103. Retragerea semn\u0103turilor nu \u00eenseamn\u0103 c\u0103 Teodor Mele\u015fcanu nu va mai putea s\u0103 candideze.<\/p>\n<p data-index=\"8\">Traian Rece spune c\u0103 partidul pe care \u00eel conduce a recurs la acest gest dup\u0103 ce Teodor Mele\u0219canu s-ar fi dezis de PDS pe motiv c\u0103 este perceput ca partid extremist de st\u00e2nga.<\/p>\n<p data-index=\"9\">Liderul Partidului Drept\u0103\u021bii Sociale a precizat c\u0103 prima discu\u021bie cu fostul \u0219ef SIE despre candidatura acestuia a avut loc \u00een urm\u0103 cu aproximativ trei luni.<\/p>\n<p data-index=\"10\">PDS ar fi str\u00e2ns pentru Teodor Mele\u0219canu 150.000 de semn\u0103turi. Asear\u0103, Teodor Mele\u0219canu a declarat c\u0103 are aproape jum\u0103tate de milion de semn\u0103turi.<\/p>\n<p data-index=\"11\">Teodor Mele\u0219canu <a href=\"https:\/\/www.digi24.ro\/Stiri\/Digi24\/Actualitate\/Politica\/TEODOR+MELESCANU+DEMISIE+SIE\" data-skip-linkfix=\"1\">a renun\u021bat \u00een urm\u0103 cu dou\u0103 zile<\/a> la \u0219efia Serviciului de Informa\u021bii Externe pentru a candidat la alegerile preziden\u021biale care vor avea loc \u00een 2 noiembrie 2014. Ieri, fostul director SIE <a href=\"https:\/\/www.digi24.ro\/Stiri\/Digi24\/Actualitate\/Politica\/Teodor+Melescanu+candidat+program+alegeri+prezidentiale\" data-skip-linkfix=\"1\">a depus la BEC dosarul de candidatur\u0103<\/a> cu cele 200.000 de semn\u0103turi necesare.<\/p>\n<h5><a href=\"https:\/\/www.digi24.ro\/Stiri\/Digi24\/Actualitate\/Politica\/14+candidati+pentru+prima+functie+in+stat+Elena+Udrea+si+Calin+P\" data-skip-linkfix=\"1\"><span>14 candida\u021bi pentru prima func\u021bie \u00een stat. Elena Udrea \u0219i C\u0103lin Popescu T\u0103riceanu, cei mai \u00eenst\u0103ri\u021bi dintre ei<\/span><\/a><\/h5>\n<h5><a href=\"https:\/\/www.digi24.ro\/Stiri\/Digi24\/Actualitate\/Politica\/Mircea+Dogaru+rugaminte+semnaturi+Teodor+Melescanu\" data-skip-linkfix=\"1\"><span>Mircea Dogaru: Am primit o rug\u0103minte s\u0103 str\u00e2ngem semn\u0103turi pentru domnul Mele\u0219canu, care\u00a0ar fi acceptat ca peste doi ani s\u0103 provoace alegeri generale \u0219i preziden\u021biale<\/span><\/a><\/h5>\n<h5><a href=\"https:\/\/www.digi24.ro\/Stiri\/Digi24\/Actualitate\/Politica\/C+T+Popescu+Lui+T+Melescanu+ii+strange+semnaturile+un+domn+care+\" data-skip-linkfix=\"1\"><span>Cristian Tudor Popescu: Lui Teodor Mele\u0219canu \u00eei str\u00e2nge semn\u0103turile un domn care a semnat cu PSD un document privind desfiin\u0163area DNA<\/span><span>\u00a0<\/span><\/a><\/h5>\n<\/div>\n<p> Source URL: https:\/\/www.digi24.ro\/stiri\/actualitate\/politica\/alegeri-prezidentiale-2014-teodor-melescanu-ramane-fara-sprijinul-pds-298100<\/p>\n","protected":false},"excerpt":{"rendered":"<p>\u201eA spus c\u0103 mai putem avea rela\u021bii, dar noaptea, &#8216;s\u0103 nu v\u0103 vad\u0103 mult\u0103 lume c\u0103 veni\u021bi aici&#8217;. Asear\u0103 mi-a spus: &#8216;domnule, am primit ordin s\u0103 nu v\u0103 mai recunosc&#8217;. De la cine? P\u0103i nu mi-a spus de la cine, serviciile. Ce poate s\u0103 fie dec\u00e2t tradare, dezic\u00e2ndu-te de mine \u0219i acest partid. Dac\u0103 noi [&hellip;]<\/p>\n","protected":false},"author":1,"featured_media":195829,"comment_status":"open","ping_status":"","sticky":false,"template":"","format":"standard","meta":{"footnotes":""},"categories":[2],"tags":[11],"class_list":["post-195828","post","type-post","status-publish","format-standard","has-post-thumbnail","hentry","category-politics","tag-digi24"],"_links":{"self":[{"href":"https:\/\/analyse.optim.biz\/index.php?rest_route=\/wp\/v2\/posts\/195828","targetHints":{"allow":["GET"]}}],"collection":[{"href":"https:\/\/analyse.optim.biz\/index.php?rest_route=\/wp\/v2\/posts"}],"about":[{"href":"https:\/\/analyse.optim.biz\/index.php?rest_route=\/wp\/v2\/types\/post"}],"author":[{"embeddable":true,"href":"https:\/\/analyse.optim.biz\/index.php?rest_route=\/wp\/v2\/users\/1"}],"replies":[{"embeddable":true,"href":"https:\/\/analyse.optim.biz\/index.php?rest_route=%2Fwp%2Fv2%2Fcomments&post=195828"}],"version-history":[{"count":0,"href":"https:\/\/analyse.optim.biz\/index.php?rest_route=\/wp\/v2\/posts\/195828\/revisions"}],"wp:featuredmedia":[{"embeddable":true,"href":"https:\/\/analyse.optim.biz\/index.php?rest_route=\/wp\/v2\/media\/195829"}],"wp:attachment":[{"href":"https:\/\/analyse.optim.biz\/index.php?rest_route=%2Fwp%2Fv2%2Fmedia&parent=195828"}],"wp:term":[{"taxonomy":"category","embeddable":true,"href":"https:\/\/analyse.optim.biz\/index.php?rest_route=%2Fwp%2Fv2%2Fcategories&post=195828"},{"taxonomy":"post_tag","embeddable":true,"href":"https:\/\/analyse.optim.biz\/index.php?rest_route=%2Fwp%2Fv2%2Ftags&post=195828"}],"curies":[{"name":"wp","href":"https:\/\/api.w.org\/{rel}","templated":true}]}}