{"id":195589,"date":"2014-09-27T13:48:28","date_gmt":"2014-09-27T10:48:28","guid":{"rendered":"https:\/\/analyse.optim.biz\/?p=195589"},"modified":"2014-09-27T13:48:28","modified_gmt":"2014-09-27T10:48:28","slug":"traian-basescu-am-fost-departe-de-a-fi-perfect-sunt-convins-ca-elena-udrea-e-buna-pentru-romania","status":"publish","type":"post","link":"https:\/\/analyse.optim.biz\/?p=195589","title":{"rendered":"Traian B\u0103sescu: Am fost departe de a fi perfect. Sunt convins c\u0103 Elena Udrea e bun\u0103 pentru Rom\u00e2nia"},"content":{"rendered":"<div class=\"entry data-app-meta data-app-meta-article\" data-embed-base-url-canonical=\"https:\/\/www.digi24.ro\/embed\/stiri\/actualitate\/politica\/traian-basescu-am-fost-departe-de-a-fi-perfect-sunt-convins-ca-elena-udrea-e-buna-pentru-romania-299542\">\n<p data-index=\"1\">\u201eCa un om care a crescut-o din punct de vedere politic, v\u0103 pot garanta c\u0103 e un om inteligent, un om la care nu veti g\u0103si fluctua\u0163ii de op\u0163iuni \u00een ceea ce prive\u015fte drumul Rom\u00e2niei, nu ve\u0163i g\u0103si compromisuri politice. Eu am f\u0103cut compromisuri politice, pentru c\u0103 a trebuit s\u0103 le fac, dar cel pu\u0163in la candidatul dumneavoastr\u0103 \u015fi PMP pentru preziden\u0163iale n-o s\u0103 g\u0103si\u0163i compromis politic. Sper s\u0103 fie capabil\u0103 ca la nevoie s\u0103 le fac\u0103, dac\u0103 va c\u00e2\u015ftiga alegerile, pentru c\u0103 politica e \u015fi o art\u0103 a compromisului la un moment dat. Dar f\u0103r\u0103 s\u0103 compromiti principiile.<\/p>\n<p data-index=\"2\">Ce m-a impresionat la Udrea a fost faptul c\u0103, dac\u0103 a fost atacat\u0103, ca om politic, dup\u0103 mine &#8211; ea zice c\u0103 eu dup\u0103 ea &#8211; spun c\u0103 dup\u0103 mine a fost al doilea om atacat de trusturile lui Voiculescu \u015fi cei care nu doresc evolu\u0163ia democra\u0163iei a Rom\u00e2niei, a rezistat \u015fi asta o recomand\u0103 ca politician care ar avea for\u0163a s\u0103 continue drumul. Nu am preten\u0163ia s\u0103-l continue la fel, pentru c\u0103, de\u015fi uneori am glumit, trebuie s\u0103 spun c\u0103 am fost departe de a fi perfect. Orice pre\u015fedinte dup\u0103 mine poate n\u0103zui s\u0103 fac\u0103 lucrurile mai bine, mai delicat, mai \u00een\u0163elept, mai pu\u0163in brutal, dar s\u0103 le fac\u0103, pentru c\u0103 e \u015fi alt drum.<\/p>\n<p data-index=\"3\">Problema e c\u0103 eu am avut abordarea comandantului: un perete &#8211; nicio problem\u0103, trebuie s\u0103 trecem prin el. Mi-ar pl\u0103cea ca ea s\u0103 g\u0103seasc\u0103 solu\u0163ia s\u0103 ocoleasc\u0103 peretele, pentru c\u0103 se poate.<\/p>\n<p data-index=\"4\">C\u00e2nd \u00ee\u0163i imaginezi c\u0103 \u015fi \u00een politic\u0103 ai r\u0103mas la comanda unei nave de 306 m, ri\u015fti s\u0103 te zg\u00e2rii \u015fi ie\u015fi lovit pe fa\u0163\u0103 din ciocnirea cu peretele.<\/p>\n<p data-index=\"5\">Am convingerea c\u0103 Udrea e bun\u0103 pentru Rom\u00e2nia\u201d, a declarat Traian B\u0103sescu.<\/p>\n<\/div>\n<p> Source URL: https:\/\/www.digi24.ro\/stiri\/actualitate\/politica\/traian-basescu-am-fost-departe-de-a-fi-perfect-sunt-convins-ca-elena-udrea-e-buna-pentru-romania-299542<\/p>\n","protected":false},"excerpt":{"rendered":"<p>\u201eCa un om care a crescut-o din punct de vedere politic, v\u0103 pot garanta c\u0103 e un om inteligent, un om la care nu veti g\u0103si fluctua\u0163ii de op\u0163iuni \u00een ceea ce prive\u015fte drumul Rom\u00e2niei, nu ve\u0163i g\u0103si compromisuri politice. Eu am f\u0103cut compromisuri politice, pentru c\u0103 a trebuit s\u0103 le fac, dar cel pu\u0163in [&hellip;]<\/p>\n","protected":false},"author":1,"featured_media":195590,"comment_status":"open","ping_status":"","sticky":false,"template":"","format":"standard","meta":{"footnotes":""},"categories":[2],"tags":[11],"class_list":["post-195589","post","type-post","status-publish","format-standard","has-post-thumbnail","hentry","category-politics","tag-digi24"],"_links":{"self":[{"href":"https:\/\/analyse.optim.biz\/index.php?rest_route=\/wp\/v2\/posts\/195589","targetHints":{"allow":["GET"]}}],"collection":[{"href":"https:\/\/analyse.optim.biz\/index.php?rest_route=\/wp\/v2\/posts"}],"about":[{"href":"https:\/\/analyse.optim.biz\/index.php?rest_route=\/wp\/v2\/types\/post"}],"author":[{"embeddable":true,"href":"https:\/\/analyse.optim.biz\/index.php?rest_route=\/wp\/v2\/users\/1"}],"replies":[{"embeddable":true,"href":"https:\/\/analyse.optim.biz\/index.php?rest_route=%2Fwp%2Fv2%2Fcomments&post=195589"}],"version-history":[{"count":0,"href":"https:\/\/analyse.optim.biz\/index.php?rest_route=\/wp\/v2\/posts\/195589\/revisions"}],"wp:featuredmedia":[{"embeddable":true,"href":"https:\/\/analyse.optim.biz\/index.php?rest_route=\/wp\/v2\/media\/195590"}],"wp:attachment":[{"href":"https:\/\/analyse.optim.biz\/index.php?rest_route=%2Fwp%2Fv2%2Fmedia&parent=195589"}],"wp:term":[{"taxonomy":"category","embeddable":true,"href":"https:\/\/analyse.optim.biz\/index.php?rest_route=%2Fwp%2Fv2%2Fcategories&post=195589"},{"taxonomy":"post_tag","embeddable":true,"href":"https:\/\/analyse.optim.biz\/index.php?rest_route=%2Fwp%2Fv2%2Ftags&post=195589"}],"curies":[{"name":"wp","href":"https:\/\/api.w.org\/{rel}","templated":true}]}}