{"id":195578,"date":"2014-09-27T13:57:24","date_gmt":"2014-09-27T10:57:24","guid":{"rendered":"https:\/\/analyse.optim.biz\/?p=195578"},"modified":"2014-09-27T13:57:24","modified_gmt":"2014-09-27T10:57:24","slug":"t-basescu-problema-republica-sau-monarhie-cred-ca-va-putea-fi-discutata-si-de-ce-nu-sa-organizam-un-referendum","status":"publish","type":"post","link":"https:\/\/analyse.optim.biz\/?p=195578","title":{"rendered":"T. B\u0103sescu: Problema republic\u0103 sau monarhie cred c\u0103 va putea fi discutat\u0103 \u015fi, de ce nu, s\u0103 organiz\u0103m un referendum"},"content":{"rendered":"<div class=\"entry data-app-meta data-app-meta-article\" data-embed-base-url-canonical=\"https:\/\/www.digi24.ro\/embed\/stiri\/actualitate\/politica\/t-basescu-problema-republica-sau-monarhie-cred-ca-va-putea-fi-discutata-si-de-ce-nu-sa-organizam-un-referendum-299546\">\n<p data-index=\"1\">Prezent, s\u00e2mb\u0103t\u0103, la Congresul extraordinar al PN\u021aCD de la Poiana Bra\u0219ov, pre\u015fedintele Traian B\u0103sescu le-a mul\u021bumit reprezentan\u021bilor acestui partid pentru sprijinul de la referendumul din 2007 \u015fi la alegerile din 2009, dar \u015fi la suspendarea din 2012.<\/p>\n<p data-index=\"2\">&#8220;\u015etiu c\u0103 \u00een sufletul dumneavoastr\u0103 este o \u00eentrebare: cum s\u0103 fim \u00eempreun\u0103? (..) Eu sunt un republican, dumneavoastr\u0103 sunte\u0163i monarhi\u015fti. Am vrut s\u0103 \u015fti\u0163i c\u0103 \u015ftiu acest lucru \u015fi c\u0103, probabil \u00een perioada dup\u0103 preziden\u0163iale, va trebuie s\u0103 discut\u0103m cinstit&#8221;, le-a transmis \u015feful statului reprezentan\u0163ilor PN\u0162CD.<\/p>\n<p data-index=\"3\">El a precizat c\u0103 a deschis acest subiect pentru a sublinia c\u0103, de\u015fi sunt extrem de multe lucruri care \u00eei leag\u0103 din punct de vedere al statului de drept, \u015ftie c\u0103 este un subiect care \u00eei desparte, dar care &#8220;s-a dovedit a nu fi mai putenic dec\u00e2t ideea de stat de drept&#8221;.<\/p>\n<p data-index=\"4\">&#8220;A\u015f spune c\u0103 \u015fi unii \u015fi al\u0163ii sus\u0163inem acel capitalismul popular care \u00eenseamn\u0103 o \u015fans\u0103 pentru fiecare. Problema republic\u0103 sau monahie cred c\u0103 va putea fi discutat\u0103 la un moment dat \u015fi, de ce nu, nu v\u0103d niciun impediment, dac\u0103 \u015fi unii \u015fi al\u0163ii vom avea curajul, s\u0103 o \u015fi tran\u015f\u0103m, s\u0103 organiz\u0103m un referendum na\u0163ional pe aceast\u0103 tem\u0103&#8221;, a declarat B\u0103sescu.<\/p>\n<\/div>\n<p> Source URL: https:\/\/www.digi24.ro\/stiri\/actualitate\/politica\/t-basescu-problema-republica-sau-monarhie-cred-ca-va-putea-fi-discutata-si-de-ce-nu-sa-organizam-un-referendum-299546<\/p>\n","protected":false},"excerpt":{"rendered":"<p>Prezent, s\u00e2mb\u0103t\u0103, la Congresul extraordinar al PN\u021aCD de la Poiana Bra\u0219ov, pre\u015fedintele Traian B\u0103sescu le-a mul\u021bumit reprezentan\u021bilor acestui partid pentru sprijinul de la referendumul din 2007 \u015fi la alegerile din 2009, dar \u015fi la suspendarea din 2012. &#8220;\u015etiu c\u0103 \u00een sufletul dumneavoastr\u0103 este o \u00eentrebare: cum s\u0103 fim \u00eempreun\u0103? (..) Eu sunt un republican, dumneavoastr\u0103 [&hellip;]<\/p>\n","protected":false},"author":1,"featured_media":195579,"comment_status":"open","ping_status":"","sticky":false,"template":"","format":"standard","meta":{"footnotes":""},"categories":[2],"tags":[11],"class_list":["post-195578","post","type-post","status-publish","format-standard","has-post-thumbnail","hentry","category-politics","tag-digi24"],"_links":{"self":[{"href":"https:\/\/analyse.optim.biz\/index.php?rest_route=\/wp\/v2\/posts\/195578","targetHints":{"allow":["GET"]}}],"collection":[{"href":"https:\/\/analyse.optim.biz\/index.php?rest_route=\/wp\/v2\/posts"}],"about":[{"href":"https:\/\/analyse.optim.biz\/index.php?rest_route=\/wp\/v2\/types\/post"}],"author":[{"embeddable":true,"href":"https:\/\/analyse.optim.biz\/index.php?rest_route=\/wp\/v2\/users\/1"}],"replies":[{"embeddable":true,"href":"https:\/\/analyse.optim.biz\/index.php?rest_route=%2Fwp%2Fv2%2Fcomments&post=195578"}],"version-history":[{"count":0,"href":"https:\/\/analyse.optim.biz\/index.php?rest_route=\/wp\/v2\/posts\/195578\/revisions"}],"wp:featuredmedia":[{"embeddable":true,"href":"https:\/\/analyse.optim.biz\/index.php?rest_route=\/wp\/v2\/media\/195579"}],"wp:attachment":[{"href":"https:\/\/analyse.optim.biz\/index.php?rest_route=%2Fwp%2Fv2%2Fmedia&parent=195578"}],"wp:term":[{"taxonomy":"category","embeddable":true,"href":"https:\/\/analyse.optim.biz\/index.php?rest_route=%2Fwp%2Fv2%2Fcategories&post=195578"},{"taxonomy":"post_tag","embeddable":true,"href":"https:\/\/analyse.optim.biz\/index.php?rest_route=%2Fwp%2Fv2%2Ftags&post=195578"}],"curies":[{"name":"wp","href":"https:\/\/api.w.org\/{rel}","templated":true}]}}