{"id":195256,"date":"2014-10-01T22:55:12","date_gmt":"2014-10-01T19:55:12","guid":{"rendered":"https:\/\/analyse.optim.biz\/?p=195256"},"modified":"2014-10-01T22:55:12","modified_gmt":"2014-10-01T19:55:12","slug":"emil-hurezeanu-despre-problemele-pe-care-le-au-candidatii-la-prezidentiale-cu-justitiae-un-fel-de-supraturare-a-motoarelor-justitiei","status":"publish","type":"post","link":"https:\/\/analyse.optim.biz\/?p=195256","title":{"rendered":"Emil Hurezeanu, despre problemele pe care le au candida\u021bii la preziden\u021biale cu justi\u021bia:\u201eE un fel de supraturare a motoarelor justi\u021biei\u201d"},"content":{"rendered":"<div class=\"entry data-app-meta data-app-meta-article\" data-embed-base-url-canonical=\"https:\/\/www.digi24.ro\/embed\/stiri\/actualitate\/politica\/emil-hurezeanu-despre-problemele-pe-care-le-au-candidatii-la-prezidentiale-cu-justitiae-un-fel-de-supraturare-a-motoarelor-justitiei-301634\">\n<p data-index=\"1\">\u201e<span>Nu v\u0103 agita\u021bi. Se \u00eent\u00e2mpl\u0103 \u0219i \u00een familii mai mari. E rutina unei justi\u021bii care func\u021bioneaz\u0103, nu? Doamna Udrea de ce s\u0103 fie imun\u0103? De ce s\u0103 fie un candidat ferit de justi\u021bie, tocmai \u00een timpul actului electoral?\u00a0<\/span>Domnul Ponta e aproape, cineva \u00eei \u0219opte\u0219te la ureche rece, rece, cald, cald.<\/p>\n<p data-index=\"2\"><strong> Domnul Iohannis a\u0219teapt\u0103 termene. Aproape c\u0103 cel mai lini\u0219tit ar putea s\u0103 fie domnul domnul Mele\u0219canu, pentru c\u0103 vine dintr-un serviciu \u00een care b\u0103nuiesc c\u0103 a aflat mai repede dec\u00e2t al\u021bii dac\u0103 are vreo problem\u0103 \u00een justi\u021bie<\/strong>.<strong> Observ \u00een aceast\u0103 campanie electoral\u0103 un amestec de triste\u021be \u0219i umor, dar \u00een propor\u021bii din ce \u00een ce mai macabre<\/strong>. Alegerile sunt cele mai importante, sunt institu\u021bia unei democra\u021bii. Aici se \u00eent\u00e2lnesc oamenii cu reprezentan\u021bii intereselor lor. Justi\u021bia trebuie s\u0103 \u021bin\u0103 balan\u021ba dreapt\u0103, dar exist\u0103 o concentrare \u0219i o intensitate a aplic\u0103rii actului de justi\u021bie \u00een aceste s\u0103pt\u0103m\u00e2ni, care oric\u00e2t am crede noi \u00een impar\u021bialitatea ei&#8230; E ceva neclar. <strong>Cu ce ne confrut\u0103m? Cu un fel de fantom\u0103 a comandantului, ating\u00e2ndu-l pe unul sau pe altul cu s\u0103rutul mor\u021bii al justi\u021biei?\u201d<\/strong>, a declarat jurnalistul Emil Hurezeanu la Digi24.\u00a0<\/p>\n<p data-index=\"3\">\u201eHaide\u021bi s\u0103 ne punem \u00een pielea lor, pentru c\u0103 ei sunt reprezentan\u021bii no\u0219tri, sunt candida\u021bii democra\u021biei rom\u00e2ne\u0219ti. E un fel de supraturare a motoarelor justi\u021biei, \u00een momente neclare. Ceva nu mi-e clar, cu toat\u0103 \u00een\u021belegerea pe care o am fa\u021b\u0103 de dictonul latin \u201eS\u0103 se fac\u0103 justi\u021bie chiar dac\u0103 ar pierii lumea\u201d.<strong> S\u0103 se fac\u0103 justi\u021bie chiar dac\u0103 se arunc\u0103 \u00een aer alegerile preziden\u021biale, \u00eentr-o \u021bar\u0103 cu mari probleme? Senza\u021bia mea este c\u0103 e un fel de supraturare a motoarelor justi\u021biei \u00eentr-un moment care ar trebui menajat. Justi\u021bia nu are ceas, nu are agend\u0103?<\/strong>\u00a0Doamna Udrea a fost chemat\u0103 \u00eentr-un dosar care s-a \u00eent\u00e2mplat \u00een 2009. Nu-i dau dreptate domnului Ponta care se erija \u00eentr-o victim\u0103\u201d, a completat Emil Hurezeanu.\u00a0<\/p>\n<\/div>\n<p> Source URL: https:\/\/www.digi24.ro\/stiri\/actualitate\/politica\/emil-hurezeanu-despre-problemele-pe-care-le-au-candidatii-la-prezidentiale-cu-justitiae-un-fel-de-supraturare-a-motoarelor-justitiei-301634<\/p>\n","protected":false},"excerpt":{"rendered":"<p>\u201eNu v\u0103 agita\u021bi. Se \u00eent\u00e2mpl\u0103 \u0219i \u00een familii mai mari. E rutina unei justi\u021bii care func\u021bioneaz\u0103, nu? Doamna Udrea de ce s\u0103 fie imun\u0103? De ce s\u0103 fie un candidat ferit de justi\u021bie, tocmai \u00een timpul actului electoral?\u00a0Domnul Ponta e aproape, cineva \u00eei \u0219opte\u0219te la ureche rece, rece, cald, cald. Domnul Iohannis a\u0219teapt\u0103 termene. Aproape [&hellip;]<\/p>\n","protected":false},"author":1,"featured_media":195257,"comment_status":"open","ping_status":"","sticky":false,"template":"","format":"standard","meta":{"footnotes":""},"categories":[2],"tags":[11],"class_list":["post-195256","post","type-post","status-publish","format-standard","has-post-thumbnail","hentry","category-politics","tag-digi24"],"_links":{"self":[{"href":"https:\/\/analyse.optim.biz\/index.php?rest_route=\/wp\/v2\/posts\/195256","targetHints":{"allow":["GET"]}}],"collection":[{"href":"https:\/\/analyse.optim.biz\/index.php?rest_route=\/wp\/v2\/posts"}],"about":[{"href":"https:\/\/analyse.optim.biz\/index.php?rest_route=\/wp\/v2\/types\/post"}],"author":[{"embeddable":true,"href":"https:\/\/analyse.optim.biz\/index.php?rest_route=\/wp\/v2\/users\/1"}],"replies":[{"embeddable":true,"href":"https:\/\/analyse.optim.biz\/index.php?rest_route=%2Fwp%2Fv2%2Fcomments&post=195256"}],"version-history":[{"count":0,"href":"https:\/\/analyse.optim.biz\/index.php?rest_route=\/wp\/v2\/posts\/195256\/revisions"}],"wp:featuredmedia":[{"embeddable":true,"href":"https:\/\/analyse.optim.biz\/index.php?rest_route=\/wp\/v2\/media\/195257"}],"wp:attachment":[{"href":"https:\/\/analyse.optim.biz\/index.php?rest_route=%2Fwp%2Fv2%2Fmedia&parent=195256"}],"wp:term":[{"taxonomy":"category","embeddable":true,"href":"https:\/\/analyse.optim.biz\/index.php?rest_route=%2Fwp%2Fv2%2Fcategories&post=195256"},{"taxonomy":"post_tag","embeddable":true,"href":"https:\/\/analyse.optim.biz\/index.php?rest_route=%2Fwp%2Fv2%2Ftags&post=195256"}],"curies":[{"name":"wp","href":"https:\/\/api.w.org\/{rel}","templated":true}]}}