{"id":195245,"date":"2014-10-02T08:03:44","date_gmt":"2014-10-02T05:03:44","guid":{"rendered":"https:\/\/analyse.optim.biz\/?p=195245"},"modified":"2014-10-02T08:03:44","modified_gmt":"2014-10-02T05:03:44","slug":"premierul-ungariei-efectueaza-o-vizita-privata-in-romania","status":"publish","type":"post","link":"https:\/\/analyse.optim.biz\/?p=195245","title":{"rendered":"Premierul Ungariei efectueaz\u0103 o vizit\u0103 privat\u0103 \u00een Rom\u00e2nia"},"content":{"rendered":"<div class=\"entry data-app-meta data-app-meta-article\" data-embed-base-url-canonical=\"https:\/\/www.digi24.ro\/embed\/stiri\/actualitate\/politica\/premierul-ungariei-efectueaza-o-vizita-privata-in-romania-301668\">\n<p data-index=\"1\">Prim-ministrul ungar, Viktor Orban, va sta dou\u0103 zile la Cluj-Napoca, perioad\u0103 \u00een care va inaugura noua cl\u0103dire a Liceului Teoretic Reformat, reabilitat\u0103 exclusiv din fonduri de la guvernul ungar.<\/p>\n<p data-index=\"2\">Viktor Orban va avea o \u00eent\u00e2lnire \u015fi cu liderii partidelor maghiare din Rom\u00e2nia si cu episcopii bisericilor tradi\u0163ionale maghiare din Transilvania.<\/p>\n<p data-index=\"3\">\u00cen program mai este inclus\u0103 vizitarea unei facult\u0103\u0163i a universit\u0103\u0163ii private Sapientia, cu predare \u00een limba maghiar\u0103 \u0219i a unei \u015fcoli \u00een satul R\u0103scruci.<\/p>\n<p data-index=\"4\">Anul trecut, \u00cen luna octombrie, Viktor Orban \u0219i-a am\u00e2nat din motive de s\u0103n\u0103tate participarea la inaugurarea noului sediu al Facult\u0103\u0163ii de \u015etiin\u0163e \u015fi Arte a Universit\u0103\u0163ii Sapientia din Cluj-Napoca, o investi\u0163ie de aproximativ cinci milioane de euro, suportat\u0103 \u00een mare parte tot de Guvernul de la Budapesta.<\/p>\n<\/div>\n<p> Source URL: https:\/\/www.digi24.ro\/stiri\/actualitate\/politica\/premierul-ungariei-efectueaza-o-vizita-privata-in-romania-301668<\/p>\n","protected":false},"excerpt":{"rendered":"<p>Prim-ministrul ungar, Viktor Orban, va sta dou\u0103 zile la Cluj-Napoca, perioad\u0103 \u00een care va inaugura noua cl\u0103dire a Liceului Teoretic Reformat, reabilitat\u0103 exclusiv din fonduri de la guvernul ungar. Viktor Orban va avea o \u00eent\u00e2lnire \u015fi cu liderii partidelor maghiare din Rom\u00e2nia si cu episcopii bisericilor tradi\u0163ionale maghiare din Transilvania. \u00cen program mai este inclus\u0103 [&hellip;]<\/p>\n","protected":false},"author":1,"featured_media":195246,"comment_status":"open","ping_status":"","sticky":false,"template":"","format":"standard","meta":{"footnotes":""},"categories":[2],"tags":[11],"class_list":["post-195245","post","type-post","status-publish","format-standard","has-post-thumbnail","hentry","category-politics","tag-digi24"],"_links":{"self":[{"href":"https:\/\/analyse.optim.biz\/index.php?rest_route=\/wp\/v2\/posts\/195245","targetHints":{"allow":["GET"]}}],"collection":[{"href":"https:\/\/analyse.optim.biz\/index.php?rest_route=\/wp\/v2\/posts"}],"about":[{"href":"https:\/\/analyse.optim.biz\/index.php?rest_route=\/wp\/v2\/types\/post"}],"author":[{"embeddable":true,"href":"https:\/\/analyse.optim.biz\/index.php?rest_route=\/wp\/v2\/users\/1"}],"replies":[{"embeddable":true,"href":"https:\/\/analyse.optim.biz\/index.php?rest_route=%2Fwp%2Fv2%2Fcomments&post=195245"}],"version-history":[{"count":0,"href":"https:\/\/analyse.optim.biz\/index.php?rest_route=\/wp\/v2\/posts\/195245\/revisions"}],"wp:featuredmedia":[{"embeddable":true,"href":"https:\/\/analyse.optim.biz\/index.php?rest_route=\/wp\/v2\/media\/195246"}],"wp:attachment":[{"href":"https:\/\/analyse.optim.biz\/index.php?rest_route=%2Fwp%2Fv2%2Fmedia&parent=195245"}],"wp:term":[{"taxonomy":"category","embeddable":true,"href":"https:\/\/analyse.optim.biz\/index.php?rest_route=%2Fwp%2Fv2%2Fcategories&post=195245"},{"taxonomy":"post_tag","embeddable":true,"href":"https:\/\/analyse.optim.biz\/index.php?rest_route=%2Fwp%2Fv2%2Ftags&post=195245"}],"curies":[{"name":"wp","href":"https:\/\/api.w.org\/{rel}","templated":true}]}}