{"id":195231,"date":"2014-09-26T18:42:36","date_gmt":"2014-09-26T15:42:36","guid":{"rendered":"https:\/\/analyse.optim.biz\/?p=195231"},"modified":"2014-09-26T18:42:36","modified_gmt":"2014-09-26T15:42:36","slug":"interviu-robert-turcescu-nu-este-deranjat-de-gestul-lui-ilie-nastase-si-madalin-voicu-imi-doresc-o-judecata-dreapta","status":"publish","type":"post","link":"https:\/\/analyse.optim.biz\/?p=195231","title":{"rendered":"INTERVIU. Robert Turcescu NU este deranjat de gestul lui Ilie N\u0103stase \u0219i M\u0103d\u0103lin Voicu: \u201e\u00cemi doresc o judecat\u0103 dreapt\u0103\u201d"},"content":{"rendered":"<div class=\"entry data-app-meta data-app-meta-article\" data-embed-base-url-canonical=\"https:\/\/www.digi24.ro\/embed\/stiri\/actualitate\/politica\/interviu-robert-turcescu-nu-este-deranjat-de-gestul-lui-ilie-nastase-si-madalin-voicu-imi-doresc-o-judecata-dreapta-299349\">\n<p data-index=\"1\">\u00a0\u201e\u00cen m\u0103sura \u00een care va exista interes din partea autorit\u0103\u021bilor s\u0103 elucideze, sunt dispus, le stau la dispozi\u021bie celor care au \u00eendrituirea s\u0103 pun\u0103 \u00eentreb\u0103ri, s\u0103 afle lucruri. Sper s\u0103 am parte de judec\u0103tori drep\u021bi\u201d, a declarat Robert Turcescu \u00eentr-un interviu pentru <strong>Digi24.<\/strong><\/p>\n<p data-index=\"2\">\u00centrebat dac\u0103 se refer\u0103 la magistra\u021bi, atunci c\u00e2nd vorbe\u0219te despre \u201ejudec\u0103tori\u201d, Robert Turcescu a r\u0103spuns: \u201eM\u0103 refer la cei care judec\u0103 \u00een etape, c\u00e2nd spun judec\u0103tori e mai amplu, m\u0103 refer \u0219i la oamenii care m\u0103 privesc, asta ne\u00eensemn\u00e2nd c\u0103 dac\u0103 sunt pro sau contra Turcescu \u00eenseamn\u0103 c\u0103 judec\u0103 nedrept. Judec\u0103 dup\u0103 felul \u00een care ei simt c\u0103 pot judeca\u201d. Jurnalistul a ad\u0103ugat: \u201e\u00cemi doresc ca aceast\u0103 judecat\u0103 a lor, indiferent cum va fi, s\u0103 fie dreapt\u0103. E tot ce pot s\u0103-mi doresc\u201d.<\/p>\n<p data-index=\"3\">_____________________<\/p>\n<p data-index=\"4\"><strong>Reporter Digi24: Ce te-a \u00eempins s\u0103 faci acest gest?<\/strong><\/p>\n<p data-index=\"5\"><strong>Robert Turcescu<\/strong>: Am c\u0103utat \u00een mine, \u00een sufletul meu, am sim\u021bit c\u0103 fac un lucru care m\u0103 \u00eempac\u0103 cu Dumnezeu. Probabil pentru mul\u021bi nu e suficient, dar pentru sufletul meu e un r\u0103spuns mai mult dec\u00e2t suficient \u0219i sunt bucuros c\u0103 de c\u00e2teva zile tr\u0103iesc sentimentul unui rucsac dat jos din spinare.<\/p>\n<p data-index=\"6\"><strong>Reporter: Po\u021bi spune anul c\u00e2nd ai decis s\u0103 faci parte din aceste structuri?<\/strong><\/p>\n<p data-index=\"7\"><strong>Robert Turcescu<\/strong>: Toate detaliile care \u021bin de acest caz \u0219i o repet a mia oara, \u00een m\u0103sura \u00een care va exista interes din partea autorit\u0103\u021bilor s\u0103 elucideze, sunt dispus, le stau la dispozi\u021bie celor care au \u00eendrituirea s\u0103 pun\u0103 \u00eentreb\u0103ri, s\u0103 afle lucruri. Sper s\u0103 am parte de judec\u0103tori drep\u021bi.<\/p>\n<p data-index=\"8\"><strong>Reporter: Ce fel de judec\u0103tori? Magistra\u0163i?<\/strong><\/p>\n<p data-index=\"9\"><strong>Robert Turcescu<\/strong>: M\u0103 refer la cei care au judecat \u00een etape, c\u00e2nd spun<em> judecat<\/em> e mai amplu, m\u0103 refer \u0219i la oamenii care m\u0103 privesc, asta ne\u00eensemn\u00e2nd c\u0103 dac\u0103 sunt pro sau contra Turcescu \u00eenseamn\u0103 c\u0103 judec\u0103 nedrept. Judec\u0103 dupa felul \u00een care ei simt c\u0103 pot judeca. \u00cemi doresc ca aceast\u0103 judecat\u0103 a lor, indiferent cum va fi, s\u0103 fie dreapt\u0103. E tot ce pot s\u0103-mi doresc.<\/p>\n<p data-index=\"10\"><strong>Reporter: Cum comentezi gestul lui Ilie N\u0103stase \u0219i M\u0103d\u0103lin Voicu?<\/strong><\/p>\n<p data-index=\"11\"><strong>Robert Turcescu<\/strong>: Mi-a mai zis cineva. Nu m\u0103 uit la televizor. Dac\u0103 N\u0103stase \u0219i Voicu au f\u0103cut asta, au f\u0103cut-o judec\u00e2nd dup\u0103 felul \u00een care v\u0103d ei situa\u021bia. Cred c\u0103 judecata lor a fost una dreapt\u0103, dac\u0103 au ajuns la concluzia asta, nu le pot repro\u0219a nimic.<\/p>\n<p data-index=\"12\"><strong>Reporter: Cum comentezi c\u0103 Ilie N\u0103stase a venit cu livretul s\u0103u militar, care nu seam\u0103n\u0103 cu cel publicat&#8230;<\/strong><\/p>\n<p data-index=\"13\"><strong>Robert Turcescu<\/strong>: Am fost, cel pu\u021bin p\u00e2n\u0103 acum c\u00e2teva zile, probabil \u00een aceea\u0219i breasl\u0103. Dar ce-am avut de comunicat opiniei publice am comunicat. Ce \u021bine de documente le pun la dispozi\u021bia celor \u00eendritui\u021bi. Le pun la dispozi\u021bie cu cea mai mare disponibilitate, a\u0219teptand un verdict. Dar asta s\u0103 fie din partea unor autorit\u0103\u021bi care pot judeca astfel de spe\u0163e. C\u00e2nd se va \u00eent\u00e2mpla, m\u0103 duc, r\u0103spund la \u00eentreb\u0103ri \u0219i spe\u021ba asta va fi l\u0103murit\u0103.<\/p>\n<p data-index=\"14\"><strong>Reporter:<\/strong><strong>Ai decis s\u0103 renun\u021bi la emisiune.<\/strong><\/p>\n<p data-index=\"15\"><strong>Robert Turcescu:<\/strong> Mi s-a p\u0103rut firesc. Mi-e dor de radio, a\u0219 dori s\u0103 mai pot face, a fost o meserie frumoas\u0103. A\u015fa a curs via\u0163a, n-am mai f\u0103cut.<\/p>\n<p data-index=\"16\"><strong>Reporter<\/strong>: <strong>Vei mai putea fi in breasl\u0103?<\/strong><\/p>\n<p data-index=\"17\"><strong>Robert Turcescu:<\/strong> Dumnezeu \u015ftie&#8230;\u015etiu c\u0103 sun\u0103 paradoxal \u0219i mi-e greu s\u0103 explic, dar tr\u0103iesc zile at\u00e2t de frumoase \u00een via\u0163a mea \u00een acest moment, \u00eenc\u00e2t, de\u0219i poate unora li se va p\u0103rea paradoxal, le doresc multora &#8211; care poate trec printr-o astfel de situa\u021bie &#8211; s\u0103 aib\u0103 bucuria de a sim\u0163i la un moment dat c\u0103 te \u00eendrep\u021bi. S\u0103 stai coco\u0219at cu un rucsac, s\u0103 \u00eel la\u0219i jos \u0219i s\u0103 \u00eencerci s\u0103 te \u00eendrep\u021bi. Dac\u0103 se va \u00eent\u00e2mpla sau nu \u0219i \u00een cazul meu, numai Dumnezeu \u015ftie&#8230;<\/p>\n<p data-index=\"18\"><strong>Reporter:<\/strong><strong>Gestul t\u0103u a afectat breasla jurnali\u0219tilor?<\/strong><\/p>\n<p data-index=\"19\"><strong>Robert Turcescu:<\/strong> Vom tr\u0103i \u0219i vom vedea. Nu-mi dau seama ce consecin\u021be va avea. Am f\u0103cut acest lucru pentru c\u0103, \u00een mine, \u00een sufletul meu, \u00een felul \u00een care tr\u0103iam, \u00een care \u00eemi f\u0103ceam meseria eu nu mai puteam tr\u0103i \u00een acest fel. Am f\u0103cut acest lucru pentru ca a\u015fa am sim\u021bit, am vrut s\u0103 tr\u0103iesc f\u0103r\u0103 s\u0103 m\u0103 g\u00e2ndesc la un moment dat ce consecin\u021be va avea acest lucru. Poate sun\u0103 egoist, dar pentru mine a sunat ca o eliberare, a fost ca o izb\u0103vire \u0219i m\u0103 bucur de via\u021ba pe care o tr\u0103iesc. M\u0103 bucur cum poate nu m-am bucurat niciodat\u0103 \u00een ultimii ani, indiferent unde a\u0219 fi fost cu cariera, cu via\u021ba.<\/p>\n<p data-index=\"20\"><strong>Reporter:<\/strong><strong>Iei \u00een calcul s\u0103 faci un prim gest, s\u0103 mergi la Parchet?<\/strong><\/p>\n<p data-index=\"21\"><strong>Robert Turcescu:<\/strong> Ce am avut de spus am spus, ce am avut de ar\u0103tat am ar\u0103tat. Dac\u0103 pe baza lucrurilor spuse exist\u0103 o instan\u021b\u0103, circumstan\u021be \u00een care se va solicita prezen\u021ba mea \u00eentr-un punct sau altul, s\u0103 vin cu documente, s\u0103 spun mai multe sau s\u0103 r\u0103spund, de fapt, la \u00eentreb\u0103ri, nu s\u0103 spun mai multe, ci s\u0103 r\u0103spund la \u00eentreb\u0103ri puse de un procuror, judec\u0103tor. Fac asta pentru c\u0103 nu fug nic\u0103ieri. N-am disp\u0103rut. Cum m-a\u021bi g\u0103sit voi, culeg\u00e2nd via, a\u015fa m\u0103 poate g\u0103si oricine.<\/p>\n<\/div>\n<p> Source URL: https:\/\/www.digi24.ro\/stiri\/actualitate\/politica\/interviu-robert-turcescu-nu-este-deranjat-de-gestul-lui-ilie-nastase-si-madalin-voicu-imi-doresc-o-judecata-dreapta-299349<\/p>\n","protected":false},"excerpt":{"rendered":"<p>\u00a0\u201e\u00cen m\u0103sura \u00een care va exista interes din partea autorit\u0103\u021bilor s\u0103 elucideze, sunt dispus, le stau la dispozi\u021bie celor care au \u00eendrituirea s\u0103 pun\u0103 \u00eentreb\u0103ri, s\u0103 afle lucruri. Sper s\u0103 am parte de judec\u0103tori drep\u021bi\u201d, a declarat Robert Turcescu \u00eentr-un interviu pentru Digi24. \u00centrebat dac\u0103 se refer\u0103 la magistra\u021bi, atunci c\u00e2nd vorbe\u0219te despre \u201ejudec\u0103tori\u201d, Robert [&hellip;]<\/p>\n","protected":false},"author":1,"featured_media":195232,"comment_status":"open","ping_status":"","sticky":false,"template":"","format":"standard","meta":{"footnotes":""},"categories":[2],"tags":[11],"class_list":["post-195231","post","type-post","status-publish","format-standard","has-post-thumbnail","hentry","category-politics","tag-digi24"],"_links":{"self":[{"href":"https:\/\/analyse.optim.biz\/index.php?rest_route=\/wp\/v2\/posts\/195231","targetHints":{"allow":["GET"]}}],"collection":[{"href":"https:\/\/analyse.optim.biz\/index.php?rest_route=\/wp\/v2\/posts"}],"about":[{"href":"https:\/\/analyse.optim.biz\/index.php?rest_route=\/wp\/v2\/types\/post"}],"author":[{"embeddable":true,"href":"https:\/\/analyse.optim.biz\/index.php?rest_route=\/wp\/v2\/users\/1"}],"replies":[{"embeddable":true,"href":"https:\/\/analyse.optim.biz\/index.php?rest_route=%2Fwp%2Fv2%2Fcomments&post=195231"}],"version-history":[{"count":0,"href":"https:\/\/analyse.optim.biz\/index.php?rest_route=\/wp\/v2\/posts\/195231\/revisions"}],"wp:featuredmedia":[{"embeddable":true,"href":"https:\/\/analyse.optim.biz\/index.php?rest_route=\/wp\/v2\/media\/195232"}],"wp:attachment":[{"href":"https:\/\/analyse.optim.biz\/index.php?rest_route=%2Fwp%2Fv2%2Fmedia&parent=195231"}],"wp:term":[{"taxonomy":"category","embeddable":true,"href":"https:\/\/analyse.optim.biz\/index.php?rest_route=%2Fwp%2Fv2%2Fcategories&post=195231"},{"taxonomy":"post_tag","embeddable":true,"href":"https:\/\/analyse.optim.biz\/index.php?rest_route=%2Fwp%2Fv2%2Ftags&post=195231"}],"curies":[{"name":"wp","href":"https:\/\/api.w.org\/{rel}","templated":true}]}}