{"id":195220,"date":"2014-09-26T22:39:42","date_gmt":"2014-09-26T19:39:42","guid":{"rendered":"https:\/\/analyse.optim.biz\/?p=195220"},"modified":"2014-09-26T22:39:42","modified_gmt":"2014-09-26T19:39:42","slug":"victor-ponta-in-sua-nu-am-fost-intrebat-de-coruptia-din-romania-ei-stiu-ca-justitia-este-independenta","status":"publish","type":"post","link":"https:\/\/analyse.optim.biz\/?p=195220","title":{"rendered":"Victor Ponta, \u00een SUA: Nu am fost \u00eentrebat de corup\u021bia din Rom\u00e2nia, ei \u0219tiu c\u0103 justi\u021bia este independent\u0103"},"content":{"rendered":"<div class=\"entry data-app-meta data-app-meta-article\" data-embed-base-url-canonical=\"https:\/\/www.digi24.ro\/embed\/stiri\/actualitate\/politica\/victor-ponta-in-sua-nu-am-fost-intrebat-de-coruptia-din-romania-ei-stiu-ca-justitia-este-independenta-299460\">\n<p data-index=\"1\">\u201eNu pot s\u0103 comentez, pentru c\u0103 nu e vorba de niciun ministru al cabinetului pe care \u00eel conduc. Singurele informa\u021bii pe care le am sunt \u0219i cele pe care le-am prezentat public, constatate de c\u0103tre Corpul de Control al primului-ministru referitoare la nereguli grave \u0219i ilegalit\u0103\u021bi comise de c\u0103tre mini\u0219trii <strong>Funeriu \u0219i Vreme<\/strong>, dac\u0103 nu m\u0103 \u00een\u0219el. Alte lucruri nu cunosc \u0219i nu pot s\u0103 comentez\u201d, a declarat premierul, dup\u0103 o <a href=\"https:\/\/www.digi24.ro\/Stiri\/Digi24\/Actualitate\/Politica\/CORESPONDENTA+DIN+SUA+Scandalul+ministrilor+cercetati+in+dosarul\" target=\"_blank\" data-skip-linkfix=\"1\" rel=\"noopener\">\u00eent\u00e2lnire cu oameni de afaceri pe care a avut-o la Houston, \u00een SUA.<\/a><\/p>\n<p data-index=\"2\">La observa\u021bia jurnali\u0219tilor c\u0103<strong> Ecaterina Andronescu<\/strong> este \u0219i ea pe list\u0103, premierul a spus c\u0103 el nu are aceast\u0103 informa\u021bie \u0219i a ad\u0103ugat c\u0103 justi\u021bia trebuie s\u0103-\u0219i fac\u0103 datoria.<\/p>\n<p data-index=\"3\">\u0218eful Guvernului a fost \u00eentrebat de <strong>Digi24<\/strong>, \u00een acest context, dac\u0103 la \u00eent\u00e2lnirile de vineri cu marile corpora\u021bii americane a fost \u00eentrebat despre corup\u021bia din Rom\u00e2nia, dac\u0103 exist\u0103 o \u00eengrijorare \u0219i dac\u0103 exist\u0103 percep\u021bia c\u0103 este o piedic\u0103 \u00een calea afacerilor. \u201e<strong>Nu, sincer nu m-au \u00eentrebat de a\u0219a ceva, pentru c\u0103 \u0219tiu foarte bine c\u0103 suntem o \u021bar\u0103 european\u0103, c\u0103 suntem un partener serios \u0219i c\u0103 suntem o societate \u00een care justi\u021bia este independent\u0103<\/strong>\u201d, a r\u0103spuns premierul.<\/p>\n<p data-index=\"4\">\u201eCred c\u0103 e o tem\u0103 mai mult acas\u0103 de discu\u021bii \u0219i eu spun urm\u0103torul lucru: pe de o parte, ca justi\u021bia s\u0103 fac\u0103 cur\u0103\u021benie e un lucru foarte bun. Pe de alt\u0103 parte, s\u0103 ne tot autoflagel\u0103m, s\u0103 tot spunem noi, de acas\u0103, ce r\u0103i suntem e un lucru pe care nu-l face nicio \u021bar\u0103, pentru c\u0103 e o prostie. \u00ce\u021bi afecteaz\u0103 imaginea \u0219i interesele\u201d, a ad\u0103ugat Victor Ponta. \u201e<strong>Rom\u00e2nia este o \u021bar\u0103 democratic\u0103, o \u021bar\u0103 cu justi\u021bie independent\u0103, cred c\u0103 aceast\u0103 tem\u0103, dac\u0103 o folosim politic, e o tem\u0103 \u00eempotriva Rom\u00e2niei. Dac\u0103 o folosim doar ca justi\u021bia s\u0103-\u0219i fac\u0103 datoria e foarte bine<\/strong>\u201d, a conchis premierul.<\/p>\n<\/div>\n<p> Source URL: https:\/\/www.digi24.ro\/stiri\/actualitate\/politica\/victor-ponta-in-sua-nu-am-fost-intrebat-de-coruptia-din-romania-ei-stiu-ca-justitia-este-independenta-299460<\/p>\n","protected":false},"excerpt":{"rendered":"<p>\u201eNu pot s\u0103 comentez, pentru c\u0103 nu e vorba de niciun ministru al cabinetului pe care \u00eel conduc. Singurele informa\u021bii pe care le am sunt \u0219i cele pe care le-am prezentat public, constatate de c\u0103tre Corpul de Control al primului-ministru referitoare la nereguli grave \u0219i ilegalit\u0103\u021bi comise de c\u0103tre mini\u0219trii Funeriu \u0219i Vreme, dac\u0103 nu [&hellip;]<\/p>\n","protected":false},"author":1,"featured_media":195221,"comment_status":"open","ping_status":"","sticky":false,"template":"","format":"standard","meta":{"footnotes":""},"categories":[2],"tags":[11],"class_list":["post-195220","post","type-post","status-publish","format-standard","has-post-thumbnail","hentry","category-politics","tag-digi24"],"_links":{"self":[{"href":"https:\/\/analyse.optim.biz\/index.php?rest_route=\/wp\/v2\/posts\/195220","targetHints":{"allow":["GET"]}}],"collection":[{"href":"https:\/\/analyse.optim.biz\/index.php?rest_route=\/wp\/v2\/posts"}],"about":[{"href":"https:\/\/analyse.optim.biz\/index.php?rest_route=\/wp\/v2\/types\/post"}],"author":[{"embeddable":true,"href":"https:\/\/analyse.optim.biz\/index.php?rest_route=\/wp\/v2\/users\/1"}],"replies":[{"embeddable":true,"href":"https:\/\/analyse.optim.biz\/index.php?rest_route=%2Fwp%2Fv2%2Fcomments&post=195220"}],"version-history":[{"count":0,"href":"https:\/\/analyse.optim.biz\/index.php?rest_route=\/wp\/v2\/posts\/195220\/revisions"}],"wp:featuredmedia":[{"embeddable":true,"href":"https:\/\/analyse.optim.biz\/index.php?rest_route=\/wp\/v2\/media\/195221"}],"wp:attachment":[{"href":"https:\/\/analyse.optim.biz\/index.php?rest_route=%2Fwp%2Fv2%2Fmedia&parent=195220"}],"wp:term":[{"taxonomy":"category","embeddable":true,"href":"https:\/\/analyse.optim.biz\/index.php?rest_route=%2Fwp%2Fv2%2Fcategories&post=195220"},{"taxonomy":"post_tag","embeddable":true,"href":"https:\/\/analyse.optim.biz\/index.php?rest_route=%2Fwp%2Fv2%2Ftags&post=195220"}],"curies":[{"name":"wp","href":"https:\/\/api.w.org\/{rel}","templated":true}]}}