{"id":195197,"date":"2014-10-02T10:32:42","date_gmt":"2014-10-02T07:32:42","guid":{"rendered":"https:\/\/analyse.optim.biz\/?p=195197"},"modified":"2014-10-02T10:32:42","modified_gmt":"2014-10-02T07:32:42","slug":"promisiunile-candidatilor-la-presedintie-de-la-marea-unire-la-cele-zece-porunci","status":"publish","type":"post","link":"https:\/\/analyse.optim.biz\/?p=195197","title":{"rendered":"Promisiunile candida\u0163ilor la Pre\u015fedin\u0163ie. De la &#8220;Marea Unire&#8221; la &#8220;cele zece porunci&#8221;"},"content":{"rendered":"<div class=\"entry data-app-meta data-app-meta-article\" data-embed-base-url-canonical=\"https:\/\/www.digi24.ro\/embed\/stiri\/actualitate\/politica\/promisiunile-candidatilor-la-presedintie-de-la-marea-unire-la-cele-zece-porunci-301778\">\n<p data-index=\"1\"><strong>Victor Ponta<\/strong> s-a lansat \u00een urm\u0103 cu dou\u0103 s\u0103pt\u0103m\u00e2ni \u00een cursa pentru preziden\u0163iale pe stadionul Na\u0163ional Arena, ocazie cu care a lansat ideea central\u0103 a programului s\u0103u politic: unirea Rom\u00e2niei cu Republica Moldova.<\/p>\n<p data-index=\"2\">\u201e<span>M\u0103 simt preg\u0103tit, pot fi pre\u015fedintele rom\u00e2nilor, putem s\u0103 facem acea mare schimbare pe care o a\u015ftept\u0103m. S\u0103 reu\u015fim \u00eempreun\u0103 Marea Unire\u201d, spunea Victor Ponta.<\/span><\/p>\n<p data-index=\"3\">Premierul \u015fi-a promovat programul politic intitulat &#8220;Marea unire a rom\u00e2nilor&#8221; \u015fi pe Facebook. Totodat\u0103, Victor Ponta promite c\u0103, \u00een calitate de pre\u015fedinte al Rom\u00e2niei, va sus\u0163ine cre\u015fterea salariilor \u015fi a pensiilor, nu t\u0103ierea lor.<\/p>\n<p data-index=\"4\">Candidatul Alian\u0163ei Cre\u015ftin Liberale, <strong>Klaus Iohannis<\/strong>, \u015fi-a prezentat la \u00eenceputul acestei s\u0103pt\u0103m\u00e2ni programul intitulat &#8220;Rom\u00e2nia lucrului bine f\u0103cut&#8221;.<\/p>\n<p data-index=\"5\">\u201eVreau ca \u00een 2018 \u015fi 2019 rom\u00e2nii s\u0103 simt\u0103 deja c\u0103 tr\u0103iesc \u00eentr-o \u0163ar\u0103 a lucrurilor bine f\u0103cute, o \u0163ar\u0103 occidental\u0103, \u00een care se simt respecta\u0163i \u015fi demni\u201d, afirma Klaus Iohannis.<\/p>\n<p data-index=\"6\"><strong>Elena Udrea,<\/strong> candidatul Partidului Mi\u015fcarea Popular\u0103, nu a dezv\u0103luit pea multe din programul s\u0103u politic, dar a anun\u0163at c\u0103 va milita pentru o Rom\u00e2nie frumoas\u0103: \u201eRom\u00e2nia frum<span>oas\u0103 e \u0163ara \u00een care tinerii nu pleac\u0103 s\u0103-\u015fi \u00eentemeieze familia afar\u0103 &#8230; o \u0163ar\u0103 \u00een care nu \u0163i-e fric\u0103 s\u0103 te duci \u00een spital de team\u0103 c\u0103 nu te mai \u00eentorci viu &#8230; o \u0163ar\u0103 \u00een care cei afla\u0163i la v\u00e2rsta pension\u0103rii nu tremur\u0103 de grija zilei de m\u00e2ine\u201d.<\/span><\/p>\n<p data-index=\"7\">Candidatul independent <strong>C\u0103lin Popescu T\u0103riceanu<\/strong> promite c\u0103 va transforma Rom\u00e2nia \u00een a \u015faptea putere european\u0103: \u201eAm obliga\u0163ia s\u0103 v\u0103 spun c\u0103 nu este un proiect care se poate realiza de azi pe m\u00e2ine, va lua timp\u201d.<\/p>\n<p data-index=\"8\">Candidatul UDMR, <strong>Kelemen Hunor,<\/strong> a explicat, la lansarea \u00een cursa pentru func\u0163ia de pre\u015fedinte al Rom\u00e2niei, c\u0103 atunci c\u00e2nd vorbe\u015fte de autonomie, UDMR nu se g\u00e2nde\u015fte la separatism: \u201eA<span>vem nevoie de o nou\u0103 constitu\u0163ie. C<\/span>red \u00een regiuni puternice, ereditate regional\u0103, cred \u00een for\u0163a comunit\u0103\u0163ilor de a decide importante lucruri care \u00eei privesc\u201d.<\/p>\n<p data-index=\"9\"><strong>Monica Macovei<\/strong>, candidat independent, promite c\u0103 va fi un pre\u015fedinte arbitru, nu juc\u0103tor, \u015fi c\u0103 va milita pentru un Parlament unicameral cu 300 de locuri. Ea a prezentat \u015fi o list\u0103 de reguli care ar trebui respectate de orice politician: \u201e<span>S\u0103 nu ai alt st\u0103p\u00e2n dec\u00e2t cet\u0103\u0163eanul. S\u0103 nu tr\u0103dezi interesul na\u0163ional. S\u0103 nu ataci institu\u0163iile statului. S\u0103 nu furi \u015fi s\u0103 nu risipe\u015fti banii publici, s\u0103 nu min\u0163i, s\u0103 nu plagiezi, s\u0103 nu calomniezi, s\u0103 nu mituie\u015fti\u201d. <\/span><\/p>\n<p data-index=\"10\">Monica Macovei \u00ee\u0219i va lansa oficial candidatura s\u00e2mb\u0103t\u0103, la Timi\u0219oara.<\/p>\n<\/div>\n<p> Source URL: https:\/\/www.digi24.ro\/stiri\/actualitate\/politica\/promisiunile-candidatilor-la-presedintie-de-la-marea-unire-la-cele-zece-porunci-301778<\/p>\n","protected":false},"excerpt":{"rendered":"<p>Victor Ponta s-a lansat \u00een urm\u0103 cu dou\u0103 s\u0103pt\u0103m\u00e2ni \u00een cursa pentru preziden\u0163iale pe stadionul Na\u0163ional Arena, ocazie cu care a lansat ideea central\u0103 a programului s\u0103u politic: unirea Rom\u00e2niei cu Republica Moldova. \u201eM\u0103 simt preg\u0103tit, pot fi pre\u015fedintele rom\u00e2nilor, putem s\u0103 facem acea mare schimbare pe care o a\u015ftept\u0103m. S\u0103 reu\u015fim \u00eempreun\u0103 Marea Unire\u201d, [&hellip;]<\/p>\n","protected":false},"author":1,"featured_media":195198,"comment_status":"open","ping_status":"","sticky":false,"template":"","format":"standard","meta":{"footnotes":""},"categories":[2],"tags":[11],"class_list":["post-195197","post","type-post","status-publish","format-standard","has-post-thumbnail","hentry","category-politics","tag-digi24"],"_links":{"self":[{"href":"https:\/\/analyse.optim.biz\/index.php?rest_route=\/wp\/v2\/posts\/195197","targetHints":{"allow":["GET"]}}],"collection":[{"href":"https:\/\/analyse.optim.biz\/index.php?rest_route=\/wp\/v2\/posts"}],"about":[{"href":"https:\/\/analyse.optim.biz\/index.php?rest_route=\/wp\/v2\/types\/post"}],"author":[{"embeddable":true,"href":"https:\/\/analyse.optim.biz\/index.php?rest_route=\/wp\/v2\/users\/1"}],"replies":[{"embeddable":true,"href":"https:\/\/analyse.optim.biz\/index.php?rest_route=%2Fwp%2Fv2%2Fcomments&post=195197"}],"version-history":[{"count":0,"href":"https:\/\/analyse.optim.biz\/index.php?rest_route=\/wp\/v2\/posts\/195197\/revisions"}],"wp:featuredmedia":[{"embeddable":true,"href":"https:\/\/analyse.optim.biz\/index.php?rest_route=\/wp\/v2\/media\/195198"}],"wp:attachment":[{"href":"https:\/\/analyse.optim.biz\/index.php?rest_route=%2Fwp%2Fv2%2Fmedia&parent=195197"}],"wp:term":[{"taxonomy":"category","embeddable":true,"href":"https:\/\/analyse.optim.biz\/index.php?rest_route=%2Fwp%2Fv2%2Fcategories&post=195197"},{"taxonomy":"post_tag","embeddable":true,"href":"https:\/\/analyse.optim.biz\/index.php?rest_route=%2Fwp%2Fv2%2Ftags&post=195197"}],"curies":[{"name":"wp","href":"https:\/\/api.w.org\/{rel}","templated":true}]}}