{"id":195137,"date":"2014-10-03T14:19:27","date_gmt":"2014-10-03T11:19:27","guid":{"rendered":"https:\/\/analyse.optim.biz\/?p=195137"},"modified":"2014-10-03T14:19:27","modified_gmt":"2014-10-03T11:19:27","slug":"seful-sri-demisioneaza-dupa-alegeri","status":"publish","type":"post","link":"https:\/\/analyse.optim.biz\/?p=195137","title":{"rendered":"\u015eeful SRI demisioneaz\u0103 dup\u0103 alegeri"},"content":{"rendered":"<div class=\"entry data-app-meta data-app-meta-article\" data-embed-base-url-canonical=\"https:\/\/www.digi24.ro\/embed\/stiri\/actualitate\/politica\/seful-sri-demisioneaza-dupa-alegeri-302505\">\n<p data-index=\"1\"><img decoding=\"async\" src=\"https:\/\/analyse.optim.biz\/wp-content\/uploads\/2024\/09\/yta5n2i4yjk1mte1yja3mzbmn2fmowrlmjhi-thumb_.jpg\" data-skip-htmlfix=\"1\" title=\"yta5n2i4yjk1mte1yja3mzbmn2fmowrlmjhi-thumb_\"><\/p>\n<p data-index=\"2\">Est<span>e \u00een sarcina noului pre\u015fedinte s\u0103 decid\u0103 dac\u0103 voi r\u0103m\u00e2ne sau nu \u00een func\u0163ie, a spus \u015feful SRI. El a precizat c\u0103 \u00ee\u015fi va prezenta demisia noului pre\u015fedinte, pentru ca acesta s\u0103 decid\u0103 asupra func\u0163iei sale.\u00a0<\/span><\/p>\n<p data-index=\"3\">\u201eNu mi s-a propus niciodat\u0103 \u015fi nu am discutat cu nimeni ideea de prim-ministru, ba dimpotriv\u0103, eu cred c\u0103 un lucru normal, \u00eentr-un stat democratic, este acela ca viitorul pre\u015fedinte s\u0103 decid\u0103 \u00een ceea ce prive\u015fte serviciile de informa\u0163ii. Din punctul meu de vedere, voi merge c\u0103tre acest nou pre\u015fedinte, \u00eemi voi prezenta demisia \u015fi r\u0103m\u00e2ne la latitudinea lui s\u0103 aprecieze dac\u0103 activitatea mea \u00een fruntea acestui serviciu a fost potrivit\u0103 \u015fi trebuie s\u0103 continue sau s\u0103 ia alt\u0103 decizie. Nu am nicio problem\u0103 din acest punct de vedere\u201d, a declarat George Maior.<\/p>\n<p data-index=\"4\">\u201eGeorge Maior alege o variant\u0103 onorabil\u0103 \u015fi se va \u0163ine de cuv\u00e2nt\u201d, a spus la Digi24 deputatul Cezar Preda.<\/p>\n<p data-index=\"5\">George Maior este \u015fef al SRI din octombrie 2006, c\u00e2nd a fost numit \u00een func\u0163ie de Traian B\u0103sescu.<\/p>\n<p data-index=\"6\">\u00cen 3 octombrie 2006 comisia parlamentar\u0103 de control al activit\u0103\u0163ii SRI a avizat favorabil cu 7 voturi &#8220;pentru&#8221; \u015fi 2 &#8220;\u00eempotriv\u0103&#8221; propunerea \u015fefului statului ca senatorul PSD George Maior s\u0103 ocupe func\u0163ia de director al SRI.<\/p>\n<p data-index=\"7\">\u00cen ziua urm\u0103toare, \u00een fa\u0163a plenului Parlamentului, Maior a ob\u0163inut 285 de voturi &#8220;pentru&#8221; \u015fi 123 &#8220;\u00eempotriv\u0103&#8221; pentru numirea la \u015fefia SRI.<\/p>\n<p data-index=\"8\">Cu doi ani \u00eenainte de numire fusese senator PSD de Alba \u015fi pre\u015fedinte al Comisiei pentru ap\u0103rare, ordine public\u0103 \u015fi siguran\u0163\u0103 na\u0163io<span>nal\u0103.<\/span><\/p>\n<\/div>\n<p> Source URL: https:\/\/www.digi24.ro\/stiri\/actualitate\/politica\/seful-sri-demisioneaza-dupa-alegeri-302505<\/p>\n","protected":false},"excerpt":{"rendered":"<p>Este \u00een sarcina noului pre\u015fedinte s\u0103 decid\u0103 dac\u0103 voi r\u0103m\u00e2ne sau nu \u00een func\u0163ie, a spus \u015feful SRI. El a precizat c\u0103 \u00ee\u015fi va prezenta demisia noului pre\u015fedinte, pentru ca acesta s\u0103 decid\u0103 asupra func\u0163iei sale.\u00a0 \u201eNu mi s-a propus niciodat\u0103 \u015fi nu am discutat cu nimeni ideea de prim-ministru, ba dimpotriv\u0103, eu cred c\u0103 [&hellip;]<\/p>\n","protected":false},"author":1,"featured_media":195138,"comment_status":"open","ping_status":"","sticky":false,"template":"","format":"standard","meta":{"footnotes":""},"categories":[2],"tags":[11],"class_list":["post-195137","post","type-post","status-publish","format-standard","has-post-thumbnail","hentry","category-politics","tag-digi24"],"_links":{"self":[{"href":"https:\/\/analyse.optim.biz\/index.php?rest_route=\/wp\/v2\/posts\/195137","targetHints":{"allow":["GET"]}}],"collection":[{"href":"https:\/\/analyse.optim.biz\/index.php?rest_route=\/wp\/v2\/posts"}],"about":[{"href":"https:\/\/analyse.optim.biz\/index.php?rest_route=\/wp\/v2\/types\/post"}],"author":[{"embeddable":true,"href":"https:\/\/analyse.optim.biz\/index.php?rest_route=\/wp\/v2\/users\/1"}],"replies":[{"embeddable":true,"href":"https:\/\/analyse.optim.biz\/index.php?rest_route=%2Fwp%2Fv2%2Fcomments&post=195137"}],"version-history":[{"count":0,"href":"https:\/\/analyse.optim.biz\/index.php?rest_route=\/wp\/v2\/posts\/195137\/revisions"}],"wp:featuredmedia":[{"embeddable":true,"href":"https:\/\/analyse.optim.biz\/index.php?rest_route=\/wp\/v2\/media\/195138"}],"wp:attachment":[{"href":"https:\/\/analyse.optim.biz\/index.php?rest_route=%2Fwp%2Fv2%2Fmedia&parent=195137"}],"wp:term":[{"taxonomy":"category","embeddable":true,"href":"https:\/\/analyse.optim.biz\/index.php?rest_route=%2Fwp%2Fv2%2Fcategories&post=195137"},{"taxonomy":"post_tag","embeddable":true,"href":"https:\/\/analyse.optim.biz\/index.php?rest_route=%2Fwp%2Fv2%2Ftags&post=195137"}],"curies":[{"name":"wp","href":"https:\/\/api.w.org\/{rel}","templated":true}]}}