{"id":1951164,"date":"2026-05-22T08:55:29","date_gmt":"2026-05-22T05:55:29","guid":{"rendered":"https:\/\/analyse.optim.biz\/?p=1951164"},"modified":"2026-05-22T08:55:29","modified_gmt":"2026-05-22T05:55:29","slug":"22-mai-ziua-internationala-a-biodiversitatii","status":"publish","type":"post","link":"https:\/\/analyse.optim.biz\/?p=1951164","title":{"rendered":"22 mai, Ziua Interna\u021bional\u0103 a Biodiversit\u0103\u021bii"},"content":{"rendered":"<p>[analyse_image type=&#8221;featured&#8221; src=&#8221;https:\/\/revistaverde.ro\/wp-content\/uploads\/2026\/05\/PELICAN.jpg&#8221;]<\/p>\n<article id=\"post-15568\" class=\"post-15568 post type-post status-publish format-standard has-post-thumbnail hentry category-eco-tiri category-evnimente category-international\">\n<header class=\"entry-header mh-clearfix\">\n<h1 class=\"entry-title\">22 mai, Ziua Interna\u021bional\u0103 a Biodiversit\u0103\u021bii<\/h1>\n<p class=\"mh-meta entry-meta\"><span class=\"entry-meta-date updated\"><a href=\"https:\/\/revistaverde.ro\/2026\/05\/\">mai 22, 2026<\/a><\/span><span class=\"entry-meta-author author vcard\"><a class=\"fn\" href=\"https:\/\/revistaverde.ro\/author\/revistaverdefrumoasa2017\/\">M\u0103rg\u0103rit GROSU<\/a><\/span><span class=\"entry-meta-categories\"><a href=\"https:\/\/revistaverde.ro\/category\/local\/eco-tiri\/\" rel=\"category tag\">Eco \u015etiri<\/a>, <a href=\"https:\/\/revistaverde.ro\/category\/local\/evnimente\/\" rel=\"category tag\">Evenimente<\/a>, <a href=\"https:\/\/revistaverde.ro\/category\/international\/\" rel=\"category tag\">international<\/a><\/span><span class=\"entry-meta-comments\"><a class=\"mh-comment-scroll\" href=\"https:\/\/revistaverde.ro\/2026\/05\/22\/22-mai-ziua-internationala-a-biodiversitatii\/#mh-comments\">0<\/a><\/span><\/p>\n<\/header>\n<div class=\"entry-content mh-clearfix\">\n<figure class=\"entry-thumbnail\"><img decoding=\"async\" src=\"https:\/\/revistaverde.ro\/wp-content\/uploads\/2026\/05\/PELICAN-678x381.jpg\" alt title=\"PELICAN\"><\/figure>\n<p>Ast\u0103zi,22 mai, se s\u0103rb\u0103tore\u0219te Ziua Interna\u021bional\u0103 a Biodiversit\u0103\u021bii, proclamat\u0103 de Adunarea General\u0103 a Na\u021biunilor Unite \u00een anul 2000. \u00cenc\u0103 din anul 1992 s-au pus \u00een discu\u021bie problemele biodiversit\u0103\u021bii \u0219i a fost adoptat textul Conven\u021biei \u00een cadrul Conferin\u021bei diversit\u0103\u021bii biologice din Nairobi. Rom\u00e2nia a semnat Conven\u021bia la 5 iunie 1992 \u0219i printre principalele principii pe care \u021bara noastr\u0103 \u0219i le-a \u00eensu\u0219it sunt \u0219i reglement\u0103rile privind biodiversitatea \u0219i utilizarea corect\u0103 a resurselor.<\/p>\n<figure class=\"wp-block-image size-full is-resized\"><img loading=\"lazy\" decoding=\"async\" src=\"http:\/\/revistaverde.ro\/wp-content\/uploads\/2026\/05\/URS-X.jpg\" alt class=\"wp-image-15571\" width=\"696\" height=\"1237\"><\/figure>\n<p>Biodiversitate \u00eenseamn\u0103 s\u0103 fim cu to\u021bii \u00eempreun\u0103. Omul, fauna \u0219i flora care \u00eel \u00eenconjoar\u0103 trebuie s\u0103 tr\u0103iasc\u0103 \u00een armonie, \u00een acel echilibru natural care asigur\u0103 existen\u021ba \u00eentregului ecosistem. Aceste g\u00e2nduri au determinat oamenii s\u0103 caute solu\u021bii, s\u0103 implementeze m\u0103suri care s\u0103 asigure existen\u021ba speciilor, s\u0103 asigure conservarea biodiversit\u0103\u021bii \u0219i utilizarea corect\u0103 a resurselor. <\/p>\n<figure class=\"wp-block-image size-full\"><img decoding=\"async\" loading=\"lazy\" width=\"868\" height=\"662\" src=\"http:\/\/revistaverde.ro\/wp-content\/uploads\/2026\/05\/RATA.jpg\" alt class=\"wp-image-15569\"><\/figure>\n<figure class=\"wp-block-image size-full is-resized\"><img decoding=\"async\" loading=\"lazy\" src=\"http:\/\/revistaverde.ro\/wp-content\/uploads\/2026\/05\/FLUTURE.jpg\" alt class=\"wp-image-15570\" width=\"695\" height=\"1236\"><\/figure>\n<div class=\"col-md-2 col-sm-4 col-xs-4\"> .col-md-2 { float:left; width: 16.6667%; } <\/div>\n<div class=\"col-md-2 col-sm-4 col-xs-4\"> .col-md-2 { float:left; width: 16.6667%; } <\/p>\n<div class=\"fb-share-button\" data-href=\"https:\/\/revistaverde.ro\/2026\/05\/22\/22-mai-ziua-internationala-a-biodiversitatii\/\" data-layout=\"button\" data-size=\"large\" data-mobile-iframe=\"true\"><a class=\"fb-xfbml-parse-ignore\" target=\"_blank\" href=\"https:\/\/www.facebook.com\/sharer\/sharer.php?u=https%3A%2F%2Frevistaverde.ro%2F2026%2F05%2F22%2F22-mai-ziua-internationala-a-biodiversitatii%2F&amp;src=sdkpreparse\">Share<\/a><\/div>\n<\/div>\n<div class=\"col-md-2 col-sm-4 col-xs-4\"> .col-md-2 { float:left; width: 16.6667%; } <\/div>\n<\/div>\n<\/article>\n<div class=\"entry-content mh-clearfix\">\n<figure class=\"entry-thumbnail\"><img decoding=\"async\" src=\"https:\/\/revistaverde.ro\/wp-content\/uploads\/2026\/05\/PELICAN-678x381.jpg\" alt title=\"PELICAN\"><\/figure>\n<p>Ast\u0103zi,22 mai, se s\u0103rb\u0103tore\u0219te Ziua Interna\u021bional\u0103 a Biodiversit\u0103\u021bii, proclamat\u0103 de Adunarea General\u0103 a Na\u021biunilor Unite \u00een anul 2000. \u00cenc\u0103 din anul 1992 s-au pus \u00een discu\u021bie problemele biodiversit\u0103\u021bii \u0219i a fost adoptat textul Conven\u021biei \u00een cadrul Conferin\u021bei diversit\u0103\u021bii biologice din Nairobi. Rom\u00e2nia a semnat Conven\u021bia la 5 iunie 1992 \u0219i printre principalele principii pe care \u021bara noastr\u0103 \u0219i le-a \u00eensu\u0219it sunt \u0219i reglement\u0103rile privind biodiversitatea \u0219i utilizarea corect\u0103 a resurselor.<\/p>\n<figure class=\"wp-block-image size-full is-resized\"><img loading=\"lazy\" decoding=\"async\" src=\"http:\/\/revistaverde.ro\/wp-content\/uploads\/2026\/05\/URS-X.jpg\" alt class=\"wp-image-15571\" width=\"696\" height=\"1237\"><\/figure>\n<p>Biodiversitate \u00eenseamn\u0103 s\u0103 fim cu to\u021bii \u00eempreun\u0103. Omul, fauna \u0219i flora care \u00eel \u00eenconjoar\u0103 trebuie s\u0103 tr\u0103iasc\u0103 \u00een armonie, \u00een acel echilibru natural care asigur\u0103 existen\u021ba \u00eentregului ecosistem. Aceste g\u00e2nduri au determinat oamenii s\u0103 caute solu\u021bii, s\u0103 implementeze m\u0103suri care s\u0103 asigure existen\u021ba speciilor, s\u0103 asigure conservarea biodiversit\u0103\u021bii \u0219i utilizarea corect\u0103 a resurselor. <\/p>\n<figure class=\"wp-block-image size-full\"><img decoding=\"async\" loading=\"lazy\" width=\"868\" height=\"662\" src=\"http:\/\/revistaverde.ro\/wp-content\/uploads\/2026\/05\/RATA.jpg\" alt class=\"wp-image-15569\"><\/figure>\n<figure class=\"wp-block-image size-full is-resized\"><img decoding=\"async\" loading=\"lazy\" src=\"http:\/\/revistaverde.ro\/wp-content\/uploads\/2026\/05\/FLUTURE.jpg\" alt class=\"wp-image-15570\" width=\"695\" height=\"1236\"><\/figure>\n<div class=\"col-md-2 col-sm-4 col-xs-4\"> .col-md-2 { float:left; width: 16.6667%; } <\/div>\n<div class=\"col-md-2 col-sm-4 col-xs-4\"> .col-md-2 { float:left; width: 16.6667%; } <\/p>\n<div class=\"fb-share-button\" data-href=\"https:\/\/revistaverde.ro\/2026\/05\/22\/22-mai-ziua-internationala-a-biodiversitatii\/\" data-layout=\"button\" data-size=\"large\" data-mobile-iframe=\"true\"><a class=\"fb-xfbml-parse-ignore\" target=\"_blank\" href=\"https:\/\/www.facebook.com\/sharer\/sharer.php?u=https%3A%2F%2Frevistaverde.ro%2F2026%2F05%2F22%2F22-mai-ziua-internationala-a-biodiversitatii%2F&amp;src=sdkpreparse\">Share<\/a><\/div>\n<\/div>\n<div class=\"col-md-2 col-sm-4 col-xs-4\"> .col-md-2 { float:left; width: 16.6667%; } <\/div>\n<\/div>\n<p>[analyse_source url=&#8221;https:\/\/revistaverde.ro\/2026\/05\/22\/22-mai-ziua-internationala-a-biodiversitatii\/&#8221;]<\/p>\n","protected":false},"excerpt":{"rendered":"<p>[analyse_image type=&#8221;featured&#8221; src=&#8221;https:\/\/revistaverde.ro\/wp-content\/uploads\/2026\/05\/PELICAN.jpg&#8221;] 22 mai, Ziua Interna\u021bional\u0103 a Biodiversit\u0103\u021bii mai 22, 2026M\u0103rg\u0103rit GROSUEco \u015etiri, Evenimente, international0 Ast\u0103zi,22 mai, se s\u0103rb\u0103tore\u0219te Ziua Interna\u021bional\u0103 a Biodiversit\u0103\u021bii, proclamat\u0103 de Adunarea General\u0103 a Na\u021biunilor Unite \u00een anul 2000. \u00cenc\u0103 din anul 1992 s-au pus \u00een discu\u021bie problemele biodiversit\u0103\u021bii \u0219i a fost adoptat textul Conven\u021biei \u00een cadrul Conferin\u021bei diversit\u0103\u021bii biologice [&hellip;]<\/p>\n","protected":false},"author":1,"featured_media":0,"comment_status":"open","ping_status":"","sticky":false,"template":"","format":"standard","meta":{"footnotes":""},"categories":[2],"tags":[226,57],"class_list":["post-1951164","post","type-post","status-publish","format-standard","hentry","category-politics","tag-crawlmanager","tag-revistaverde-ro"],"_links":{"self":[{"href":"https:\/\/analyse.optim.biz\/index.php?rest_route=\/wp\/v2\/posts\/1951164","targetHints":{"allow":["GET"]}}],"collection":[{"href":"https:\/\/analyse.optim.biz\/index.php?rest_route=\/wp\/v2\/posts"}],"about":[{"href":"https:\/\/analyse.optim.biz\/index.php?rest_route=\/wp\/v2\/types\/post"}],"author":[{"embeddable":true,"href":"https:\/\/analyse.optim.biz\/index.php?rest_route=\/wp\/v2\/users\/1"}],"replies":[{"embeddable":true,"href":"https:\/\/analyse.optim.biz\/index.php?rest_route=%2Fwp%2Fv2%2Fcomments&post=1951164"}],"version-history":[{"count":0,"href":"https:\/\/analyse.optim.biz\/index.php?rest_route=\/wp\/v2\/posts\/1951164\/revisions"}],"wp:attachment":[{"href":"https:\/\/analyse.optim.biz\/index.php?rest_route=%2Fwp%2Fv2%2Fmedia&parent=1951164"}],"wp:term":[{"taxonomy":"category","embeddable":true,"href":"https:\/\/analyse.optim.biz\/index.php?rest_route=%2Fwp%2Fv2%2Fcategories&post=1951164"},{"taxonomy":"post_tag","embeddable":true,"href":"https:\/\/analyse.optim.biz\/index.php?rest_route=%2Fwp%2Fv2%2Ftags&post=1951164"}],"curies":[{"name":"wp","href":"https:\/\/api.w.org\/{rel}","templated":true}]}}