{"id":195026,"date":"2014-10-09T15:24:34","date_gmt":"2014-10-09T12:24:34","guid":{"rendered":"https:\/\/analyse.optim.biz\/?p=195026"},"modified":"2014-10-09T15:24:34","modified_gmt":"2014-10-09T12:24:34","slug":"traian-basescu-catre-lukoil-ia-plecati-baieti-dar-sa-nu-credeti-ca-plecati-cu-rafinaria","status":"publish","type":"post","link":"https:\/\/analyse.optim.biz\/?p=195026","title":{"rendered":"Traian B\u0103sescu, c\u0103tre Lukoil: Ia pleca\u021bi, b\u0103ie\u021bi, dar s\u0103 nu crede\u021bi c\u0103 pleca\u021bi cu rafin\u0103ria!"},"content":{"rendered":"<div class=\"entry data-app-meta data-app-meta-article\" data-embed-base-url-canonical=\"https:\/\/www.digi24.ro\/embed\/stiri\/actualitate\/politica\/traian-basescu-catre-lukoil-ia-plecati-baieti-dar-sa-nu-credeti-ca-plecati-cu-rafinaria-305294\">\n<p data-index=\"1\"><img decoding=\"async\" src=\"https:\/\/analyse.optim.biz\/wp-content\/uploads\/2024\/09\/zje2zjywn2zkodlhywq5zgqynge2zti0mdcyywfinq-thumb_.jpg\" data-skip-htmlfix=\"1\" title=\"zje2zjywn2zkodlhywq5zgqynge2zti0mdcyywfinq-thumb_\"><\/p>\n<p data-index=\"2\"><em>Pre\u0219edintele Traian B\u0103sescu a f\u0103cut declara\u021bii de pres\u0103 la Cotroceni, joi, 9 octombrie 2014 \/ FOTO: www.presidency.ro<\/em><\/p>\n<p data-index=\"3\"><strong>PRINCIPALELE DECLARA\u021aII:<\/strong><\/p>\n<p data-index=\"4\">\u201eSe pare c\u0103 sunt magistra\u021bi care \u021bin neap\u0103rat s\u0103 fac\u0103 politic\u0103. Un domn magistrat a considerat c\u0103 am afectat justi\u021bia pentru c\u0103 am dat date din dosar. Dl magistrat minte! \u00cemi men\u021bin integral declara\u021bia f\u0103cut\u0103 atunci c\u00e2nd am anun\u021bat c\u0103 am dat aviz pentru \u00eenceperea urm\u0103ririi penale pentru cei cinci fo\u0219ti mini\u0219tri \u00een dosarul Microsoft\u201d.<\/p>\n<p data-index=\"5\">Pre\u0219edintele a ar\u0103tat c\u0103 informa\u021biile pe care le-a dat \u00een <a href=\"https:\/\/www.digi24.ro\/Stiri\/Digi24\/Actualitate\/Politica\/TRAIAN+BASESCU+DECLARATII+3+OCTOMBRIE\" target=\"_blank\" data-skip-linkfix=\"1\" rel=\"noopener\"><strong>conferin\u021ba de pres\u0103 din 3 octombrie<\/strong><\/a> erau publice, din comunicatul DNA.<\/p>\n<p data-index=\"6\">\u201eAm afirmat c\u0103 to\u021bi cei cinci, la ora la care eu am cerut \u00eenceperea urm\u0103ririi penale, nu aveau nicio calitate, pentru c\u0103 nu eu dau calitatea, ci procurorii\u201d, a justificat Traian B\u0103sescu.<\/p>\n<p data-index=\"7\">\u201eMai afirmam c\u0103 ancheta poate s\u0103 continue \u0219i c\u0103 orice \u00eent\u00e2rziere a Parlamentului d\u0103uneaz\u0103 imaginii. Cu ce l-am afectat pe magistrat? \u00cenc\u0103 nu-i spun magistrat-politician\u201d.<\/p>\n<p data-index=\"8\">\u201eAu ap\u0103rut informa\u021bii din dosar \u00een spa\u021biul public. Nu \u0219tiu cine a f\u0103cut-o\u201d.<\/p>\n<p data-index=\"9\">\u201eDl. magistrat trebuie s\u0103 \u0219tie c\u0103 pre\u0219edintele nu are doar o singur\u0103 surs\u0103 de informare\u201d. (Magistratul la care se refer\u0103 Traian B\u0103sescu este <strong>Hora\u021biu Dumbrav\u0103<\/strong>, membru CSM)<\/p>\n<h3><a href=\"https:\/\/www.digi24.ro\/Stiri\/Digi24\/Actualitate\/Justitie\/CSM+analizeaza+daca+sa+sesiseze+Inspectia+Judiciara+pentru+decla\" target=\"_blank\" data-skip-linkfix=\"1\" rel=\"noopener\">CSM va sesiza Inspec\u0163ia Judiciar\u0103 privind declara\u0163iile lui Traian B\u0103sescu, Victor Ponta \u015fi Varujan Vosganian<\/a><\/h3>\n<p data-index=\"10\">\u201eO grupare de politicieni \u0219i ziari\u0219ti aveau drept obiectiv s\u0103-i acopere pe cei care au f\u0103cut denun\u021burile la DNA \u0219i au adus \u00een fa\u021b\u0103 informa\u021biile despre Bittner.\u201d<\/p>\n<p data-index=\"11\">L-am sunat pe dl pre\u0219edinte al CSM, l-am informat despre punctul meu de vedere.<\/p>\n<h3><a href=\"https:\/\/www.digi24.ro\/Stiri\/Digi24\/Actualitate\/Politica\/TRAIAN+BASESCU+DECLARATII+3+OCTOMBRIE\" target=\"_blank\" data-skip-linkfix=\"1\" rel=\"noopener\">Traian B\u0103sescu: Am avizat \u00eenceperea urm\u0103ririi penale \u00eempotriva a cinci fo\u0219ti mini\u0219tri \u00een cazul Microsoft. Deocamdat\u0103, sunt egali ca situa\u021bie cu Victor Ponta<\/a><\/h3>\n<p data-index=\"12\">Intr\u0103, frate, \u00een politic\u0103 \u0219i las\u0103-te de magistratur\u0103. Astfel de atitudini, \u00een fa\u021ba CSM-ului, nu fac dec\u00e2t s\u0103 discrediteze institu\u021bia dup\u0103 ce aceasta a devenit func\u021bional\u0103 \u00een \u0219ase-\u0219apte ani.<\/p>\n<p data-index=\"13\">Consider un incident nedorit, nu neap\u0103rat avertisment, ci o rug\u0103minte: dac\u0103 sunt judec\u0103tori dac\u0103 vor s\u0103 fac\u0103 politic\u0103, s\u0103 intre \u00een politic\u0103!<\/p>\n<p data-index=\"14\">Nu m\u0103 poate \u00eempiedica dl magistrat s\u0103 utilizeze informa\u021bie \u0219i din alte surse. \u00cei dau o informa\u021bie pe care nu o \u0219tie, s\u0103 se duc\u0103 repede la CSM: \u00een cazul EADS sunt nou\u0103 firme \u0219i persoane care se reg\u0103sesc \u0219i \u00een dosarul Microsoft!<\/p>\n<p data-index=\"15\">Pre\u0219edintele a citat Art 276 Cod Penal, care prevede pedepse pentru cei care \u00eempiedic\u0103 mersul justi\u021biei. Pre\u0219edintele a anun\u021bat c\u0103 atac\u0103 la CCR legea care propune abrogarea acestui articol.<\/p>\n<p data-index=\"16\">Declara\u021bia \u0219efului statului intervine \u00een condi\u021biile \u00een care CSM a decis s\u0103 sesizeze Inspec\u021bia Judiciar\u0103 \u00een leg\u0103tur\u0103 cu presupune presiuni asupra justi\u021biei care vin din partea companiei Lukoil \u0219i a unor politicieni, inclusiv Traian B\u0103sescu.<\/p>\n<h3><a href=\"https:\/\/www.digi24.ro\/Stiri\/Digi24\/Actualitate\/Justitie\/Procurorul+general+Tiberiu+Nitu+Lukoil+presiune+justitie\" target=\"_blank\" data-skip-linkfix=\"1\" rel=\"noopener\">Procurorul general: Declara\u021bia Lukoil poate fi o form\u0103 de presiune asupra justi\u021biei. Sesizarea Inspec\u021biei Judiciare, ineficient\u0103<\/a><\/h3>\n<h3><a href=\"https:\/\/www.digi24.ro\/Stiri\/Digi24\/Economie\/Stiri\/Lukoil+petrotel+inchidere+rafinarie\" target=\"_blank\" data-skip-linkfix=\"1\" rel=\"noopener\"><span>Vicepre\u015fedinte Lukoil: Decide<\/span><span lang=\"en-US\">m\u00a0<\/span><span>vineri dac\u0103 \u00eenchidem Petrotel. A fost \u00eencheiat\u0103 o \u00een\u0163elegere cu procurorii<\/span><\/a><\/h3>\n<h3><a href=\"https:\/\/www.digi24.ro\/Stiri\/Digi24\/Actualitate\/Justitie\/LIVIA+STANCIU+LUKOIL\" target=\"_blank\" data-skip-linkfix=\"1\" rel=\"noopener\">\u015eeful instan\u0163ei supreme, despre amenin\u0163area Lukoil: &#8220;S\u0103 p\u0103r\u0103seasc\u0103 Rom\u00e2nia. Glumesc, evident. Procurorul s\u0103 \u00ee\u015fi fac\u0103 treaba&#8221;<\/a><\/h3>\n<h3><a href=\"https:\/\/www.digi24.ro\/Stiri\/Digi24\/Actualitate\/Justitie\/V+Ponta+Procurorul+nu+cred+ca+e+interesat+ca+Lukoil+are+3+500+de\" target=\"_blank\" data-skip-linkfix=\"1\" rel=\"noopener\">V. Ponta: &#8220;Procurorul nu cred c\u0103 e interesat c\u0103 Lukoil are 3.500 de angaja\u0163i \u015fi c\u0103 Oltchim cump\u0103r\u0103 doar la Lukoil&#8221;. CSM va sesiza Inspec\u0163ia Judiciar\u0103<\/a><\/h3>\n<h5>Ministrul Culturii, revocat din func\u021bie<\/h5>\n<p data-index=\"17\">Constat c\u0103 Guvernul nu face nici m\u0103car gestul minimal de a nominaliza un interimar ca ministru al Culturii. Am semnat decretul de revocare a lui Kelemen Hunor. \u00cen momentul de fa\u021b\u0103 nu exist\u0103 un ministru al Culturii.<\/p>\n<p data-index=\"18\">Pre\u0219edintele a invocat scandalul legat de \u201eCumin\u021benia P\u0103m\u00e2ntului\u201d, opera lui Br\u00e2ncu\u0219i: Nu exist\u0103 niciun act prin care s\u0103 se poat\u0103 proba c\u0103 statul rom\u00e2n a pl\u0103tit pentru acea statuie.<\/p>\n<p data-index=\"19\">Ce \u00eensemnau 80 de milioane din cei 2,2 miliarde da\u021bi la baronii locali? a spus Traian B\u0103sescu, referindu-se la suma pe care proprietarii lucr\u0103rii lui Br\u00e2ncu\u0219i o cer pentru r\u0103scump\u0103rarea operei.<\/p>\n<p data-index=\"20\">&#8212;&#8212;&#8212;&#8212;&#8212;&#8212;&#8212;&#8212;&#8212;&#8212;<\/p>\n<p data-index=\"21\"><strong>Legea special\u0103 legat\u0103 de pensionarea personalului aeronautic<\/strong> creeaz\u0103 o mare discriminare \u00eentre transportatori. O retrimit la Parlament. Guvernul s\u0103 anun\u021be sursele \u0219i s\u0103 elimine caracter discriminator: s\u0103 se considere \u0219i diurnele parte a veniturilor pe ultimele 12 luni. Dac\u0103 o primesc de la Guvern, o promulg.<\/p>\n<h5>Problema Lukoil<\/h5>\n<p data-index=\"22\">Nu discut abord\u0103rile d\u00e2mbovi\u021bene, ci doar amenin\u021barea f\u0103cut\u0103 de un lider al companiei \u00eempotriva procurorilor \u0219i a Rom\u00e2niei. E inadminisbil. Dac\u0103 m\u00e2ine Lukoil decide s\u0103 \u00eenchid\u0103, <strong>cer Guvernului s\u0103 fie preg\u0103tit s\u0103 preia rafin\u0103ria de la Ploie\u0219ti!<\/strong><\/p>\n<p data-index=\"23\">Dac\u0103 bazat pe presiune, care \u00eemi pare o abordare de tip putinian, a\u0219a ceva face Putin \u00een \u021bar\u0103, nu \u00eentr-o \u021bar\u0103 a UE, comportamentul nostru trebuie s\u0103 fie pe \u00een\u021belesul ru\u0219ilor!<\/p>\n<p data-index=\"24\">Lukoil trebuie s\u0103 se g\u00e2ndeasc\u0103 s\u0103 dispar\u0103 de tot de pe pia\u021ba rom\u00e2neasc\u0103, dac\u0103 are o astfel de abordare!<\/p>\n<p data-index=\"25\">Lukoil de cinci ani merge \u00een pierdere, poate la finalul anchetei, cele 230 de milioane s\u0103 fie a\u0219a, doar o deschidere! De unde s\u0103-i fi dat Guvernului Ponta cei 700 de milioane? V\u0103 spun eu, i-a dat lui, i-a dat la acciz\u0103! Aceea\u0219i acciz\u0103 ar lua-o Guvernul \u0219i dac\u0103 ar vine mai mult\u0103 benzin\u0103 Petromul sau NIS-ul sau cine o mai fi.<\/p>\n<p data-index=\"26\">Justi\u021bia noastr\u0103 se afl\u0103 \u00een fa\u021ba unui \u0219antaj, a unei presiuni \u0219i doamne fere\u0219te s\u0103 se cedeze la ea!<\/p>\n<p data-index=\"27\">Nu-i joac\u0103! Guvernul s\u0103 analizeze cu toat\u0103 aten\u021bia.<\/p>\n<p data-index=\"28\">\u00cendr\u0103zneala celor care au dat mesajul..<strong>.ia pleca\u021bi, b\u0103ie\u021bi, dac\u0103 nu respecta\u021bi legile statului! Pleca\u021bi, dar s\u0103 nu crede\u021bi c\u0103 pleca\u021bi cu rafin\u0103ria!<\/strong><\/p>\n<\/div>\n<p> Source URL: https:\/\/www.digi24.ro\/stiri\/actualitate\/politica\/traian-basescu-catre-lukoil-ia-plecati-baieti-dar-sa-nu-credeti-ca-plecati-cu-rafinaria-305294<\/p>\n","protected":false},"excerpt":{"rendered":"<p>Pre\u0219edintele Traian B\u0103sescu a f\u0103cut declara\u021bii de pres\u0103 la Cotroceni, joi, 9 octombrie 2014 \/ FOTO: www.presidency.ro PRINCIPALELE DECLARA\u021aII: \u201eSe pare c\u0103 sunt magistra\u021bi care \u021bin neap\u0103rat s\u0103 fac\u0103 politic\u0103. Un domn magistrat a considerat c\u0103 am afectat justi\u021bia pentru c\u0103 am dat date din dosar. Dl magistrat minte! \u00cemi men\u021bin integral declara\u021bia f\u0103cut\u0103 atunci [&hellip;]<\/p>\n","protected":false},"author":1,"featured_media":195027,"comment_status":"open","ping_status":"","sticky":false,"template":"","format":"standard","meta":{"footnotes":""},"categories":[2],"tags":[11],"class_list":["post-195026","post","type-post","status-publish","format-standard","has-post-thumbnail","hentry","category-politics","tag-digi24"],"_links":{"self":[{"href":"https:\/\/analyse.optim.biz\/index.php?rest_route=\/wp\/v2\/posts\/195026","targetHints":{"allow":["GET"]}}],"collection":[{"href":"https:\/\/analyse.optim.biz\/index.php?rest_route=\/wp\/v2\/posts"}],"about":[{"href":"https:\/\/analyse.optim.biz\/index.php?rest_route=\/wp\/v2\/types\/post"}],"author":[{"embeddable":true,"href":"https:\/\/analyse.optim.biz\/index.php?rest_route=\/wp\/v2\/users\/1"}],"replies":[{"embeddable":true,"href":"https:\/\/analyse.optim.biz\/index.php?rest_route=%2Fwp%2Fv2%2Fcomments&post=195026"}],"version-history":[{"count":0,"href":"https:\/\/analyse.optim.biz\/index.php?rest_route=\/wp\/v2\/posts\/195026\/revisions"}],"wp:featuredmedia":[{"embeddable":true,"href":"https:\/\/analyse.optim.biz\/index.php?rest_route=\/wp\/v2\/media\/195027"}],"wp:attachment":[{"href":"https:\/\/analyse.optim.biz\/index.php?rest_route=%2Fwp%2Fv2%2Fmedia&parent=195026"}],"wp:term":[{"taxonomy":"category","embeddable":true,"href":"https:\/\/analyse.optim.biz\/index.php?rest_route=%2Fwp%2Fv2%2Fcategories&post=195026"},{"taxonomy":"post_tag","embeddable":true,"href":"https:\/\/analyse.optim.biz\/index.php?rest_route=%2Fwp%2Fv2%2Ftags&post=195026"}],"curies":[{"name":"wp","href":"https:\/\/api.w.org\/{rel}","templated":true}]}}